{"id":1215,"date":"2019-08-05T01:00:45","date_gmt":"2019-08-04T22:00:45","guid":{"rendered":"http:\/\/ufukonen.com\/tr\/?p=1215"},"modified":"2019-08-03T21:36:27","modified_gmt":"2019-08-03T18:36:27","slug":"iphone-icin-mikrofon","status":"publish","type":"post","link":"https:\/\/www.ufukonen.com\/tr\/iphone-icin-mikrofon.html","title":{"rendered":"iPhone ve iPad \u0130\u00e7in 9 Mikrofon"},"content":{"rendered":"<p><img loading=\"lazy\" class=\"aligncenter wp-image-4972\" src=\"http:\/\/www.ufukonen.com\/tr\/wp-content\/uploads\/iPhone_iPad_mikrofon_720-1024x576.jpg\" alt=\"\" width=\"575\" height=\"323\" srcset=\"https:\/\/www.ufukonen.com\/tr\/wp-content\/uploads\/iPhone_iPad_mikrofon_720-1024x576.jpg 1024w, https:\/\/www.ufukonen.com\/tr\/wp-content\/uploads\/iPhone_iPad_mikrofon_720-300x169.jpg 300w, https:\/\/www.ufukonen.com\/tr\/wp-content\/uploads\/iPhone_iPad_mikrofon_720-768x432.jpg 768w, https:\/\/www.ufukonen.com\/tr\/wp-content\/uploads\/iPhone_iPad_mikrofon_720.jpg 1280w\" sizes=\"(max-width: 575px) 100vw, 575px\" \/><\/p>\n<p><a title=\"iPhone i\u00e7in 7 \u00dccretsiz Ses Uygulamas\u0131\" href=\"http:\/\/www.ufukonen.com\/tr\/iphone-icin-ucretsiz-ses-uygulamasi.html\" target=\"_blank\" rel=\"noopener\">iPhone i\u00e7in 10 \u00dccretsiz Ses Uygulamas\u0131<\/a> ba\u015fl\u0131kl\u0131 yaz\u0131m b\u00fcy\u00fck ilgi g\u00f6rm\u00fc\u015ft\u00fc. Yaz\u0131y\u0131 okuyanlardan soranlar olmu\u015ftu, &#8220;uygulamalar tamam da, iPhone&#8217;un \u00fcst\u00fcndeki mikrofon yerine daha kaliteli kay\u0131tlar yapmak i\u00e7in harici mikrofon olarak ne se\u00e7eneklerimiz var?&#8221; Ben de 2017 Temmuz&#8217;da be\u015f marka\/modelden olu\u015fan bir liste haz\u0131rlam\u0131\u015ft\u0131m. \u00dczerinden biraz zaman ge\u00e7ti. Modeller de\u011fi\u015fti. Yeni modeller eklendi. Bu yaz\u0131 orijinal yaz\u0131n\u0131n g\u00fcncellenmi\u015f versiyonudur.<\/p>\n<p>Mikrofonlar ile ilgili t\u00fcm bilgileri (t\u00fcrleri, \u00e7al\u0131\u015fma prensipleri, \u00f6zellikleri vb.) <a title=\"Ses Kay\u0131t ve M\u00fczik Teknolojileri\" href=\"http:\/\/www.ufukonen.com\/tr\/ses-kayit-ve-muzik-teknolojileri.html\" target=\"_blank\" rel=\"noopener\">Ses Kay\u0131t ve M\u00fczik Teknolojileri <\/a>\u00a0adl\u0131 kitab\u0131mda bulabilirsiniz. Burada kullan\u0131lan teknik terimler i\u00e7in <a title=\"M\u00fczik Teknolojisi M\u00fczik Prod\u00fcksiyonu ve Ses Kay\u0131t Terimleri S\u00f6zl\u00fc\u011f\u00fc\" href=\"http:\/\/ufukonen.com\/tr\/ses-kayit-muzik-teknolojisi-terimler-sozluk.html\" target=\"_blank\" rel=\"noopener\">s\u00f6zl\u00fckten yard\u0131m alabilirsiniz<\/a>.<\/p>\n<p>&nbsp;<\/p>\n<h3>Shure MV88<\/h3>\n<div id=\"attachment_3183\" style=\"width: 460px\" class=\"wp-caption aligncenter\"><img aria-describedby=\"caption-attachment-3183\" loading=\"lazy\" class=\"wp-image-3183\" src=\"http:\/\/www.ufukonen.com\/tr\/wp-content\/uploads\/Shure_MV88.jpg\" alt=\"\" width=\"450\" height=\"474\" srcset=\"https:\/\/www.ufukonen.com\/tr\/wp-content\/uploads\/Shure_MV88.jpg 800w, https:\/\/www.ufukonen.com\/tr\/wp-content\/uploads\/Shure_MV88-285x300.jpg 285w, https:\/\/www.ufukonen.com\/tr\/wp-content\/uploads\/Shure_MV88-768x809.jpg 768w\" sizes=\"(max-width: 450px) 100vw, 450px\" \/><p id=\"caption-attachment-3183\" class=\"wp-caption-text\">Shure MV88 (stereo)<\/p><\/div>\n<p>&nbsp;<\/p>\n<p>Shure MV88, iOS cihazlar\u0131 i\u00e7in \u00fcretilen stereo mikrofonlar aras\u0131nda en pop\u00fcler olanlardan. MV88, Lightning Connector \u00fczerinden do\u011frudan iPhone veya iPad&#8217;e tak\u0131labiliyor ve a\u00e7\u0131s\u0131 iste\u011fe g\u00f6re ayarlanabiliyor. Mikrofonun bence en \u00f6nemli \u00f6zelli\u011fi, i\u00e7indeki farkl\u0131 kaps\u00fcller sayesinde, (ayarlanabilir geni\u015flikte) stereo, figure-of-8 ve Mid-Side (M-S) gibi bir\u00e7ok polar pattern se\u00e7ene\u011fi sunmas\u0131. MV88, 24-bit ve 48 kHz&#8217;e kadar destek veriyor. Condenser bir mikrofon olan MV88&#8217;in frekans aral\u0131\u011f\u0131 20 Hz &#8211; 20 kHz, maximum SPL de\u011feri ise 120 dB SPL. Mikrofonla birlikte gelen ShurePlus Motive app ile kay\u0131tlara EQ, kompres\u00f6r ve limiter uygulamak m\u00fcmk\u00fcn. Program\u0131n di\u011fer \u00f6nemli bir \u00f6zelli\u011fi ise kaydedilen ses dosyalar\u0131n\u0131 do\u011frudan Dropbox&#8217;a g\u00f6nderebiliyor olmas\u0131. Mikrofonun bence en b\u00fcy\u00fck dezavantaj\u0131 Apple&#8217;\u0131n yeni iPhone&#8217;larda mini jack \u00e7\u0131k\u0131\u015f\u0131n\u0131 kald\u0131rd\u0131ktan sonra kulakl\u0131k ile kullanman\u0131n m\u00fcmk\u00fcn olmamas\u0131. Bu sebepten dolay\u0131 \u015fu anda a\u015fa\u011f\u0131daki Shure MV88+ Video Kit bence daha iyi bir se\u00e7enek. Link: <a href=\"http:\/\/www.shure.com\/americas\/motiv\/mv88\" target=\"_blank\" rel=\"noopener\">Shure MV88<\/a><\/p>\n<p>&nbsp;<\/p>\n<h3>Shure MV88+ Video Kit<\/h3>\n<div id=\"attachment_4952\" style=\"width: 460px\" class=\"wp-caption aligncenter\"><img aria-describedby=\"caption-attachment-4952\" loading=\"lazy\" class=\"wp-image-4952\" src=\"http:\/\/www.ufukonen.com\/tr\/wp-content\/uploads\/Shure_MV88Plus_VideoKit-740x1024.jpg\" alt=\"\" width=\"450\" height=\"623\" srcset=\"https:\/\/www.ufukonen.com\/tr\/wp-content\/uploads\/Shure_MV88Plus_VideoKit-740x1024.jpg 740w, https:\/\/www.ufukonen.com\/tr\/wp-content\/uploads\/Shure_MV88Plus_VideoKit-217x300.jpg 217w, https:\/\/www.ufukonen.com\/tr\/wp-content\/uploads\/Shure_MV88Plus_VideoKit-768x1063.jpg 768w, https:\/\/www.ufukonen.com\/tr\/wp-content\/uploads\/Shure_MV88Plus_VideoKit.jpg 800w\" sizes=\"(max-width: 450px) 100vw, 450px\" \/><p id=\"caption-attachment-4952\" class=\"wp-caption-text\">Shure MV88+ Video Kit (stereo)<\/p><\/div>\n<p>&nbsp;<\/p>\n<p>Shure MV88+ yukar\u0131daki MV88&#8217;in yeni versiyonu. Mikrofon \u00f6zellikleri hemen hemen ayn\u0131. MV88+&#8217;\u0131n en b\u00fcy\u00fck fark\u0131, \u00fczerinde bir kulakl\u0131k \u00e7\u0131k\u0131\u015f\u0131 olmas\u0131. Eskiden iPhone&#8217;larda hem Lighting gibi bir data\/\u015farj kap\u0131s\u0131 hem de kulakl\u0131k i\u00e7in bir mini jack bulunuyordu. Yeni iPhone&#8217;larda ayr\u0131 bir kulakl\u0131k \u00e7\u0131k\u0131\u015f\u0131 yok. Dolay\u0131s\u0131yla mikrofonun \u00fczerinde kulakl\u0131k \u00e7\u0131k\u0131\u015f\u0131 olmas\u0131, o anda kaydetmekte oldu\u011funuz sesleri dinlemek a\u00e7\u0131s\u0131ndan \u00e7ok \u00f6nemli. Di\u011fer bir fark ise MV88+&#8217;\u0131n &#8220;Video Kit&#8221; ad\u0131 verilen bir set i\u00e7inde geliyor olmas\u0131. Setin i\u00e7inde bir mini tripod, mikrofon klip ve telefon tutucu var. Shure MV88+, t\u0131pk\u0131 MV88&#8217;de oldu\u011fu gibi ShurePlus Motive app ile birlikte geliyor. Link: <a href=\"https:\/\/www.shure.com\/en-US\/products\/microphones\/mv88plus\" target=\"_blank\" rel=\"noopener\">Shure MV88+ Video Kit<\/a><\/p>\n<p>&nbsp;<\/p>\n<h3>Apogee MiC PLUS<\/h3>\n<div id=\"attachment_4956\" style=\"width: 460px\" class=\"wp-caption aligncenter\"><img aria-describedby=\"caption-attachment-4956\" loading=\"lazy\" class=\"wp-image-4956\" src=\"http:\/\/www.ufukonen.com\/tr\/wp-content\/uploads\/Apogee_MiC_Plus-712x1024.jpg\" alt=\"\" width=\"450\" height=\"647\" srcset=\"https:\/\/www.ufukonen.com\/tr\/wp-content\/uploads\/Apogee_MiC_Plus-712x1024.jpg 712w, https:\/\/www.ufukonen.com\/tr\/wp-content\/uploads\/Apogee_MiC_Plus-209x300.jpg 209w, https:\/\/www.ufukonen.com\/tr\/wp-content\/uploads\/Apogee_MiC_Plus-768x1105.jpg 768w, https:\/\/www.ufukonen.com\/tr\/wp-content\/uploads\/Apogee_MiC_Plus.jpg 800w\" sizes=\"(max-width: 450px) 100vw, 450px\" \/><p id=\"caption-attachment-4956\" class=\"wp-caption-text\">Apogee MiC PLUS (mono)<\/p><\/div>\n<p>&nbsp;<\/p>\n<p>Apogee MiC PLUS a\u011f\u0131rl\u0131kl\u0131 olarak m\u00fczisyenlere hitap eden, st\u00fcdyo kalitesinde, cardioid pick-up pattern\u2019a sahip condenser bir mono mikrofon. Bu mikrofonu sadece iMac ve iPad ile de\u011fil, kolayl\u0131kla Apple Mac bilgisayarla da kullanmak m\u00fcmk\u00fcn.\u00a024-bit ve 96 kHz\u2019i destekliyor. Mini tripod ile birikte geliyor. Mikrofon \u00fczerinde kulakl\u0131k \u00e7\u0131k\u0131\u015f\u0131 bulunuyor. Apogee \u00fcr\u00fcnleri ABD&#8217;de \u00fcretiliyor. Link: <a href=\"https:\/\/apogeedigital.com\/products\/mic\" target=\"_blank\" rel=\"noopener\">Apogee MiC PLUS<\/a><\/p>\n<p>&nbsp;<\/p>\n<h3>Rode iXY<\/h3>\n<div id=\"attachment_4954\" style=\"width: 360px\" class=\"wp-caption aligncenter\"><img aria-describedby=\"caption-attachment-4954\" loading=\"lazy\" class=\"wp-image-4954\" src=\"http:\/\/www.ufukonen.com\/tr\/wp-content\/uploads\/Rode_iXY-L-457x1024.jpg\" alt=\"\" width=\"350\" height=\"784\" srcset=\"https:\/\/www.ufukonen.com\/tr\/wp-content\/uploads\/Rode_iXY-L-457x1024.jpg 457w, https:\/\/www.ufukonen.com\/tr\/wp-content\/uploads\/Rode_iXY-L-134x300.jpg 134w, https:\/\/www.ufukonen.com\/tr\/wp-content\/uploads\/Rode_iXY-L-768x1719.jpg 768w, https:\/\/www.ufukonen.com\/tr\/wp-content\/uploads\/Rode_iXY-L.jpg 800w\" sizes=\"(max-width: 350px) 100vw, 350px\" \/><p id=\"caption-attachment-4954\" class=\"wp-caption-text\">Rode iXY (stereo)<\/p><\/div>\n<p>&nbsp;<\/p>\n<p>Rode, fiyat ve performans a\u00e7\u0131s\u0131ndan her zaman benim favori markalar\u0131mdan biri olmu\u015ftur. iXY da bence di\u011fer Rode \u00fcr\u00fcnleri gibi olduk\u00e7a iyi bir performans ortaya koyuyor. iXY, XY konfig\u00fcrasyonunda iki adet yar\u0131m-in\u00e7 cardioid (uni-directional) condenser kaps\u00fclden olu\u015fuyor. Mikrofonlar 139 dB SPL ses bas\u0131nc\u0131na dayan\u0131kl\u0131. Rode Rec veya Rode Rec LE uygulamalar\u0131n\u0131 kullanarak 96 kHz, 24-bit kay\u0131t yapmak ve kaydedilen dosyalar\u0131 do\u011frudan Dropbox&#8217;a y\u00fcklemek m\u00fcmk\u00fcn. Rode mikrofonlar\u0131n fiyat ve performans a\u00e7\u0131s\u0131ndan iyi oldu\u011funu s\u00f6ylemi\u015ftim, bir de bu cihaz\u0131n \u00c7in\u2019de de\u011fil Avusturalya\u2019da \u00fcretildi\u011fini g\u00f6z \u00f6n\u00fcne almak gerekir. Rode iXY&#8217;nin\u00a0bence en b\u00fcy\u00fck dezavantaj\u0131 (t\u0131pk\u0131 Shure MV88 gibi) Apple&#8217;\u0131n yeni iPhone&#8217;larda mini jack \u00e7\u0131k\u0131\u015f\u0131n\u0131 kald\u0131rd\u0131ktan sonra kulakl\u0131k ile kullanman\u0131n m\u00fcmk\u00fcn olmamas\u0131. Link: <a href=\"http:\/\/www.rodemic.com\/microphones\/ixy\" target=\"_blank\" rel=\"noopener\">Rode iXY<\/a><\/p>\n<p>&nbsp;<\/p>\n<h3>Rode VideoMic Me-L<\/h3>\n<div id=\"attachment_4967\" style=\"width: 360px\" class=\"wp-caption aligncenter\"><img aria-describedby=\"caption-attachment-4967\" loading=\"lazy\" class=\"wp-image-4967\" src=\"http:\/\/www.ufukonen.com\/tr\/wp-content\/uploads\/Rode_VideoMic-Me-L-524x1024.jpg\" alt=\"\" width=\"350\" height=\"684\" srcset=\"https:\/\/www.ufukonen.com\/tr\/wp-content\/uploads\/Rode_VideoMic-Me-L-524x1024.jpg 524w, https:\/\/www.ufukonen.com\/tr\/wp-content\/uploads\/Rode_VideoMic-Me-L-154x300.jpg 154w, https:\/\/www.ufukonen.com\/tr\/wp-content\/uploads\/Rode_VideoMic-Me-L-768x1500.jpg 768w, https:\/\/www.ufukonen.com\/tr\/wp-content\/uploads\/Rode_VideoMic-Me-L.jpg 904w\" sizes=\"(max-width: 350px) 100vw, 350px\" \/><p id=\"caption-attachment-4967\" class=\"wp-caption-text\">Rode VideoMic Me-L (mono)<\/p><\/div>\n<p>&nbsp;<\/p>\n<p>VideoMic Me-L,\u00a0a\u011f\u0131rl\u0131kl\u0131 olarak video ile \u00e7al\u0131\u015fanlara hitap eden, cardioid pick-up pattern\u2019a sahip electret condenser bir mono mikrofon. iPhone&#8217;un \u00fczerine do\u011frudan tak\u0131labiliyor. 115 dB SPL ses bas\u0131nc\u0131na kadar dayan\u0131kl\u0131. 24\u00a0bit ve 44.1 kHz ile 48 kHz&#8217;i destekliyor. \u00dczerinde kulakl\u0131k \u00e7\u0131k\u0131\u015f\u0131 var. Link: <a href=\"http:\/\/www.rode.com\/microphones\/videomicmel\" target=\"_blank\" rel=\"noopener\">Rode VideoMic Me-L<\/a><\/p>\n<p>&nbsp;<\/p>\n<p>&nbsp;<\/p>\n<h3>Zoom iQ7<\/h3>\n<div id=\"attachment_3190\" style=\"width: 410px\" class=\"wp-caption aligncenter\"><img aria-describedby=\"caption-attachment-3190\" loading=\"lazy\" class=\"wp-image-3190\" src=\"http:\/\/www.ufukonen.com\/tr\/wp-content\/uploads\/Zoom_iQ7.jpg\" alt=\"\" width=\"400\" height=\"442\" srcset=\"https:\/\/www.ufukonen.com\/tr\/wp-content\/uploads\/Zoom_iQ7.jpg 800w, https:\/\/www.ufukonen.com\/tr\/wp-content\/uploads\/Zoom_iQ7-271x300.jpg 271w, https:\/\/www.ufukonen.com\/tr\/wp-content\/uploads\/Zoom_iQ7-768x849.jpg 768w\" sizes=\"(max-width: 400px) 100vw, 400px\" \/><p id=\"caption-attachment-3190\" class=\"wp-caption-text\">Zoom iQ7 (stereo)<\/p><\/div>\n<p>&nbsp;<\/p>\n<p>Zoom iQ7, Mid-Side stereo kay\u0131t \u00f6zelli\u011fine sahip, kaps\u00fcl\u00fc d\u00f6nebilen condenser bir stereo mikrofon. Lightning Connector \u00fczerinden do\u011frudan iPhone ve iPad&#8217;e tak\u0131labiliyor. iQ7 \u00fczerinde gain kontrol\u00fc ve kulakl\u0131k \u00e7\u0131k\u0131\u015f\u0131 bulunuyor. iQ7, 120 dB SPL ses bas\u0131nc\u0131na dayan\u0131kl\u0131. 16 bit ve 44.1 kHz ile 48 kHz&#8217;i destekliyor. Mikrofonla birlikte gelen iOS program\u0131 ile kay\u0131tlara EQ, reverb ve kompres\u00f6r uygulamak m\u00fcmk\u00fcn. Link: <a href=\"https:\/\/www.zoom.co.jp\/products\/handy-recorder\/zoom-iq7-professional-stereo-microphone-ios\" target=\"_blank\" rel=\"noopener\">Zoom iQ7<\/a><\/p>\n<p>&nbsp;<\/p>\n<h3>Zoom iQ6<\/h3>\n<div id=\"attachment_4960\" style=\"width: 410px\" class=\"wp-caption aligncenter\"><img aria-describedby=\"caption-attachment-4960\" loading=\"lazy\" class=\"wp-image-4960\" src=\"http:\/\/www.ufukonen.com\/tr\/wp-content\/uploads\/Zoom_iQ6.jpg\" alt=\"\" width=\"400\" height=\"362\" srcset=\"https:\/\/www.ufukonen.com\/tr\/wp-content\/uploads\/Zoom_iQ6.jpg 800w, https:\/\/www.ufukonen.com\/tr\/wp-content\/uploads\/Zoom_iQ6-300x272.jpg 300w, https:\/\/www.ufukonen.com\/tr\/wp-content\/uploads\/Zoom_iQ6-768x695.jpg 768w\" sizes=\"(max-width: 400px) 100vw, 400px\" \/><p id=\"caption-attachment-4960\" class=\"wp-caption-text\">Zoom iQ6 (stereo)<\/p><\/div>\n<p>&nbsp;<\/p>\n<p>Zoom iQ6, XY stereo kay\u0131t \u00f6zelli\u011fine sahip condenser bir stereo mikrofon. Lightning Connector \u00fczerinden do\u011frudan iPhone ve iPad&#8217;e tak\u0131labiliyor. iQ6 \u00fczerinde gain kontrol\u00fc ve kulakl\u0131k \u00e7\u0131k\u0131\u015f\u0131 bulunuyor. iQ6, 130 dB SPL ses bas\u0131nc\u0131na dayan\u0131kl\u0131. 16 bit ve 44.1 kHz ile 48 kHz&#8217;i destekliyor. Mikrofonla birlikte gelen iOS program\u0131 ile kay\u0131tlara EQ, reverb ve kompres\u00f6r uygulamak m\u00fcmk\u00fcn. Link: <a href=\"https:\/\/www.zoom.co.jp\/products\/handy-recorder\/iq6-xy-stereo-microphone-ios\" target=\"_blank\" rel=\"noopener\">Zoom iQ6<\/a><\/p>\n<p>&nbsp;<\/p>\n<h3>IK Multimedia iRig Mic Field<\/h3>\n<div id=\"attachment_4963\" style=\"width: 410px\" class=\"wp-caption aligncenter\"><img aria-describedby=\"caption-attachment-4963\" loading=\"lazy\" class=\"wp-image-4963\" src=\"http:\/\/www.ufukonen.com\/tr\/wp-content\/uploads\/IK_iRig_MIC_Cast-1.jpg\" alt=\"\" width=\"400\" height=\"429\" srcset=\"https:\/\/www.ufukonen.com\/tr\/wp-content\/uploads\/IK_iRig_MIC_Cast-1.jpg 800w, https:\/\/www.ufukonen.com\/tr\/wp-content\/uploads\/IK_iRig_MIC_Cast-1-280x300.jpg 280w, https:\/\/www.ufukonen.com\/tr\/wp-content\/uploads\/IK_iRig_MIC_Cast-1-768x824.jpg 768w\" sizes=\"(max-width: 400px) 100vw, 400px\" \/><p id=\"caption-attachment-4963\" class=\"wp-caption-text\">IK Multimedia iRig Mic Field (stereo)<\/p><\/div>\n<p>&nbsp;<\/p>\n<p>iRig Mic Field, iPhone veya iPad&#8217;lere do\u011frudan tak\u0131labilen, cardioid condenser bir stereo mikrofon. Kendi i\u00e7inde 90 derece d\u00f6nebiliyor. \u00dczerinde kulakl\u0131k \u00e7\u0131k\u0131\u015f\u0131 mevcut. 44.1 kHz \/ 48 kHz ve 24-bit destekliyor. 115 dB SPL ses bas\u0131nc\u0131na dayan\u0131kl\u0131. iRig Recorder Free app ile geliyor. Link: <a href=\"https:\/\/www.ikmultimedia.com\/products\/irigmicfield\/\" target=\"_blank\" rel=\"noopener\">IK Multimedia iRig Mic Field<\/a><\/p>\n<p>&nbsp;<\/p>\n<h3>IK Multimedia iRig Mic Studio<\/h3>\n<div id=\"attachment_4970\" style=\"width: 210px\" class=\"wp-caption aligncenter\"><img aria-describedby=\"caption-attachment-4970\" loading=\"lazy\" class=\"wp-image-4970\" src=\"http:\/\/www.ufukonen.com\/tr\/wp-content\/uploads\/IK_iRig_Mic_Studio-451x1024.jpg\" alt=\"\" width=\"200\" height=\"454\" srcset=\"https:\/\/www.ufukonen.com\/tr\/wp-content\/uploads\/IK_iRig_Mic_Studio-451x1024.jpg 451w, https:\/\/www.ufukonen.com\/tr\/wp-content\/uploads\/IK_iRig_Mic_Studio-132x300.jpg 132w, https:\/\/www.ufukonen.com\/tr\/wp-content\/uploads\/IK_iRig_Mic_Studio.jpg 459w\" sizes=\"(max-width: 200px) 100vw, 200px\" \/><p id=\"caption-attachment-4970\" class=\"wp-caption-text\">IK Multimedia iRig Mic Studio (mono)<\/p><\/div>\n<p>&nbsp;<\/p>\n<p>IK Multimedia iRig Mic Studio da Apogee MiC PLUS gibi a\u011f\u0131rl\u0131kl\u0131 olarak m\u00fczisyenlere hitap eden cardioid pick-up pattern\u2019a sahip condenser bir mono mikrofon. Bu mikrofonu sadece iMac ve iPad ile de\u011fil, Mac ve Windows bilgisayarla da kullanmak m\u00fcmk\u00fcn. 24-bit ve 44.1\/48 kHz\u2019i destekliyor. Mikrofon \u00fczerinde kulakl\u0131k \u00e7\u0131k\u0131\u015f\u0131 bulunuyor. Link: <a href=\"https:\/\/www.ikmultimedia.com\/products\/irigmicstudio\/\" target=\"_blank\" rel=\"noopener\">IK Multimedia iRig Mic Studio<\/a><\/p>\n<p>&nbsp;<\/p>\n<p>\u0130lgili linkler:<\/p>\n<ul>\n<li><a title=\"iPhone i\u00e7in 9 \u00dccretsiz Ses Uygulamas\u0131\" href=\"http:\/\/www.ufukonen.com\/tr\/iphone-icin-ucretsiz-ses-uygulamasi.html\" target=\"_blank\" rel=\"noopener\">iPhone i\u00e7in 10 \u00dccretsiz Ses Uygulamas\u0131<\/a><\/li>\n<li><a title=\"Ses Kay\u0131t ve M\u00fczik Teknolojileri\" href=\"http:\/\/www.ufukonen.com\/tr\/ses-kayit-ve-muzik-teknolojileri.html\" target=\"_blank\" rel=\"noopener\">Ses Kay\u0131t ve M\u00fczik Teknolojileri<\/a><\/li>\n<li><a title=\"M\u00fczik Teknolojisi M\u00fczik Prod\u00fcksiyonu ve Ses Kay\u0131t Terimleri S\u00f6zl\u00fc\u011f\u00fc\" href=\"http:\/\/ufukonen.com\/tr\/ses-kayit-muzik-teknolojisi-terimler-sozluk.html\" target=\"_blank\" rel=\"noopener\">M\u00fczik Teknojisi, M\u00fczik Prod\u00fcksiyonu ve Ses Kay\u0131t Terimleri S\u00f6zl\u00fc\u011f\u00fc<\/a><\/li>\n<\/ul>\n<p>&nbsp;<\/p>\n<p>Teknik terimler i\u00e7in <a href=\"http:\/\/www.ufukonen.com\/tr\/ses-kayit-muzik-teknolojisi-terimler-sozluk.html\">m\u00fczik teknolojisi, m\u00fczik prod\u00fcksiyonu ve ses kay\u0131t terimleri s\u00f6zl\u00fc\u011f\u00fcne<\/a> g\u00f6z atabilirsiniz.<\/p>\n<p>Benzer payla\u015f\u0131mlar i\u00e7in beni <a href=\"https:\/\/www.facebook.com\/ufukonen.skmt\/\" target=\"_blank\" rel=\"noopener\">Facebook<\/a> ve <a href=\"https:\/\/twitter.com\/UfukOnen\" target=\"_blank\" rel=\"noopener\">Twitter<\/a>&#8216;da takip edebilir, haberler i\u00e7in <a href=\"http:\/\/ufukonen.com\/tr\/ses-kayit-muzik-teknolojisi-terimler-sozluk.html\" target=\"_blank\" rel=\"noopener\">mesaj listeme \u00fcye olabilirsiniz<\/a>. Te\u015fekk\u00fcrler.<\/p>\n<p>Ba\u015fl\u0131k foto\u011fraf\u0131 <a href=\"https:\/\/www.zoom.co.jp\/products\/handy-recorder\/zoom-iq7-professional-stereo-microphone-ios\" target=\"_blank\" rel=\"noopener\">Zoom Corporation<\/a> web sitesinden al\u0131nm\u0131\u015ft\u0131r.<\/p>\n<p>\u00a9 2017-2019 Ufuk \u00d6nen. Bu yaz\u0131n\u0131n t\u00fcm haklar\u0131 sakl\u0131d\u0131r. \u0130zinsiz olarak kullan\u0131lamaz, kaynak g\u00f6sterilmeden ve link verilmeden al\u0131nt\u0131 yap\u0131lamaz.<\/p>\n","protected":false},"excerpt":{"rendered":"<p class=\"post-excerpt\">iPhone i\u00e7in 10 \u00dccretsiz Ses Uygulamas\u0131 ba\u015fl\u0131kl\u0131 yaz\u0131m b\u00fcy\u00fck ilgi g\u00f6rm\u00fc\u015ft\u00fc. Yaz\u0131y\u0131 okuyanlardan soranlar olmu\u015ftu, &#8220;uygulamalar tamam da, iPhone&#8217;un \u00fcst\u00fcndeki&#8230;<\/p>\n","protected":false},"author":2,"featured_media":4972,"comment_status":"closed","ping_status":"open","sticky":false,"template":"","format":"standard","meta":{"_mi_skip_tracking":false,"spay_email":"","jetpack_publicize_message":"","jetpack_is_tweetstorm":false,"jetpack_publicize_feature_enabled":true},"categories":[18],"tags":[],"jetpack_featured_media_url":"https:\/\/www.ufukonen.com\/tr\/wp-content\/uploads\/iPhone_iPad_mikrofon_720.jpg","jetpack_publicize_connections":[],"jetpack_shortlink":"https:\/\/wp.me\/p3rjsG-jB","jetpack_sharing_enabled":true,"jetpack-related-posts":[{"id":8554,"url":"https:\/\/www.ufukonen.com\/tr\/mikrofon-hocalarda-2025.html","url_meta":{"origin":1215,"position":0},"title":"Kay\u0131tta m\u0131s\u0131n? &#8211; Mikrofon Hocalarda (YouTube Serisi)","date":"July 15, 2025","format":false,"excerpt":"Bir YouTube serisine ba\u015flad\u0131m: KAYITTA MISIN? Bu serinin ilk sezonunun ad\u0131 M\u0130KROFON HOCALARDA. T\u00fcrkiye\u2019deki \u00e7e\u015fitli \u00fcniversitelerin m\u00fczik teknolojisi b\u00f6l\u00fcmlerinden hocalarla sohbet ediyorum. Her b\u00f6l\u00fcmde \u015fu konulara de\u011finiyoruz: B\u00f6l\u00fcm yap\u0131lar\u0131E\u011fitim i\u00e7erikleriGiri\u015f s\u0131navlar\u0131Adaylarda aranan \u00f6zellikler Yeni b\u00f6l\u00fcmler geldik\u00e7e bu sayfaya ekleyece\u011fim. Takipte kal\u0131n! Ses Kay\u0131t ve M\u00fczik Teknolojileri E\u011fitim Program\u0131'n\u0131n yeni d\u00f6nemi\u2026","rel":"","context":"In &quot;Ses ve M\u00fczik Teknolojileri&quot;","img":{"alt_text":"","src":"https:\/\/i0.wp.com\/www.ufukonen.com\/tr\/wp-content\/uploads\/Mikrofon-Hocalarda-YouTube-Thumbnail-YTU-1080-Compressed.jpg?resize=350%2C200&ssl=1","width":350,"height":200},"classes":[]},{"id":6245,"url":"https:\/\/www.ufukonen.com\/tr\/cloudlifter-dinamik-ribbon-mikrofon.html","url_meta":{"origin":1215,"position":1},"title":"Cloudlifter: Dinamik ve Ribbon Mikrofonlar i\u00e7in 25 dB Kazan\u00e7!","date":"December 14, 2020","format":false,"excerpt":"Ses kart\u0131n\u0131z\u0131n giri\u015fine bir dinamik veya ribbon mikrofon takt\u0131n\u0131z. DAW i\u00e7inde bir kanal a\u00e7\u0131p kayda haz\u0131r hale getirdiniz. Sinyali kontrol etti\u011finizde seviyenin \u00e7ok d\u00fc\u015f\u00fck oldu\u011funu g\u00f6rd\u00fcn\u00fcz. Ses kart\u0131n\u0131n \u00fczerindeki gain kontrol\u00fcn\u00fc daha y\u00fcksek bir de\u011fere getirdiniz. Seviye hala d\u00fc\u015f\u00fck! Gain ayar\u0131n\u0131 biraz daha y\u00fckselttiniz\u2026 Biraz daha\u2026 Gain neredeyse son noktada\u2026","rel":"","context":"In &quot;Ses ve M\u00fczik Teknolojileri&quot;","img":{"alt_text":"","src":"https:\/\/i0.wp.com\/www.ufukonen.com\/tr\/wp-content\/uploads\/Cloudlifter_00_Header.jpg?resize=350%2C200&ssl=1","width":350,"height":200},"classes":[]},{"id":2634,"url":"https:\/\/www.ufukonen.com\/tr\/mikrofonlama-teknikleri-3-1-kurali.html","url_meta":{"origin":1215,"position":2},"title":"Mikrofonlama Teknikleri &#8211; 3:1 Kural\u0131","date":"August 29, 2016","format":false,"excerpt":"\u00a0 \u0130ki mikrofon ile kay\u0131t yaparken, faz problemlerini en aza indirgemek i\u00e7in iki mikrofon aras\u0131ndaki uzakl\u0131k, mikrofonlar\u0131n ses kaynaklar\u0131na olan uzakl\u0131klar\u0131ndan en az \u00fc\u00e7 kat\u0131 fazla olmal\u0131d\u0131r. Bu, 3:1 kural\u0131 olarak adland\u0131r\u0131lmaktad\u0131r. \u00d6rnek olarak birinci enstr\u00fcman\u0131n 20 cm uza\u011f\u0131nda bir mikrofon, ikinci enstr\u00fcman\u0131n ise yine 20 cm uza\u011f\u0131nda olmak \u00fczere\u2026","rel":"","context":"In &quot;M\u00fczik Prod\u00fcksiyonu&quot;","img":{"alt_text":"","src":"https:\/\/i0.wp.com\/www.ufukonen.com\/tr\/wp-content\/uploads\/microphone_charcoal_s.jpg?resize=350%2C200&ssl=1","width":350,"height":200},"classes":[]},{"id":4251,"url":"https:\/\/www.ufukonen.com\/tr\/mikrofon-line-seviye-fark.html","url_meta":{"origin":1215,"position":3},"title":"Mikrofon ve Line Seviyeleri Aras\u0131ndaki Fark","date":"October 22, 2018","format":false,"excerpt":"Mikrofon ve line ba\u011flant\u0131lar\u0131 bazen kafa kar\u0131\u015ft\u0131r\u0131c\u0131 olabiliyor. Baz\u0131lar\u0131 bu ba\u011flant\u0131lar\u0131n sadece konnekt\u00f6rlerle ilgili oldu\u011funu san\u0131yor. XLR konnekt\u00f6rlerin sadece mikrofon, 1\/4\" konnekt\u00f6rlerin ise sadece line ba\u011flant\u0131lar i\u00e7in kullan\u0131ld\u0131\u011f\u0131n\u0131 d\u00fc\u015f\u00fcnenleri, hatta mikrofon ve line aras\u0131 ba\u011flant\u0131lar i\u00e7in XLR-1\/4\" \u00e7evirici kablo kullanmaya \u00e7al\u0131\u015fanlar\u0131 bile g\u00f6rd\u00fcm. \u00d6ncelikle hemen belirteyim, \"1\/4\u2033 ve XLR Konnekt\u00f6rler:\u2026","rel":"","context":"In &quot;Ses ve M\u00fczik Teknolojileri&quot;","img":{"alt_text":"","src":"https:\/\/i0.wp.com\/www.ufukonen.com\/tr\/wp-content\/uploads\/Mikrofon_Line_Seviyeleri_Arasindaki_Fark.jpg?resize=350%2C200&ssl=1","width":350,"height":200},"classes":[]},{"id":7152,"url":"https:\/\/www.ufukonen.com\/tr\/ilk-mikrofonunu-alacaklar-tavsiye.html","url_meta":{"origin":1215,"position":4},"title":"\u0130lk Mikrofonunu Alacaklar \u0130\u00e7in Tavsiye","date":"January 17, 2022","format":false,"excerpt":"\"\u0130lk mikrofonumu alaca\u011f\u0131m, ne tavsiye edersiniz?\" \"Mikrofon al\u0131rken hangi \u00f6zelliklere dikkat etmeliyim?\" \"Bu i\u015fe yeni ba\u015fl\u0131yorum, nas\u0131l bir mikrofon almal\u0131y\u0131m?\" Bug\u00fcne kadar bir\u00e7ok ki\u015fi e-posta ve sosyal medya arac\u0131l\u0131\u011f\u0131 ile ya da y\u00fcz y\u00fcze g\u00f6r\u00fc\u015ft\u00fc\u011f\u00fcm\u00fczde s\u00f6zl\u00fc olarak bana bu sorular\u0131 sordular. \u0130lk mikrofonunu alacaklara bug\u00fcne kadar gerek yaz\u0131l\u0131 gerek s\u00f6zl\u00fc\u2026","rel":"","context":"In &quot;Ses ve M\u00fczik Teknolojileri&quot;","img":{"alt_text":"","src":"https:\/\/i0.wp.com\/www.ufukonen.com\/tr\/wp-content\/uploads\/Ilk_Mikrofon_00_Header.jpg?resize=350%2C200&ssl=1","width":350,"height":200},"classes":[]},{"id":6426,"url":"https:\/\/www.ufukonen.com\/tr\/kamera-mikrofon-tek-kanal-ses.html","url_meta":{"origin":1215,"position":5},"title":"Kamera, Mikrofon ve Tek Kanal Ses Sorunu","date":"March 1, 2021","format":false,"excerpt":"\"Kameraya XLR giri\u015fi \u00fczerinden mikrofon ba\u011fl\u0131yorum ama ses sadece tek taraftan geliyor, sesin her iki taraftan da gelmesi i\u00e7in nas\u0131l bir ba\u011flant\u0131 yapmam gerekiyor?\" Bu ve buna benzer sorular bana bir\u00e7ok defa soruldu. Ayn\u0131 \u015feyi defalarca anlatmak yerine bir blog yaz\u0131s\u0131 yazay\u0131m, soran olursa linki payla\u015f\u0131r\u0131m diye d\u00fc\u015f\u00fcnd\u00fcm! \u00d6ncelikle problemin\u2026","rel":"","context":"In &quot;Ses ve M\u00fczik Teknolojileri&quot;","img":{"alt_text":"","src":"https:\/\/i0.wp.com\/www.ufukonen.com\/tr\/wp-content\/uploads\/Kamera_Mikrofon_Tek_Kanal_00_Header_v3.jpg?resize=350%2C200&ssl=1","width":350,"height":200},"classes":[]}],"_links":{"self":[{"href":"https:\/\/www.ufukonen.com\/tr\/wp-json\/wp\/v2\/posts\/1215"}],"collection":[{"href":"https:\/\/www.ufukonen.com\/tr\/wp-json\/wp\/v2\/posts"}],"about":[{"href":"https:\/\/www.ufukonen.com\/tr\/wp-json\/wp\/v2\/types\/post"}],"author":[{"embeddable":true,"href":"https:\/\/www.ufukonen.com\/tr\/wp-json\/wp\/v2\/users\/2"}],"replies":[{"embeddable":true,"href":"https:\/\/www.ufukonen.com\/tr\/wp-json\/wp\/v2\/comments?post=1215"}],"version-history":[{"count":48,"href":"https:\/\/www.ufukonen.com\/tr\/wp-json\/wp\/v2\/posts\/1215\/revisions"}],"predecessor-version":[{"id":4996,"href":"https:\/\/www.ufukonen.com\/tr\/wp-json\/wp\/v2\/posts\/1215\/revisions\/4996"}],"wp:featuredmedia":[{"embeddable":true,"href":"https:\/\/www.ufukonen.com\/tr\/wp-json\/wp\/v2\/media\/4972"}],"wp:attachment":[{"href":"https:\/\/www.ufukonen.com\/tr\/wp-json\/wp\/v2\/media?parent=1215"}],"wp:term":[{"taxonomy":"category","embeddable":true,"href":"https:\/\/www.ufukonen.com\/tr\/wp-json\/wp\/v2\/categories?post=1215"},{"taxonomy":"post_tag","embeddable":true,"href":"https:\/\/www.ufukonen.com\/tr\/wp-json\/wp\/v2\/tags?post=1215"}],"curies":[{"name":"wp","href":"https:\/\/api.w.org\/{rel}","templated":true}]}}