{"id":164,"date":"2012-06-17T11:07:40","date_gmt":"2012-06-17T08:07:40","guid":{"rendered":"http:\/\/blog.ufukonen.com\/?p=164"},"modified":"2014-06-03T19:00:41","modified_gmt":"2014-06-03T16:00:41","slug":"atmm-2012-muzik-ve-medya-icin-ses-teknolojileri-konferansi","status":"publish","type":"post","link":"https:\/\/www.ufukonen.com\/tr\/atmm-2012-muzik-ve-medya-icin-ses-teknolojileri-konferansi.html","title":{"rendered":"&#8220;ATMM 2012: M\u00fczik ve Medya i\u00e7in Ses Teknolojileri Konferans\u0131&#8221;"},"content":{"rendered":"<p><a href=\"http:\/\/atmm-conference.org\/\" target=\"_blank\"><\/p>\n<p style=\"text-align: center;\"><img loading=\"lazy\" class=\"alignnone  wp-image-672 aligncenter\" alt=\"ATMM\" src=\"http:\/\/ufukonen.com\/tr\/wp-content\/uploads\/ATMM.jpg\" width=\"478\" height=\"104\" srcset=\"https:\/\/www.ufukonen.com\/tr\/wp-content\/uploads\/ATMM.jpg 797w, https:\/\/www.ufukonen.com\/tr\/wp-content\/uploads\/ATMM-300x65.jpg 300w\" sizes=\"(max-width: 478px) 100vw, 478px\" \/><\/p>\n<p><\/a><\/p>\n<p>1-2 Kas\u0131m 2012 tarihlerinde Ankara, Bilkent \u00dcniversitesi&#8217;nde, \u0130leti\u015fim ve Tasar\u0131m B\u00f6l\u00fcm\u00fc&#8217;n\u00fcn (COMD) ev sahipli\u011finde ger\u00e7ekle\u015ftirilen Audio Technologies for Music and Media (ATMM) konferans\u0131 ile ilgili olarak yazd\u0131\u011f\u0131m ve <em>Sound<\/em> dergisinin 2012 May\u0131s say\u0131s\u0131nda yay\u0131nlanan\u00a0<strong><em>&#8220;ATMM 2012: M\u00fczik ve Medya i\u00e7in Ses Teknolojileri Konferans\u0131&#8221;<\/em><\/strong> ba\u015fl\u0131kl\u0131 yaz\u0131m&#8230;<\/p>\n<p>&nbsp;<\/p>\n<p><strong>ATMM 2012: M\u00fczik ve Medya i\u00e7in Ses Teknolojileri Konferans\u0131<\/strong><\/p>\n<p><a href=\"http:\/\/ufukonen.com\/tr\/wp-content\/uploads\/Sound_2012_05_Mayis.jpg\"><img loading=\"lazy\" class=\"alignleft  wp-image-674\" alt=\"Sound_2012_05_Mayis\" src=\"http:\/\/ufukonen.com\/tr\/wp-content\/uploads\/Sound_2012_05_Mayis.jpg\" width=\"192\" height=\"258\" srcset=\"https:\/\/www.ufukonen.com\/tr\/wp-content\/uploads\/Sound_2012_05_Mayis.jpg 890w, https:\/\/www.ufukonen.com\/tr\/wp-content\/uploads\/Sound_2012_05_Mayis-223x300.jpg 223w, https:\/\/www.ufukonen.com\/tr\/wp-content\/uploads\/Sound_2012_05_Mayis-763x1024.jpg 763w\" sizes=\"(max-width: 192px) 100vw, 192px\" \/><\/a>Uzunca bir s\u00fcreden beri \u00fczerinde \u00e7al\u0131\u015ft\u0131\u011f\u0131m\u0131z konferans fikrini hayata ge\u00e7iriyoruz. \u00c7al\u0131\u015fmalar\u0131m\u0131z sonucunda bu noktaya gelebilmi\u015f olmam\u0131z ve bunu buradan sizlerle payla\u015fabiliyor olmak beni ger\u00e7ekten \u00e7ok mutlu ediyor. Konferans\u0131n genel \u00e7at\u0131s\u0131, yaz\u0131n\u0131n ba\u015fl\u0131\u011f\u0131ndan da anla\u015f\u0131ld\u0131\u011f\u0131 gibi, m\u00fczik ve medya i\u00e7in ses teknolojileri. Ses ve m\u00fczik teknolojileri ile g\u00f6rsel-i\u015fitsel ara\u00e7lar\u0131n farkl\u0131 y\u00f6nlerine odaklanan, ses, m\u00fczik, g\u00f6r\u00fcnt\u00fc ve insan etkile\u015fimi gibi konular\u0131n birbirleri ile olan etkile\u015fimlerini hem &#8216;geleneksel&#8217; hem de &#8216;yeni&#8217; medya a\u00e7\u0131s\u0131ndan inceleyen disiplinleraras\u0131 bir konferans&#8230;<\/p>\n<p>Konferans\u0131m\u0131z\u0131n ismi ATMM: Audio Technologies for Music and Media. Neden \u0130ngilizce diye soracak olursan\u0131z, bu konferans\u0131n uluslararas\u0131 bir konferans olmas\u0131n\u0131 hedefliyoruz, bu y\u00fczden isminin d\u00fcnyada art\u0131k neredeyse ortak bir dil haline gelen \u0130ngilizce olmas\u0131na karar verdik. Amac\u0131m\u0131z T\u00fcrkiye&#8217;deki akademisyenler ve profesyonelleri yurtd\u0131\u015f\u0131ndaki meslekta\u015flar\u0131 ile bulu\u015fturabilmek ve bunun sonucunda bilgi, fikir ve tecr\u00fcbe de\u011fi\u015fimi i\u00e7in bir ortam sa\u011flayabilmek. Buna, T\u00fcrkiye&#8217;de, \u00f6zellikle ses ve m\u00fczik teknolojileri alanlar\u0131nda, ciddi anlamda ihtiya\u00e7 oldu\u011funu d\u00fc\u015f\u00fcn\u00fcyoruz.<\/p>\n<p>&nbsp;<\/p>\n<p><strong>Komite<\/strong><\/p>\n<p>Konferans fikri 2011 Temmuz ay\u0131nda bir \u00f6\u011fle yeme\u011finde \u00e7\u0131kt\u0131. Teoman Pasinlio\u011flu, B\u00fclent B\u0131y\u0131ko\u011flu ve Mustafa Ertan ile birlikte yemek yerken T\u00fcrkiye&#8217;de, ses ve m\u00fczik teknolojiler alanlar\u0131nda, hem akademisyenleri hem de profesyonelleri bir araya getiren bir konferansa hatta bir platforma ihtiya\u00e7 duyuldu\u011funu konu\u015furken bunun organizasyonunu yapmaya karar verdik.<\/p>\n<p>Benim \u00e7al\u0131\u015fmalar\u0131m\u0131 takip edenler Teoman Pasinlio\u011flu&#8217;nu gayet iyi tan\u0131rlar. Kendisi elektronik y\u00fcksek m\u00fchendisi, elektronik m\u00fczik sevdal\u0131s\u0131 ve ger\u00e7ek bir synthesizer tutkunu ve koleksiyoncusudur. Birlikte Synthesizer Teknolojileri ve Programlama: Ge\u00e7mi\u015ften G\u00fcn\u00fcm\u00fcze Pop\u00fcler Sentez Teknikleri adl\u0131 kitaba ve Sound dergisinde yay\u0131nlanan makalelere imza att\u0131k. B\u00fclent B\u0131y\u0131ko\u011flu, m\u00fczik teknolojileri ile ilgilenenlerin iyi bildi\u011fi SynthMaster adl\u0131 soft-synth&#8217;in yarat\u0131c\u0131s\u0131d\u0131r. Elektronik m\u00fchendisidir ancak yaz\u0131l\u0131m alan\u0131nda uzmanla\u015fm\u0131\u015ft\u0131r. Digidesign&#8217;da Pro Tools ekibinde de \u00e7al\u0131\u015fm\u0131\u015f olduk\u00e7a deneyimli bir m\u00fchendistir. Mustafa Ertan da elektronik m\u00fchendisidir, \u00f6zel test cihazlar\u0131 \u00fcreten ve ithal eden bir elektronik firmas\u0131n\u0131n sahibidir. 1972&#8217;den bu yana synthesizer&#8217;lar ve ses tasar\u0131m\u0131 ile u\u011fra\u015fmaktad\u0131r.<\/p>\n<p>Konferans fikrini geli\u015ftirmeye \u00e7al\u0131\u015f\u0131rken ekibimize kat\u0131lanlar oldu: K\u00fcr\u015fat Pasinlio\u011flu, Dr. Ahmet G\u00fcrata ve Dr. \u00d6zlem \u00d6m\u00fcr. Makine y\u00fcksek m\u00fchendisi olan K\u00fcr\u015fat Pasinlio\u011flu, m\u00fczik teknolojisi alan\u0131nda \u00e7al\u0131\u015fmalar yapmakta ve yaz\u0131lar yazmaktad\u0131r. Bunlar\u0131n yan\u0131 s\u0131ra Voispectra ad\u0131 alt\u0131nda iki alb\u00fcm \u00e7\u0131kartm\u0131\u015ft\u0131r. Dr. Ahmet G\u00fcrata, Bilkent \u00dcniversitesi, \u0130leti\u015fim ve Tasar\u0131m b\u00f6l\u00fcm ba\u015fkan\u0131d\u0131r. Sinema, sinema tarihi ve belgesel alanlar\u0131nda \u00e7al\u0131\u015fmalar yapmaktad\u0131r. Dr. \u00d6zlem \u00d6m\u00fcr, piyanist ve Ankara \u00dcniversitesi Devlet Konservatuvar\u0131&#8217;nda \u00f6\u011fretim \u00fcyesidir. 1989&#8217;dan beri resitaller ve konserler vemektedir ve kayd\u0131n\u0131 benim yapt\u0131\u011f\u0131m Journey with Turkish Composers adl\u0131 bir alb\u00fcm\u00fc bulunmaktad\u0131r. Ahmet G\u00fcrata ve \u00d6zlem \u00d6m\u00fcr&#8217;\u00fcn ekibe kat\u0131lmas\u0131yla farkl\u0131 bak\u0131\u015f a\u00e7\u0131lar\u0131 gelmi\u015f oldu.<\/p>\n<p>Komite tamamland\u0131 ancak konferans\u0131n hedef kitlelerinden biri de \u00f6\u011frenciler oldu\u011fu i\u00e7in ekibe gen\u00e7leri de dahil etmeye karar verdik. \u0130ki gen\u00e7 m\u00fczisyen, Giray Bayer ve U\u011fur Sat\u0131lm\u0131\u015f, hem organizasyona katk\u0131da bulunmak hem de \u00f6\u011frencilerle konferans aras\u0131nda k\u00f6pr\u00fc g\u00f6revini \u00fcstlenmek amac\u0131yla ekibe dahil oldular.<\/p>\n<p>&nbsp;<\/p>\n<p><strong>\u0130nterdisipliner Yakla\u015f\u0131m<\/strong><\/p>\n<p>ATMM konferans konular\u0131n\u0131 belirlerken bir yandan \u00e7ok dar bir alanda s\u0131k\u0131\u015f\u0131p kalmamak di\u011fer yandan da fazla geni\u015f bir alana yay\u0131l\u0131p odak noktam\u0131z\u0131 kaybetmemek i\u00e7in b\u00fcy\u00fck u\u011fra\u015flar verdik. Bizim i\u00e7in en \u00f6nemli noktalardan biri konferans\u0131n interdisipliner (disiplinleraras\u0131) olmas\u0131yd\u0131, i\u00e7eri\u011fi belirlemeye \u00e7al\u0131\u015f\u0131rken buna b\u00fcy\u00fck \u00f6zen g\u00f6sterdik.<\/p>\n<p>\u0130nterdisipliner yakla\u015f\u0131m\u0131n bu kadar \u00f6nemli oldu\u011funu neden d\u00fc\u015f\u00fcn\u00fcyoruz? Asl\u0131nda cevap olduk\u00e7a basit. 2000&#8217;li y\u0131llar\u0131n ba\u015f\u0131nda, \u00f6zellikle 2000-2005 aras\u0131nda bir k\u0131r\u0131lma ya\u015fand\u0131: Dijital teknolojinin ucuzlamas\u0131 ve yayg\u0131nla\u015fmas\u0131 ile \u00f6nceleri sadece profesyonellerin kullanabildi\u011fi m\u00fczik ve video \u00fcretim ara\u00e7 ve teknolojileri bir\u00e7ok insan i\u00e7in &#8220;ula\u015f\u0131labilir&#8221; oldu. K\u00fc\u00e7\u00fck bir ekip, hatta tek bir ki\u015fi, proje st\u00fcdyolar\u0131nda veya evlerde m\u00fczik ve video \u00fcretebilir hale geldi. Bunun yan\u0131 s\u0131ra internet sayesinde, YouTube, MySpace ve benzeri sitelerde, bu \u00fcretilen m\u00fczik ve videolar kolayca payla\u015f\u0131lmaya ve da\u011f\u0131t\u0131lmaya ba\u015fland\u0131. Bu geli\u015fmelerle birlikte paralel olarak, ses, m\u00fczik, video, foto\u011fraf i\u00e7 i\u00e7e ge\u00e7ti, &#8216;multimedia&#8217; (\u00e7oklu ortam) kavram\u0131 kayboldu, &#8216;media&#8217; tamamen &#8216;multi&#8217; hale geldi, i\u015f tan\u0131mlar\u0131 aras\u0131ndaki s\u0131n\u0131rlar bulan\u0131kla\u015ft\u0131 ve bulan\u0131kla\u015fan bu s\u0131n\u0131rlar yava\u015f yava\u015f y\u0131k\u0131lmaya ba\u015flad\u0131. Bug\u00fcn art\u0131k k\u00fc\u00e7\u00fck b\u00fct\u00e7eli prod\u00fcksiyonlarda video \u00e7eken, ses ve g\u00f6r\u00fcnt\u00fc kurgusu yapan, m\u00fczik yazan veya se\u00e7ip edit eden &#8220;tek ki\u015filik kocaman ekipler&#8221; var&#8230; \u00c7evrenize bak\u0131n, 10 y\u0131l \u00f6nce sadece m\u00fczisyen olan ama bug\u00fcn m\u00fczik yaz\u0131p kaydeden, ses tasar\u0131m\u0131 yapan, video \u00e7ekip kurgulayan insanlar oldu\u011funu g\u00f6receksiniz.<\/p>\n<p>\u0130\u015fte bu sebepten dolay\u0131 konferans\u0131n interdisipliner olmas\u0131na \u00e7ok \u00f6nem veriyoruz. Konferans\u0131n isminde &#8216;medya&#8217; kelimesinin bulunmas\u0131n\u0131n sebebi de bu&#8230;<\/p>\n<p>&nbsp;<\/p>\n<p><strong>Kimler \u0130\u00e7in?<\/strong><\/p>\n<p>Konferans denilince genelde akla akademik ortam gelir ama ATMM sadece akademisyenlere de\u011fil, sekt\u00f6rde \u00e7al\u0131\u015fan profesyonellere ve ilgili alanlarda \u00f6\u011frenim g\u00f6ren \u00f6\u011frencilere de a\u00e7\u0131kt\u0131r. M\u00fczik ve ses prod\u00fcksiyonu ile ses tasar\u0131m\u0131 ve benzeri alanlarda \u00e7al\u0131\u015fan profesyoneller, m\u00fczisyenler ve sanat\u00e7\u0131lar\u0131n bildiri, sunum ve panel \u00f6nerilerini ve ba\u015fvurular\u0131n\u0131 destekliyoruz. Bununla birlikte lisans\u00fcst\u00fc \u00f6\u011frencilerin kat\u0131l\u0131mlar\u0131n\u0131 da \u00f6zellikle te\u015fvik ediyoruz. Sunum, panel ve bildiriler T\u00fcrk\u00e7e veya \u0130ngilizce yap\u0131labilir.<\/p>\n<p>&nbsp;<\/p>\n<p><strong>Konular<\/strong><\/p>\n<p>Konferans\u0131n i\u00e7eri\u011fini belirlemeye \u00e7al\u0131\u015f\u0131rken konular\u0131 d\u00f6rt ana ba\u015fl\u0131kta toplamaya karar verdik: Ses Uygulamalar\u0131; Teorik Yakla\u015f\u0131mlar; Ses \u0130\u015fleme; E\u011fitim. Bu d\u00f6rt ana ba\u015fl\u0131k alt\u0131nda alt konular\u0131 da a\u015fa\u011f\u0131daki gibi belirledik.<\/p>\n<p>Ses Uygulamalar\u0131 alt\u0131nda klasik ve \u00e7a\u011fda\u015f m\u00fczikte ses kay\u0131t ve prod\u00fcksiyon teknikleri; geleneksel ve yeni medya i\u00e7in ses tasar\u0131m teknikleri; bilgisayar oyunlar\u0131 i\u00e7in ses; smartphone ve di\u011fer mobil cihazlar i\u00e7in ses konular\u0131 var.<\/p>\n<p>Teorik Yakla\u015f\u0131mlar ba\u015fl\u0131\u011f\u0131 alt\u0131nda film, g\u00f6rsel medya, bilgisayar oyunlar\u0131, interaktif uygulamalar ve benzeri alanlarda ses ve ses tasar\u0131m\u0131; ses uygulamalar\u0131nda teoriden pratik \u00e7al\u0131\u015fmalara d\u00f6n\u00fc\u015f\u00fcme y\u00f6nelik profesyonel deneyimler; geleneksel ve yeni medya i\u00e7in ses konusunda teori ve pratik aras\u0131ndaki bo\u015flu\u011fun irdelenmesi; geleneksel ve teorik yakla\u015f\u0131mlar\u0131 destekleyici bir metodoloji olarak ses prati\u011fi; yaz\u0131l\u0131 metne alternatif olarak bir ara\u015ft\u0131rma alan\u0131 olarak ses; g\u00f6rsel k\u00fclt\u00fcrde ses ve dinleme; ses uygulamalar\u0131ndaki geli\u015fmelerin sosyal boyutlar\u0131 bulunuyor.<\/p>\n<p>A\u011f\u0131rl\u0131kl\u0131 olarak m\u00fchendisli\u011fe dayanan Ses \u0130\u015fleme ba\u015fl\u0131\u011f\u0131 alt\u0131nda ses analiz ve sentezi; fiziksel modelleme ve m\u00fczik enstr\u00fcmanlar\u0131; sinyal i\u015fleme ses kodlama; analog ve say\u0131sal sistemler konular\u0131 yer al\u0131yor.<\/p>\n<p>E\u011fitim ba\u015fl\u0131\u011f\u0131 alt\u0131nda ise ses m\u00fchendisli\u011fi, m\u00fczik teknolojileri, interaktif ses ve ses tasar\u0131m\u0131 konular\u0131nda e\u011fitim teknikleri ve programlar\u0131; e\u011fitimde ses teknolojilerinin kullan\u0131m\u0131; bir m\u00fczik e\u011fitimi arac\u0131 olarak bilgisayarl\u0131 m\u00fczik; akademik kurulu\u015flar ve end\u00fcstri aras\u0131nda i\u015fbirli\u011fi olanaklar\u0131 var.<\/p>\n<p>&nbsp;<\/p>\n<p><strong>Takvim<\/strong><\/p>\n<p>Sunum, bildiri ve panel \u00f6nerileri i\u00e7in ba\u015fvuru tarihi en ge\u00e7 22 Haziran 2012. Ba\u015fvurular i\u00e7in ayr\u0131nt\u0131l\u0131 bilgi www.atmm-conference.org adresinde. Kabul edilen \u00f6neriler 16 Temmuz&#8217;da a\u00e7\u0131klanacak. Kabul edilen sunum ve bildiriler i\u00e7in metinlerin g\u00f6nderilme tarihi en ge\u00e7 28 Eyl\u00fcl 2012. Konferans, benim \u00f6\u011fretim g\u00f6revlisi oldu\u011fum \u0130leti\u015fim ve Tasar\u0131m B\u00f6l\u00fcm\u00fc&#8217;n\u00fcn ev sahipli\u011finde 1 ve 2 Kas\u0131m 2012 tarihlerinde Ankara, Bilkent \u00dcniversite&#8217;sinde ger\u00e7ekle\u015fecek.<\/p>\n<p>&nbsp;<\/p>\n<p>ATMM web sitesi:\u00a0<a href=\"http:\/\/atmm-conference.org\/\" target=\"_blank\">http:\/\/atmm-conference.org\/<\/a><\/p>\n<p><a title=\"ATMM 2012\u2032nin ard\u0131ndan\u2026\" href=\"http:\/\/ufukonen.com\/tr\/?p=290\">&#8220;ATMM 2012&#8217;nin Ard\u0131ndan&#8221; ba\u015fl\u0131kl\u0131 yaz\u0131m i\u00e7in t\u0131klay\u0131n\u0131z<\/a><\/p>\n<p>&nbsp;<\/p>\n<p><a href=\"https:\/\/twitter.com\/UfukOnen\" target=\"_blank\"><img loading=\"lazy\" class=\"alignleft\" alt=\"@UfukOnen (Twitter)\" src=\"http:\/\/ufukonen.com\/tr\/wp-content\/uploads\/twitter.png\" width=\"43\" height=\"43\" \/><\/a><\/p>\n<p>Ses ve m\u00fczik teknolojileri, m\u00fczik prod\u00fcksiyonu, ses tasar\u0131m\u0131 ve benzeri alanlar ile ilgili haberler, d\u00fc\u015f\u00fcnceler ve payla\u015f\u0131mlar i\u00e7in beni Twitter\u2019da takip edebilirsiniz: <a href=\"https:\/\/twitter.com\/UfukOnen\" target=\"_blank\">https:\/\/twitter.com\/UfukOnen<\/a><\/p>\n<p>&nbsp;<\/p>\n<p>Bu yaz\u0131 Sound dergisinin May\u0131s 2012 say\u0131s\u0131nda yay\u0131nlanm\u0131\u015ft\u0131r. \u00a9 2012 Ufuk \u00d6nen. Bu yaz\u0131n\u0131n t\u00fcm haklar\u0131 sakl\u0131d\u0131r. \u0130zinsiz olarak kullan\u0131lamaz, kaynak g\u00f6sterilmeden ve link verilmeden al\u0131nt\u0131 yap\u0131lamaz.<\/p>\n<p>&nbsp;<\/p>\n<p><a href=\"http:\/\/ufukonen.com\/tr\/wp-content\/uploads\/ATMM-AD_20121015.jpg\" target=\"_blank\"><img loading=\"lazy\" class=\"alignnone size-full wp-image-680\" alt=\"ATMM-AD_20121015\" src=\"http:\/\/ufukonen.com\/tr\/wp-content\/uploads\/ATMM-AD_20121015.jpg\" width=\"498\" height=\"705\" srcset=\"https:\/\/www.ufukonen.com\/tr\/wp-content\/uploads\/ATMM-AD_20121015.jpg 498w, https:\/\/www.ufukonen.com\/tr\/wp-content\/uploads\/ATMM-AD_20121015-211x300.jpg 211w\" sizes=\"(max-width: 498px) 100vw, 498px\" \/><\/a><\/p>\n<p>&nbsp;<\/p>\n","protected":false},"excerpt":{"rendered":"<p class=\"post-excerpt\">1-2 Kas\u0131m 2012 tarihlerinde Ankara, Bilkent \u00dcniversitesi&#8217;nde, \u0130leti\u015fim ve Tasar\u0131m B\u00f6l\u00fcm\u00fc&#8217;n\u00fcn (COMD) ev sahipli\u011finde ger\u00e7ekle\u015ftirilen Audio Technologies for Music and&#8230;<\/p>\n","protected":false},"author":2,"featured_media":680,"comment_status":"closed","ping_status":"open","sticky":false,"template":"","format":"standard","meta":{"_mi_skip_tracking":false,"spay_email":"","jetpack_publicize_message":"","jetpack_is_tweetstorm":false,"jetpack_publicize_feature_enabled":true},"categories":[3,21],"tags":[],"jetpack_featured_media_url":"https:\/\/www.ufukonen.com\/tr\/wp-content\/uploads\/ATMM-AD_20121015.jpg","jetpack_publicize_connections":[],"jetpack_shortlink":"https:\/\/wp.me\/p3rjsG-2E","jetpack_sharing_enabled":true,"jetpack-related-posts":[{"id":1478,"url":"https:\/\/www.ufukonen.com\/tr\/atmm-ekibe-katilmak-ister-misiniz.html","url_meta":{"origin":164,"position":0},"title":"ATMM 2014: Ekibe Kat\u0131lmak \u0130ster misiniz?","date":"June 6, 2014","format":false,"excerpt":"ATMM (Audio Technologies for Music and Media \u2013 M\u00fczik ve Medya i\u00e7in Ses Teknolojileri), ses ve m\u00fczik teknolojileri ile g\u00f6rsel-i\u015fitsel ara\u00e7lar\u0131n farkl\u0131 y\u00f6nlerine odaklanan, ses, m\u00fczik, g\u00f6r\u00fcnt\u00fc ve insan etkile\u015fimi gibi konular\u0131n birbirleri ile olan etkile\u015fimlerini hem \u2018geleneksel\u2019 hem de \u2018yeni\u2019 medya a\u00e7\u0131s\u0131ndan inceleyen disiplinleraras\u0131 ve uluslararas\u0131 bir konferanst\u0131r. Web\u2026","rel":"","context":"In &quot;ATMM&quot;","img":{"alt_text":"","src":"https:\/\/i0.wp.com\/www.ufukonen.com\/tr\/wp-content\/uploads\/cropped-ATMM_2014_INT_Header_2_960px.jpg?resize=350%2C200&ssl=1","width":350,"height":200},"classes":[]},{"id":2008,"url":"https:\/\/www.ufukonen.com\/tr\/atmm-2014.html","url_meta":{"origin":164,"position":1},"title":"ATMM 2014: 12-13 Kas\u0131m Ankara, 14 Kas\u0131m \u0130stanbul","date":"September 28, 2014","format":false,"excerpt":"ATMM (Audio Technologies for Music and Media \u2013 M\u00fczik ve Medya i\u00e7in Ses Teknolojileri), ses ve m\u00fczik teknolojileri ile g\u00f6rsel-i\u015fitsel ara\u00e7lar\u0131n farkl\u0131 y\u00f6nlerine odaklanan, ses, m\u00fczik, g\u00f6r\u00fcnt\u00fc ve insan etkile\u015fimi gibi konular\u0131n birbirleri ile olan etkile\u015fimlerini hem \u2018geleneksel\u2019 hem de \u2018yeni\u2019 medya a\u00e7\u0131s\u0131ndan inceleyen disiplinleraras\u0131 ve uluslararas\u0131 bir konferanst\u0131r. ATMM\u2026","rel":"","context":"In &quot;ATMM&quot;","img":{"alt_text":"","src":"https:\/\/i0.wp.com\/www.ufukonen.com\/tr\/wp-content\/uploads\/ATMM_2014_TwitterPost_1024x512_140922.jpg?resize=350%2C200&ssl=1","width":350,"height":200},"classes":[]},{"id":880,"url":"https:\/\/www.ufukonen.com\/tr\/atmm-2013-bilkent-ankara-31-ekim-1-kasim.html","url_meta":{"origin":164,"position":2},"title":"ATMM 2013, Bilkent, Ankara (31 Ekim &#8211; 1 Kas\u0131m)","date":"November 3, 2013","format":false,"excerpt":"ATMM (Audio Technologies for Music and Media - M\u00fczik ve Medya i\u00e7in Ses Teknolojileri), ses ve m\u00fczik teknolojileri ile g\u00f6rsel-i\u015fitsel ara\u00e7lar\u0131n farkl\u0131 y\u00f6nlerine odaklanan, ses, m\u00fczik, g\u00f6r\u00fcnt\u00fc ve insan etkile\u015fimi gibi konular\u0131n birbirleri ile olan etkile\u015fimlerini hem 'geleneksel' hem de 'yeni' medya a\u00e7\u0131s\u0131ndan inceleyen disiplinleraras\u0131 ve uluslararas\u0131 bir konferanst\u0131r. ATMM\u2026","rel":"","context":"In &quot;ATMM&quot;","img":{"alt_text":"ATMM 2013 - Audio Technologies for Music and Media International Conference - Ufuk \u00d6nen","src":"https:\/\/i0.wp.com\/www.ufukonen.com\/tr\/wp-content\/uploads\/ATMM_2013_Poster_131012_s.jpg?resize=350%2C200&ssl=1","width":350,"height":200},"classes":[]},{"id":290,"url":"https:\/\/www.ufukonen.com\/tr\/atmm-2012nin-ardindan.html","url_meta":{"origin":164,"position":3},"title":"ATMM 2012&#8217;nin Ard\u0131ndan&#8230;","date":"January 11, 2013","format":false,"excerpt":"ATMM (Audio Technologies for Music and Media - M\u00fczik ve Medya i\u00e7in Ses Teknolojileri) konferans\u0131n\u0131n birincisi 1-2 Kas\u0131m 2012 tarihlerinde G\u00fczel Sanatlar, Tasar\u0131m ve Mimarl\u0131k Fak\u00fcltesi, \u0130leti\u015fim ve Tasar\u0131m B\u00f6l\u00fcm\u00fc'n\u00fcn ev sahipli\u011finde, Bilkent \u00dcniversitesi'nde ger\u00e7ekle\u015fti. Konferans fikrini ortaya ilk att\u0131\u011f\u0131m\u0131zda bunu tek seferlik de\u011fil, her sene tekrar edecek bir organizasyon\u2026","rel":"","context":"In &quot;ATMM&quot;","img":{"alt_text":"","src":"https:\/\/i0.wp.com\/www.ufukonen.com\/tr\/wp-content\/uploads\/ATMM_Closing-2.jpg?resize=350%2C200&ssl=1","width":350,"height":200},"classes":[]},{"id":2464,"url":"https:\/\/www.ufukonen.com\/tr\/muzik-endustrisine-bakis-1.html","url_meta":{"origin":164,"position":4},"title":"M\u00fczik End\u00fcstrisine Bak\u0131\u015f (1. B\u00f6l\u00fcm)","date":"April 22, 2016","format":false,"excerpt":"\"M\u00fczik Prod\u00fcksiyonu i\u00e7in Alternatif Y\u00f6ntemler ve Amanda Palmer \u00d6rne\u011fi\" ba\u015fl\u0131kl\u0131 yaz\u0131m olduk\u00e7a ilgi toplam\u0131\u015ft\u0131. Anla\u015f\u0131lan o ki m\u00fczik prod\u00fcksiyonu, finansman, da\u011f\u0131t\u0131m ve benzeri konularda yeni ve alternatif y\u00f6ntemler bir\u00e7ok m\u00fczisyenin ve m\u00fczik prod\u00fckt\u00f6r\u00fcn\u00fcn ilgisini \u00e7ekiyor. Ba\u015flang\u0131c\u0131ndan sonra uzun y\u0131llar ayn\u0131 \u015fekilde devam edem m\u00fczik end\u00fcstrisinde son 10-15 y\u0131lda b\u00fcy\u00fck de\u011fi\u015fimler\u2026","rel":"","context":"In &quot;M\u00fczik End\u00fcstrisi&quot;","img":{"alt_text":"","src":"https:\/\/i0.wp.com\/www.ufukonen.com\/tr\/wp-content\/uploads\/Muzik_Endustrisine_Bakis_1.jpg?resize=350%2C200&ssl=1","width":350,"height":200},"classes":[]},{"id":861,"url":"https:\/\/www.ufukonen.com\/tr\/iaspm-konferansi-2012-manchester.html","url_meta":{"origin":164,"position":5},"title":"IASPM Konferans\u0131 2012 Manchester","date":"September 9, 2012","format":false,"excerpt":"5-7 Eyl\u00fcl tarihlerinde ger\u00e7ekle\u015ftirilen, Imagining Communities Musically: Putting Popular Music in its Place temal\u0131\u00a0IASPM (International Association for the Study of Popular Music) 2012 konferans\u0131 i\u00e7in MediaCityUK, Manchester'a gittim. Konferansa University of Salford, School of Media, Music and Performance ev sahipli\u011fi yapt\u0131. 1980'ler ve 1990'larda Ankara'da yap\u0131lan rock m\u00fczi\u011fi etkileyen fakt\u00f6rler\u2026","rel":"","context":"In &quot;Konferans&quot;","img":{"alt_text":"","src":"https:\/\/i0.wp.com\/www.ufukonen.com\/tr\/wp-content\/uploads\/Salford_IASPM_2012-09_01.jpg?resize=350%2C200&ssl=1","width":350,"height":200},"classes":[]}],"_links":{"self":[{"href":"https:\/\/www.ufukonen.com\/tr\/wp-json\/wp\/v2\/posts\/164"}],"collection":[{"href":"https:\/\/www.ufukonen.com\/tr\/wp-json\/wp\/v2\/posts"}],"about":[{"href":"https:\/\/www.ufukonen.com\/tr\/wp-json\/wp\/v2\/types\/post"}],"author":[{"embeddable":true,"href":"https:\/\/www.ufukonen.com\/tr\/wp-json\/wp\/v2\/users\/2"}],"replies":[{"embeddable":true,"href":"https:\/\/www.ufukonen.com\/tr\/wp-json\/wp\/v2\/comments?post=164"}],"version-history":[{"count":19,"href":"https:\/\/www.ufukonen.com\/tr\/wp-json\/wp\/v2\/posts\/164\/revisions"}],"predecessor-version":[{"id":1369,"href":"https:\/\/www.ufukonen.com\/tr\/wp-json\/wp\/v2\/posts\/164\/revisions\/1369"}],"wp:featuredmedia":[{"embeddable":true,"href":"https:\/\/www.ufukonen.com\/tr\/wp-json\/wp\/v2\/media\/680"}],"wp:attachment":[{"href":"https:\/\/www.ufukonen.com\/tr\/wp-json\/wp\/v2\/media?parent=164"}],"wp:term":[{"taxonomy":"category","embeddable":true,"href":"https:\/\/www.ufukonen.com\/tr\/wp-json\/wp\/v2\/categories?post=164"},{"taxonomy":"post_tag","embeddable":true,"href":"https:\/\/www.ufukonen.com\/tr\/wp-json\/wp\/v2\/tags?post=164"}],"curies":[{"name":"wp","href":"https:\/\/api.w.org\/{rel}","templated":true}]}}