{"id":196,"date":"2012-10-05T11:40:53","date_gmt":"2012-10-05T08:40:53","guid":{"rendered":"http:\/\/blog.ufukonen.com\/?p=196"},"modified":"2013-03-23T22:08:52","modified_gmt":"2013-03-23T20:08:52","slug":"gecmise-yolculuk-70ler-80ler-90lar-ankara-ve-studyolar","status":"publish","type":"post","link":"https:\/\/www.ufukonen.com\/tr\/gecmise-yolculuk-70ler-80ler-90lar-ankara-ve-studyolar.html","title":{"rendered":"Ge\u00e7mi\u015fe Yolculuk: 70&#8217;ler, 80&#8217;ler, 90&#8217;lar&#8230; Ankara ve St\u00fcdyolar&#8230;"},"content":{"rendered":"<div id=\"attachment_717\" style=\"width: 501px\" class=\"wp-caption aligncenter\"><img aria-describedby=\"caption-attachment-717\" loading=\"lazy\" class=\" wp-image-717  \" alt=\"Alper Yarang\u00fcmeli (Dr. Skull)\" src=\"http:\/\/ufukonen.com\/tr\/wp-content\/uploads\/Alper_Yarangumeli-1024x578.jpg\" width=\"491\" height=\"277\" srcset=\"https:\/\/www.ufukonen.com\/tr\/wp-content\/uploads\/Alper_Yarangumeli-1024x578.jpg 1024w, https:\/\/www.ufukonen.com\/tr\/wp-content\/uploads\/Alper_Yarangumeli-300x169.jpg 300w, https:\/\/www.ufukonen.com\/tr\/wp-content\/uploads\/Alper_Yarangumeli.jpg 1535w\" sizes=\"(max-width: 491px) 100vw, 491px\" \/><p id=\"caption-attachment-717\" class=\"wp-caption-text\">Alper Yarang\u00fcmeli (Dr. Skull)<\/p><\/div>\n<p>&nbsp;<\/p>\n<p>&#8220;\u015eimdiki gen\u00e7ler \u00e7ok \u015fansl\u0131.&#8221; &#8220;Bizim zaman\u0131m\u0131zda hi\u00e7bir \u015fey yoktu, ne zorluklar \u00e7ektik.&#8221; &#8220;Bug\u00fcn sizin sahip oldu\u011funuz imkanlar bizde olsayd\u0131 neler yapard\u0131k neler!&#8221; Her jenerasyon, bir \u00f6nceki jenerasyondan bu veya buna benzer s\u00f6zler duymu\u015ftur. Asl\u0131nda bir bak\u0131ma do\u011frudur da&#8230; Son gelen jenerasyon daha \u00f6nce gelenlerin in\u015fa etmi\u015f oldu\u011fu altyap\u0131 ve yaratt\u0131\u011f\u0131 imkanlar \u00fczerinden gitti\u011fi i\u00e7in kendisinden \u00f6ncekilerin kar\u015f\u0131la\u015ft\u0131\u011f\u0131 zorluklar\u0131 otomatik olarak a\u015fm\u0131\u015f oluyor. Ama tabii bu demek de\u011fil ki son yani mevcut jenerasyon i\u00e7in her \u015fey toz pembe ya da her yer g\u00fcll\u00fck g\u00fclistanl\u0131k. Her zaman\u0131n, her devrin, her neslin kendine g\u00f6re problemleri ve zorluklar\u0131 var. Bu, her alanda oldu\u011fu gibi m\u00fczik i\u00e7in de ge\u00e7erli.<\/p>\n<p>Ben sizi bu yaz\u0131da ge\u00e7mi\u015fe do\u011fru ufak bir yolculu\u011fa \u00e7\u0131kartmak istiyorum ama hemen belirteyim, amac\u0131m kesinlikle &#8220;biz zaman\u0131nda \u00e7ok zorluklar \u00e7ektik, \u015fimdiki gen\u00e7ler \u00e7ok \u015fansl\u0131, \u00e7ok rahat&#8221; gibi bir mesaj vermek de\u011fil. Yukar\u0131da da yazd\u0131m, tekrar ediyorum, her d\u00f6nemin kendine g\u00f6re zorluklar\u0131 var. \u00d6nemli olan sizden \u00f6ncekilerin a\u00e7t\u0131\u011f\u0131 yolda y\u00fcr\u00fcy\u00fcp, yolun bitti\u011fi yerde i\u015fi devral\u0131p sizden sonra gelenler i\u00e7in yeni yollar a\u00e7mak.<\/p>\n<p>Bu arada, \u015funu da belirtmeden ge\u00e7emeyece\u011fim&#8230; Elimden geldi\u011fince yeni yap\u0131lan m\u00fczikleri takip ediyorum, \u00e7evremde ya da T\u00fcrkiye genelinde yeni kurulan, gen\u00e7 elemanlardan olu\u015fan gruplara bak\u0131yorum, hatta lise gruplar\u0131na y\u00f6nelik yar\u0131\u015fmalarda j\u00fcri \u00fcyeli\u011fi yap\u0131yorum. \u00c7ok iyi m\u00fczisyenler ve gruplar g\u00f6r\u00fcyorum ve bu beni ger\u00e7ekten \u00e7ok mutlu ediyor. Peki, teknoloji ve imkanlar sayesinde mi yeti\u015fiyor bu iyi m\u00fczisyenler? Hay\u0131r! Ancak \u015f\u00f6yle bir \u015fey var, teknoloji ve eldeki imkanlar sayesinde kabiliyetli m\u00fczisyenler, e\u011fer \u00e7al\u0131\u015fkanlarsa ve ellerindeki imkanlar\u0131 de\u011ferlendirmeyi de biliyorlarsa \u00e7ok h\u0131zl\u0131 yol al\u0131yorlar. Sonu\u00e7 olarak yine kabiliyet, \u00e7al\u0131\u015fkanl\u0131k ve bu i\u015fe tutkuyla ba\u011flanmak \u015fart ancak bug\u00fcn\u00fcn teknolojisi ve imkanlar\u0131 gen\u00e7 m\u00fczisyenlerin basamaklar\u0131 daha h\u0131zl\u0131 \u00e7\u0131kmas\u0131na yard\u0131mc\u0131 oluyor. Yar\u0131\u015fmalarda bak\u0131yorum, baz\u0131 liseli gruplar, 80&#8217;lerde veya 90&#8217;lardaki \u00fcniversiteli iyi gruplar\u0131n seviyesinde m\u00fczik yap\u0131yor. Bu, bence, harika bir \u015fey!<\/p>\n<div id=\"attachment_720\" style=\"width: 501px\" class=\"wp-caption aligncenter\"><img aria-describedby=\"caption-attachment-720\" loading=\"lazy\" class=\" wp-image-720 \" alt=\"Sad\u0131k Sa\u011flam\" src=\"http:\/\/ufukonen.com\/tr\/wp-content\/uploads\/Sadik_Saglam-1024x583.jpg\" width=\"491\" height=\"279\" srcset=\"https:\/\/www.ufukonen.com\/tr\/wp-content\/uploads\/Sadik_Saglam-1024x583.jpg 1024w, https:\/\/www.ufukonen.com\/tr\/wp-content\/uploads\/Sadik_Saglam-300x170.jpg 300w, https:\/\/www.ufukonen.com\/tr\/wp-content\/uploads\/Sadik_Saglam.jpg 1432w\" sizes=\"(max-width: 491px) 100vw, 491px\" \/><p id=\"caption-attachment-720\" class=\"wp-caption-text\">Sad\u0131k Sa\u011flam<\/p><\/div>\n<p>&nbsp;<\/p>\n<p>2009&#8217;un yaz\u0131nda \u00fc\u00e7 arkada\u015f\u0131mla beraber Ankara ve rock m\u00fczik \u00fczerine bir belgesel yapma fikri ortaya att\u0131k. \u00c7al\u0131\u015fma ba\u015fl\u0131\u011f\u0131 olarak da \u015funu se\u00e7tik: <em>Gri De\u011fil, Siyah! Ankara Rocks!<\/em> Ara\u015ft\u0131rma ve planlama s\u00fcrecinden sonra 2010 y\u0131l\u0131nda r\u00f6portajlara ba\u015flad\u0131k. Proje hala devam ediyor. Sadece m\u00fczik yap\u0131m\u0131 konu\u015fmuyoruz ama ben burada <em>Ankara Rocks<\/em> i\u00e7in yapt\u0131\u011f\u0131m\u0131z r\u00f6portajlarda, m\u00fczik yap\u0131m\u0131 ile ilgili konu\u015ftuklar\u0131m\u0131zdan k\u00fc\u00e7\u00fck bir kesit vermek istiyorum sizlere.<\/p>\n<p>Benim jenerasyonum, yani 80&#8217;lerde m\u00fczik yapmaya ba\u015flayan jenerasyon, o y\u0131llarda m\u00fczi\u011fe, m\u00fczik aletlerine, prova ve kay\u0131t imkanlar\u0131na \u00e7ok zor ula\u015f\u0131rd\u0131. Her \u015fey i\u00e7in sava\u015fmam\u0131z, hep kendimize yol a\u00e7mam\u0131z gerekirdi. Ge\u00e7enlerde \u00e7ok eskilerden arkada\u015f\u0131m Bu\u011fra Karabey (Lychgate, Tayga) ile sohbet ediyorduk, \u015f\u00f6yle biz benzetme yapt\u0131: &#8220;Biz kuzey denizindeki buzk\u0131ran gemiler gibiydik.&#8221; Bence \u00e7ok do\u011fru&#8230; Buzlar\u0131 k\u0131ra k\u0131ra kendimize yol a\u00e7maya \u00e7al\u0131\u015f\u0131yorduk.<\/p>\n<p>1980&#8217;lerde bizim imkanlar\u0131m\u0131z \u00e7ok k\u0131s\u0131tl\u0131yd\u0131 ancak bizden \u00f6ncekilerin i\u015fi daha da zormu\u015f. <em>Ankara Rocks<\/em> i\u00e7in yapt\u0131\u011f\u0131m\u0131z r\u00f6portajlarda Ankara&#8217;n\u0131n duayen isimlerinden Sad\u0131k Sa\u011flam (Axe, King Bees, Nightlife vb.) 70&#8217;lerde nas\u0131l prova yapt\u0131klar\u0131n\u0131 anlatt\u0131 bize: &#8220;[Ankara] Ulus&#8217;ta Yiba \u00c7ar\u015f\u0131s\u0131n\u0131n alt\u0131nda, araba tamir edilen yerlerde biz provalar yapard\u0131k. Kiralard\u0131k oray\u0131. Tabii oran\u0131n da pencereleri filan k\u0131r\u0131k, k\u0131\u015f\u0131n biz atk\u0131larla, eldivenleri kesip, so\u011fukta \u00fc\u015f\u00fcye \u00fc\u015f\u00fcye provalar\u0131m\u0131z\u0131 yapard\u0131k.&#8221; Araba tamirhaneleri, depo\u015far, Cebeci Stad\u0131&#8217;n\u0131n kalorifer dairesi, di\u011fer benzeri yerler, k\u0131saca g\u00fcr\u00fclt\u00fcn\u00fcn problem olmayaca\u011f\u0131 her yer onlar i\u00e7in prova st\u00fcdyosuymu\u015f. Buna d\u00fc\u011f\u00fcn salonlar\u0131 da dahil. Ankara&#8217;n\u0131n k\u00f6kl\u00fc rock bas gitaristlerinden Mehmet \u00d6zt\u00fcrk anlat\u0131yor: &#8220;O zaman \u00e7al\u0131\u015facak yer yoktu, biz de d\u00fc\u011f\u00fcn salonlar\u0131na gidip sizin orkestran\u0131z olal\u0131m, d\u00fc\u011f\u00fcn olmad\u0131\u011f\u0131 zamanlar burada prova yapal\u0131m diye i\u015fe ba\u015fl\u0131yorduk . . . Tabii herifler \u2018\u00e7ok g\u00fcr\u00fclt\u00fc yap\u0131yorsunuz karde\u015fim\u2019 falan diyorlard\u0131.&#8221;<\/p>\n<div id=\"attachment_718\" style=\"width: 501px\" class=\"wp-caption aligncenter\"><img aria-describedby=\"caption-attachment-718\" loading=\"lazy\" class=\" wp-image-718 \" alt=\"Mehmet \u00d6zt\u00fcrk\" src=\"http:\/\/ufukonen.com\/tr\/wp-content\/uploads\/Mehmet_Ozturk-1024x574.jpg\" width=\"491\" height=\"275\" srcset=\"https:\/\/www.ufukonen.com\/tr\/wp-content\/uploads\/Mehmet_Ozturk-1024x574.jpg 1024w, https:\/\/www.ufukonen.com\/tr\/wp-content\/uploads\/Mehmet_Ozturk-300x168.jpg 300w, https:\/\/www.ufukonen.com\/tr\/wp-content\/uploads\/Mehmet_Ozturk.jpg 1537w\" sizes=\"(max-width: 491px) 100vw, 491px\" \/><p id=\"caption-attachment-718\" class=\"wp-caption-text\">Mehmet \u00d6zt\u00fcrk<\/p><\/div>\n<p>&nbsp;<\/p>\n<p>Biz 1980&#8217;lerde bizden \u00f6ncekilere g\u00f6re daha iyi durumdayd\u0131k. \u0130yi durumdayd\u0131k diyorum \u00e7\u00fcnk\u00fc saat \u00fccreti kar\u015f\u0131l\u0131\u011f\u0131nda kiralayabilece\u011fimiz prova st\u00fcdyolar\u0131 vard\u0131. Vard\u0131 ama bu st\u00fcdyolar\u0131n ve i\u00e7indeki m\u00fczik aletleri ile di\u011fer cihazlar\u0131n durumlar\u0131 ger\u00e7ekten i\u00e7ler ac\u0131s\u0131yd\u0131. <em>Ankara Rocks<\/em> i\u00e7in yapt\u0131\u011f\u0131m\u0131z r\u00f6portajlar\u0131n birinde Mete Kute\u015f (Hazy Hill, Kara Kedi) bu st\u00fcdyolar\u0131n durumunu o kadar iyi aktard\u0131 ki, dokunmadan aynen buraya ekliyorum: &#8220;O d\u00f6nemki st\u00fcdyolar, hakikaten felaketti diyebilirim. \u015eu andakilerle kar\u015f\u0131la\u015ft\u0131r\u0131lmaz bile. Mesela \u015fimdi b\u00fct\u00fcn st\u00fcdyolarda klima var ki bundan 20 sene \u00f6nce hayal bile edemezdiniz b\u00f6yle bir \u015fey. Her \u015feyi ge\u00e7in, bunlar ya depo olarak d\u00fc\u015f\u00fcn\u00fclen yerlerdi, yerin alt\u0131na girerdiniz, b\u00f6yle acayip yang\u0131n merdiveni gibi bir \u015feyi d\u00f6ne dola\u015fa inerdiniz, ya da k\u00f6m\u00fcrl\u00fck olarak d\u00fc\u015f\u00fcn\u00fclm\u00fc\u015f mekanlard\u0131. Rutubetli, i\u011fren\u00e7 sigara kokular\u0131 alt\u0131nda&#8230; Hi\u00e7birinde amfi bulunmaz, enstr\u00fcman bulunmaz. Davul denilen \u015fey, uzaktan davula benzer ama ba\u015f\u0131na oturdu\u011funuz zaman deri nam\u0131na bir \u015fey ta\u015f\u0131mayan, \u00fcst\u00fcnde kat kat bant, ziller k\u0131r\u0131k, ayaklar yalama, sound yok, vokal gelmez, gitar gelmez, o gelmez, bu gitmez, felaket&#8230;&#8221;<\/p>\n<p>Zaman i\u00e7inde baz\u0131 \u00fcniversiteler, \u00f6zellikle Hacettepe ve ODT\u00dc, \u00f6\u011frencilerinin kurdu\u011fu gruplara destek vermeye ba\u015flad\u0131. 80&#8217;lerde Ankara&#8217;n\u0131n en s\u0131k\u0131 gruplar\u0131ndan Dr. Skull, Hacettepe T\u0131p&#8217;ta okuyan d\u00f6rt \u00f6\u011frenciden olu\u015fuyordu. Skull&#8217;\u0131n ba\u015f\u0131ndaki &#8220;Dr.&#8221; \u00fcnvan\u0131 da buradan gelmektedir. Dr. Skull&#8217;\u0131n Hacettepe \u00dcniversitesi&#8217;nde bir m\u00fczik \u00e7al\u0131\u015fma odas\u0131 vard\u0131. Di\u011fer gruplar kiral\u0131k st\u00fcdyolarda saat s\u0131n\u0131rlamalar\u0131na ba\u011fl\u0131 kal\u0131rd\u0131; hem zaten say\u0131s\u0131 az olan st\u00fcdyolarda yer bulmak zordu, hem de saat ba\u015f\u0131na \u00fccret \u00f6denirdi, bu da \u00f6\u011frenciler i\u00e7in \u00e7ok da kolay bir \u015fey de\u011fildi. Dr. Skull, Hacettepe \u00dcniversitesi&#8217;nin kendilerine verdi\u011fi \u00e7al\u0131\u015fma odas\u0131 sayesinde bu zorlu\u011fu a\u015fm\u0131\u015ft\u0131. Dr. Skull&#8217;\u0131n davulcusu Alper Yarang\u00fcmeli o d\u00f6nemlerin imkanlar\u0131 g\u00f6z \u00f6n\u00fcne al\u0131nd\u0131\u011f\u0131nda \u00e7ok \u015fansl\u0131 bir grup olduklar\u0131n\u0131 belirtiyor&#8230; &#8220;Hacettepe de bir \u00e7al\u0131\u015fma odam\u0131z oldu bir \u015fekilde. Biz \u00e7ok \u015fansl\u0131y\u0131z o a\u00e7\u0131dan. Ve \u00e7ok \u00e7al\u0131\u015f\u0131yorduk. Yani mesela album \u00f6ncesinde g\u00fcnde 8 saat \u00e7al\u0131\u015ft\u0131\u011f\u0131m\u0131z zamanlar\u0131 hat\u0131rl\u0131yorum ben . . . Bu, bizim i\u00e7in \u015fanst\u0131 ama di\u011fer gruplar bu kadar \u015fansl\u0131 de\u011fildi. Herkesin b\u00f6yle istedi\u011fi zaman gidip \u00e7al\u0131\u015fabilece\u011fi [yer yoktu], st\u00fcdyolara gidiliyordu, oradaki aletler tabii y\u00fczlerce ki\u015fi \u00fczerinden ge\u00e7ti\u011fi i\u00e7in \u00e7ok iyi durumda olmuyordu.&#8221; Daha sonra g\u00fclerek baz\u0131 \u00e7al\u0131\u015fma odalar\u0131nda davullar\u0131n bah\u00e7eden toplanan dallarla \u00e7al\u0131nd\u0131\u011f\u0131n\u0131 hat\u0131rlad\u0131\u011f\u0131n\u0131 s\u00f6yl\u00fcyor ve ekliyor, &#8220;acayip bir \u015fey tabii&#8230; \u015eimdi insan d\u00fc\u015f\u00fcnemiyor da&#8230;&#8221;<\/p>\n<div id=\"attachment_719\" style=\"width: 501px\" class=\"wp-caption aligncenter\"><img aria-describedby=\"caption-attachment-719\" loading=\"lazy\" class=\" wp-image-719 \" alt=\"Mete Kute\u015f (Hazy Hill, KaraKedi)\" src=\"http:\/\/ufukonen.com\/tr\/wp-content\/uploads\/Mete_Kutes-1024x574.jpg\" width=\"491\" height=\"275\" srcset=\"https:\/\/www.ufukonen.com\/tr\/wp-content\/uploads\/Mete_Kutes-1024x574.jpg 1024w, https:\/\/www.ufukonen.com\/tr\/wp-content\/uploads\/Mete_Kutes-300x168.jpg 300w, https:\/\/www.ufukonen.com\/tr\/wp-content\/uploads\/Mete_Kutes.jpg 1539w\" sizes=\"(max-width: 491px) 100vw, 491px\" \/><p id=\"caption-attachment-719\" class=\"wp-caption-text\">Mete Kute\u015f (Hazy Hill, KaraKedi)<\/p><\/div>\n<p>&nbsp;<\/p>\n<p>Bug\u00fcn bir diz\u00fcst\u00fc bilgisayar, bir ses kart\u0131, bir program (yaz\u0131l\u0131m) ve birka\u00e7 mikrofonla grubunuza bir &#8220;demo&#8221; kaydedebilirsiniz. Kay\u0131t muhte\u015fem olmasa da en az\u0131ndan grubunuzun par\u00e7alar\u0131n\u0131 dinletebilece\u011finiz bir &#8220;demo&#8221; yapabilirsiniz. 70&#8217;lerde, 80&#8217;lerde ve 90&#8217;lar\u0131n ortalar\u0131na kadar kay\u0131t yapmak i\u00e7in ya profesyonel bir st\u00fcdyoya gitmek gerekiyordu ki bunlar\u0131n \u00fccretleri \u00f6\u011frencilerden olu\u015fan bir grup i\u00e7in olduk\u00e7a y\u00fcksekti (o zamanlar orta fiyatl\u0131 st\u00fcdyolar yoktu), ya da tamamen &#8220;ev \u00e7\u00f6z\u00fcmleri&#8221; ile bir \u015feyler yapmak zorundayd\u0131n\u0131z. Tolga Ergin, Dark Phase&#8217;in ilk demosunu birlikte nas\u0131l kaydetti\u011fimizi anlat\u0131yor: &#8220;90 y\u0131l\u0131nda yapt\u0131\u011f\u0131m\u0131z demo, asl\u0131na bakarsan\u0131z d\u00fcnyadaki \u00f6rnekleriyle k\u0131yasland\u0131\u011f\u0131nda, evet, bir kanall\u0131 kay\u0131tt\u0131. Ama, g\u00fcl\u00fcms\u00fcyorum \u00e7\u00fcnk\u00fc ilkel \u015fartlarda ger\u00e7ekle\u015ftirilmi\u015f, \u00e7ok enteresan bir kanall\u0131 kay\u0131tt\u0131. Prova st\u00fcdyosuna gidip ilkel bir kaydediciyle iki \u00fc\u00e7 enstr\u00fcman kaydettik . . . Ufuk [\u00d6nen] bizim kayd\u0131m\u0131z\u0131 ger\u00e7ekle\u015ftiriyordu. Daha sonra, bir arkada\u015f\u0131m\u0131z\u0131n evine gidip teybinin \u00fczerine bir mikrofon ba\u011flay\u0131p vokalleri kaydetmi\u015ftik. Sonra, yine o teybe solo gitarlar\u0131 kaydetmi\u015ftik.&#8221;<\/p>\n<p>Asl\u0131nda bat\u0131da o d\u00f6nemler kasete 4 kanal kay\u0131t yapan cihazlar olduk\u00e7a yayg\u0131nd\u0131 ancak T\u00fcrkiye&#8217;de pek bulunmuyordu. Tolga&#8217;n\u0131n bahsetti\u011fi cihaz, \u00fczerinde mikrofon giri\u015fi olan \u00e7ift kaset\u00e7alarl\u0131 bir &#8220;teyp&#8221;ti. Cihaz\u0131n bizim i\u00e7in en de\u011ferli \u00f6zelli\u011fi sol tarafta \u00e7alan kasetin \u00e7\u0131k\u0131\u015f\u0131 ile mikrofon giri\u015finden al\u0131nan sinyali birle\u015ftirip sa\u011f taraftaki kasete kaydedebilmesiydi. Biz de prova st\u00fcdyosunda kasete ald\u0131\u011f\u0131m\u0131z kayd\u0131 (davul, gitar, bas gitar) cihaz\u0131n sol taraf\u0131nda okuturken ayn\u0131 anda mikrofon giri\u015finden ba\u011flad\u0131\u011f\u0131m\u0131z bir mikrofonla vokalleri sa\u011f tarafta ba\u015fka bir kasete kaydettik. B\u00f6ylece sa\u011f taraftaki kasette, prova st\u00fcdyosunda kaydedilen davul, gitar ve bas gitar ile birlikte vokaller de oldu. Sonra o kaseti sol tarafa takt\u0131k, mikrofon giri\u015finden solo gitar\u0131n sinyalini ald\u0131k, sol taraftaki kaseti &#8220;monit\u00f6r ederken&#8221; \u00fczerine solo gitar\u0131 \u00e7ald\u0131k ve bunlar\u0131 sa\u011f tarafa kaydettik. Solo gitarlar\u0131n kayd\u0131 ile birlikte sa\u011f taraftaki kasette, demo &#8220;kendinden miksli&#8221; bir \u015fekilde haz\u0131r oldu.<\/p>\n<p>Belki ileriki tarihlerde <em>Ankara Rocks<\/em> i\u00e7in yapt\u0131\u011f\u0131m\u0131z r\u00f6portajlardan m\u00fczik teknolojisi ve m\u00fczik yap\u0131m\u0131 ile ilgili baz\u0131 kesitler payla\u015f\u0131r\u0131m yine sizlerle. Yaz\u0131n\u0131n ba\u015f\u0131nda da belirtti\u011fim gibi amac\u0131m kesinlikle &#8220;biz zaman\u0131nda \u00e7ok zorluklar \u00e7ektik, \u015fimdiki gen\u00e7ler \u00e7ok \u015fansl\u0131, \u00e7ok rahat&#8221; gibi bir mesaj vermek de\u011fildi. Sadece o d\u00f6nemleri ya\u015famam\u0131\u015f olanlar i\u00e7in o zaman bu i\u015fler nas\u0131ld\u0131, biraz bilgi vermek istedim. Anlatmas\u0131 zevkli&#8230; Nostalji arada bir \u00e7ok g\u00fczel geliyor&#8230; Ama o kadar! Ben bug\u00fcn\u00fcn ses ve m\u00fczik teknolojisi imkanlar\u0131ndan \u00e7ok memnunum.<\/p>\n<div id=\"attachment_721\" style=\"width: 501px\" class=\"wp-caption aligncenter\"><img aria-describedby=\"caption-attachment-721\" loading=\"lazy\" class=\" wp-image-721 \" alt=\"Selim Eralp, Tolga Erkin, Erkin \u015eahin (Dark Phase)\" src=\"http:\/\/ufukonen.com\/tr\/wp-content\/uploads\/Selim_Eralp_-_-Tolga_Ergin_-_Erkin_Sahin-1024x574.jpg\" width=\"491\" height=\"275\" srcset=\"https:\/\/www.ufukonen.com\/tr\/wp-content\/uploads\/Selim_Eralp_-_-Tolga_Ergin_-_Erkin_Sahin-1024x574.jpg 1024w, https:\/\/www.ufukonen.com\/tr\/wp-content\/uploads\/Selim_Eralp_-_-Tolga_Ergin_-_Erkin_Sahin-300x168.jpg 300w, https:\/\/www.ufukonen.com\/tr\/wp-content\/uploads\/Selim_Eralp_-_-Tolga_Ergin_-_Erkin_Sahin.jpg 1543w\" sizes=\"(max-width: 491px) 100vw, 491px\" \/><p id=\"caption-attachment-721\" class=\"wp-caption-text\">Selim Eralp, Tolga Erkin, Erkin \u015eahin (Dark Phase)<\/p><\/div>\n<p>&nbsp;<\/p>\n<p>&nbsp;<\/p>\n<p>&nbsp;<\/p>\n<p><a href=\"https:\/\/twitter.com\/UfukOnen\" target=\"_blank\"><img loading=\"lazy\" class=\"alignleft\" alt=\"@UfukOnen (Twitter)\" src=\"http:\/\/ufukonen.com\/tr\/wp-content\/uploads\/twitter.png\" width=\"43\" height=\"43\" \/><\/a>Ses ve m\u00fczik teknolojileri, m\u00fczik prod\u00fcksiyonu, ses tasar\u0131m\u0131 ve benzeri alanlar ile ilgili haberler, d\u00fc\u015f\u00fcnceler ve payla\u015f\u0131mlar i\u00e7in beni Twitter\u2019da takip edebilirsiniz: <a href=\"https:\/\/twitter.com\/UfukOnen\" target=\"_blank\">https:\/\/twitter.com\/UfukOnen<\/a><\/p>\n<p><em><a href=\"http:\/\/ufukonen.com\/tr\/?attachment_id=376\" rel=\"attachment wp-att-376\"><br \/>\n<img loading=\"lazy\" class=\" wp-image-376 alignleft\" alt=\"Sound_2012_06_Haziran\" src=\"http:\/\/ufukonen.com\/tr\/wp-content\/uploads\/Sound_2012_06_Haziran.jpg\" width=\"100\" height=\"134\" srcset=\"https:\/\/www.ufukonen.com\/tr\/wp-content\/uploads\/Sound_2012_06_Haziran.jpg 716w, https:\/\/www.ufukonen.com\/tr\/wp-content\/uploads\/Sound_2012_06_Haziran-223x300.jpg 223w\" sizes=\"(max-width: 100px) 100vw, 100px\" \/><\/a><\/em>Bu yaz\u0131 Sound dergisinin Haziran 2012 say\u0131s\u0131nda yay\u0131nlanm\u0131\u015ft\u0131r. \u00a9 2012 Ufuk \u00d6nen. Bu yaz\u0131n\u0131n t\u00fcm haklar\u0131 sakl\u0131d\u0131r. \u0130zinsiz olarak kullan\u0131lamaz, kaynak g\u00f6sterilmeden ve link verilmeden al\u0131nt\u0131 yap\u0131lamaz.<em><br \/>\n<\/em><\/p>\n","protected":false},"excerpt":{"rendered":"<p class=\"post-excerpt\">&nbsp; &#8220;\u015eimdiki gen\u00e7ler \u00e7ok \u015fansl\u0131.&#8221; &#8220;Bizim zaman\u0131m\u0131zda hi\u00e7bir \u015fey yoktu, ne zorluklar \u00e7ektik.&#8221; &#8220;Bug\u00fcn sizin sahip oldu\u011funuz imkanlar bizde olsayd\u0131&#8230;<\/p>\n","protected":false},"author":2,"featured_media":728,"comment_status":"closed","ping_status":"open","sticky":false,"template":"","format":"standard","meta":{"_mi_skip_tracking":false,"spay_email":"","jetpack_publicize_message":"","jetpack_is_tweetstorm":false,"jetpack_publicize_feature_enabled":true},"categories":[20,17,16],"tags":[],"jetpack_featured_media_url":"https:\/\/www.ufukonen.com\/tr\/wp-content\/uploads\/AnkaraRocks_SS-MK-AY-MSO.jpg","jetpack_publicize_connections":[],"jetpack_shortlink":"https:\/\/wp.me\/p3rjsG-3a","jetpack_sharing_enabled":true,"jetpack-related-posts":[{"id":7203,"url":"https:\/\/www.ufukonen.com\/tr\/gunumuzde-muzik-uretimi.html","url_meta":{"origin":196,"position":0},"title":"G\u00fcn\u00fcm\u00fczde M\u00fczik \u00dcretimi Eskiye G\u00f6re Neden Daha \u0130yi, Neden Daha K\u00f6t\u00fc?","date":"January 31, 2022","format":false,"excerpt":"De\u011ferli dostum Bobby Owsinski \"5 Reasons Why Music Creation Today Is Better Than Ever, And 5 Reasons Why It's Not\" ba\u015fl\u0131kl\u0131 bir yaz\u0131 yay\u0131mlad\u0131. Bobby, bu yaz\u0131s\u0131nda, g\u00fcn\u00fcm\u00fczde m\u00fczik \u00fcretimi ile ilgili eskiye g\u00f6re daha iyi ve daha k\u00f6t\u00fc oldu\u011funu d\u00fc\u015f\u00fcnd\u00fc\u011f\u00fc on maddeyi okuyucular\u0131 ile payla\u015f\u0131yor. Ben de bu yaz\u0131mda,\u2026","rel":"","context":"In &quot;M\u00fczik&quot;","img":{"alt_text":"","src":"https:\/\/i0.wp.com\/www.ufukonen.com\/tr\/wp-content\/uploads\/Gunumuzde_Muzik_Uretimi_00_Header.jpg?resize=350%2C200&ssl=1","width":350,"height":200},"classes":[]},{"id":62,"url":"https:\/\/www.ufukonen.com\/tr\/elektronik-muzigin-onculeri-ve-ses-kulturu.html","url_meta":{"origin":196,"position":1},"title":"Elektronik M\u00fczi\u011fin \u00d6nc\u00fcleri ve Ses K\u00fclt\u00fcr\u00fc","date":"May 29, 2012","format":false,"excerpt":"1940'lar\u0131n sonunda, Avrupa'da, hem m\u00fczik hem de ses k\u00fclt\u00fcr\u00fc a\u00e7\u0131s\u0131ndan b\u00fcy\u00fck \u00f6nem ta\u015f\u0131yan iki ak\u0131m geli\u015fti: Paris'te Pierre Schaeffer'\u0131n \u00f6nderli\u011fini yapt\u0131\u011f\u0131 musique concr\u00e8te ve K\u00f6ln'de Werner Meyer-Eppler, Robert Beyer ve Herbert Eimert taraf\u0131ndan ortak bir \u00e7al\u0131\u015fma ile geli\u015ftirilen elektronische musik. Bu iki ak\u0131m modern elektronik m\u00fczi\u011fin temelini olu\u015fturmaktad\u0131r, bu y\u00fczden\u2026","rel":"","context":"In &quot;M\u00fczik&quot;","img":{"alt_text":"","src":"https:\/\/i0.wp.com\/www.ufukonen.com\/tr\/wp-content\/uploads\/1334271835-cage-jungcurrents.jpeg?resize=350%2C200&ssl=1","width":350,"height":200},"classes":[]},{"id":7572,"url":"https:\/\/www.ufukonen.com\/tr\/vokal-kaydinda-kulaklik-reverb-delay.html","url_meta":{"origin":196,"position":2},"title":"Vokal Kayd\u0131nda Kulakl\u0131k \u0130\u00e7in Reverb ve Delay Kullan\u0131m\u0131","date":"September 5, 2022","format":false,"excerpt":"\"DAW ve Latency\" ba\u015fl\u0131kl\u0131 yaz\u0131mda kay\u0131t yapan m\u00fczisyenin kendini kulakl\u0131kta gecikmeli duymamas\u0131 i\u00e7in \u00e7\u00f6z\u00fcm yollar\u0131ndan birinin ses kart\u0131n\u0131n \u00fczerinde bulunan \"zero latency monitoring\" ya da \"input monitoring\" olarak adland\u0131r\u0131lan \u00f6zelli\u011fini kullanmak oldu\u011funu yazm\u0131\u015ft\u0131m. Diyelim ki zero latency monitoring \u00f6zelli\u011fini kullanarak vokal kayd\u0131 yap\u0131yorsunuz ve vokalist kulakl\u0131\u011f\u0131na reverb istedi\u2026. E\u011fer ses\u2026","rel":"","context":"In &quot;M\u00fczik Prod\u00fcksiyonu&quot;","img":{"alt_text":"","src":"https:\/\/i0.wp.com\/www.ufukonen.com\/tr\/wp-content\/uploads\/Vokal_Kaydi_Kulaklik_Reverb_Delay_00_Header.jpg?resize=350%2C200&ssl=1","width":350,"height":200},"classes":[]},{"id":4895,"url":"https:\/\/www.ufukonen.com\/tr\/analog-bant-emulasyon-plugin-2.html","url_meta":{"origin":196,"position":3},"title":"Analog Bant Em\u00fclasyon Plug-in&#8217;leri (2. B\u00f6l\u00fcm)","date":"July 8, 2019","format":false,"excerpt":"Yaz\u0131n\u0131n birinci b\u00f6l\u00fcm\u00fcnde analog bant kay\u0131t teknolojisi ile ilgili temel bilgiler payla\u015fm\u0131\u015ft\u0131m (birinci b\u00f6l\u00fcm\u00fc okumak i\u00e7in t\u0131klay\u0131n\u0131z). Analog bant em\u00fclasyon plug-in'lerini (deyim yerindeyse) \"hakk\u0131yla kullanabilmek\" i\u00e7in bu bilgilerin gerekli oldu\u011funu d\u00fc\u015f\u00fcn\u00fcyorum. Yaz\u0131n\u0131n birinci b\u00f6l\u00fcm\u00fcne buraya t\u0131klayarak ula\u015fabiliriz. Yaz\u0131n\u0131n ikinci b\u00f6l\u00fcm\u00fcnde plug-in parametreleri ve kullan\u0131mlar\u0131 ile ilgili bilgilerle devam ediyorum. Plug-in\u2026","rel":"","context":"In &quot;Ses ve M\u00fczik Teknolojileri&quot;","img":{"alt_text":"","src":"https:\/\/i0.wp.com\/www.ufukonen.com\/tr\/wp-content\/uploads\/Analog_Bant_Emulasyon.jpg?resize=350%2C200&ssl=1","width":350,"height":200},"classes":[]},{"id":7480,"url":"https:\/\/www.ufukonen.com\/tr\/doubler-pluginleri.html","url_meta":{"origin":196,"position":4},"title":"Doubler Plug-in&#8217;leri","date":"July 4, 2022","format":false,"excerpt":"Bir sesi veya enstr\u00fcman\u0131 daha zengin ya da daha hacimli duyurmak i\u00e7in birden fazla defa kaydetmek ve bu kanallar\u0131 mikste \u00fcst\u00fc \u00fcste kullanmak y\u0131llardan beri s\u0131kl\u0131kla uygulanan bir teknik. Buna 'doubling' ad\u0131 veriliyor. Doubling, \u00e7e\u015fitli sebeplerden dolay\u0131, her zaman m\u00fcmk\u00fcn olam\u0131yor. Bazen vokalist ya da enstr\u00fcman\u0131 \u00e7alan m\u00fczisyen ilk kaydetti\u011fi\u2026","rel":"","context":"In &quot;Ses ve M\u00fczik Teknolojileri&quot;","img":{"alt_text":"","src":"https:\/\/i0.wp.com\/www.ufukonen.com\/tr\/wp-content\/uploads\/Doubler_Pluginleri_00_Header.jpg?resize=350%2C200&ssl=1","width":350,"height":200},"classes":[]},{"id":4115,"url":"https:\/\/www.ufukonen.com\/tr\/apple-kulaklik-muzik.html","url_meta":{"origin":196,"position":5},"title":"Apple, Kulakl\u0131kla M\u00fczik Dinleme Deneyimimizi De\u011fi\u015ftirmeye Haz\u0131rlan\u0131yor","date":"August 13, 2018","format":false,"excerpt":"Apple, 22 Eyl\u00fcl 2016 tarihinde \"Spatial Headphone Transparency\" ad\u0131n\u0131 verdi\u011fi, kulakl\u0131klara y\u00f6nelik yeni bir sinyal i\u015fleme tekni\u011fi i\u00e7in patent ba\u015fvurusunda bulunmu\u015ftu. Apple'\u0131n ba\u015fvurusu ge\u00e7ti\u011fimiz Temmuz ay\u0131nda kabul edildi ve b\u00f6ylelikle Apple, kullan\u0131c\u0131lar\u0131n kulakl\u0131k ile dinleme deneyimlerini de\u011fi\u015ftirmeyi hedefleyen bu tekni\u011fin patent sahibi oldu. Peki, nedir bu \"Spatial Headphone Transparency\"? T\u00fcrk\u00e7eye\u2026","rel":"","context":"In &quot;Ses ve M\u00fczik Teknolojileri&quot;","img":{"alt_text":"","src":"https:\/\/i0.wp.com\/www.ufukonen.com\/tr\/wp-content\/uploads\/Spatial_Headphone_Transparency_0.jpg?resize=350%2C200&ssl=1","width":350,"height":200},"classes":[]}],"_links":{"self":[{"href":"https:\/\/www.ufukonen.com\/tr\/wp-json\/wp\/v2\/posts\/196"}],"collection":[{"href":"https:\/\/www.ufukonen.com\/tr\/wp-json\/wp\/v2\/posts"}],"about":[{"href":"https:\/\/www.ufukonen.com\/tr\/wp-json\/wp\/v2\/types\/post"}],"author":[{"embeddable":true,"href":"https:\/\/www.ufukonen.com\/tr\/wp-json\/wp\/v2\/users\/2"}],"replies":[{"embeddable":true,"href":"https:\/\/www.ufukonen.com\/tr\/wp-json\/wp\/v2\/comments?post=196"}],"version-history":[{"count":18,"href":"https:\/\/www.ufukonen.com\/tr\/wp-json\/wp\/v2\/posts\/196\/revisions"}],"predecessor-version":[{"id":852,"href":"https:\/\/www.ufukonen.com\/tr\/wp-json\/wp\/v2\/posts\/196\/revisions\/852"}],"wp:featuredmedia":[{"embeddable":true,"href":"https:\/\/www.ufukonen.com\/tr\/wp-json\/wp\/v2\/media\/728"}],"wp:attachment":[{"href":"https:\/\/www.ufukonen.com\/tr\/wp-json\/wp\/v2\/media?parent=196"}],"wp:term":[{"taxonomy":"category","embeddable":true,"href":"https:\/\/www.ufukonen.com\/tr\/wp-json\/wp\/v2\/categories?post=196"},{"taxonomy":"post_tag","embeddable":true,"href":"https:\/\/www.ufukonen.com\/tr\/wp-json\/wp\/v2\/tags?post=196"}],"curies":[{"name":"wp","href":"https:\/\/api.w.org\/{rel}","templated":true}]}}