{"id":2027,"date":"2014-10-19T22:36:03","date_gmt":"2014-10-19T19:36:03","guid":{"rendered":"http:\/\/ufukonen.com\/tr\/?p=2027"},"modified":"2014-10-19T22:36:03","modified_gmt":"2014-10-19T19:36:03","slug":"aes-137th-los-angeles-2014","status":"publish","type":"post","link":"https:\/\/www.ufukonen.com\/tr\/aes-137th-los-angeles-2014.html","title":{"rendered":"AES 137th Convention (Los Angeles, 2014)"},"content":{"rendered":"<p style=\"text-align: center;\"><img loading=\"lazy\" class=\"aligncenter  wp-image-2028\" alt=\"Audio Engineering Society 137th Convention, Los Angeles, 9-12 October 2014\" src=\"http:\/\/ufukonen.com\/tr\/wp-content\/uploads\/AES_137th_LA_Convention_Center.jpg\" width=\"542\" height=\"407\" srcset=\"https:\/\/www.ufukonen.com\/tr\/wp-content\/uploads\/AES_137th_LA_Convention_Center.jpg 3264w, https:\/\/www.ufukonen.com\/tr\/wp-content\/uploads\/AES_137th_LA_Convention_Center-300x225.jpg 300w, https:\/\/www.ufukonen.com\/tr\/wp-content\/uploads\/AES_137th_LA_Convention_Center-1024x768.jpg 1024w\" sizes=\"(max-width: 542px) 100vw, 542px\" \/><\/p>\n<p>Audio Engineering Society (<a href=\"http:\/\/www.aes.org\" target=\"_blank\">AES<\/a>), 1948 y\u0131l\u0131nda New York&#8217;ta kurulmu\u015f olan bir birlik. \u015eu anda d\u00fcnyaya yay\u0131lm\u0131\u015f 75 yerel \u015fubesi ve toplamda 14 bin \u00fcyesi var. AES, biri Amerika di\u011feri ise Avrupa&#8217;da olmak \u00fczere her y\u0131l iki b\u00fcy\u00fck kongre yap\u0131yor. Bu kongreler i\u00e7inde fuarlar da yer al\u0131yor. Bunun yan\u0131 s\u0131ra y\u0131l boyunca konferanslar ve yerel \u015fubelerin d\u00fczenledi\u011fi \u00e7e\u015fitli etkinlikler ger\u00e7ekle\u015ftiriliyor.<\/p>\n<p>Audio Engineering Society&#8217;nin 137. kongresi (137th Convention) bu y\u0131l 9-12 Ekim 2014 tarihler aras\u0131nda Los Angeles&#8217;ta yap\u0131ld\u0131. \u00d6zel bir kongreydi \u00e7\u00fcnk\u00fc AES, 12 y\u0131l sonra, Amerika&#8217;n\u0131n en \u00f6nemli m\u00fczik merkezlerinden biri, belki de en \u00f6nemlisi olan Los Angeles&#8217;a geri d\u00f6nd\u00fc. Bu kongreye kat\u0131lma ve orada bir de sunum yapma\u00a0f\u0131rsat\u0131n\u0131 yakalad\u0131m!<\/p>\n<p>Yukar\u0131da da belirtti\u011fim gibi \u00f6zel bir kongre oldu\u011fu i\u00e7in bir\u00e7ok insan\u0131n bunu ka\u00e7\u0131rmak istemeyece\u011fini, bu sayede uzun s\u00fcreden beri g\u00f6r\u00fc\u015femedi\u011fimiz insanlarla g\u00f6r\u00fc\u015fme, ba\u011flant\u0131da olduklar\u0131m\u0131zla da y\u00fcz y\u00fcze tan\u0131\u015fma \u015fans\u0131n\u0131 elde edece\u011fimi d\u00fc\u015f\u00fcn\u00fcyordum&#8230;\u00a0Do\u011fru \u00e7\u0131kt\u0131!<\/p>\n<div id=\"attachment_2029\" style=\"width: 563px\" class=\"wp-caption aligncenter\"><img aria-describedby=\"caption-attachment-2029\" loading=\"lazy\" class=\" wp-image-2029 \" alt=\"Ufuk \u00d6nen ve Bob Katz (sa\u011fdan ikinci). Elimdeki \u00e7antaya dikkat! :)\" src=\"http:\/\/ufukonen.com\/tr\/wp-content\/uploads\/AES_137th_Ufuk_Onen_and_Bob_Katz_AES-e1413736573565-1024x768.jpg\" width=\"553\" height=\"414\" srcset=\"https:\/\/www.ufukonen.com\/tr\/wp-content\/uploads\/AES_137th_Ufuk_Onen_and_Bob_Katz_AES-e1413736573565-1024x768.jpg 1024w, https:\/\/www.ufukonen.com\/tr\/wp-content\/uploads\/AES_137th_Ufuk_Onen_and_Bob_Katz_AES-e1413736573565-300x225.jpg 300w, https:\/\/www.ufukonen.com\/tr\/wp-content\/uploads\/AES_137th_Ufuk_Onen_and_Bob_Katz_AES-e1413736573565.jpg 1280w\" sizes=\"(max-width: 553px) 100vw, 553px\" \/><p id=\"caption-attachment-2029\" class=\"wp-caption-text\">Ufuk \u00d6nen ve Bob Katz (sa\u011fdan ikinci). Elimdeki \u00e7antaya dikkat! \ud83d\ude42<\/p><\/div>\n<p>&nbsp;<\/p>\n<p>9 Ekim sabah\u0131 kongre merkezine girerken akl\u0131mda ilk i\u015f olarak Bob Katz&#8217;\u0131 aramak vard\u0131. G\u00f6r\u00fc\u015felim diye konu\u015fmu\u015ftuk. Aramaya gerek kalmadan giri\u015fte kar\u015f\u0131la\u015fmam\u0131z g\u00fczel bir tesad\u00fcf oldu. Yakla\u015f\u0131k bir saat sohbet ettik. Yeme\u011fe \u00e7\u0131kacakt\u0131k ancak ben keynote konu\u015fmas\u0131na kat\u0131lmak istedi\u011fim i\u00e7in m\u00fcmk\u00fcn olmad\u0131 maalesef. Katz, hem o g\u00fcn hem de konferans\u0131n son g\u00fcn\u00fc T\u00fcrkiye&#8217;yeye gelmek ve ATMM konferans\u0131m\u0131za kat\u0131lmak istedi\u011fini \u00f6zellikle vurgulad\u0131. \u00d6n\u00fcm\u00fczdeki y\u0131llarda kendisini a\u011f\u0131rlamak i\u00e7in elimizden geleni yapaca\u011f\u0131z.<\/p>\n<p>&nbsp;<\/p>\n<h3>Keynote<\/h3>\n<p>Keynote \u00f6ncesi, uzun zamandan beri yaz\u0131\u015fmakta oldu\u011fum, ATMM 2014&#8217;\u00fcn bildiri de\u011ferlendirmelerinde ve se\u00e7melerinde biz yard\u0131mc\u0131 olan, AES&#8217;in 2014 y\u0131l\u0131ndaki oylamalar\u0131nda ba\u015fkan se\u00e7ilen John Krivit ile sonunda y\u00fcz y\u00fcze tan\u0131\u015ft\u0131k. Krivit \u00f6zellikle \u00f6\u011frencilerin ve gen\u00e7 profesyonellerin AES&#8217;e kat\u0131lmalar\u0131 ve aktif roller \u00fcstlenmeleri konusunda b\u00fcy\u00fck \u00e7aba g\u00f6steriyor, bu konuda s\u00fcrekli \u00e7al\u0131\u015fmalar yap\u0131yor.<\/p>\n<div id=\"attachment_2034\" style=\"width: 563px\" class=\"wp-caption aligncenter\"><img aria-describedby=\"caption-attachment-2034\" loading=\"lazy\" class=\" wp-image-2034 \" alt=\"Alan Parsons: &quot;mp3... How did we allow that to happen? \" src=\"http:\/\/ufukonen.com\/tr\/wp-content\/uploads\/AES_137th_Alan_Parsons-1024x768.jpg\" width=\"553\" height=\"414\" srcset=\"https:\/\/www.ufukonen.com\/tr\/wp-content\/uploads\/AES_137th_Alan_Parsons-1024x768.jpg 1024w, https:\/\/www.ufukonen.com\/tr\/wp-content\/uploads\/AES_137th_Alan_Parsons-300x225.jpg 300w, https:\/\/www.ufukonen.com\/tr\/wp-content\/uploads\/AES_137th_Alan_Parsons.jpg 1280w\" sizes=\"(max-width: 553px) 100vw, 553px\" \/><p id=\"caption-attachment-2034\" class=\"wp-caption-text\">Alan Parsons: &#8220;mp3&#8230; How did we allow that to happen?<\/p><\/div>\n<p>&nbsp;<\/p>\n<p>AES 137. kongresinin a\u00e7\u0131l\u0131\u015f t\u00f6reninde keynote konu\u015fmas\u0131 Alan Parsons taraf\u0131ndan yap\u0131ld\u0131. Parsons m\u00fczikle ilgilenen hemen hemen herkesin tan\u0131d\u0131\u011f\u0131 biri. Bir yandan Beatles, Pink Floyd gibi gruplar\u0131n ses kay\u0131t m\u00fchendisi, di\u011fer yandan da Alan Parson Project ad\u0131 alt\u0131nda milyonlarca alb\u00fcm satm\u0131\u015f bir m\u00fczisyen olarak bilinen bir isim. Parsons, konu\u015fmas\u0131nda m\u00fczik end\u00fcstrisinin teknik a\u00e7\u0131dan durumuna de\u011findi ve t\u00fcketiciye sunulan \u00fcr\u00fcnlerin daha kaliteli olmas\u0131 gerekti\u011fini, bu sayede dinleyicilerin standartlar\u0131n\u0131 y\u00fckselece\u011fini savundu. Kendi evinde bile e\u015finin ve \u00e7ocuklar\u0131n\u0131n laptop hoparl\u00f6rleri ile mp3 dosyalar\u0131ndan ya da d\u00fc\u015f\u00fck kaliteli streaming servisleri \u00fczerinden m\u00fczik dinledi\u011fini s\u00f6yleyen Parson&#8217;\u0131n \u015fu sorusu salonu k\u0131rd\u0131 ge\u00e7irdi: &#8220;mp3&#8230; How did we allow that to happen? (mp3&#8230; Bunun olmas\u0131na nas\u0131l izin verdik?)<\/p>\n<div id=\"attachment_2035\" style=\"width: 624px\" class=\"wp-caption aligncenter\"><img aria-describedby=\"caption-attachment-2035\" loading=\"lazy\" class=\"size-large wp-image-2035\" alt=\"Alan Parsons ve Ufuk \u00d6nen\" src=\"http:\/\/ufukonen.com\/tr\/wp-content\/uploads\/AES_137th_Ufuk_Onen_and_Alan_Parsons-1024x748.jpg\" width=\"614\" height=\"448\" srcset=\"https:\/\/www.ufukonen.com\/tr\/wp-content\/uploads\/AES_137th_Ufuk_Onen_and_Alan_Parsons-1024x748.jpg 1024w, https:\/\/www.ufukonen.com\/tr\/wp-content\/uploads\/AES_137th_Ufuk_Onen_and_Alan_Parsons-300x219.jpg 300w, https:\/\/www.ufukonen.com\/tr\/wp-content\/uploads\/AES_137th_Ufuk_Onen_and_Alan_Parsons.jpg 1280w\" sizes=\"(max-width: 614px) 100vw, 614px\" \/><p id=\"caption-attachment-2035\" class=\"wp-caption-text\">Alan Parsons ve Ufuk \u00d6nen<\/p><\/div>\n<p>&nbsp;<\/p>\n<p><span style=\"line-height: 1.5em;\">Keynote sonras\u0131 Alan Parson ile sohbet etme \u015fans\u0131m oldu. ATMM konferans\u0131m\u0131zdan bahsettim. T\u00fcrkiye konserinden \u00e7ok memnun kald\u0131\u011f\u0131n\u0131, konferansa da gelip konu\u015fmak yapabilece\u011fini s\u00f6yledi. Bu arada yeni kitab\u0131\u00a0Art &amp; Science of Sound Recording de imzalatt\u0131m!<\/span><\/p>\n<p>&nbsp;<\/p>\n<h3>Sunumlar, Paneller ve Workshop&#8217;lar<\/h3>\n<p>AES 137th Convention program\u0131 kongrenin 12 y\u0131l sonras\u0131nda Los Angeles&#8217;a d\u00f6nmesinin \u015ferefine ger\u00e7ekten \u00e7ok doluydu. Ayn\u0131 anda o kadar \u00e7ok sunum, panel, workshop ve konu\u015fma oluyordu ki, \u00e7ak\u0131\u015fmalardan dolay\u0131 istedi\u011finiz t\u00fcm etkinliklere kat\u0131lmak imkans\u0131zd\u0131. Elimden geldi\u011fince bir\u00e7ok sunuma ve panele kat\u0131lmaya \u00e7al\u0131\u015ft\u0131m.<\/p>\n<p>Kat\u0131ld\u0131klar\u0131m aras\u0131nda bir sunum\/panel beni ger\u00e7ekten etkiledi&#8230;\u00a0Loudness Wars: Give Peaks a Chance. Bu arada s\u00f6ylemem gerekir ki bu ba\u015fl\u0131k, bug\u00fcne kadar g\u00f6rd\u00fc\u011f\u00fcm en iyi sunum veya panel ba\u015fl\u0131klar\u0131ndan biri! Bu panelde\u00a0Florian Camerer (ORF Austrian TV &amp; European Broadcasting Union), efsane mastering m\u00fchendislerinden\u00a0Bob Ludwig (Gateway Mastering Studios),\u00a0Thomas Lund (TC Electronic), parametrik EQ&#8217;nun babas\u0131\u00a0George Massenburg (Schullich School of Music &amp; McGill University) ve Susan Rogers (Berklee College of Music)\u00a0\u00a0ayr\u0131 ayr\u0131 sunumlar yapt\u0131. Bu sunumda LUFS kriterinin d\u00fcnyada gittik\u00e7e kabul g\u00f6rmeye ba\u015flad\u0131\u011f\u0131n\u0131n fark\u0131na vard\u0131k. &#8216;Loudness&#8217; ve &#8216;headroom&#8217; konular\u0131nda \u00f6zellikle Amerikan ve Avrupa televizyonlar\u0131 b\u00fcy\u00fck yol kat etmi\u015fler. Filmler \u00fczerinde de belli standartlar geli\u015fmek i\u00e7in \u00e7al\u0131\u015fmalar\u0131 devam ediyor. Di\u011fer yandan iTunes sayesinde de \u00f6nemli geli\u015fmeler oluyor. LUFS konusuna yak\u0131n tarihte bir yaz\u0131mda yer vermek istiyorum.<\/p>\n<p>Bu arada, Massenburg, panelde Bruce Swedien taraf\u0131ndan 1950&#8217;li y\u0131llarda yap\u0131lm\u0131\u015f bir tak\u0131m kay\u0131tlardan baz\u0131 b\u00f6l\u00fcmler dinletti. Ger\u00e7ekten inan\u0131lmazd\u0131! Bir insan bo\u015funa efsane olmuyor (evet, tabii ki Thriller&#8217;\u0131 unutmuyoruz, o ba\u015fka). Kongrede Bruce Swedien da vard\u0131. Kendisiyle be\u015f y\u0131l sonra tekrar foto\u011fraf \u00e7ektime \u015fans\u0131m oldu.<\/p>\n<div id=\"attachment_2037\" style=\"width: 563px\" class=\"wp-caption aligncenter\"><img aria-describedby=\"caption-attachment-2037\" loading=\"lazy\" class=\" wp-image-2037 \" alt=\"Bruce Swedien ve Ufuk \u00d6nen\" src=\"http:\/\/ufukonen.com\/tr\/wp-content\/uploads\/AES_137th_Ufuk_Onen_and_Bruce_Swedien-1024x660.jpg\" width=\"553\" height=\"356\" srcset=\"https:\/\/www.ufukonen.com\/tr\/wp-content\/uploads\/AES_137th_Ufuk_Onen_and_Bruce_Swedien-1024x660.jpg 1024w, https:\/\/www.ufukonen.com\/tr\/wp-content\/uploads\/AES_137th_Ufuk_Onen_and_Bruce_Swedien-300x193.jpg 300w, https:\/\/www.ufukonen.com\/tr\/wp-content\/uploads\/AES_137th_Ufuk_Onen_and_Bruce_Swedien.jpg 1280w\" sizes=\"(max-width: 553px) 100vw, 553px\" \/><p id=\"caption-attachment-2037\" class=\"wp-caption-text\">Bruce Swedien ve Ufuk \u00d6nen<\/p><\/div>\n<p>&nbsp;<\/p>\n<p>Ek olarak, Andrew Scheps&#8217;in Red Hot Chili Peppers&#8217;\u0131n single&#8217;\u0131 &#8216;Pink As Floyd&#8217;u (2013) nas\u0131l miksledi\u011fini anlatt\u0131\u011f\u0131 sunum da olduk\u00e7a iyiydi.\u00a0T\u00fcm miksi &#8216;in the box&#8217; yapm\u0131\u015f, mikser veya &#8216;outboard gear&#8217; kullanmadan her \u015feyi bilgisayar \u00fczerinde &#8216;plug-in&#8217;lerle \u00e7\u00f6zm\u00fc\u015f. Sunumda kulland\u0131\u011f\u0131 Pro Tools dosyas\u0131 \u00a0ger\u00e7ek miks dosyas\u0131yd\u0131.\u00a0Scheps&#8217;in mikse yakla\u015f\u0131m\u0131 \u00e7ok basit ve sade. Ezberden asla gitmiyor. Kula\u011f\u0131na ne iyi geliyorsa onu kullan\u0131yor veya parametreleri o \u015fekilde ayarl\u0131yor.\u00a0Her \u015feyi \u00fcst \u00fcste y\u0131\u011fmaya \u00e7al\u0131\u015fmaktansa s\u00fcrekli bir \u015feyleri \u00e7\u0131kartarak ya da eksilterek \u00e7al\u0131\u015f\u0131yor.<\/p>\n<p>15,043 kay\u0131tl\u0131 ziyaret\u00e7i ve 307 firman\u0131n kat\u0131ld\u0131\u011f\u0131 AES 137th Convention&#8217;da ger\u00e7ekle\u015fen etkinlikler ile ilgili detayl\u0131 bilgilere \u015fu linklerden ula\u015fabilirsiniz: <a href=\"http:\/\/www.nxtbook.com\/nxtbooks\/newbay\/aes2014_day1\/\" target=\"_blank\">Day 1 <\/a>&#8211; <a href=\"http:\/\/www.nxtbook.com\/nxtbooks\/newbay\/aes2014_day2\/\" target=\"_blank\">Day 2<\/a> &#8211; <a href=\"http:\/\/www.nxtbook.com\/nxtbooks\/newbay\/aes2014_day3\/\" target=\"_blank\">Day 3<\/a> &#8211; <a href=\"http:\/\/www.prosoundnetwork.com\/article\/aes-issues-final-figures\/18482\" target=\"_blank\">Wrap Up<\/a><\/p>\n<p>&nbsp;<\/p>\n<h3><span style=\"line-height: 1.5em;\">It Has to Work <em>With<\/em> the Picture<\/span><\/h3>\n<p>Kendi sunumumdan da biraz bahsedeyim&#8230; \u00a0Ba\u015fl\u0131\u011f\u0131\u00a0<em>It Has to Work With the Picture: Audio Education for Film and Media Students<\/em> olan sunumumda Bilkent \u00dcniversitesi&#8217;nde geli\u015ftirdi\u011fim ve \u0130leti\u015fim ve Tasar\u0131m B\u00f6l\u00fcm\u00fc&#8217;nde vermekte oldu\u011fum <a title=\"\u201cSound Design\u201d ve \u201cMusic &amp; Media\u201d Dersleri\" href=\"http:\/\/ufukonen.com\/tr\/sound-design-ve-music-media-dersleri.html\" target=\"_blank\"><em>COMD 361 Sound Design<\/em><\/a> dersi \u00fczerinden \u00fcniversitelerin g\u00f6rsel medya ve benzeri b\u00f6l\u00fcmlerindeki \u00f6\u011frenciler i\u00e7in ses teknolojisi derslerinin ve genel olarak bu alandaki e\u011fitimin kendi fikrime g\u00f6re nas\u0131l olmas\u0131 gerekti\u011fini anlatt\u0131m. Bu b\u00f6l\u00fcmlerdeki \u00f6\u011frenciler i\u00e7in verilen ses teknolojisi dersleri, amac\u0131 ses \u00fczerine profesyonel olarak \u00e7al\u0131\u015fmay\u0131 hedefleyen \u00f6\u011frencilere verilen derslerden daha farkl\u0131 olmas\u0131 gerekiyor \u00e7\u00fcnk\u00fc g\u00f6rsel medya \u00f6\u011frencileri ses ve ses teknolojilerini kendi hedefledikleri alanlara (y\u00f6netmenlik, edit\u00f6rl\u00fck vb.) ek ya da destek olarak ele al\u0131yorlar. Dolay\u0131s\u0131yla i\u015fin teknik boyutuna detayl\u0131 bir \u015fekilde girmekten \u00e7ok ses ve g\u00f6r\u00fcnt\u00fc aras\u0131ndaki ili\u015fkiyi incelemek ve i\u015fin kavramsal boyutuna inmek gerekiyor. Bu sunumu yurt i\u00e7inde de \u00e7e\u015fitli yerlerde yapmay\u0131 planl\u0131yorum. E\u011fer zaman bulabilirsem bu plan\u0131 2015 y\u0131l\u0131 i\u00e7inde hayata ge\u00e7irebilirim.<\/p>\n<ul>\n<li><a href=\"http:\/\/www.aes.org\/events\/137\/presenters\/?ID=2641\" target=\"_blank\">Sunumum ile ilgili AES 137th Convention sayfas\u0131nda yer alan bilgiler i\u00e7in t\u0131klay\u0131n\u0131z.<\/a><\/li>\n<li><a title=\"\u201cSound Design\u201d ve \u201cMusic &amp; Media\u201d Dersleri\" href=\"http:\/\/ufukonen.com\/tr\/sound-design-ve-music-media-dersleri.html\" target=\"_blank\">COMD 361 Sound Design dersim ile ilgili bilgi i\u00e7in t\u0131klay\u0131n\u0131z.<\/a><\/li>\n<\/ul>\n<p>&nbsp;<\/p>\n<h3>Fuar<\/h3>\n<p>AES 137. kongresinde d\u00f6rt g\u00fcn boyunca bir\u00e7ok koldan sunumlar ve paneller ger\u00e7ekle\u015ftirilirken \u00fc\u00e7 g\u00fcn s\u00fcren kocaman bir de fuar vard\u0131. Fuarlar\u0131 pek sevmem. O g\u00fcr\u00fclt\u00fc ve curcuna i\u00e7inde \u00fcr\u00fcnlerle ilgili bilgi almaya \u00e7al\u0131\u015fman\u0131n ya da \u00fcr\u00fcnleri denemenin pek sa\u011fl\u0131kl\u0131 olmad\u0131\u011f\u0131n\u0131 d\u00fc\u015f\u00fcn\u00fcr\u00fcm. Bu fuar\u0131n benim i\u00e7in en cazip yan\u0131 fuar\u0131 de\u011ferli dostum Bobby Owsinski ile birlikte gezmem oldu. Bobby o kadar \u00e7ok insan tan\u0131yor ki bir yandan bir\u00e7ok firma yetkilisi ile di\u011fer yandan da \u00e7e\u015fitli profesyonellerle tan\u0131\u015fma ve sohbet etme \u015fans\u0131n\u0131 yakalad\u0131m.<\/p>\n<div id=\"attachment_2041\" style=\"width: 560px\" class=\"wp-caption aligncenter\"><a href=\"http:\/\/audionamix.com\/\" target=\"_blank\"><img aria-describedby=\"caption-attachment-2041\" loading=\"lazy\" class=\"size-full wp-image-2041\" alt=\"Audionamix ADX Trax\" src=\"http:\/\/ufukonen.com\/tr\/wp-content\/uploads\/Audionamix_ADX_Trax.jpg\" width=\"550\" height=\"178\" srcset=\"https:\/\/www.ufukonen.com\/tr\/wp-content\/uploads\/Audionamix_ADX_Trax.jpg 550w, https:\/\/www.ufukonen.com\/tr\/wp-content\/uploads\/Audionamix_ADX_Trax-300x97.jpg 300w\" sizes=\"(max-width: 550px) 100vw, 550px\" \/><\/a><p id=\"caption-attachment-2041\" class=\"wp-caption-text\">Audionamix ADX Trax<\/p><\/div>\n<p>Fuarda \u00fc\u00e7 \u00fcr\u00fcn dikkatimi \u00e7ekti: Audionamix ADX Trax (yaz\u0131l\u0131m), Genelec 8531 (monit\u00f6r) ve Triad-Orbit (mikrofon sehpalar\u0131).<\/p>\n<div id=\"attachment_2042\" style=\"width: 161px\" class=\"wp-caption alignleft\"><a href=\"http:\/\/www.genelec.com\/\" target=\"_blank\"><img aria-describedby=\"caption-attachment-2042\" loading=\"lazy\" class=\" wp-image-2042  \" alt=\"Genelec 8531\" src=\"http:\/\/ufukonen.com\/tr\/wp-content\/uploads\/Genelec_8531-236x300.jpg\" width=\"151\" height=\"192\" srcset=\"https:\/\/www.ufukonen.com\/tr\/wp-content\/uploads\/Genelec_8531-236x300.jpg 236w, https:\/\/www.ufukonen.com\/tr\/wp-content\/uploads\/Genelec_8531.jpg 500w\" sizes=\"(max-width: 151px) 100vw, 151px\" \/><\/a><p id=\"caption-attachment-2042\" class=\"wp-caption-text\">Genelec 8531<\/p><\/div>\n<p><a href=\"http:\/\/audionamix.com\/\" target=\"_blank\">ADX Trax<\/a>, mono veya stereo kay\u0131tlardaki vokali ya da di\u011fer \u00f6ne \u00e7\u0131kan bir enstr\u00fcman\u0131 ay\u0131ran bir program. Sadece ay\u0131rmakla kalm\u0131yor, yani vokali sadece \u00e7ekip alm\u0131yor&#8230; \u0130sterseniz vokalin par\u00e7a i\u00e7indeki dengesini ayarlaman\u0131za (a\u00e7mak veya k\u0131smak), efekt vermenize ve benzeri i\u015flemler yapman\u0131za da imkan tan\u0131yor. Daha \u00f6nce bunlar denendi mi? Evet. Ba\u015far\u0131l\u0131 oldu mu? Hay\u0131r. ADX Trax bu i\u015fi ba\u015farabiliyor mu? Fuarda duydu\u011fum kadar\u0131yla evet!<\/p>\n<p><a href=\"http:\/\/www.genelec.com\/\" target=\"_blank\">Genelec 8531<\/a> Smart Active Monitor, al\u0131\u015f\u0131lm\u0131\u015f hoparl\u00f6r tasar\u0131m \u00e7izgilerinin d\u0131\u015f\u0131na \u00e7\u0131kan bir st\u00fcdyo monit\u00f6r\u00fc. 1 metrede 110 dB SPL ses \u015fiddeti \u00fcretebilen bu \u00fc\u00e7 yollu monit\u00f6rde geleneksel bir woofer bulunmuyor. K\u00fc\u00e7\u00fck dinleme alanlar\u0131 i\u00e7in optimize edilmi\u015f olan 8531&#8217;i Bobby ile birlikte \u00f6zel demo odas\u0131nda dinledik ve ger\u00e7ekten \u00e7ok be\u011fendik.<\/p>\n<div id=\"attachment_2043\" style=\"width: 181px\" class=\"wp-caption alignleft\"><a href=\"http:\/\/www.triad-orbit.com\/\" target=\"_blank\"><img aria-describedby=\"caption-attachment-2043\" loading=\"lazy\" class=\" wp-image-2043 \" alt=\"Triad Orbit\" src=\"http:\/\/ufukonen.com\/tr\/wp-content\/uploads\/Triad_Orbit-285x300.jpg\" width=\"171\" height=\"180\" srcset=\"https:\/\/www.ufukonen.com\/tr\/wp-content\/uploads\/Triad_Orbit-285x300.jpg 285w, https:\/\/www.ufukonen.com\/tr\/wp-content\/uploads\/Triad_Orbit.jpg 550w\" sizes=\"(max-width: 171px) 100vw, 171px\" \/><\/a><p id=\"caption-attachment-2043\" class=\"wp-caption-text\">Triad Orbit<\/p><\/div>\n<p><a href=\"http:\/\/www.triad-orbit.com\/\" target=\"_blank\">Triad-Orbit<\/a> mikrofon sehpalar\u0131 dikkatimi \u00e7eken bir di\u011fer \u00fcr\u00fcn oldu. Triad-Orbit firmas\u0131 mikrofon sehpas\u0131n\u0131 adete yeniden tan\u0131mlam\u0131\u015f. Ayr\u0131ca \u00fcr\u00fcnlerin kalitesi ve sa\u011flaml\u0131\u011f\u0131 da ger\u00e7ekten \u00f6vg\u00fcye de\u011fer. Mutlaka inceleyin.<\/p>\n<p>Audio Engineering Society&#8217;nin gelecek kongreleri ile ilgili bilgi almak i\u00e7in <a href=\"http:\/\/www.aes.org\/\" target=\"_blank\">t\u0131klay\u0131n\u0131z<\/a>. Los Angeles seyahatimde \u00e7ekti\u011fim di\u011fer foto\u011fraflar i\u00e7in <a href=\"https:\/\/www.facebook.com\/media\/set\/?set=a.10152761667909539.1073741826.638239538&amp;type=1&amp;l=bc29f55a1a\" target=\"_blank\">t\u0131klay\u0131n\u0131z<\/a>. Benzer payla\u015f\u0131mlar i\u00e7in beni <a href=\"https:\/\/twitter.com\/UfukOnen\" target=\"_blank\">Twitter&#8217;da takip edin<\/a>.<\/p>\n","protected":false},"excerpt":{"rendered":"<p class=\"post-excerpt\">Audio Engineering Society (AES), 1948 y\u0131l\u0131nda New York&#8217;ta kurulmu\u015f olan bir birlik. \u015eu anda d\u00fcnyaya yay\u0131lm\u0131\u015f 75 yerel \u015fubesi ve&#8230;<\/p>\n","protected":false},"author":2,"featured_media":2034,"comment_status":"closed","ping_status":"open","sticky":false,"template":"","format":"standard","meta":{"_mi_skip_tracking":false,"spay_email":"","jetpack_publicize_message":"","jetpack_is_tweetstorm":false,"jetpack_publicize_feature_enabled":true},"categories":[21],"tags":[],"jetpack_featured_media_url":"https:\/\/www.ufukonen.com\/tr\/wp-content\/uploads\/AES_137th_Alan_Parsons.jpg","jetpack_publicize_connections":[],"jetpack_shortlink":"https:\/\/wp.me\/p3rjsG-wH","jetpack_sharing_enabled":true,"jetpack-related-posts":[{"id":4803,"url":"https:\/\/www.ufukonen.com\/tr\/aes-turkiye-2019-mayis.html","url_meta":{"origin":2027,"position":0},"title":"AES T\u00fcrkiye 10 Y\u0131l Aradan Sonra \u0130lk Etkinli\u011fini Ger\u00e7ekle\u015ftirdi","date":"May 13, 2019","format":false,"excerpt":"Audio Engineering Society (AES) T\u00fcrkiye \u015fubesi olarak 10 y\u0131l aradan sonra ilk defa bir etkinli\u011fe imza att\u0131k. Yeni bir d\u00f6nemin ba\u015flang\u0131c\u0131n\u0131n ilk ad\u0131m\u0131 olarak g\u00f6rd\u00fc\u011f\u00fcm\u00fcz bu etkinlik, hepimiz i\u00e7in heyecan verici oldu! Audio Engineering Society, 1948 y\u0131l\u0131nda New York\u2019ta kurulmu\u015f olan bir birlik. \u015eu anda d\u00fcnyaya yay\u0131lm\u0131\u015f 87 profesyonel \u015fubesi,\u2026","rel":"","context":"In &quot;Konferans&quot;","img":{"alt_text":"","src":"https:\/\/i0.wp.com\/www.ufukonen.com\/tr\/wp-content\/uploads\/AES_Turkiye_Bilkent_20190510_Genel_1080-2.jpg?resize=350%2C200&ssl=1","width":350,"height":200},"classes":[]},{"id":7075,"url":"https:\/\/www.ufukonen.com\/tr\/2021i-kapatirken.html","url_meta":{"origin":2027,"position":1},"title":"2021&#8217;i Kapat\u0131rken&#8230;","date":"December 27, 2021","format":false,"excerpt":"2021 kolay bir y\u0131l de\u011fildi. Bir yandan pandemi, di\u011fer yandan y\u0131l\u0131n son \u00e7eyre\u011findeki ekonomik dalgalanma derken herkes ama az ama \u00e7ok s\u0131k\u0131ld\u0131 ve darald\u0131. Her \u015feye ra\u011fmen, 2022'ye m\u00fcmk\u00fcn oldu\u011funca pozitif bir enerji ile girebilmek ad\u0131na, 2021 y\u0131l\u0131 i\u00e7inde yapt\u0131\u011f\u0131m ve beni mutlu eden i\u015flerin bir \u00f6zetini sizlerle payla\u015fmak istedim.\u2026","rel":"","context":"In &quot;M\u00fczik End\u00fcstrisi&quot;","img":{"alt_text":"","src":"https:\/\/i0.wp.com\/www.ufukonen.com\/tr\/wp-content\/uploads\/2021_Kapatirken_00_Header_2.jpg?resize=350%2C200&ssl=1","width":350,"height":200},"classes":[]},{"id":6954,"url":"https:\/\/www.ufukonen.com\/tr\/aes-151-all-about-stereo-panning.html","url_meta":{"origin":2027,"position":2},"title":"AES 151: All About Stereo Panning (Stereo Pan Hakk\u0131nda Her \u015eey)","date":"October 25, 2021","format":false,"excerpt":"Audio Engineering Society (AES) 151. kongresinde \"All About Stereo Panning\" (Stereo Pan Hakk\u0131nda Her \u015eey) ba\u015fl\u0131kl\u0131 bir sunum yapt\u0131m. Sunum, 20 Ekim 2021 \u00c7ar\u015famba g\u00fcn\u00fc teknik program\u0131n a\u00e7\u0131l\u0131\u015f\u0131nda, a\u00e7\u0131l\u0131\u015f seremonisi ile Peter Asher'\u0131n keynote konu\u015fmas\u0131 aras\u0131nda ger\u00e7ekle\u015fti. \u0130zlenme a\u00e7\u0131s\u0131ndan istesem de daha iyi bir saatte olamazd\u0131. Tabii Peter Asher (James\u2026","rel":"","context":"In &quot;Konferans&quot;","img":{"alt_text":"","src":"https:\/\/i0.wp.com\/www.ufukonen.com\/tr\/wp-content\/uploads\/AES-151-All-About-Stereo-Panning_00_Header.jpg?resize=350%2C200&ssl=1","width":350,"height":200},"classes":[]},{"id":5285,"url":"https:\/\/www.ufukonen.com\/tr\/2019u-kapatirken.html","url_meta":{"origin":2027,"position":3},"title":"2019&#8217;u Kapat\u0131rken&#8230;","date":"December 30, 2019","format":false,"excerpt":"2019'u kapat\u0131rken bir yandan y\u0131l i\u00e7inde yapt\u0131\u011f\u0131m i\u015flerin bir \u00f6zetini sizlerle payla\u015fmak, di\u011fer yandan da yeni y\u0131l\u0131n\u0131z\u0131 kutlamak istedim. \u00d6ncelikle, blog yaz\u0131lar\u0131ma g\u00f6sterdi\u011finiz ilgiden dolay\u0131 \u00e7ok te\u015fekk\u00fcr ederim! 2012 y\u0131l\u0131nda a\u00e7t\u0131\u011f\u0131m bu blogda 2017 Temmuz ay\u0131ndan bu yana her Pazartesi ses ve m\u00fczik teknolojileri \u00fczerine yeni bir yaz\u0131 payla\u015f\u0131yorum. Yaz\u0131lar\u0131n\u2026","rel":"","context":"In &quot;M\u00fczik End\u00fcstrisi&quot;","img":{"alt_text":"","src":"https:\/\/i0.wp.com\/www.ufukonen.com\/tr\/wp-content\/uploads\/DSCF5114cr_alt_framing_1280x720_16-9.jpg?resize=350%2C200&ssl=1","width":350,"height":200},"classes":[]},{"id":4452,"url":"https:\/\/www.ufukonen.com\/tr\/2018i-kapatirken.html","url_meta":{"origin":2027,"position":4},"title":"2018&#8217;i Kapat\u0131rken&#8230;","date":"December 31, 2018","format":false,"excerpt":"2018'i kapat\u0131rken bir yandan y\u0131l i\u00e7indeki projelerin ve geli\u015fmelerin bir \u00f6zetini sizlerle payla\u015fmak, di\u011fer yandan da yeni y\u0131l\u0131n\u0131z\u0131 kutlamak istedim. \u00d6ncelikle, blog yaz\u0131lar\u0131ma g\u00f6sterdi\u011finiz ilgiden dolay\u0131 \u00e7ok te\u015fekk\u00fcr ederim! 2012 y\u0131l\u0131nda bu adreste ara s\u0131ra yaz\u0131lar payla\u015fmaya ba\u015flam\u0131\u015ft\u0131m. 2017 Temmuz ay\u0131ndan bu yana ise her Pazartesi ses ve m\u00fczik teknolojileri\u2026","rel":"","context":"In &quot;Ders &amp; Workshop&quot;","img":{"alt_text":"","src":"https:\/\/i0.wp.com\/www.ufukonen.com\/tr\/wp-content\/uploads\/2018_Kapatirken_1280x720.jpg?resize=350%2C200&ssl=1","width":350,"height":200},"classes":[]},{"id":6311,"url":"https:\/\/www.ufukonen.com\/tr\/2020-daw-anketi-sonuclari.html","url_meta":{"origin":2027,"position":5},"title":"2020 DAW Anketi Sonu\u00e7lar\u0131","date":"January 4, 2021","format":false,"excerpt":"Bu y\u0131l be\u015fincisini d\u00fczenledi\u011fim DAW anketinin sonu\u00e7lar\u0131 belli oldu! Bu sene birinci olan DAW sadece bir oy farkla (evet, do\u011fru okudunuz, sadece bir oy farkla) birinci oldu. Bu ilgin\u00e7 bir nokta. Bu y\u0131l sonu\u00e7lar\u0131 analiz ederken t\u00fcm oylar\u0131n yan\u0131 s\u0131ra ses teknolojileri ile profesyonel ve hobi olarak ilgilenen kat\u0131l\u0131mc\u0131lar\u0131n oylar\u0131n\u0131\u2026","rel":"","context":"In &quot;M\u00fczik Prod\u00fcksiyonu&quot;","img":{"alt_text":"","src":"https:\/\/i0.wp.com\/www.ufukonen.com\/tr\/wp-content\/uploads\/2019_DAW_Anketi_1280x853_rfs.jpg?resize=350%2C200&ssl=1","width":350,"height":200},"classes":[]}],"_links":{"self":[{"href":"https:\/\/www.ufukonen.com\/tr\/wp-json\/wp\/v2\/posts\/2027"}],"collection":[{"href":"https:\/\/www.ufukonen.com\/tr\/wp-json\/wp\/v2\/posts"}],"about":[{"href":"https:\/\/www.ufukonen.com\/tr\/wp-json\/wp\/v2\/types\/post"}],"author":[{"embeddable":true,"href":"https:\/\/www.ufukonen.com\/tr\/wp-json\/wp\/v2\/users\/2"}],"replies":[{"embeddable":true,"href":"https:\/\/www.ufukonen.com\/tr\/wp-json\/wp\/v2\/comments?post=2027"}],"version-history":[{"count":12,"href":"https:\/\/www.ufukonen.com\/tr\/wp-json\/wp\/v2\/posts\/2027\/revisions"}],"predecessor-version":[{"id":2047,"href":"https:\/\/www.ufukonen.com\/tr\/wp-json\/wp\/v2\/posts\/2027\/revisions\/2047"}],"wp:featuredmedia":[{"embeddable":true,"href":"https:\/\/www.ufukonen.com\/tr\/wp-json\/wp\/v2\/media\/2034"}],"wp:attachment":[{"href":"https:\/\/www.ufukonen.com\/tr\/wp-json\/wp\/v2\/media?parent=2027"}],"wp:term":[{"taxonomy":"category","embeddable":true,"href":"https:\/\/www.ufukonen.com\/tr\/wp-json\/wp\/v2\/categories?post=2027"},{"taxonomy":"post_tag","embeddable":true,"href":"https:\/\/www.ufukonen.com\/tr\/wp-json\/wp\/v2\/tags?post=2027"}],"curies":[{"name":"wp","href":"https:\/\/api.w.org\/{rel}","templated":true}]}}