{"id":2184,"date":"2015-06-29T15:58:07","date_gmt":"2015-06-29T12:58:07","guid":{"rendered":"http:\/\/ufukonen.com\/tr\/?p=2184"},"modified":"2018-06-14T17:45:44","modified_gmt":"2018-06-14T14:45:44","slug":"eq-sweeping","status":"publish","type":"post","link":"https:\/\/www.ufukonen.com\/tr\/eq-sweeping.html","title":{"rendered":"EQ Kullan\u0131m\u0131nda Sweeping Tekni\u011fi"},"content":{"rendered":"<p><span class=\"embed-youtube\" style=\"text-align:center; display: block;\"><iframe loading=\"lazy\" class=\"youtube-player\" width=\"700\" height=\"394\" src=\"https:\/\/www.youtube.com\/embed\/daxCSWpS2g4?version=3&#038;rel=1&#038;showsearch=0&#038;showinfo=1&#038;iv_load_policy=1&#038;fs=1&#038;hl=en-US&#038;autohide=2&#038;wmode=transparent\" allowfullscreen=\"true\" style=\"border:0;\" sandbox=\"allow-scripts allow-same-origin allow-popups allow-presentation\"><\/iframe><\/span><\/p>\n<p>Parametrik veya yar\u0131-parametrik EQ kullan\u0131rken ilk yapman\u0131z gereken, seviyesini artt\u0131rmak (boost) veya azaltmak (attenuate, cut) istedi\u011finiz frekanslar\u0131 bulmakt\u0131r. Bunun en pratik yolu dB kontrol\u00fcn\u00fc olduk\u00e7a a\u00e7\u0131p frekans kontrol\u00fc ile frekans aral\u0131\u011f\u0131n\u0131 taramakt\u0131r. Arad\u0131\u011f\u0131m\u0131z frekans\u0131 bulunca dB kontrol\u00fc ile bu frekans\u0131n seviyesini istedi\u011fimiz kadar azaltabilir veya art\u0131rabiliriz.<\/p>\n<p>Parametrik ve yar\u0131-parametrik EQ&#8217;lar\u00a0 &#8220;sweep EQ&#8221; olarak da adland\u0131r\u0131lmaktad\u0131r. &#8220;Sweep&#8221;, \u0130ngilizcede &#8220;taramak&#8221; veya &#8220;s\u00fcp\u00fcrmek&#8221; anlam\u0131ndad\u0131r. &#8220;Sweep EQ&#8221; terimi de buradan gelmektedir.<\/p>\n<p>Yeri gelmi\u015fken hemen parametrik ve yar\u0131-parametrik EQ aras\u0131ndaki fark\u0131 da belirteyim: parametrik EQ&#8217;da dB, frekans ve Q parametreleri vard\u0131r; yar\u0131-parametrik EQ&#8217;da ise Q kontrol\u00fc bulunmaz, bu de\u011fer sabittir, m\u00fcdahale edemezsiniz.<\/p>\n<p>G\u00fcn\u00fcm\u00fczde EQ plug-in&#8217;lerinin \u00e7o\u011fu parametriktir, Q de\u011ferinin istedi\u011finiz gibi ayarlaman\u0131za imkan tan\u0131r. Q de\u011feri ayarlanabilir bir parametrik EQ ile \u00e7al\u0131\u015f\u0131rken; keserken (cut), di\u011fer bir deyi\u015fle frekanslar\u0131n seviyesini azalt\u0131rken dar bandwidth, a\u00e7arken (boost) ise geni\u015f bandwidth kullanmak daha iyi sonu\u00e7 verir. Unutmamak gerekir ki bandwidth ve Q de\u011feri ters orant\u0131l\u0131d\u0131r:<\/p>\n<p style=\"text-align: center;\">Cut: dar bandwidth &#8211; y\u00fcksek Q de\u011feri<\/p>\n<p style=\"text-align: center;\">Boost: geni\u015f bandwidth &#8211; d\u00fc\u015f\u00fck Q de\u011feri<\/p>\n<p>EQ \u00e7e\u015fitleri ve \u00e7al\u0131\u015fma prensipleri ile ilgili detayl\u0131 bilgileri <a href=\"http:\/\/ufukonen.com\/tr\/ses-kayit-ve-muzik-teknolojileri.html\">Ses Kay\u0131t ve M\u00fczik Teknolojileri <\/a>adl\u0131 kitab\u0131mda bulabilirsiniz. \u0130lgili terimler i\u00e7in <a href=\"http:\/\/ufukonen.com\/tr\/ses-kayit-muzik-teknolojisi-terimler-sozluk.html\">Terimler S\u00f6zl\u00fc\u011f\u00fc<\/a>&#8216;n\u00fc ziyaret edebilirsiniz.<\/p>\n<p>&nbsp;<\/p>\n<p><a href=\"http:\/\/ufukonen.com\/tr\/ses-kayit-ve-muzik-teknolojileri.html\" target=\"_blank\" rel=\"noopener\"><img loading=\"lazy\" class=\"aligncenter wp-image-3478\" src=\"http:\/\/www.ufukonen.com\/tr\/wp-content\/uploads\/SKMT_10_basim_2017_1920x1024-1024x546.jpg\" alt=\"\" width=\"550\" height=\"293\" srcset=\"https:\/\/www.ufukonen.com\/tr\/wp-content\/uploads\/SKMT_10_basim_2017_1920x1024-1024x546.jpg 1024w, https:\/\/www.ufukonen.com\/tr\/wp-content\/uploads\/SKMT_10_basim_2017_1920x1024-300x160.jpg 300w, https:\/\/www.ufukonen.com\/tr\/wp-content\/uploads\/SKMT_10_basim_2017_1920x1024-768x410.jpg 768w, https:\/\/www.ufukonen.com\/tr\/wp-content\/uploads\/SKMT_10_basim_2017_1920x1024.jpg 1920w\" sizes=\"(max-width: 550px) 100vw, 550px\" \/><\/a><\/p>\n<p>&nbsp;<\/p>\n","protected":false},"excerpt":{"rendered":"<p class=\"post-excerpt\">Parametrik veya yar\u0131-parametrik EQ kullan\u0131rken ilk yapman\u0131z gereken, seviyesini artt\u0131rmak (boost) veya azaltmak (attenuate, cut) istedi\u011finiz frekanslar\u0131 bulmakt\u0131r. Bunun en&#8230;<\/p>\n","protected":false},"author":2,"featured_media":2191,"comment_status":"closed","ping_status":"open","sticky":false,"template":"","format":"standard","meta":{"_mi_skip_tracking":false,"spay_email":"","jetpack_publicize_message":"","jetpack_is_tweetstorm":false,"jetpack_publicize_feature_enabled":true},"categories":[16,19,18],"tags":[],"jetpack_featured_media_url":"https:\/\/www.ufukonen.com\/tr\/wp-content\/uploads\/EQ_Kullaniminda_Sweeping_Teknigi.jpg","jetpack_publicize_connections":[],"jetpack_shortlink":"https:\/\/wp.me\/p3rjsG-ze","jetpack_sharing_enabled":true,"jetpack-related-posts":[{"id":6078,"url":"https:\/\/www.ufukonen.com\/tr\/parametrik-eq-oktav-q-tablo.html","url_meta":{"origin":2184,"position":0},"title":"Parametrik EQ \u00dczerindeki Oktav ve Q De\u011ferlerinin Kar\u015f\u0131la\u015ft\u0131rmal\u0131 Tablosu","date":"September 28, 2020","format":false,"excerpt":"Parametrik EQ\u2019nun etkili oldu\u011fu frekans aral\u0131\u011f\u0131n\u0131n geni\u015fli\u011fi oktav veya Q cinsinden ifade edilir. Blog yaz\u0131lar\u0131m\u0131 takip edenler hat\u0131rlayacakt\u0131r, daha \u00f6nce bu konu ile ilgili olarak \"EQ \u00dczerindeki Bandwidth ve Q Parametreleri\" ba\u015fl\u0131kl\u0131 bir yaz\u0131 yay\u0131nlam\u0131\u015ft\u0131m. Modern EQ'lar \u00fczerinde art\u0131k genellikle oktav yerine Q de\u011feri kullan\u0131lmaya ba\u015fland\u0131. E\u011fer frekans aral\u0131\u011f\u0131n\u0131 oktav\u2026","rel":"","context":"In &quot;Ses ve M\u00fczik Teknolojileri&quot;","img":{"alt_text":"","src":"https:\/\/i0.wp.com\/www.ufukonen.com\/tr\/wp-content\/uploads\/Parametrik_EQ_Oktav_Q_Tablo_Header.jpg?resize=350%2C200&ssl=1","width":350,"height":200},"classes":[]},{"id":7643,"url":"https:\/\/www.ufukonen.com\/tr\/5-ucretsiz-eq-plugin.html","url_meta":{"origin":2184,"position":1},"title":"5 \u00dccretsiz EQ Plug-in&#8217;i","date":"October 17, 2022","format":false,"excerpt":"Blog yaz\u0131lar\u0131m\u0131 takip edenler bilir, \"\u00dccretsiz Plug-in'ler Serisi\" ba\u015fl\u0131\u011f\u0131 alt\u0131nda bug\u00fcne kadar bir\u00e7ok plug-in payla\u015ft\u0131m. Bunlar\u0131n i\u00e7inde akl\u0131n\u0131za gelebilecek her t\u00fcr ses i\u015flemci ve efekt vard\u0131\u2026 EQ, kompres\u00f6r, delay, reverb, gate, filtre ve di\u011ferleri. Bu seride payla\u015ft\u0131\u011f\u0131m \u00fccretsiz EQ plug-in'lerinin bir listesini \u00e7\u0131kard\u0131m. Bu liste i\u00e7inden \u015fahsi favorim olan be\u015f\u2026","rel":"","context":"Similar post","img":{"alt_text":"","src":"https:\/\/i0.wp.com\/www.ufukonen.com\/tr\/wp-content\/uploads\/5_Ucretsiz_EQ_Plugin_00_Header.jpg?resize=350%2C200&ssl=1","width":350,"height":200},"classes":[]},{"id":3999,"url":"https:\/\/www.ufukonen.com\/tr\/eq-kullanimi-birkac-tavsiye.html","url_meta":{"origin":2184,"position":2},"title":"EQ Kullan\u0131m\u0131: Birka\u00e7 Tavsiye","date":"June 18, 2018","format":false,"excerpt":"Bu yaz\u0131mda EQ kullan\u0131m\u0131 ile ilgili birka\u00e7 tavsiyede bulunmak istiyorum. Ses Kay\u0131t ve M\u00fczik Teknolojisi\u00a0(SKMT) adl\u0131 kitab\u0131mda EQ ile detayl\u0131 bilgiler, Miks \u00dczerine: M\u00fczik Prod\u00fcksiyonlar\u0131nda Miks Teknikleri ve \u00c7e\u015fitli Yakla\u015f\u0131mlar\u00a0(MPMT) adl\u0131 kitab\u0131mda ise EQ kullan\u0131m\u0131 hakk\u0131nda bir\u00e7ok miks m\u00fchendisinin g\u00f6r\u00fc\u015f ve tavsiyelerini\u00a0bulabilirsiniz. Ekim 2019 g\u00fcncelleme:\u00a0Gelen talepleri ve sorular\u0131 g\u00f6z \u00f6n\u00fcne\u2026","rel":"","context":"In &quot;M\u00fczik Prod\u00fcksiyonu&quot;","img":{"alt_text":"","src":"https:\/\/i0.wp.com\/www.ufukonen.com\/tr\/wp-content\/uploads\/EQ_Kullanimi_Birkac_Tavsiye_1080.jpg?resize=350%2C200&ssl=1","width":350,"height":200},"classes":[]},{"id":5482,"url":"https:\/\/www.ufukonen.com\/tr\/eq-bandwidth-q-parametreleri.html","url_meta":{"origin":2184,"position":3},"title":"EQ \u00dczerindeki Bandwidth ve Q Parametreleri","date":"March 2, 2020","format":false,"excerpt":"Bandwidth ve Q\u2026 EQ kullan\u0131rken bu iki terimin ne oldu\u011funu ve \u00f6zellikle parametrik EQ ile \u00e7al\u0131\u015f\u0131rken kar\u015f\u0131m\u0131za \u00e7\u0131kan bu parametrelerin ne i\u015fe yarad\u0131\u011f\u0131n\u0131 mutlaka bilmek gerekiyor. Bandwidth Bandwidth genellikle oktav (octave) cinsinden ifade ediliyor. A\u015fa\u011f\u0131daki grafikte 1 kHz\u2019de +12 dB\u2019e ayarlanm\u0131\u015f 6 dB\/oktav slope\u2019a sahip bir parametrik EQ grafi\u011fi g\u00f6r\u00fcyorsunuz.\u2026","rel":"","context":"In &quot;Ses ve M\u00fczik Teknolojileri&quot;","img":{"alt_text":"","src":"https:\/\/i0.wp.com\/www.ufukonen.com\/tr\/wp-content\/uploads\/EQ_Bandwidth_Q_-_FabFilter_ProQ3_MOD-3.jpg?resize=350%2C200&ssl=1","width":350,"height":200},"classes":[]},{"id":6941,"url":"https:\/\/www.ufukonen.com\/tr\/tilt-eq.html","url_meta":{"origin":2184,"position":4},"title":"Tilt EQ","date":"October 18, 2021","format":false,"excerpt":"Sinyalde sorunlu bir frekans ya da frekans aral\u0131\u011f\u0131 tespit etti\u011fimizde ilk akl\u0131m\u0131za gelen, parametrik EQ ile o aral\u0131\u011f\u0131 kesmek ya da azaltmak oluyor. Amac\u0131m\u0131z sinyalin genel frekans dengesini koruyarak sadece problemli frekanslara m\u00fcdahale etmek oldu\u011fu i\u00e7in parametrik EQ ile m\u00fcmk\u00fcn oldu\u011funca dar bir alanda \u00e7al\u0131\u015fmaya \u00f6zen g\u00f6steriyoruz. Di\u011fer bir deyi\u015fle\u2026","rel":"","context":"In &quot;Ses ve M\u00fczik Teknolojileri&quot;","img":{"alt_text":"","src":"https:\/\/i0.wp.com\/www.ufukonen.com\/tr\/wp-content\/uploads\/TiltEQ_00_Header.jpg?resize=350%2C200&ssl=1","width":350,"height":200},"classes":[]},{"id":7011,"url":"https:\/\/www.ufukonen.com\/tr\/bettermaker-eq232d-pultec-eq.html","url_meta":{"origin":2184,"position":5},"title":"Bettermaker EQ232D: Pultec Tarz\u0131 EQ Plug-in&#8217;i","date":"November 29, 2021","format":false,"excerpt":"Bettermaker, a\u011f\u0131rl\u0131kl\u0131 olarak mastering i\u00e7in EQ ve kompres\u00f6r gibi dijital olarak kontrol edilebilen analog hardware cihazlar \u00fcreten Polonyal\u0131 bir firma. EQ232D ad\u0131n\u0131 verdikleri EQ plug-in'lerini de yine kendi \u00fcr\u00fcnleri olan EQ232P MKII isimli hardware EQ \u00fcnitesinden modellemi\u015fler. Bettermaker EQ232D, Pultec tarz\u0131 bir EQ. Se\u00e7ti\u011finiz bir frekans\u0131n seviyesini ayn\u0131 anda hem\u2026","rel":"","context":"In &quot;Ses ve M\u00fczik Teknolojileri&quot;","img":{"alt_text":"","src":"https:\/\/i0.wp.com\/www.ufukonen.com\/tr\/wp-content\/uploads\/Bettermaker_EQ232D_00_Header.jpg?resize=350%2C200&ssl=1","width":350,"height":200},"classes":[]}],"_links":{"self":[{"href":"https:\/\/www.ufukonen.com\/tr\/wp-json\/wp\/v2\/posts\/2184"}],"collection":[{"href":"https:\/\/www.ufukonen.com\/tr\/wp-json\/wp\/v2\/posts"}],"about":[{"href":"https:\/\/www.ufukonen.com\/tr\/wp-json\/wp\/v2\/types\/post"}],"author":[{"embeddable":true,"href":"https:\/\/www.ufukonen.com\/tr\/wp-json\/wp\/v2\/users\/2"}],"replies":[{"embeddable":true,"href":"https:\/\/www.ufukonen.com\/tr\/wp-json\/wp\/v2\/comments?post=2184"}],"version-history":[{"count":8,"href":"https:\/\/www.ufukonen.com\/tr\/wp-json\/wp\/v2\/posts\/2184\/revisions"}],"predecessor-version":[{"id":3989,"href":"https:\/\/www.ufukonen.com\/tr\/wp-json\/wp\/v2\/posts\/2184\/revisions\/3989"}],"wp:featuredmedia":[{"embeddable":true,"href":"https:\/\/www.ufukonen.com\/tr\/wp-json\/wp\/v2\/media\/2191"}],"wp:attachment":[{"href":"https:\/\/www.ufukonen.com\/tr\/wp-json\/wp\/v2\/media?parent=2184"}],"wp:term":[{"taxonomy":"category","embeddable":true,"href":"https:\/\/www.ufukonen.com\/tr\/wp-json\/wp\/v2\/categories?post=2184"},{"taxonomy":"post_tag","embeddable":true,"href":"https:\/\/www.ufukonen.com\/tr\/wp-json\/wp\/v2\/tags?post=2184"}],"curies":[{"name":"wp","href":"https:\/\/api.w.org\/{rel}","templated":true}]}}