{"id":2227,"date":"2015-09-23T13:45:09","date_gmt":"2015-09-23T10:45:09","guid":{"rendered":"http:\/\/ufukonen.com\/tr\/?p=2227"},"modified":"2017-08-26T19:25:35","modified_gmt":"2017-08-26T16:25:35","slug":"beat-it-demo-michael-jackson","status":"publish","type":"post","link":"https:\/\/www.ufukonen.com\/tr\/beat-it-demo-michael-jackson.html","title":{"rendered":"&#8220;Beat It&#8221; Demo&#8230;. Sadece Michael Jackson&#8217;\u0131n Sesi ile&#8230;"},"content":{"rendered":"<div id=\"attachment_2232\" style=\"width: 410px\" class=\"wp-caption aligncenter\"><img aria-describedby=\"caption-attachment-2232\" loading=\"lazy\" class=\"wp-image-2232 size-full\" src=\"http:\/\/www.ufukonen.com\/tr\/wp-content\/uploads\/M_Jackson-Q_Jones.jpg\" alt=\"Quincy Jones ve Michael Jackson\" width=\"400\" height=\"220\" srcset=\"https:\/\/www.ufukonen.com\/tr\/wp-content\/uploads\/M_Jackson-Q_Jones.jpg 400w, https:\/\/www.ufukonen.com\/tr\/wp-content\/uploads\/M_Jackson-Q_Jones-300x165.jpg 300w\" sizes=\"(max-width: 400px) 100vw, 400px\" \/><p id=\"caption-attachment-2232\" class=\"wp-caption-text\">Micheal Jackson ve Thriller (1982) alb\u00fcm\u00fcn\u00fcn prod\u00fckt\u00f6r\u00fc Quincy Jones<\/p><\/div>\n<p>&nbsp;<\/p>\n<p>Michael Jackson genellikle solistli\u011fi ve dans\u00e7\u0131l\u0131\u011f\u0131 ile bilinir ancak Jackson&#8217;\u0131n di\u011fer bir yetene\u011fi de \u015fark\u0131 yazarl\u0131\u011f\u0131yd\u0131. M\u00fczik tarihinin en \u00e7ok sat\u0131lan alb\u00fcmlerden biri olan <em>Thriller<\/em>&#8216;da bulunan dokuz par\u00e7adan d\u00f6rd\u00fc Michael Jackson&#8217;\u0131n imzas\u0131n\u0131 ta\u015f\u0131r: &#8220;Wanna Be Startin&#8217; Something&#8221;, &#8220;The Girl Is Mine&#8221;, &#8220;Billie Jean&#8221; ve &#8220;Beat It&#8221;. Bunun yan\u0131 s\u0131ra <em>Bad<\/em> (1987)\u00a0ve <em>Dangerous<\/em> (1991) alb\u00fcmlerindeki par\u00e7alar\u0131n\u00a0hemen hemen hepsinde\u00a0Michael Jackson&#8217;\u0131n imzas\u0131 vard\u0131r.<\/p>\n<p>Michael Jackson &#8216;okullu&#8217; bir m\u00fczisyen de\u011fildi. \u00c7ald\u0131\u011f\u0131 enstr\u00fcmanlar vard\u0131 ancak hi\u00e7bir enstr\u00fcman\u0131 e\u011fitimli bir m\u00fczisyenin \u00e7ald\u0131\u011f\u0131 gibi \u00e7alam\u0131yordu. M\u00fczik teorisi veya kompozisyon e\u011fitimi de almam\u0131\u015ft\u0131. Ses ve m\u00fczik teknolojilerinin \u00e7ok k\u0131s\u0131tl\u0131 oldu\u011fu o y\u0131llarda, enstr\u00fcman ve kompozisyon konusunda fazla donan\u0131ml\u0131 olmayan bir m\u00fczisyen st\u00fcdyoya gidip &#8220;ben bir par\u00e7a yapt\u0131m&#8221; dedi\u011finde asl\u0131nda ger\u00e7ekten s\u00f6ylemek istedi\u011finin\u00a0&#8220;kafamda bir melodi dolan\u0131yor, m\u0131r\u0131ldanay\u0131m, bakal\u0131m bir \u015feyler yapabilir miyiz?&#8221; oldu\u011funu d\u00fc\u015f\u00fcn\u00fcr\u00fcz&#8230;\u00a0Michael Jackson i\u00e7in bu ge\u00e7erli de\u011fildi!<\/p>\n<p>Michael Jackson yazd\u0131\u011f\u0131 par\u00e7ay\u0131 d\u00fczenlemesi ile birlikte kafas\u0131n\u0131n i\u00e7inde &#8220;duyabiliyor&#8221; ve bunu sadece sesini kullanarak aktarabiliyordu!<\/p>\n<p>E\u011fer bu yazd\u0131\u011f\u0131m\u0131 abart\u0131l\u0131 buluyorsan\u0131z &#8220;Beat It&#8221;in a\u015fa\u011f\u0131daki demosunu dinleyin. Demo sadece Michael Jackson&#8217;\u0131n sesinden olu\u015fuyor. Kafas\u0131nda duydu\u011fu d\u00fczenlemeyi kanal kanal banta aktarm\u0131\u015f! O kadar ba\u015far\u0131l\u0131 ki, hadi d\u00fczenlemeyi bir yana b\u0131rak\u0131n, davul veya ritm enstr\u00fcman\u0131 olmamas\u0131na kar\u015f\u0131n\u00a0&#8216;groove&#8217;u tam anlam\u0131yla hissediyoruz!<\/p>\n<div class=\"embed-vimeo\" style=\"text-align: center;\"><iframe loading=\"lazy\" src=\"https:\/\/player.vimeo.com\/video\/203118420\" width=\"700\" height=\"394\" frameborder=\"0\" webkitallowfullscreen mozallowfullscreen allowfullscreen><\/iframe><\/div>\n<p>&nbsp;<\/p>\n<p>Benzer payla\u015f\u0131mlar i\u00e7in beni <a href=\"https:\/\/www.facebook.com\/ufukonen.skmt\/\" target=\"_blank\" rel=\"noopener\">Facebook<\/a> ve <a href=\"https:\/\/twitter.com\/UfukOnen\" target=\"_blank\" rel=\"noopener\">Twitter<\/a>&#8216;da takip edebilir, haberler i\u00e7in <a href=\"http:\/\/ufukonen.com\/tr\/ses-kayit-muzik-teknolojisi-terimler-sozluk.html\" target=\"_blank\" rel=\"noopener\">mesaj listeme \u00fcye olabilirsiniz<\/a>. Te\u015fekk\u00fcrler.<\/p>\n<p>Teknik terimler i\u00e7in <a href=\"http:\/\/www.ufukonen.com\/tr\/ses-kayit-muzik-teknolojisi-terimler-sozluk.html\">m\u00fczik teknolojisi, m\u00fczik prod\u00fcksiyonu ve ses kay\u0131t terimleri s\u00f6zl\u00fc\u011f\u00fcne<\/a> g\u00f6z atabilirsiniz.<\/p>\n<p>\u00a9 2015 Ufuk \u00d6nen. Her hakk\u0131 sakl\u0131d\u0131r. \u0130zinsiz kullan\u0131lamaz.<\/p>\n","protected":false},"excerpt":{"rendered":"<p class=\"post-excerpt\">&nbsp; Michael Jackson genellikle solistli\u011fi ve dans\u00e7\u0131l\u0131\u011f\u0131 ile bilinir ancak Jackson&#8217;\u0131n di\u011fer bir yetene\u011fi de \u015fark\u0131 yazarl\u0131\u011f\u0131yd\u0131. M\u00fczik tarihinin en&#8230;<\/p>\n","protected":false},"author":2,"featured_media":2232,"comment_status":"closed","ping_status":"open","sticky":false,"template":"","format":"standard","meta":{"_mi_skip_tracking":false,"spay_email":"","jetpack_publicize_message":"","jetpack_is_tweetstorm":false,"jetpack_publicize_feature_enabled":true},"categories":[20,16],"tags":[],"jetpack_featured_media_url":"https:\/\/www.ufukonen.com\/tr\/wp-content\/uploads\/M_Jackson-Q_Jones.jpg","jetpack_publicize_connections":[],"jetpack_shortlink":"https:\/\/wp.me\/p3rjsG-zV","jetpack_sharing_enabled":true,"jetpack-related-posts":[{"id":4132,"url":"https:\/\/www.ufukonen.com\/tr\/michael-jackson-thriller-riaa.html","url_meta":{"origin":2227,"position":0},"title":"Dengeler De\u011fi\u015fti, &#8220;Thriller&#8221; Art\u0131k En \u00e7ok Satan Alb\u00fcm De\u011fil! | Gelmi\u015f Ge\u00e7mi\u015f En \u00c7ok Satan Alb\u00fcmler","date":"August 27, 2018","format":false,"excerpt":"RIAA verilerine g\u00f6re gelmi\u015f ge\u00e7mi\u015f en \u00e7ok satan alb\u00fcmler listesinde uzun y\u0131llar boyunca bir numarada kalan Michael Jackson'\u0131n Thriller alb\u00fcm\u00fc ge\u00e7ti\u011fimiz g\u00fcnlerde yerini bir ba\u015fka alb\u00fcme kapt\u0131rd\u0131. 25 Eyl\u00fcl 2017'de bu konu ile ilgili bir blog yaz\u0131s\u0131 yay\u0131mlam\u0131\u015ft\u0131m. O yaz\u0131da g\u00fcncel listeyi vermi\u015f, liste ile birlikte RIAA'n\u0131n ne oldu\u011funu ve\u2026","rel":"","context":"In &quot;M\u00fczik End\u00fcstrisi&quot;","img":{"alt_text":"","src":"https:\/\/i0.wp.com\/www.ufukonen.com\/tr\/wp-content\/uploads\/Michael_Jackson_Thriller.jpg?resize=350%2C200&ssl=1","width":350,"height":200},"classes":[]},{"id":3955,"url":"https:\/\/www.ufukonen.com\/tr\/bruce-swedien-ile-vokal-kaydi-uzerine.html","url_meta":{"origin":2227,"position":1},"title":"Bruce Swedien ile Vokal Kayd\u0131 \u00dczerine","date":"June 4, 2018","format":false,"excerpt":"Bruce Swedien denince ilk akla gelen Michael Jackson'\u0131n Thriller alb\u00fcm\u00fc oluyor ama Swedien'\u0131n kariyeri asl\u0131nda daha bir\u00e7ok ba\u015far\u0131 ile dolu. Swedien, ses kay\u0131t ve miks m\u00fchendisi olarak Quincy Jones, Paul McCartney, Count Basie, Duke Ellington, Santana, Jennifer Lopez gibi sanat\u00e7\u0131larla \u00e7al\u0131\u015fm\u0131\u015f. On \u00fc\u00e7 defa Grammy \u00f6d\u00fcl\u00fcne aday g\u00f6sterilmi\u015f, be\u015fini kazanm\u0131\u015f.\u2026","rel":"","context":"In &quot;M\u00fczik Prod\u00fcksiyonu&quot;","img":{"alt_text":"","src":"https:\/\/i0.wp.com\/www.ufukonen.com\/tr\/wp-content\/uploads\/BruceSwedien_PhotoCredit_MrBonzai_1280x720.jpg?resize=350%2C200&ssl=1","width":350,"height":200},"classes":[]},{"id":4087,"url":"https:\/\/www.ufukonen.com\/tr\/film-sesleri-2.html","url_meta":{"origin":2227,"position":2},"title":"Film Sesleri (2. B\u00f6l\u00fcm)","date":"September 3, 2018","format":false,"excerpt":"Yaz\u0131n\u0131n birinci b\u00f6l\u00fcm\u00fcn\u00fc okumak i\u00e7in t\u0131klay\u0131n\u0131z. \u00a0 Ses Efektleri (1. b\u00f6l\u00fcmden devam) Ses efektleri bunlarla s\u0131n\u0131rl\u0131 de\u011fildir. \u0130nsan ve e\u015fyalara ba\u011fl\u0131 sesler, ses efektleri i\u00e7inde ayr\u0131 bir grubu olu\u015fturur. Bu gruba \u00f6rnek olarak ayak sesleri, barda\u011f\u0131 masaya koydu\u011fumuzda \u00e7\u0131kan ses ve elbise h\u0131\u015f\u0131rt\u0131lar\u0131n\u0131 g\u00f6sterebiliriz. \u0130nsan ve e\u015fyalara ba\u011fl\u0131 sesler st\u00fcdyoda\u2026","rel":"","context":"In &quot;Ses Tasar\u0131m\u0131&quot;","img":{"alt_text":"","src":"https:\/\/i0.wp.com\/www.ufukonen.com\/tr\/wp-content\/uploads\/film_sesleri_2.jpg?resize=350%2C200&ssl=1","width":350,"height":200},"classes":[]},{"id":62,"url":"https:\/\/www.ufukonen.com\/tr\/elektronik-muzigin-onculeri-ve-ses-kulturu.html","url_meta":{"origin":2227,"position":3},"title":"Elektronik M\u00fczi\u011fin \u00d6nc\u00fcleri ve Ses K\u00fclt\u00fcr\u00fc","date":"May 29, 2012","format":false,"excerpt":"1940'lar\u0131n sonunda, Avrupa'da, hem m\u00fczik hem de ses k\u00fclt\u00fcr\u00fc a\u00e7\u0131s\u0131ndan b\u00fcy\u00fck \u00f6nem ta\u015f\u0131yan iki ak\u0131m geli\u015fti: Paris'te Pierre Schaeffer'\u0131n \u00f6nderli\u011fini yapt\u0131\u011f\u0131 musique concr\u00e8te ve K\u00f6ln'de Werner Meyer-Eppler, Robert Beyer ve Herbert Eimert taraf\u0131ndan ortak bir \u00e7al\u0131\u015fma ile geli\u015ftirilen elektronische musik. Bu iki ak\u0131m modern elektronik m\u00fczi\u011fin temelini olu\u015fturmaktad\u0131r, bu y\u00fczden\u2026","rel":"","context":"In &quot;M\u00fczik&quot;","img":{"alt_text":"","src":"https:\/\/i0.wp.com\/www.ufukonen.com\/tr\/wp-content\/uploads\/1334271835-cage-jungcurrents.jpeg?resize=350%2C200&ssl=1","width":350,"height":200},"classes":[]},{"id":5452,"url":"https:\/\/www.ufukonen.com\/tr\/tinnitus-ve-t-minus-app.html","url_meta":{"origin":2227,"position":4},"title":"Tinnitus ve T-Minus App","date":"February 24, 2020","format":false,"excerpt":"T-Minus, m\u00fczisyen ve prod\u00fckt\u00f6r Rupert Brown taraf\u0131ndan geli\u015ftirilmi\u015f, tinnitus semptomlar\u0131 ile ba\u015fa \u00e7\u0131kmaya yard\u0131mc\u0131 olan bir 'app'. Brown'\u0131n bu program\u0131 geli\u015ftirmesinin ard\u0131ndaki sebep, yani \u00e7\u0131k\u0131\u015f noktas\u0131, asl\u0131nda kendisinin 30 y\u0131ldan beri tinnitus ile sava\u015f\u0131yor olmas\u0131. Tinnitus Nedir? Tinnitus terimini belki duymam\u0131\u015f olabilirsiniz ama ne oldu\u011funu biliyorsunuzdur. Tinnitus genelde \"kulak \u00e7\u0131nlamas\u0131\"\u2026","rel":"","context":"In &quot;Ses ve M\u00fczik Teknolojileri&quot;","img":{"alt_text":"","src":"https:\/\/i0.wp.com\/www.ufukonen.com\/tr\/wp-content\/uploads\/Tinnitus_00_Header_Alt.jpg?resize=350%2C200&ssl=1","width":350,"height":200},"classes":[]},{"id":1131,"url":"https:\/\/www.ufukonen.com\/tr\/itunes-radio-ve-streaming-muzige-bir-bakis.html","url_meta":{"origin":2227,"position":5},"title":"iTunes Radio ve &#8216;Streaming&#8217; M\u00fczi\u011fe Bir Bak\u0131\u015f","date":"December 20, 2013","format":false,"excerpt":"Apple, iTunes Radio ad\u0131n\u0131 verdi\u011fi yeni bir m\u00fczik servisi ile 'streaming' alan\u0131na girdi\u011fini duyurdu. Asl\u0131nda bu, \u00e7ok \u015fa\u015f\u0131rt\u0131c\u0131 bir \u015fey de\u011fil \u00e7\u00fcnk\u00fc internet \u00fczerinden m\u00fczik dinleme al\u0131\u015fkanl\u0131\u011f\u0131 g\u00fcn ge\u00e7tik\u00e7e art\u0131yor. Bir par\u00e7ay\u0131 veya alb\u00fcm\u00fc \u00fccretini \u00f6deyip (ya da korsan olarak) indirmektense art\u0131k insanlar yava\u015f yava\u015f internet \u00fczerinden dinlemeyi tercih etmeye\u2026","rel":"","context":"In &quot;M\u00fczik End\u00fcstrisi&quot;","img":{"alt_text":"","src":"https:\/\/i0.wp.com\/www.ufukonen.com\/tr\/wp-content\/uploads\/itunesradio_icon.jpg?resize=350%2C200&ssl=1","width":350,"height":200},"classes":[]}],"_links":{"self":[{"href":"https:\/\/www.ufukonen.com\/tr\/wp-json\/wp\/v2\/posts\/2227"}],"collection":[{"href":"https:\/\/www.ufukonen.com\/tr\/wp-json\/wp\/v2\/posts"}],"about":[{"href":"https:\/\/www.ufukonen.com\/tr\/wp-json\/wp\/v2\/types\/post"}],"author":[{"embeddable":true,"href":"https:\/\/www.ufukonen.com\/tr\/wp-json\/wp\/v2\/users\/2"}],"replies":[{"embeddable":true,"href":"https:\/\/www.ufukonen.com\/tr\/wp-json\/wp\/v2\/comments?post=2227"}],"version-history":[{"count":13,"href":"https:\/\/www.ufukonen.com\/tr\/wp-json\/wp\/v2\/posts\/2227\/revisions"}],"predecessor-version":[{"id":3221,"href":"https:\/\/www.ufukonen.com\/tr\/wp-json\/wp\/v2\/posts\/2227\/revisions\/3221"}],"wp:featuredmedia":[{"embeddable":true,"href":"https:\/\/www.ufukonen.com\/tr\/wp-json\/wp\/v2\/media\/2232"}],"wp:attachment":[{"href":"https:\/\/www.ufukonen.com\/tr\/wp-json\/wp\/v2\/media?parent=2227"}],"wp:term":[{"taxonomy":"category","embeddable":true,"href":"https:\/\/www.ufukonen.com\/tr\/wp-json\/wp\/v2\/categories?post=2227"},{"taxonomy":"post_tag","embeddable":true,"href":"https:\/\/www.ufukonen.com\/tr\/wp-json\/wp\/v2\/tags?post=2227"}],"curies":[{"name":"wp","href":"https:\/\/api.w.org\/{rel}","templated":true}]}}