{"id":2269,"date":"2015-10-25T11:12:58","date_gmt":"2015-10-25T09:12:58","guid":{"rendered":"http:\/\/ufukonen.com\/tr\/?p=2269"},"modified":"2015-10-25T11:12:58","modified_gmt":"2015-10-25T09:12:58","slug":"mjuc-jr-kompresor-ucretsiz-plug-in","status":"publish","type":"post","link":"https:\/\/www.ufukonen.com\/tr\/mjuc-jr-kompresor-ucretsiz-plug-in.html","title":{"rendered":"MJUC jr. Kompres\u00f6r (\u00dccretsiz Plug-in)"},"content":{"rendered":"<p><img loading=\"lazy\" class=\"aligncenter wp-image-2273\" src=\"http:\/\/ufukonen.com\/tr\/wp-content\/uploads\/MJUCjr.jpg\" alt=\"MJUC jr. \u00fccretsiz plug-in\" width=\"600\" height=\"247\" srcset=\"https:\/\/www.ufukonen.com\/tr\/wp-content\/uploads\/MJUCjr.jpg 773w, https:\/\/www.ufukonen.com\/tr\/wp-content\/uploads\/MJUCjr-300x123.jpg 300w\" sizes=\"(max-width: 600px) 100vw, 600px\" \/><\/p>\n<p>MJUC jr., Klanghelm firmas\u0131 taraf\u0131ndan geli\u015ftirilen bir kompres\u00f6r plug-in&#8217;i.\u00a0Bu kompres\u00f6r\u00fcn tasar\u0131m\u0131 &#8220;variable-mu&#8221; olarak adland\u0131r\u0131lan de\u011fi\u015fken kazan\u00e7l\u0131 t\u00fcpl\u00fc analog kompres\u00f6rlere dayan\u0131yor. &#8220;Variable&#8221;, &#8220;de\u011fi\u015fken&#8221;; &#8220;mu&#8221; ise hi-fi dilinde &#8220;kazan\u00e7&#8221; anlam\u0131na geliyor. T\u00fcpl\u00fc kompres\u00f6rler, sinyale kendilerine \u00f6zg\u00fc bozulma ya da renk katmalar\u0131ndan\u00a0dolay\u0131 tercih ediliyorlar. En \u00fcnl\u00fc de\u011fi\u015fken kazan\u00e7l\u0131 t\u00fcpl\u00fc kompres\u00f6rler aras\u0131nda Manley Variable Mu, Fairchild\u00a0660 ve Fairchild 670&#8217;i sayabiliriz. Variable-Mu, Manley Labs firmas\u0131 \u00fczerine kay\u0131tl\u0131 bir marka oldu\u011fu i\u00e7in Klanghelm, MJUC jr. kompres\u00f6r\u00fcn\u00fc &#8220;variable tube compressor&#8221; olarak s\u0131n\u0131fland\u0131r\u0131lyor.<\/p>\n<p>Klanghelm MJUC jr. kompres\u00f6r\u00fc indirmek i\u00e7in <a href=\"http:\/\/www.klanghelm.com\/MJUCjr.php\" target=\"_blank\">t\u0131klay\u0131n\u0131z<\/a> (VST, AU, RTAS, AAX 64-bit Native).<\/p>\n<p>Benzer payla\u015f\u0131mlar i\u00e7in\u00a0beni \u00a0<a href=\"https:\/\/twitter.com\/UfukOnen\" target=\"_blank\">Twitter<\/a>&#8216;da ve\u00a0<a href=\"https:\/\/www.facebook.com\/ufukonen.skmt\" target=\"_blank\">Facebook<\/a>&#8216;ta takip edin!<\/p>\n","protected":false},"excerpt":{"rendered":"<p class=\"post-excerpt\">MJUC jr., Klanghelm firmas\u0131 taraf\u0131ndan geli\u015ftirilen bir kompres\u00f6r plug-in&#8217;i.\u00a0Bu kompres\u00f6r\u00fcn tasar\u0131m\u0131 &#8220;variable-mu&#8221; olarak adland\u0131r\u0131lan de\u011fi\u015fken kazan\u00e7l\u0131 t\u00fcpl\u00fc analog kompres\u00f6rlere dayan\u0131yor&#8230;.<\/p>\n","protected":false},"author":2,"featured_media":2273,"comment_status":"closed","ping_status":"open","sticky":false,"template":"","format":"standard","meta":{"_mi_skip_tracking":false,"spay_email":"","jetpack_publicize_message":"","jetpack_is_tweetstorm":false,"jetpack_publicize_feature_enabled":true},"categories":[18],"tags":[],"jetpack_featured_media_url":"https:\/\/www.ufukonen.com\/tr\/wp-content\/uploads\/MJUCjr.jpg","jetpack_publicize_connections":[],"jetpack_shortlink":"https:\/\/wp.me\/p3rjsG-AB","jetpack_sharing_enabled":true,"jetpack-related-posts":[{"id":6844,"url":"https:\/\/www.ufukonen.com\/tr\/favori-kompresor-plugin.html","url_meta":{"origin":2269,"position":0},"title":"Favori Kompres\u00f6r Plug-in&#8217;lerim","date":"September 13, 2021","format":false,"excerpt":"Bu yaz\u0131mda sizlerle en be\u011fendi\u011fim kompres\u00f6r plug-in'lerini payla\u015fmak istiyorum. Ba\u015flamadan \u00f6nce alt\u0131n\u0131 \u00e7izmek istedi\u011fim bir nokta var: Bu bir \"en iyi kompres\u00f6r plug-in'leri listesi\" de\u011fil. Bu, benim be\u011fendi\u011fim plug-in'lerden olu\u015fan tamamen \u015fahsi bir liste. Buradakilerin en iyi oldu\u011fu gibi bir iddiam yok. Di\u011fer yandan, bunun geli\u015fig\u00fczel haz\u0131rlanm\u0131\u015f bir liste olmad\u0131\u011f\u0131n\u0131,\u2026","rel":"","context":"In &quot;Ses ve M\u00fczik Teknolojileri&quot;","img":{"alt_text":"","src":"https:\/\/i0.wp.com\/www.ufukonen.com\/tr\/wp-content\/uploads\/Favori_Kompressor_Pluginlerim_00_Header.jpg?resize=350%2C200&ssl=1","width":350,"height":200},"classes":[]},{"id":6393,"url":"https:\/\/www.ufukonen.com\/tr\/ucretsiz-pluginler-23.html","url_meta":{"origin":2269,"position":1},"title":"\u00dccretsiz Plug-in&#8217;ler (23)","date":"February 15, 2021","format":false,"excerpt":"\u00dccretsiz plug-in'ler serisi 23: DC1A (Klanghelm), TAL-Reverb-4 (TAL Software), Diablo Lite (Cymatics), sTilt v2 (TBProAudio). DC1A (Klanghelm) DC1A, Klanghelm firmas\u0131 taraf\u0131ndan geli\u015ftirilmi\u015f olan bir kompres\u00f6r plug-in'i. \u00c7ok basit g\u00f6r\u00fcn\u00fcyor ancak bir\u00e7ok \u00f6zelli\u011fi var: \"Mix\" ayar\u0131 ile s\u0131k\u0131\u015ft\u0131r\u0131lm\u0131\u015f ve s\u0131k\u0131\u015ft\u0131r\u0131lmam\u0131\u015f sinyali kar\u0131\u015ft\u0131r\u0131p New York stili kompresyon elde edebilirsiniz. Negatif oran kullanarak\u2026","rel":"","context":"In &quot;Ses ve M\u00fczik Teknolojileri&quot;","img":{"alt_text":"","src":"https:\/\/i0.wp.com\/www.ufukonen.com\/tr\/wp-content\/uploads\/Ucretsiz_Pluginler_23s.jpg?resize=350%2C200&ssl=1","width":350,"height":200},"classes":[]},{"id":5418,"url":"https:\/\/www.ufukonen.com\/tr\/kompresor-teknikleri-2-seri.html","url_meta":{"origin":2269,"position":2},"title":"Kompres\u00f6r Teknikleri &#8211; 2. B\u00f6l\u00fcm: Seri Kompres\u00f6r Kullan\u0131m\u0131","date":"February 3, 2020","format":false,"excerpt":"Bu yaz\u0131 dizisi \u00fc\u00e7 b\u00f6l\u00fcmden olu\u015fmaktad\u0131r. \u015eu anda okumakta oldu\u011funuz ikinci b\u00f6l\u00fcm seri kompres\u00f6r kullan\u0131m\u0131 \u00fczerine. Di\u011fer iki b\u00f6l\u00fcme a\u015fa\u011f\u0131daki linklerden ula\u015fabilirsiniz: Kompres\u00f6r Teknikleri - 1. B\u00f6l\u00fcm: Paralel Kompres\u00f6r Kullan\u0131m\u0131Kompres\u00f6r Teknikleri - 3. B\u00f6l\u00fcm: Sidechain Kompres\u00f6r Kullan\u0131m\u0131 Bu teknikleri DAW i\u00e7inde nas\u0131l uygulayaca\u011f\u0131n\u0131z\u0131 Pro Tools ve Studio One ekran g\u00f6r\u00fcnt\u00fcleri\u2026","rel":"","context":"In &quot;M\u00fczik Prod\u00fcksiyonu&quot;","img":{"alt_text":"","src":"https:\/\/i0.wp.com\/www.ufukonen.com\/tr\/wp-content\/uploads\/Kompresor_Teknikleri_00_Header.jpg?resize=350%2C200&ssl=1","width":350,"height":200},"classes":[]},{"id":5419,"url":"https:\/\/www.ufukonen.com\/tr\/kompresor-teknikleri-3-sidechain.html","url_meta":{"origin":2269,"position":3},"title":"Kompres\u00f6r Teknikleri &#8211; 3. B\u00f6l\u00fcm: Sidechain Kompres\u00f6r Kullan\u0131m\u0131","date":"February 10, 2020","format":false,"excerpt":"Bu yaz\u0131 dizisi \u00fc\u00e7 b\u00f6l\u00fcmden olu\u015fmaktad\u0131r. \u015eu anda okumakta oldu\u011funuz \u00fc\u00e7\u00fcnc\u00fc b\u00f6l\u00fcm sidechain kompres\u00f6r kullan\u0131m\u0131 \u00fczerine. Di\u011fer iki b\u00f6l\u00fcme a\u015fa\u011f\u0131daki linklerden ula\u015fabilirsiniz: Kompres\u00f6r Teknikleri - 1. B\u00f6l\u00fcm: Paralel Kompres\u00f6r Kullan\u0131m\u0131 Kompres\u00f6r Teknikleri - 2. B\u00f6l\u00fcm: Seri Kompres\u00f6r Kullan\u0131m\u0131 Bu teknikleri DAW i\u00e7inde nas\u0131l uygulayaca\u011f\u0131n\u0131z\u0131 Pro Tools ve Studio One ekran\u2026","rel":"","context":"In &quot;M\u00fczik Prod\u00fcksiyonu&quot;","img":{"alt_text":"","src":"https:\/\/i0.wp.com\/www.ufukonen.com\/tr\/wp-content\/uploads\/Kompresor_Teknikleri_00_Header.jpg?resize=350%2C200&ssl=1","width":350,"height":200},"classes":[]},{"id":6410,"url":"https:\/\/www.ufukonen.com\/tr\/kompresorde-negatif-oran.html","url_meta":{"origin":2269,"position":4},"title":"Kompres\u00f6rde Negatif Oran","date":"February 22, 2021","format":false,"excerpt":"Kompres\u00f6r \u00fczerindeki oran parametresi, sinyal seviyesi \u00fczerinde ne kadar azaltma (gain reduction) uygulanaca\u011f\u0131n\u0131 kontrol etmek i\u00e7in kullan\u0131l\u0131r. Standart kompres\u00f6rlerde bu oran hep pozitif say\u0131d\u0131r. \u00d6rnek olarak, 1:1 oran\u0131 giri\u015f ve \u00e7\u0131k\u0131\u015f\u0131n e\u015fit oldu\u011fu, di\u011fer bir deyi\u015fle sinyalin seviyesine azaltma uygulanmad\u0131\u011f\u0131 anlam\u0131na gelmektedir. Ba\u015fka bir \u00f6rnek olarak, 4:1 oran\u0131, giri\u015f sinyali\u2026","rel":"","context":"In &quot;Ses ve M\u00fczik Teknolojileri&quot;","img":{"alt_text":"","src":"https:\/\/i0.wp.com\/www.ufukonen.com\/tr\/wp-content\/uploads\/Kompresorde_Negatif_Oran_00_Header.jpg?resize=350%2C200&ssl=1","width":350,"height":200},"classes":[]},{"id":5417,"url":"https:\/\/www.ufukonen.com\/tr\/kompresor-teknikleri-1-paralel.html","url_meta":{"origin":2269,"position":5},"title":"Kompres\u00f6r Teknikleri &#8211; 1. B\u00f6l\u00fcm: Paralel Kompres\u00f6r Kullan\u0131m\u0131","date":"January 27, 2020","format":false,"excerpt":"\u00dc\u00e7 b\u00f6l\u00fcml\u00fck bu yaz\u0131 dizisinde sizlerle s\u0131kl\u0131kla kullan\u0131lan \u00fc\u00e7 kompres\u00f6r tekni\u011fini payla\u015fmak istiyorum: Paralel, seri ve sidechain. \u015eu anda okumakta oldu\u011funuz ilk b\u00f6l\u00fcm paralel kompres\u00f6r kullan\u0131m\u0131 \u00fczerine. Di\u011fer iki b\u00f6l\u00fcme a\u015fa\u011f\u0131daki linklerden ula\u015fabilirsiniz: Kompres\u00f6r Teknikleri - 2. B\u00f6l\u00fcm: Seri Kompres\u00f6r Kullan\u0131m\u0131 Kompres\u00f6r Teknikleri - 3. B\u00f6l\u00fcm: Sidechain Kompres\u00f6r Kullan\u0131m\u0131 Bu\u2026","rel":"","context":"In &quot;M\u00fczik Prod\u00fcksiyonu&quot;","img":{"alt_text":"","src":"https:\/\/i0.wp.com\/www.ufukonen.com\/tr\/wp-content\/uploads\/Kompresor_Teknikleri_00_Header.jpg?resize=350%2C200&ssl=1","width":350,"height":200},"classes":[]}],"_links":{"self":[{"href":"https:\/\/www.ufukonen.com\/tr\/wp-json\/wp\/v2\/posts\/2269"}],"collection":[{"href":"https:\/\/www.ufukonen.com\/tr\/wp-json\/wp\/v2\/posts"}],"about":[{"href":"https:\/\/www.ufukonen.com\/tr\/wp-json\/wp\/v2\/types\/post"}],"author":[{"embeddable":true,"href":"https:\/\/www.ufukonen.com\/tr\/wp-json\/wp\/v2\/users\/2"}],"replies":[{"embeddable":true,"href":"https:\/\/www.ufukonen.com\/tr\/wp-json\/wp\/v2\/comments?post=2269"}],"version-history":[{"count":5,"href":"https:\/\/www.ufukonen.com\/tr\/wp-json\/wp\/v2\/posts\/2269\/revisions"}],"predecessor-version":[{"id":2275,"href":"https:\/\/www.ufukonen.com\/tr\/wp-json\/wp\/v2\/posts\/2269\/revisions\/2275"}],"wp:featuredmedia":[{"embeddable":true,"href":"https:\/\/www.ufukonen.com\/tr\/wp-json\/wp\/v2\/media\/2273"}],"wp:attachment":[{"href":"https:\/\/www.ufukonen.com\/tr\/wp-json\/wp\/v2\/media?parent=2269"}],"wp:term":[{"taxonomy":"category","embeddable":true,"href":"https:\/\/www.ufukonen.com\/tr\/wp-json\/wp\/v2\/categories?post=2269"},{"taxonomy":"post_tag","embeddable":true,"href":"https:\/\/www.ufukonen.com\/tr\/wp-json\/wp\/v2\/tags?post=2269"}],"curies":[{"name":"wp","href":"https:\/\/api.w.org\/{rel}","templated":true}]}}