{"id":2277,"date":"2015-11-22T21:01:48","date_gmt":"2015-11-22T19:01:48","guid":{"rendered":"http:\/\/ufukonen.com\/tr\/?p=2277"},"modified":"2015-11-22T21:04:37","modified_gmt":"2015-11-22T19:04:37","slug":"273-theremin-ile-guinness-rekoru","status":"publish","type":"post","link":"https:\/\/www.ufukonen.com\/tr\/273-theremin-ile-guinness-rekoru.html","title":{"rendered":"273 Theremin ile Guinness Rekoru"},"content":{"rendered":"<p><img loading=\"lazy\" class=\"aligncenter wp-image-2286\" src=\"http:\/\/ufukonen.com\/tr\/wp-content\/uploads\/matryomin_ensemble.jpg\" alt=\"matryomin_ensemble\" width=\"549\" height=\"273\" srcset=\"https:\/\/www.ufukonen.com\/tr\/wp-content\/uploads\/matryomin_ensemble.jpg 805w, https:\/\/www.ufukonen.com\/tr\/wp-content\/uploads\/matryomin_ensemble-300x149.jpg 300w\" sizes=\"(max-width: 549px) 100vw, 549px\" \/><\/p>\n<p>Japon matryomin toplulu\u011fu &#8220;Da&#8221;, 273 m\u00fczisyen ile &#8220;en geni\u015f Theremin toplulu\u011fu&#8221; dal\u0131nda Guinness d\u00fcnya rekorunun k\u0131rd\u0131.\u00a0Ba\u015far\u0131yla sonu\u00e7lanan bu ilgin\u00e7 rekor denemesinin videosunu a\u015fa\u011f\u0131da izleyebilirsiniz. \u0130lgin\u00e7 olan sadece rekor denemesi de\u011fil ama&#8230; Matryomin adl\u0131 enstr\u00fcman\u0131n kendisi de \u00e7ok enteresan.<\/p>\n<p>Matryomin, matru\u015fka i\u00e7ine yerle\u015ftirilmi\u015f minyat\u00fcr\u00a0bir Theremin. Theremin&#8217;i di\u011fer enstr\u00fcmanlardan ay\u0131ran en \u00f6nemli \u00f6zellik, bu enstr\u00fcman\u0131\u00a0hi\u00e7 dokunmadan \u00e7alabiliyor olman\u0131z.\u00a0Bat\u0131 d\u00fcnyas\u0131nda L\u00e9on Th\u00e9r\u00e9min olarak tan\u0131nan Rus fizik\u00e7i Lev Sergeivich taraf\u0131ndan 1919&#8217;da \u00fcretilen Theremin, asl\u0131nda Rus h\u00fck\u00fcmeti taraf\u0131ndan desteklenen bir ara\u015ft\u0131rma projesinin \u00fcr\u00fcn\u00fc. L\u00e9on Th\u00e9r\u00e9min daha sonra bunu ABD&#8217;ye g\u00f6t\u00fcrm\u00fc\u015f,\u00a01928 y\u0131l\u0131nda &#8220;L. S. Th\u00e9r\u00e9min: Ses \u00dcretiminde Kullan\u0131lan Ara\u00e7 ve Metodlar&#8221; ad\u0131 alt\u0131nda patentini alm\u0131\u015f ve ard\u0131ndan\u00a0ticari \u00fcretim haklar\u0131n\u0131 RCA firmas\u0131na devretmi\u015f.<\/p>\n<p><img loading=\"lazy\" class=\"aligncenter wp-image-2287\" src=\"http:\/\/ufukonen.com\/tr\/wp-content\/uploads\/matryomin.jpg\" alt=\"matryomin\" width=\"400\" height=\"168\" srcset=\"https:\/\/www.ufukonen.com\/tr\/wp-content\/uploads\/matryomin.jpg 540w, https:\/\/www.ufukonen.com\/tr\/wp-content\/uploads\/matryomin-300x126.jpg 300w\" sizes=\"(max-width: 400px) 100vw, 400px\" \/><\/p>\n<p>Tipik bir Theremin&#8217;de yatay ve dikey olarak iki anten bulunuyor. Yatay anten, sesin y\u00fcksekli\u011fini, dikey anten ise frekans\u0131n\u0131 kontrol etmeye yar\u0131yor. Bu antenler\u00a0enstr\u00fcman\u0131 \u00e7alan ki\u015finin (Thereminist) ellerinin yerini alg\u0131lay\u0131p, ellerin yak\u0131nl\u0131\u011f\u0131na g\u00f6re sesin y\u00fckseli\u011fini ve perdesini de\u011fi\u015ftiriyor.\u00a0Theremin&#8217;in en d\u00fc\u015f\u00fck perdeyle en y\u00fcksek perde aras\u0131ndaki mesafesi yakla\u015f\u0131k 9 oktav kadar. Monofonik bir enstr\u00fcman olan Theremin bir kerede sadece tek nota \u00e7alabiliyor.\u00a0Matryomin&#8217;de standart bir Theremin&#8217;den farkl\u0131 olarak sesin sadece perdesi kontrol edilebiliyor.<\/p>\n<p><img loading=\"lazy\" class=\"aligncenter wp-image-2288\" src=\"http:\/\/ufukonen.com\/tr\/wp-content\/uploads\/Moog_Etherwave_Theremin_Kit.jpg\" alt=\"Moog_Etherwave_Theremin_Kit\" width=\"350\" height=\"284\" srcset=\"https:\/\/www.ufukonen.com\/tr\/wp-content\/uploads\/Moog_Etherwave_Theremin_Kit.jpg 550w, https:\/\/www.ufukonen.com\/tr\/wp-content\/uploads\/Moog_Etherwave_Theremin_Kit-300x243.jpg 300w\" sizes=\"(max-width: 350px) 100vw, 350px\" \/><\/p>\n<p>Theremin \u00f6\u011frenmesi kolay ama h\u00fckmetmesi olduk\u00e7a zor bir enstr\u00fcman. Clara Rockmore ve Lydia Kavina en b\u00fcy\u00fck Theremin virt\u00fc\u00f6zleri olarak kabul ediliyor. \u00d6nceleri klasik m\u00fczik \u00e7almak i\u00e7in kullan\u0131lan Theremin daha sonralar\u0131 ilgin\u00e7 sesi sayesinde <em>Spellbound<\/em> (Alfred Hitchcock, 1945), <em>The Day the Earth Stood Still<\/em> (Robert Wise, 1951) ve <em>It Came from Outer Space<\/em> (Jack Arnold, 1953) gibi korku, gerilim ve bilim-kurgu filmlerinin m\u00fcziklerinde kullan\u0131lmaya ba\u015flanm\u0131\u015f. Theremin, klasik m\u00fczik ve film m\u00fcziklerinin yan\u0131 s\u0131ra, <em>Led Zeppelin II<\/em> (Led Zeppelin, 1969), <em>Meddle<\/em> (Pink Floyd, 1971), <em>Portrait of an American Family<\/em> (Marilyn Manson, 1994), <em>Oxygene 7-13<\/em> (Jean Michel Jarre, 1997), <em>Sehnsucht<\/em> (Rammstein, 1997), <em>And All That Could Have Been<\/em> (Nine Inch Nails, 2002) ve <em>The Eyes of Alice Cooper<\/em> (Alice Cooper, 2003) gibi bir\u00e7ok rock, elektronik ve di\u011fer pop\u00fcler m\u00fczik alb\u00fcmlerinde de kullan\u0131lm\u0131\u015f. Moog synthesizer&#8217;lar\u0131n\u0131n yarat\u0131c\u0131s\u0131 olarak tan\u0131nan Robert Arthur Moog, ad\u0131n\u0131 verdi\u011fi\u00a0synthesizer&#8217;\u0131n\u0131 geli\u015ftirmeden 10 y\u0131l \u00f6nce, 1953 y\u0131l\u0131nda, kendi \u015firketini kurup Theremin tak\u0131mlar\u0131 \u00fcretmeye ba\u015flam\u0131\u015f. 1950&#8217;li y\u0131llar\u0131n sonlar\u0131nda Tanner and Whitsell, Theremin&#8217;in farkl\u0131 bir versiyonu olan ve Tannerin olarak da bilinen Electro-Theremin&#8217;i geli\u015ftirmi\u015f. G\u00fcn\u00fcm\u00fczde baz\u0131 \u015firketler Theremin \u00fcretmeye devam ediyor.<\/p>\n<p><span class=\"embed-youtube\" style=\"text-align:center; display: block;\"><iframe loading=\"lazy\" class=\"youtube-player\" width=\"700\" height=\"394\" src=\"https:\/\/www.youtube.com\/embed\/OnlsfeRNw1I?version=3&#038;rel=1&#038;showsearch=0&#038;showinfo=1&#038;iv_load_policy=1&#038;fs=1&#038;hl=en-US&#038;autohide=2&#038;wmode=transparent\" allowfullscreen=\"true\" style=\"border:0;\" sandbox=\"allow-scripts allow-same-origin allow-popups allow-presentation\"><\/iframe><\/span><\/p>\n<p>Theremin ile ilgili bilgiler <a href=\"http:\/\/ufukonen.com\/tr\/synthesizer-teknolojileri-ve-programlama.html\">Synthesizer Teknolojileri ve Programlama: Ge\u00e7mi\u015ften G\u00fcn\u00fcm\u00fcze Pop\u00fcler Sentez Teknikleri<\/a> (Ufuk \u00d6nen, Teoman Pasinlio\u011flu) adl\u0131 kitaptan al\u0131nm\u0131\u015ft\u0131r.<\/p>\n<p>&nbsp;<\/p>\n<p><span style=\"text-decoration: underline;\">Foto\u011fraflar<\/span>:<\/p>\n<p>(1) <a href=\"https:\/\/commons.wikimedia.org\/wiki\/File:Etherwave_Theremin_Kit.jpg#\/media\/File:Etherwave_Theremin_Kit.jpg\" target=\"_blank\">&#8220;Etherwave Theremin Kit&#8221;. Licensed under CC BY-SA 3.0 via Wikimedia Commons<\/a><\/p>\n<p>(2) <a href=\"http:\/\/www.japantrendshop.com\/matryomin-theremin-in-matryoshka-p-178.html\" target=\"_blank\">&#8220;Matryomin&#8221; Japan Trend Shop<\/a><\/p>\n<p>&nbsp;<\/p>\n<p>Benzer payla\u015f\u0131mlar i\u00e7in\u00a0beni \u00a0<a href=\"https:\/\/twitter.com\/UfukOnen\" target=\"_blank\">Twitter<\/a>&#8216;da ve\u00a0<a href=\"https:\/\/www.facebook.com\/ufukonen.skmt\" target=\"_blank\">Facebook<\/a>&#8216;ta takip edin!<\/p>\n","protected":false},"excerpt":{"rendered":"<p class=\"post-excerpt\">Japon matryomin toplulu\u011fu &#8220;Da&#8221;, 273 m\u00fczisyen ile &#8220;en geni\u015f Theremin toplulu\u011fu&#8221; dal\u0131nda Guinness d\u00fcnya rekorunun k\u0131rd\u0131.\u00a0Ba\u015far\u0131yla sonu\u00e7lanan bu ilgin\u00e7 rekor&#8230;<\/p>\n","protected":false},"author":2,"featured_media":2286,"comment_status":"closed","ping_status":"open","sticky":false,"template":"","format":"standard","meta":{"_mi_skip_tracking":false,"spay_email":"","jetpack_publicize_message":"","jetpack_is_tweetstorm":false,"jetpack_publicize_feature_enabled":true},"categories":[18],"tags":[],"jetpack_featured_media_url":"https:\/\/www.ufukonen.com\/tr\/wp-content\/uploads\/matryomin_ensemble.jpg","jetpack_publicize_connections":[],"jetpack_shortlink":"https:\/\/wp.me\/p3rjsG-AJ","jetpack_sharing_enabled":true,"jetpack-related-posts":[{"id":6062,"url":"https:\/\/www.ufukonen.com\/tr\/dunya-muzik-endustrisinden-haberler-2020-09.html","url_meta":{"origin":2277,"position":0},"title":"D\u00fcnya M\u00fczik End\u00fcstrisinden Haberler","date":"September 21, 2020","format":false,"excerpt":"Eyl\u00fcl ay\u0131 i\u00e7inde g\u00f6z\u00fcme tak\u0131lan m\u00fczik end\u00fcstrisi haberlerinden birka\u00e7 tanesini sizlerle payla\u015fmak istiyorum. Fender'in Gitar Sat\u0131\u015flar\u0131 2020 Y\u0131l\u0131 \u0130\u00e7inde Rekor K\u0131rd\u0131 Son y\u0131llarda bir yandan pop\u00fcler m\u00fczik t\u00fcrlerinde de\u011fi\u015fimler ya\u015fanmas\u0131, di\u011fer yandan da m\u00fczik \u00fcretiminde elektronik ara\u00e7 ve y\u00f6ntemlerin bir\u00e7ok ki\u015fi taraf\u0131ndan tercih edilir bir hale gelmesi sebebi ile \"geleneksel\"\u2026","rel":"","context":"In &quot;M\u00fczik End\u00fcstrisi&quot;","img":{"alt_text":"","src":"https:\/\/i0.wp.com\/www.ufukonen.com\/tr\/wp-content\/uploads\/Dunya_Muzik_Endustrisinden_Haberler_2020-09_00_Header.jpg?resize=350%2C200&ssl=1","width":350,"height":200},"classes":[]},{"id":5496,"url":"https:\/\/www.ufukonen.com\/tr\/alisilmadik-yerlerde-kaydedilmis-albumler-1.html","url_meta":{"origin":2277,"position":1},"title":"Al\u0131\u015f\u0131lmad\u0131k Yerlerde ve \u015eekillerde Kaydedilmi\u015f \u00dcnl\u00fc Alb\u00fcmler (1. B\u00f6l\u00fcm)","date":"March 9, 2020","format":false,"excerpt":"\u0130ki b\u00f6l\u00fcml\u00fck bu yaz\u0131 dizimde al\u0131\u015f\u0131lmad\u0131k yerlerde ve \u015fekillerde kaydedilmi\u015f \u00fcnl\u00fc alb\u00fcmlerden g\u00f6z\u00fcme tak\u0131lanlar\u0131 sizlerle payla\u015fmak istedim. \u0130kinci b\u00f6l\u00fcm i\u00e7in buraya t\u0131klay\u0131n\u0131z. Led Zeppelin - Led Zeppelin IV (1971) Kay\u0131t yeri: Headley Grange (Hampshire, \u0130ngiltere) Headley Grange 1795 y\u0131l\u0131nda in\u015fa edilmi\u015f eski bir d\u00fc\u015fk\u00fcnler yurdu. 1870 y\u0131l\u0131nda Thomas Kemp adl\u0131\u2026","rel":"","context":"In &quot;M\u00fczik Prod\u00fcksiyonu&quot;","img":{"alt_text":"","src":"https:\/\/i0.wp.com\/www.ufukonen.com\/tr\/wp-content\/uploads\/Alisilmadik_1__Header.jpg?resize=350%2C200&ssl=1","width":350,"height":200},"classes":[]},{"id":7226,"url":"https:\/\/www.ufukonen.com\/tr\/eq-otomasyon-filtre-efekt.html","url_meta":{"origin":2277,"position":2},"title":"EQ ve Otomasyon \u0130le \u0130lgin\u00e7 Filtre Efektleri Elde Edin","date":"February 14, 2022","format":false,"excerpt":"Herhangi bir parametrik EQ plug-in'i ve otomasyon ile \u00e7ok ilgin\u00e7 filtre efektleri elde edebilirsiniz. LFO ile tetiklenen filtrelerde mod\u00fclasyon loop tabanl\u0131 oluyor. A\u015fa\u011f\u0131da g\u00f6sterece\u011fim teknikte ise mod\u00fclasyonu, sesin s\u00fcresi boyunca, en ince ayr\u0131nt\u0131s\u0131na kadar de\u011fi\u015fken bir yap\u0131 ile kontrol etmek m\u00fcmk\u00fcn oluyor. Tekni\u011fi Apple Logic Pro i\u00e7inde a\u00e7\u0131klad\u0131m ama siz\u2026","rel":"","context":"In &quot;M\u00fczik Prod\u00fcksiyonu&quot;","img":{"alt_text":"","src":"https:\/\/i0.wp.com\/www.ufukonen.com\/tr\/wp-content\/uploads\/EQ_Otomasyon_Filtre_Efektleri_00_Header.jpg?resize=350%2C200&ssl=1","width":350,"height":200},"classes":[]},{"id":331,"url":"https:\/\/www.ufukonen.com\/tr\/bir-otopark-ses-tasarim-projesi.html","url_meta":{"origin":2277,"position":3},"title":"Ankara&#8217;da Bir Otopark ve Ses Tasar\u0131m Projesi","date":"June 15, 2013","format":false,"excerpt":"\u00a0 Bu yaz\u0131mda size her zaman kar\u015f\u0131la\u015fmad\u0131\u011f\u0131m\u0131z bir projeden bahsetmek istiyorum. Proje, bir ses tasar\u0131m projesi. Projede teknik olarak \u00e7ok \u015fa\u015f\u0131rt\u0131c\u0131 bir durum yok belki ama bence esas \u015fa\u015f\u0131rt\u0131c\u0131 veya ilgin\u00e7 olan bu projenin bir al\u0131\u015fveri\u015f merkezinin otopark\u0131nda sergileniyor olmas\u0131. Bahsetti\u011fim yer Ankara'da Gordion Al\u0131\u015fveri\u015f Merkezi. Asl\u0131nda sergileniyor demek ne\u2026","rel":"","context":"In &quot;Ses Tasar\u0131m\u0131&quot;","img":{"alt_text":"","src":"https:\/\/i0.wp.com\/www.ufukonen.com\/tr\/wp-content\/uploads\/Gordion_Sound_Design.jpg?resize=350%2C200&ssl=1","width":350,"height":200},"classes":[]},{"id":7623,"url":"https:\/\/www.ufukonen.com\/tr\/pultec-eq-sihirli-dokunus.html","url_meta":{"origin":2277,"position":4},"title":"Pultec EQ ve Sihirli Dokunu\u015f","date":"October 3, 2022","format":false,"excerpt":"Pultec EQ, 70 y\u0131l boyunca bir\u00e7ok prod\u00fcksiyonda kullan\u0131ld\u0131, kullan\u0131lmaya da devam ediyor. E\u011fer Pultec EQ'yu duyduysan\u0131z muhtemelen \"sihirli dokunu\u015fu\" oldu\u011funu da duymu\u015fsunuzdur. Nedir bu Pultec EQ? \u00c7al\u0131\u015fma prensibi nas\u0131ld\u0131r? Neden sihirli dokunu\u015fu oldu\u011fu s\u00f6ylenir? Bu yaz\u0131mda bu sorular\u0131n cevaplar\u0131na de\u011finmek istiyorum. K\u0131sa Tarih\u00e7e Pultec EQ'nun hikayesinin ba\u015flang\u0131c\u0131 olduk\u00e7a eskiye dayan\u0131yor.\u2026","rel":"","context":"In &quot;Ses ve M\u00fczik Teknolojileri&quot;","img":{"alt_text":"","src":"https:\/\/i0.wp.com\/www.ufukonen.com\/tr\/wp-content\/uploads\/Pultec_EQ_00_Header.jpg?resize=350%2C200&ssl=1","width":350,"height":200},"classes":[]},{"id":6799,"url":"https:\/\/www.ufukonen.com\/tr\/ucretsiz-pluginler-25.html","url_meta":{"origin":2277,"position":5},"title":"\u00dccretsiz Plug-in&#8217;ler (25)","date":"August 16, 2021","format":false,"excerpt":"\u00dccretsiz plug-in'ler serisi 25: GSat+ (TBProAudio), Warmy EP1A (Kiive Audio), M-Gate Multi (Mogwai Audio), Midside Matrix (Goodhertz). GSat+ (TBProAudio) GSat+, \u00fc\u00e7 farkl\u0131 lamba karakteri sunan bir sat\u00fcrasyon plug-in'i. \u00dczerinde sinyali stereo (ST), left (L), right (R), mid (M) ve side (S) olmak \u00fczere farkl\u0131 konumlarda dinlemenize imkan tan\u0131yan bir de\u2026","rel":"","context":"In &quot;Ses ve M\u00fczik Teknolojileri&quot;","img":{"alt_text":"","src":"https:\/\/i0.wp.com\/www.ufukonen.com\/tr\/wp-content\/uploads\/Ucretsiz_Pluginler_25s.jpg?resize=350%2C200&ssl=1","width":350,"height":200},"classes":[]}],"_links":{"self":[{"href":"https:\/\/www.ufukonen.com\/tr\/wp-json\/wp\/v2\/posts\/2277"}],"collection":[{"href":"https:\/\/www.ufukonen.com\/tr\/wp-json\/wp\/v2\/posts"}],"about":[{"href":"https:\/\/www.ufukonen.com\/tr\/wp-json\/wp\/v2\/types\/post"}],"author":[{"embeddable":true,"href":"https:\/\/www.ufukonen.com\/tr\/wp-json\/wp\/v2\/users\/2"}],"replies":[{"embeddable":true,"href":"https:\/\/www.ufukonen.com\/tr\/wp-json\/wp\/v2\/comments?post=2277"}],"version-history":[{"count":15,"href":"https:\/\/www.ufukonen.com\/tr\/wp-json\/wp\/v2\/posts\/2277\/revisions"}],"predecessor-version":[{"id":2321,"href":"https:\/\/www.ufukonen.com\/tr\/wp-json\/wp\/v2\/posts\/2277\/revisions\/2321"}],"wp:featuredmedia":[{"embeddable":true,"href":"https:\/\/www.ufukonen.com\/tr\/wp-json\/wp\/v2\/media\/2286"}],"wp:attachment":[{"href":"https:\/\/www.ufukonen.com\/tr\/wp-json\/wp\/v2\/media?parent=2277"}],"wp:term":[{"taxonomy":"category","embeddable":true,"href":"https:\/\/www.ufukonen.com\/tr\/wp-json\/wp\/v2\/categories?post=2277"},{"taxonomy":"post_tag","embeddable":true,"href":"https:\/\/www.ufukonen.com\/tr\/wp-json\/wp\/v2\/tags?post=2277"}],"curies":[{"name":"wp","href":"https:\/\/api.w.org\/{rel}","templated":true}]}}