{"id":2365,"date":"2016-04-20T09:50:46","date_gmt":"2016-04-20T06:50:46","guid":{"rendered":"http:\/\/ufukonen.com\/tr\/?p=2365"},"modified":"2016-08-29T14:59:47","modified_gmt":"2016-08-29T11:59:47","slug":"ufuk-onen-tanerman-workshop","status":"publish","type":"post","link":"https:\/\/www.ufukonen.com\/tr\/ufuk-onen-tanerman-workshop.html","title":{"rendered":"Bu \u0130\u015fi Evde Nas\u0131l Yapar\u0131m? &#8211; Ufuk \u00d6nen &#038; Tanerman Workshop"},"content":{"rendered":"<p><a href=\"http:\/\/ufukonen.com\/tr\/wp-content\/uploads\/UfukOnen_Tanerman_Workshop_Home.jpg\"><img loading=\"lazy\" class=\"aligncenter wp-image-2366\" src=\"http:\/\/ufukonen.com\/tr\/wp-content\/uploads\/UfukOnen_Tanerman_Workshop_Home.jpg\" alt=\"UfukOnen_Tanerman_Workshop_Home\" width=\"550\" height=\"353\" srcset=\"https:\/\/www.ufukonen.com\/tr\/wp-content\/uploads\/UfukOnen_Tanerman_Workshop_Home.jpg 800w, https:\/\/www.ufukonen.com\/tr\/wp-content\/uploads\/UfukOnen_Tanerman_Workshop_Home-300x193.jpg 300w\" sizes=\"(max-width: 550px) 100vw, 550px\" \/><\/a><\/p>\n<p>Bu i\u015fi evde nas\u0131l yapar\u0131m? Nas\u0131l \u00f6\u011frenirim? Teknik olarak nas\u0131l bir d\u00fczene ihtiyac\u0131m var? \u00c7al\u0131\u015faca\u011f\u0131m mekan\u0131n akusti\u011fi nas\u0131l olmal\u0131?<\/p>\n<p>Bu sorular bize s\u0131k s\u0131k soruluyordu. D\u00fc\u015f\u00fcnd\u00fck, mesajlarla cevap vermek yerine bulu\u015fal\u0131m, tan\u0131\u015fal\u0131m, oturup y\u00fcz y\u00fcze konu\u015fal\u0131m, ev konseptli bu odada \u00fcretti\u011fimiz &#8220;Tanerman EP&#8221;nin iTunes ve YouTube ba\u015far\u0131s\u0131ndan, yani bizim bu i\u015fi evde nas\u0131l yapt\u0131\u011f\u0131m\u0131zdan da bahsedelim dedik&#8230; K\u0131sacas\u0131 sizi odam\u0131za davet etmeye karar verdik!<\/p>\n<p>\u0130lk workshoplar\u0131 16 ve 20 Ocak 2016 tarihinde \u00fc\u00e7 seans olarak ger\u00e7ekle\u015ftirdik. Ard\u0131ndan 13 \u015eubat 2016 tarihinde bir seans daha yapt\u0131k. Workshoplara\u00a0ba\u015fvuru say\u0131s\u0131 bekledi\u011fimizin \u00e7ok \u00fcst\u00fcnde oldu\u011fu i\u00e7in\u00a0davet edemediklerimiz de \u00e7ok oldu. Yak\u0131n tarihte Ankara i\u00e7in yeni tarihler a\u00e7\u0131klamay\u0131 planl\u0131yoruz. Haberdar olmak i\u00e7in l\u00fctfen sayfan\u0131n alt\u0131nda bulunan formu doldurun.<\/p>\n<p>Ankara&#8217;da bu workshop&#8217;lar\u0131 yaparken \u0130stanbul i\u00e7in bir\u00e7ok istek ald\u0131k. Bu istekler \u00fczerine\u00a015 Nisan 2016&#8217;da SAE Institute&#8217;un\u00a0ev sahipli\u011finde \u0130stanbullu kat\u0131l\u0131mc\u0131larla bulu\u015ftuk.<\/p>\n<p>\u0130leri tarihlerde d\u00fczenlemeyi planlad\u0131\u011f\u0131m\u0131z yeni etkinliklerden haberdar olmak ve \u00f6nba\u015fvuru yapmak i\u00e7in l\u00fctfen sayfan\u0131n alt\u0131nda bulunan formu doldurun.<\/p>\n<p>&nbsp;<\/p>\n<p><a href=\"https:\/\/www.facebook.com\/media\/set\/?set=a.10156465257370156.1073741826.89077850155&amp;type=1&amp;l=fb40e2fafb\" target=\"_blank\"><img loading=\"lazy\" class=\"aligncenter wp-image-2457\" src=\"http:\/\/ufukonen.com\/tr\/wp-content\/uploads\/Bu_Isi_Evde_Nasil_Yaparim-Gallery_160402.jpg\" alt=\"Ufuk \u00d6nen Workshop \" width=\"500\" height=\"500\" srcset=\"https:\/\/www.ufukonen.com\/tr\/wp-content\/uploads\/Bu_Isi_Evde_Nasil_Yaparim-Gallery_160402.jpg 800w, https:\/\/www.ufukonen.com\/tr\/wp-content\/uploads\/Bu_Isi_Evde_Nasil_Yaparim-Gallery_160402-150x150.jpg 150w, https:\/\/www.ufukonen.com\/tr\/wp-content\/uploads\/Bu_Isi_Evde_Nasil_Yaparim-Gallery_160402-300x300.jpg 300w\" sizes=\"(max-width: 500px) 100vw, 500px\" \/><\/a><\/p>\n<p style=\"text-align: center;\">16-20 Ocak ve 13 \u015eubat 2016 Ankara workshoplar\u0131n foto\u011fraf galerisi i\u00e7in <a href=\"https:\/\/www.facebook.com\/media\/set\/?set=a.10156465257370156.1073741826.89077850155&amp;type=1&amp;l=fb40e2fafb\" target=\"_blank\">t\u0131klay\u0131n\u0131z<\/a>.<\/p>\n<p>&nbsp;<\/p>\n<p><a href=\"https:\/\/www.facebook.com\/saeistanbul\/posts\/1342766529083839\" target=\"_blank\"><img loading=\"lazy\" class=\"aligncenter wp-image-2562\" src=\"http:\/\/www.ufukonen.com\/tr\/wp-content\/uploads\/Bu_Isi_Evde_Nasil_Yaparim-Gallery_160415.jpg\" alt=\"Bu_Isi_Evde_Nasil_Yaparim-Gallery_160415\" width=\"500\" height=\"500\" srcset=\"https:\/\/www.ufukonen.com\/tr\/wp-content\/uploads\/Bu_Isi_Evde_Nasil_Yaparim-Gallery_160415.jpg 800w, https:\/\/www.ufukonen.com\/tr\/wp-content\/uploads\/Bu_Isi_Evde_Nasil_Yaparim-Gallery_160415-150x150.jpg 150w, https:\/\/www.ufukonen.com\/tr\/wp-content\/uploads\/Bu_Isi_Evde_Nasil_Yaparim-Gallery_160415-300x300.jpg 300w, https:\/\/www.ufukonen.com\/tr\/wp-content\/uploads\/Bu_Isi_Evde_Nasil_Yaparim-Gallery_160415-768x768.jpg 768w\" sizes=\"(max-width: 500px) 100vw, 500px\" \/><\/a><\/p>\n<p style=\"text-align: center;\">15 Nisan 2016 SAE Institute \u0130stanbul workshop foto\u011fraf galerisi i\u00e7in <a href=\"https:\/\/www.facebook.com\/saeistanbul\/posts\/1342766529083839\" target=\"_blank\">t\u0131klay\u0131n\u0131z<\/a>.<\/p>\n<p>&nbsp;<\/p>\n<p><iframe loading=\"lazy\" src=\"https:\/\/docs.google.com\/forms\/d\/1OXb-L-Mt4B38k--Uu5KQpMNIsPUrYfjVPfUTXnP8n5c\/viewform?embedded=true\" width=\"520\" height=\"1000\" frameborder=\"0\" marginwidth=\"0\" marginheight=\"0\">Loading&#8230;<\/iframe><\/p>\n","protected":false},"excerpt":{"rendered":"<p class=\"post-excerpt\">Bu i\u015fi evde nas\u0131l yapar\u0131m? Nas\u0131l \u00f6\u011frenirim? Teknik olarak nas\u0131l bir d\u00fczene ihtiyac\u0131m var? \u00c7al\u0131\u015faca\u011f\u0131m mekan\u0131n akusti\u011fi nas\u0131l olmal\u0131? Bu&#8230;<\/p>\n","protected":false},"author":2,"featured_media":2366,"comment_status":"closed","ping_status":"open","sticky":false,"template":"","format":"standard","meta":{"_mi_skip_tracking":false,"spay_email":"","jetpack_publicize_message":"","jetpack_is_tweetstorm":false,"jetpack_publicize_feature_enabled":true},"categories":[4,18],"tags":[],"jetpack_featured_media_url":"https:\/\/www.ufukonen.com\/tr\/wp-content\/uploads\/UfukOnen_Tanerman_Workshop_Home.jpg","jetpack_publicize_connections":[],"jetpack_shortlink":"https:\/\/wp.me\/p3rjsG-C9","jetpack_sharing_enabled":true,"jetpack-related-posts":[{"id":3450,"url":"https:\/\/www.ufukonen.com\/tr\/bu-isi-evde-nasil-yaparim-eskisehir-etkinligi-ve-imza-gunu.html","url_meta":{"origin":2365,"position":0},"title":"&#8220;Bu \u0130\u015fi Evde Nas\u0131l Yapar\u0131m?&#8221;: Eski\u015fehir Etkinli\u011fi ve \u0130mza G\u00fcn\u00fc","date":"November 20, 2017","format":false,"excerpt":"90'lar\u0131n ilk yar\u0131s\u0131nda grubum Hazy Hill ile m\u00fczik \u00e7al\u0131\u015fmalar\u0131m\u0131z\u0131 \u00e7ok h\u0131zl\u0131 bir \u015fekilde s\u00fcrd\u00fcr\u00fcyorduk. Bir yandan par\u00e7alar yap\u0131yor ve st\u00fcdyolarda bu par\u00e7alar\u0131 kaydedip yay\u0131nl\u0131yor, di\u011fer yandan da s\u00fcrekli konserler veriyorduk. Yanl\u0131\u015f hat\u0131rlam\u0131yorsam 1993 y\u0131l\u0131n\u0131n ba\u015f\u0131yd\u0131, Eski\u015fehir'deki ilk konserimiz i\u00e7in trenle yola \u00e7\u0131kt\u0131k. Olduk\u00e7a heyecanl\u0131yd\u0131k. Eski\u015fehir bir \u00fcniversite \u015fehri oldu\u011fu i\u00e7in\u2026","rel":"","context":"In &quot;Ders &amp; Workshop&quot;","img":{"alt_text":"","src":"https:\/\/i0.wp.com\/www.ufukonen.com\/tr\/wp-content\/uploads\/Eskisehir_171111_01.jpg?resize=350%2C200&ssl=1","width":350,"height":200},"classes":[]},{"id":7633,"url":"https:\/\/www.ufukonen.com\/tr\/waves-studiorack-vst3.html","url_meta":{"origin":2365,"position":1},"title":"Waves StudioRack Art\u0131k T\u00fcm VST3 Plug-in&#8217;lerini Destekliyor!","date":"October 10, 2022","format":false,"excerpt":"Waves StudioRack, 'utility' kategorisinde en be\u011fendi\u011fim plug-in'lerden biridir. Bir\u00e7ok nedeni var\u2026 Birincisi, bir Waves kullan\u0131c\u0131s\u0131 olarak StudioRack sayesinde Waves plug-in'lerimden diledi\u011fim gibi plug-in zincirleri olu\u015fturabiliyorum. \u0130kincisi, istedi\u011fim herhangi bir Waves plug-in'ini (plug-in'in kendisi desteklemese bile) hem multiband hem de mid\/side olarak kullanabiliyorum. \u00dc\u00e7\u00fcnc\u00fcs\u00fc de, StudioRack \u00fccretsiz. \u0130lgili yaz\u0131lar: Waves StudioRack\u2026","rel":"","context":"Similar post","img":{"alt_text":"","src":"https:\/\/i0.wp.com\/www.ufukonen.com\/tr\/wp-content\/uploads\/Waves_StudioRack_VST_00_Header.jpg?resize=350%2C200&ssl=1","width":350,"height":200},"classes":[]},{"id":4974,"url":"https:\/\/www.ufukonen.com\/tr\/mikste-referans-parca-kullanimi.html","url_meta":{"origin":2365,"position":2},"title":"Mikste Referans Par\u00e7a Kullan\u0131m\u0131","date":"August 19, 2019","format":false,"excerpt":"Miks s\u0131ras\u0131nda yapt\u0131\u011f\u0131m\u0131z i\u015fi, kalitesinden emin oldu\u011fumuz bir prod\u00fcksiyon ile k\u0131yaslamak amac\u0131yla kulland\u0131\u011f\u0131m\u0131z par\u00e7alara referans par\u00e7a ad\u0131 veriliyor. Baz\u0131lar\u0131 referans par\u00e7alar\u0131 sadece amat\u00f6rlerin ya da i\u015fe yeni ba\u015flayan miks m\u00fchendislerinin kulland\u0131\u011f\u0131n\u0131 d\u00fc\u015f\u00fcn\u00fcyor, ancak bu do\u011fru de\u011fil. Referans par\u00e7alar deneyimli miks m\u00fchendisleri taraf\u0131ndan da s\u0131kl\u0131kla kullan\u0131l\u0131yor. Referans par\u00e7a kullan\u0131m\u0131 \u00e7al\u0131\u015fmakta oldu\u011funuz\u2026","rel":"","context":"In &quot;M\u00fczik Prod\u00fcksiyonu&quot;","img":{"alt_text":"","src":"https:\/\/i0.wp.com\/www.ufukonen.com\/tr\/wp-content\/uploads\/Mikste_Referans_Parca_Kullanimi_720.jpg?resize=350%2C200&ssl=1","width":350,"height":200},"classes":[]},{"id":7410,"url":"https:\/\/www.ufukonen.com\/tr\/apple-iphone-voice-isolation.html","url_meta":{"origin":2365,"position":3},"title":"Apple iPhone Voice Isolation \u00d6zelli\u011fi","date":"May 23, 2022","format":false,"excerpt":"Kay\u0131tl\u0131 seslerde istenmeyen arka plan g\u00fcr\u00fclt\u00fclerinin analiz edilip temizlenmesi, sesin sadece istenilen k\u0131sm\u0131n\u0131n izole edilip kullan\u0131lmas\u0131 yeni bir \u015fey de\u011fil. Bu i\u015flemi Izotope RX gibi profesyonel uygulamalarla zaten y\u0131llardan beri yap\u0131yoruz. Firmalar bu i\u015fi ger\u00e7ek zamanl\u0131 (real time) olarak da yapabilmek i\u00e7in ara\u015ft\u0131rma ve geli\u015ftirme \u00e7al\u0131\u015fmalar\u0131 yap\u0131yordu. Bu \u00e7al\u0131\u015fmalar meyvelerini\u2026","rel":"","context":"In &quot;Ses ve M\u00fczik Teknolojileri&quot;","img":{"alt_text":"","src":"https:\/\/i0.wp.com\/www.ufukonen.com\/tr\/wp-content\/uploads\/Apple_iPhone_Voice_Isolation_00_Header.jpg?resize=350%2C200&ssl=1","width":350,"height":200},"classes":[]},{"id":5997,"url":"https:\/\/www.ufukonen.com\/tr\/de-esser-nedir-nasil-kullanilir.html","url_meta":{"origin":2365,"position":4},"title":"De-esser Nedir ve Nas\u0131l Kullan\u0131l\u0131r?","date":"August 17, 2020","format":false,"excerpt":"De-esser nedir ve nas\u0131l kullan\u0131l\u0131r sorular\u0131n\u0131n cevaplar\u0131na ge\u00e7meden \u00f6nce 'sibilance' (sibilans) \u00fczerine birka\u00e7 sat\u0131r yazmak istiyorum. Sibilans S, \u015f, c, \u00e7, j, z gibi \u00fcns\u00fczlerin a\u015f\u0131r\u0131 vurgulanmas\u0131yla ortaya \u00e7\u0131kan ve genelde istenmeyen ve \"kulak t\u0131rmalay\u0131c\u0131\" olarak nitelendirelen sesler sibilans olarak adland\u0131r\u0131l\u0131r. Sibilans probleminin miktar\u0131 di\u015f yap\u0131s\u0131 ve benzeri sebeplerden dolay\u0131\u2026","rel":"","context":"In &quot;Ses ve M\u00fczik Teknolojileri&quot;","img":{"alt_text":"","src":"https:\/\/i0.wp.com\/www.ufukonen.com\/tr\/wp-content\/uploads\/De-esser_Header.jpg?resize=350%2C200&ssl=1","width":350,"height":200},"classes":[]},{"id":7428,"url":"https:\/\/www.ufukonen.com\/tr\/davul-perkusyon-midi-teknik.html","url_meta":{"origin":2365,"position":5},"title":"Davul ve Perk\u00fcsyon MIDI Notalar\u0131n\u0131 Yazmak \u0130\u00e7in E\u011flenceli Bir Teknik","date":"June 13, 2022","format":false,"excerpt":"Davul ve perk\u00fcsyon MIDI kanallar\u0131n\u0131 nas\u0131l olu\u015fturuyorsunuz? Notalar\u0131 sequencer i\u00e7ine nas\u0131l kay\u0131t ediyorsunuz? MIDI klavye kullanarak? Elektro davul veya pad kullanarak? Fare ile notalar\u0131 \u00e7izerek? Bunlar\u0131 hepsi y\u0131llardan beri hepimizin kulland\u0131\u011f\u0131 y\u00f6ntemler. Peki masaya ya da bacaklar\u0131n\u0131za vurarak davul \u00e7ald\u0131\u011f\u0131n\u0131z ve bunu MIDI notas\u0131na d\u00f6n\u00fc\u015ft\u00fcrd\u00fc\u011f\u00fcn\u00fcz oldu mu? Ben arada yap\u0131yorum,\u2026","rel":"","context":"In &quot;M\u00fczik Prod\u00fcksiyonu&quot;","img":{"alt_text":"","src":"https:\/\/i0.wp.com\/www.ufukonen.com\/tr\/wp-content\/uploads\/Davul_Perkusyon_MIDI_00_Header.jpg?resize=350%2C200&ssl=1","width":350,"height":200},"classes":[]}],"_links":{"self":[{"href":"https:\/\/www.ufukonen.com\/tr\/wp-json\/wp\/v2\/posts\/2365"}],"collection":[{"href":"https:\/\/www.ufukonen.com\/tr\/wp-json\/wp\/v2\/posts"}],"about":[{"href":"https:\/\/www.ufukonen.com\/tr\/wp-json\/wp\/v2\/types\/post"}],"author":[{"embeddable":true,"href":"https:\/\/www.ufukonen.com\/tr\/wp-json\/wp\/v2\/users\/2"}],"replies":[{"embeddable":true,"href":"https:\/\/www.ufukonen.com\/tr\/wp-json\/wp\/v2\/comments?post=2365"}],"version-history":[{"count":24,"href":"https:\/\/www.ufukonen.com\/tr\/wp-json\/wp\/v2\/posts\/2365\/revisions"}],"predecessor-version":[{"id":2565,"href":"https:\/\/www.ufukonen.com\/tr\/wp-json\/wp\/v2\/posts\/2365\/revisions\/2565"}],"wp:featuredmedia":[{"embeddable":true,"href":"https:\/\/www.ufukonen.com\/tr\/wp-json\/wp\/v2\/media\/2366"}],"wp:attachment":[{"href":"https:\/\/www.ufukonen.com\/tr\/wp-json\/wp\/v2\/media?parent=2365"}],"wp:term":[{"taxonomy":"category","embeddable":true,"href":"https:\/\/www.ufukonen.com\/tr\/wp-json\/wp\/v2\/categories?post=2365"},{"taxonomy":"post_tag","embeddable":true,"href":"https:\/\/www.ufukonen.com\/tr\/wp-json\/wp\/v2\/tags?post=2365"}],"curies":[{"name":"wp","href":"https:\/\/api.w.org\/{rel}","templated":true}]}}