{"id":2412,"date":"2016-02-10T22:34:14","date_gmt":"2016-02-10T20:34:14","guid":{"rendered":"http:\/\/ufukonen.com\/tr\/?p=2412"},"modified":"2016-02-10T22:34:14","modified_gmt":"2016-02-10T20:34:14","slug":"muzik-teknolojisinde-turk-muzigine-ozgu-tasarimlar-seminer","status":"publish","type":"post","link":"https:\/\/www.ufukonen.com\/tr\/muzik-teknolojisinde-turk-muzigine-ozgu-tasarimlar-seminer.html","title":{"rendered":"M\u00fczik Teknolojisinde T\u00fcrk M\u00fczi\u011fi&#8217;ne \u00d6zg\u00fc Tasar\u0131mlar (Seminer)"},"content":{"rendered":"<p><img loading=\"lazy\" class=\"aligncenter wp-image-2416\" src=\"http:\/\/ufukonen.com\/tr\/wp-content\/uploads\/headF-1024x351.png\" alt=\"CompMusic\" width=\"550\" height=\"189\" srcset=\"https:\/\/www.ufukonen.com\/tr\/wp-content\/uploads\/headF-1024x351.png 1024w, https:\/\/www.ufukonen.com\/tr\/wp-content\/uploads\/headF-300x103.png 300w\" sizes=\"(max-width: 550px) 100vw, 550px\" \/><\/p>\n<p>T\u00fcrk M\u00fczi\u011fi i\u00e7in geli\u015ftirilen\u00a0teknoloji ve \u00fcr\u00fcnlerin sunulaca\u011f\u0131 seminerler serisi \u015eubat ay\u0131 i\u00e7inde Ankara ve \u0130stanbul&#8217;da \u00e7e\u015fitli \u00fcniversitlerde ger\u00e7ekle\u015ftirilecek. Tarih\/yer bilgileri \u015fu \u015fekilde (her etkinlik i\u00e7in ayr\u0131 bir Facebook sayfas\u0131 var):<\/p>\n<ul>\n<li><a href=\"https:\/\/www.facebook.com\/events\/1005760552829570\/\" target=\"_blank\">16 \u015eubat\u00a0Y\u0131ld\u0131z\u00a0Teknik \u00dcniversitesi, Davutpa\u015fa Kamp\u00fcs\u00fc, VEKOM, 14.00<\/a><\/li>\n<li><a href=\"https:\/\/www.facebook.com\/events\/171315813242286\/\" target=\"_blank\">18 \u015eubat istanbul Teknik\u00dcniversitesi, Macka Kamp\u00fcs\u00fc, Bised Seminer Salonu, 10.00<\/a><\/li>\n<li><a href=\"https:\/\/www.facebook.com\/events\/1716579085244903\/\" target=\"_blank\">22 \u015eubat ODT\u00dc, Informatik Enstit\u00fcs\u00fc, A124 Konferans Salonu, 09.00<\/a><\/li>\n<li><a href=\"https:\/\/www.facebook.com\/events\/108871569501055\/\" target=\"_blank\">23 \u015eubat Bilkent \u00dcniversitesi, Elektrik ve Elektronik M\u00fchendisli\u011fi,\u00a0EE-01 Conference Hall, 09.00<\/a><\/li>\n<li><a href=\"https:\/\/www.facebook.com\/events\/1715598558673384\/\" target=\"_blank\">24 \u015eubat Y\u0131ld\u0131r\u0131m\u00a0Beyaz\u0131t \u00dcniversitesi, Kavakl\u0131dere Ek Hizmet Binas\u0131, 13.30<\/a><\/li>\n<\/ul>\n<p>&nbsp;<\/p>\n<h3>CompMusic Projesi<\/h3>\n<p>CompMusic, Avrupa Ara\u015ft\u0131rma Komisyonu taraf\u0131ndan desteklenen ve Barcelona&#8217;daki Pompeu Fabra \u00dcniversitesi, M\u00fczik Teknolojileri Grubu&#8217;ndan Xavier Serra taraf\u0131ndan koordine edilen bir proje. Bu proje, k\u00fclt\u00fcre \u00f6zg\u00fc y\u00f6ntemler kullanarak m\u00fczi\u011fin otomatik tan\u0131mlanmas\u0131nda ilerleme sa\u011flamay\u0131 ama\u00e7l\u0131yor. Ara\u015ft\u0131rma bilgi teknolojileri \u00e7er\u00e7evesinde ve disiplinler aras\u0131 bir yakla\u015f\u0131mla ger\u00e7ekle\u015ftiriliyor. Proje be\u015f m\u00fczik k\u00fclt\u00fcr\u00fcn\u00fc kaps\u0131yor: Hindustani m\u00fczi\u011fi (Kuzey Hindistan), Karnatik m\u00fczi\u011fi (G\u00fcney Hindistan), T\u00fcrk makam m\u00fczi\u011fi (T\u00fcrkiye), Arap-End\u00fcl\u00fcs m\u00fczi\u011fi (Ma\u011frib) ve Pekin operas\u0131 (\u00c7in).<\/p>\n<p>Bu proje, g\u00fcn\u00fcm\u00fcz\u00fcn Bat\u0131 merkezli bilgi paradigmalar\u0131n\u0131n \u00f6tesine ge\u00e7mek, Bilgi Teknolojisi ara\u015ft\u0131rmalar\u0131nda ilerleme sa\u011flamak ve zengin, \u00e7ok k\u00fclt\u00fcrl\u00fc toplumumuza katk\u0131da bulunmak arzusuyla yola \u00e7\u0131km\u0131\u015f.<\/p>\n<p>Projenin temel hedefi, g\u00fcn\u00fcm\u00fczde M\u00fczik Hesaplamalar\u0131 alan\u0131nda kar\u015f\u0131la\u015ft\u0131\u011f\u0131m\u0131z baz\u0131 ara\u015ft\u0131rma problemlerine \u00e7ok k\u00fclt\u00fcrl\u00fc bir perspektiften yakla\u015farak bu alanda ilerleme kaydetmek. Proje, m\u00fczi\u011fin tan\u0131mlanmas\u0131 ve formalizasyonunda ilerleme sa\u011flamak, bunlar\u0131 hesaplamal\u0131 yakla\u015f\u0131mlar i\u00e7in daha uygun bir hale getirmek ve ses sinyal tan\u0131mlar\u0131 (audio signal descriptions) ile semantik olarak anlaml\u0131 m\u00fczik kavramlar\u0131 aras\u0131ndaki u\u00e7urumu azaltmak amac\u0131nda. Ayr\u0131ca projede Bat\u0131 harici m\u00fczik repertuvar\u0131na uygulanabilir bir bilgi modelleme tekni\u011fi geli\u015ftirip k\u00fclt\u00fcre \u00f6zg\u00fc m\u00fczikal ba\u011flamlar\u0131 temsil edebilecek hesaplamal\u0131 modeller form\u00fcle etmek hedefleniyor.<\/p>\n<p>\u00c7ok uluslu bu projede T\u00fcrk M\u00fczi\u011fi ekibinin hedefleri, T\u00fcrk Makam m\u00fczi\u011fi i\u00e7in hesaplamal\u0131 modeller geli\u015ftirmek, m\u00fczikolojik ara\u015ft\u0131rmalar i\u00e7in bilgisayar destekli analiz imkanlar\u0131 sunabilmek, bu k\u00fclt\u00fcr\u00fc \u00f6\u011frenmek isteyen t\u00fcm ki\u015filer i\u00e7in e\u011fitim ara\u00e7lar\u0131 tasarlamak ve s\u00fcrd\u00fcr\u00fclebilir bilgi a\u011flar\u0131 olu\u015fturmak.<\/p>\n<p>Web sitesi:\u00a0<a href=\"http:\/\/dunya.compmusic.upf.edu\/makam\/\" target=\"_blank\">dunya.compmusic.upf.edu\/makam<\/a><\/p>\n","protected":false},"excerpt":{"rendered":"<p class=\"post-excerpt\">T\u00fcrk M\u00fczi\u011fi i\u00e7in geli\u015ftirilen\u00a0teknoloji ve \u00fcr\u00fcnlerin sunulaca\u011f\u0131 seminerler serisi \u015eubat ay\u0131 i\u00e7inde Ankara ve \u0130stanbul&#8217;da \u00e7e\u015fitli \u00fcniversitlerde ger\u00e7ekle\u015ftirilecek. Tarih\/yer bilgileri&#8230;<\/p>\n","protected":false},"author":2,"featured_media":2416,"comment_status":"closed","ping_status":"open","sticky":false,"template":"","format":"standard","meta":{"_mi_skip_tracking":false,"spay_email":"","jetpack_publicize_message":"","jetpack_is_tweetstorm":false,"jetpack_publicize_feature_enabled":true},"categories":[21],"tags":[],"jetpack_featured_media_url":"https:\/\/www.ufukonen.com\/tr\/wp-content\/uploads\/headF.png","jetpack_publicize_connections":[],"jetpack_shortlink":"https:\/\/wp.me\/p3rjsG-CU","jetpack_sharing_enabled":true,"jetpack-related-posts":[{"id":1478,"url":"https:\/\/www.ufukonen.com\/tr\/atmm-ekibe-katilmak-ister-misiniz.html","url_meta":{"origin":2412,"position":0},"title":"ATMM 2014: Ekibe Kat\u0131lmak \u0130ster misiniz?","date":"June 6, 2014","format":false,"excerpt":"ATMM (Audio Technologies for Music and Media \u2013 M\u00fczik ve Medya i\u00e7in Ses Teknolojileri), ses ve m\u00fczik teknolojileri ile g\u00f6rsel-i\u015fitsel ara\u00e7lar\u0131n farkl\u0131 y\u00f6nlerine odaklanan, ses, m\u00fczik, g\u00f6r\u00fcnt\u00fc ve insan etkile\u015fimi gibi konular\u0131n birbirleri ile olan etkile\u015fimlerini hem \u2018geleneksel\u2019 hem de \u2018yeni\u2019 medya a\u00e7\u0131s\u0131ndan inceleyen disiplinleraras\u0131 ve uluslararas\u0131 bir konferanst\u0131r. Web\u2026","rel":"","context":"In &quot;ATMM&quot;","img":{"alt_text":"","src":"https:\/\/i0.wp.com\/www.ufukonen.com\/tr\/wp-content\/uploads\/cropped-ATMM_2014_INT_Header_2_960px.jpg?resize=350%2C200&ssl=1","width":350,"height":200},"classes":[]},{"id":2365,"url":"https:\/\/www.ufukonen.com\/tr\/ufuk-onen-tanerman-workshop.html","url_meta":{"origin":2412,"position":1},"title":"Bu \u0130\u015fi Evde Nas\u0131l Yapar\u0131m? &#8211; Ufuk \u00d6nen &#038; Tanerman Workshop","date":"April 20, 2016","format":false,"excerpt":"Bu i\u015fi evde nas\u0131l yapar\u0131m? Nas\u0131l \u00f6\u011frenirim? Teknik olarak nas\u0131l bir d\u00fczene ihtiyac\u0131m var? \u00c7al\u0131\u015faca\u011f\u0131m mekan\u0131n akusti\u011fi nas\u0131l olmal\u0131? Bu sorular bize s\u0131k s\u0131k soruluyordu. D\u00fc\u015f\u00fcnd\u00fck, mesajlarla cevap vermek yerine bulu\u015fal\u0131m, tan\u0131\u015fal\u0131m, oturup y\u00fcz y\u00fcze konu\u015fal\u0131m, ev konseptli bu odada \u00fcretti\u011fimiz \"Tanerman EP\"nin iTunes ve YouTube ba\u015far\u0131s\u0131ndan, yani bizim bu\u2026","rel":"","context":"In &quot;Ders &amp; Workshop&quot;","img":{"alt_text":"","src":"https:\/\/i0.wp.com\/www.ufukonen.com\/tr\/wp-content\/uploads\/UfukOnen_Tanerman_Workshop_Home.jpg?resize=350%2C200&ssl=1","width":350,"height":200},"classes":[]},{"id":880,"url":"https:\/\/www.ufukonen.com\/tr\/atmm-2013-bilkent-ankara-31-ekim-1-kasim.html","url_meta":{"origin":2412,"position":2},"title":"ATMM 2013, Bilkent, Ankara (31 Ekim &#8211; 1 Kas\u0131m)","date":"November 3, 2013","format":false,"excerpt":"ATMM (Audio Technologies for Music and Media - M\u00fczik ve Medya i\u00e7in Ses Teknolojileri), ses ve m\u00fczik teknolojileri ile g\u00f6rsel-i\u015fitsel ara\u00e7lar\u0131n farkl\u0131 y\u00f6nlerine odaklanan, ses, m\u00fczik, g\u00f6r\u00fcnt\u00fc ve insan etkile\u015fimi gibi konular\u0131n birbirleri ile olan etkile\u015fimlerini hem 'geleneksel' hem de 'yeni' medya a\u00e7\u0131s\u0131ndan inceleyen disiplinleraras\u0131 ve uluslararas\u0131 bir konferanst\u0131r. ATMM\u2026","rel":"","context":"In &quot;ATMM&quot;","img":{"alt_text":"ATMM 2013 - Audio Technologies for Music and Media International Conference - Ufuk \u00d6nen","src":"https:\/\/i0.wp.com\/www.ufukonen.com\/tr\/wp-content\/uploads\/ATMM_2013_Poster_131012_s.jpg?resize=350%2C200&ssl=1","width":350,"height":200},"classes":[]},{"id":290,"url":"https:\/\/www.ufukonen.com\/tr\/atmm-2012nin-ardindan.html","url_meta":{"origin":2412,"position":3},"title":"ATMM 2012&#8217;nin Ard\u0131ndan&#8230;","date":"January 11, 2013","format":false,"excerpt":"ATMM (Audio Technologies for Music and Media - M\u00fczik ve Medya i\u00e7in Ses Teknolojileri) konferans\u0131n\u0131n birincisi 1-2 Kas\u0131m 2012 tarihlerinde G\u00fczel Sanatlar, Tasar\u0131m ve Mimarl\u0131k Fak\u00fcltesi, \u0130leti\u015fim ve Tasar\u0131m B\u00f6l\u00fcm\u00fc'n\u00fcn ev sahipli\u011finde, Bilkent \u00dcniversitesi'nde ger\u00e7ekle\u015fti. Konferans fikrini ortaya ilk att\u0131\u011f\u0131m\u0131zda bunu tek seferlik de\u011fil, her sene tekrar edecek bir organizasyon\u2026","rel":"","context":"In &quot;ATMM&quot;","img":{"alt_text":"","src":"https:\/\/i0.wp.com\/www.ufukonen.com\/tr\/wp-content\/uploads\/ATMM_Closing-2.jpg?resize=350%2C200&ssl=1","width":350,"height":200},"classes":[]},{"id":2008,"url":"https:\/\/www.ufukonen.com\/tr\/atmm-2014.html","url_meta":{"origin":2412,"position":4},"title":"ATMM 2014: 12-13 Kas\u0131m Ankara, 14 Kas\u0131m \u0130stanbul","date":"September 28, 2014","format":false,"excerpt":"ATMM (Audio Technologies for Music and Media \u2013 M\u00fczik ve Medya i\u00e7in Ses Teknolojileri), ses ve m\u00fczik teknolojileri ile g\u00f6rsel-i\u015fitsel ara\u00e7lar\u0131n farkl\u0131 y\u00f6nlerine odaklanan, ses, m\u00fczik, g\u00f6r\u00fcnt\u00fc ve insan etkile\u015fimi gibi konular\u0131n birbirleri ile olan etkile\u015fimlerini hem \u2018geleneksel\u2019 hem de \u2018yeni\u2019 medya a\u00e7\u0131s\u0131ndan inceleyen disiplinleraras\u0131 ve uluslararas\u0131 bir konferanst\u0131r. ATMM\u2026","rel":"","context":"In &quot;ATMM&quot;","img":{"alt_text":"","src":"https:\/\/i0.wp.com\/www.ufukonen.com\/tr\/wp-content\/uploads\/ATMM_2014_TwitterPost_1024x512_140922.jpg?resize=350%2C200&ssl=1","width":350,"height":200},"classes":[]},{"id":8096,"url":"https:\/\/www.ufukonen.com\/tr\/sounding-off-2023-bilkent_.html","url_meta":{"origin":2412,"position":5},"title":"Sounding Off 2023: Gelece\u011fin Ses Getirecek Kad\u0131nlar\u0131 \u0130le Bulu\u015ftuk","date":"June 8, 2023","format":false,"excerpt":"Benim i\u00e7in \u00e7ok \u00f6nemli olan bir projeyi hayata ge\u00e7irmenin mutlulu\u011funu ya\u015f\u0131yorum: Sounding Off: The Next Generation of Women in Sound \ud83d\ude0e https:\/\/youtu.be\/KewMIfioGOw Film ve televizyon i\u00e7in ses ve m\u00fczik, streaming platformlar\u0131n\u0131n yayg\u0131nla\u015fmas\u0131yla birlikte T\u00fcrkiye ve d\u00fcnyada h\u0131zla geli\u015fen bir alan. Kurgu, film, belgesel, dizi, animasyon dahil her t\u00fcr g\u00f6rsel medya\u2026","rel":"","context":"In &quot;Ders &amp; Workshop&quot;","img":{"alt_text":"","src":"https:\/\/i0.wp.com\/www.ufukonen.com\/tr\/wp-content\/uploads\/Sounding_Off_2023_00_Header_2.jpg?resize=350%2C200&ssl=1","width":350,"height":200},"classes":[]}],"_links":{"self":[{"href":"https:\/\/www.ufukonen.com\/tr\/wp-json\/wp\/v2\/posts\/2412"}],"collection":[{"href":"https:\/\/www.ufukonen.com\/tr\/wp-json\/wp\/v2\/posts"}],"about":[{"href":"https:\/\/www.ufukonen.com\/tr\/wp-json\/wp\/v2\/types\/post"}],"author":[{"embeddable":true,"href":"https:\/\/www.ufukonen.com\/tr\/wp-json\/wp\/v2\/users\/2"}],"replies":[{"embeddable":true,"href":"https:\/\/www.ufukonen.com\/tr\/wp-json\/wp\/v2\/comments?post=2412"}],"version-history":[{"count":6,"href":"https:\/\/www.ufukonen.com\/tr\/wp-json\/wp\/v2\/posts\/2412\/revisions"}],"predecessor-version":[{"id":2419,"href":"https:\/\/www.ufukonen.com\/tr\/wp-json\/wp\/v2\/posts\/2412\/revisions\/2419"}],"wp:featuredmedia":[{"embeddable":true,"href":"https:\/\/www.ufukonen.com\/tr\/wp-json\/wp\/v2\/media\/2416"}],"wp:attachment":[{"href":"https:\/\/www.ufukonen.com\/tr\/wp-json\/wp\/v2\/media?parent=2412"}],"wp:term":[{"taxonomy":"category","embeddable":true,"href":"https:\/\/www.ufukonen.com\/tr\/wp-json\/wp\/v2\/categories?post=2412"},{"taxonomy":"post_tag","embeddable":true,"href":"https:\/\/www.ufukonen.com\/tr\/wp-json\/wp\/v2\/tags?post=2412"}],"curies":[{"name":"wp","href":"https:\/\/api.w.org\/{rel}","templated":true}]}}