{"id":2437,"date":"2016-03-24T13:56:46","date_gmt":"2016-03-24T11:56:46","guid":{"rendered":"http:\/\/ufukonen.com\/tr\/?p=2437"},"modified":"2016-03-24T13:58:32","modified_gmt":"2016-03-24T11:58:32","slug":"studyo-tipi-kulakliklar","status":"publish","type":"post","link":"https:\/\/www.ufukonen.com\/tr\/studyo-tipi-kulakliklar.html","title":{"rendered":"St\u00fcdyo Tipi Kulakl\u0131klar ve Yeni Geli\u015fmeler"},"content":{"rendered":"<p><img loading=\"lazy\" class=\"aligncenter wp-image-2446\" src=\"http:\/\/ufukonen.com\/tr\/wp-content\/uploads\/Headphones_DanielMcAnulty_720.jpg\" alt=\"Headphones_DanielMcAnulty_720\" width=\"550\" height=\"324\" srcset=\"https:\/\/www.ufukonen.com\/tr\/wp-content\/uploads\/Headphones_DanielMcAnulty_720.jpg 720w, https:\/\/www.ufukonen.com\/tr\/wp-content\/uploads\/Headphones_DanielMcAnulty_720-300x177.jpg 300w\" sizes=\"(max-width: 550px) 100vw, 550px\" \/><\/p>\n<p>Kulakl\u0131klar, klasik \u015fekildeki kullan\u0131mlar\u0131nda, oda akusti\u011fini tamamen devre d\u0131\u015f\u0131 b\u0131rak\u0131r ve size sadece kaydetti\u011finiz materyali dinleme imk\u00e2n\u0131 verir.\u00a0Kulakl\u0131klar editing i\u015flemleri s\u0131ras\u0131nda olduk\u00e7a yararl\u0131d\u0131r, \u00e7\u00fcnk\u00fc monit\u00f6r hoparl\u00f6rlerinizde ka\u00e7\u0131rd\u0131\u011f\u0131n\u0131z baz\u0131 detaylar\u0131 kulakl\u0131kla \u00e7ok daha rahat bir \u015fekilde duyup yakalayabilirsiniz. Kulakl\u0131klar, enstr\u00fcman veya seslerin stereo panorama i\u00e7indeki yerlerini ve genel olarak stereo panoramay\u0131 kontrol etmek i\u00e7in de kullan\u0131l\u0131r. T\u00fcm bir kay\u0131t veya miksi oda akusti\u011finden izole bir \u015fekilde yapmak bence pek iyi bir fikir de\u011fildir;\u00a0\u015fahsi g\u00f6r\u00fc\u015f\u00fcm kulakl\u0131klar\u0131n sadece test ve kontrol amac\u0131yla kullan\u0131lmas\u0131 y\u00f6n\u00fcndedir. Tabii sadece klasik \u015fekildeki kullan\u0131mlarda&#8230;<\/p>\n<p>&#8220;Klasik \u015fekildeki kullan\u0131mlar\u0131nda&#8221; diye \u00f6zellikle vurguluyorum\u00a0\u00e7\u00fcnk\u00fc art\u0131k kulakl\u0131kla dinleme yaparken oda akusti\u011fini devreye sokmak, hatta 5.1 miks yapmak bile m\u00fcmk\u00fcn. Durum b\u00f6yle olunca kulakl\u0131k sadece kontrol amac\u0131yla kullan\u0131lan bir ekipman olmaktan\u00a0\u00e7\u0131k\u0131p t\u00fcm kayd\u0131 ve miksi bitirebilece\u011finiz bir monit\u00f6re d\u00f6n\u00fc\u015f\u00fcyor. Belki \u015fu anda bu kadar kesin konu\u015fmak i\u00e7in \u00e7ok erken ama en az\u0131ndan\u00a0bunun i\u00e7in ilk ad\u0131mlar at\u0131ld\u0131:\u00a0Waves firmas\u0131n\u0131n Nx adl\u0131 plug-in&#8217;i \u00fcst s\u0131n\u0131f st\u00fcdyolar\u0131n akusti\u011fini sim\u00fcle edip kulakl\u0131\u011f\u0131n\u0131za yans\u0131t\u0131yor.<\/p>\n<div id=\"attachment_2443\" style=\"width: 510px\" class=\"wp-caption aligncenter\"><img aria-describedby=\"caption-attachment-2443\" loading=\"lazy\" class=\"wp-image-2443\" src=\"http:\/\/ufukonen.com\/tr\/wp-content\/uploads\/Waves_Nx.jpg\" alt=\"Waves Nx\" width=\"500\" height=\"326\" srcset=\"https:\/\/www.ufukonen.com\/tr\/wp-content\/uploads\/Waves_Nx.jpg 705w, https:\/\/www.ufukonen.com\/tr\/wp-content\/uploads\/Waves_Nx-300x196.jpg 300w\" sizes=\"(max-width: 500px) 100vw, 500px\" \/><p id=\"caption-attachment-2443\" class=\"wp-caption-text\">Waves Nx<\/p><\/div>\n<p>&nbsp;<\/p>\n<p>DaySequerra firmas\u0131 ise yak\u0131nda piyasaya s\u00fcrece\u011fi iMix Monitor adl\u0131 cihazla st\u00fcdyo ya da t\u00fcketici tipi herhangi bir kulakl\u0131kla 5.1 surround miks yapman\u0131za imkan sunmaya haz\u0131rlan\u0131yor. Waves Nx i\u00e7in ayr\u0131n\u0131t\u0131l\u0131 bilgiye ve videolara <a href=\"http:\/\/www.waves.com\/plugins\/nx\" target=\"_blank\">buradan<\/a>, DaySequerra iMix Monitor i\u00e7in tan\u0131t\u0131m metnine ise <a href=\"http:\/\/daysequerra.com\/ViewProduct.aspx?CurPage=iMix%205.1%20Headphone%20Monitor&amp;sname=5.1+Monitor\" target=\"_blank\">buradan<\/a> ula\u015fabilirsiniz.<\/p>\n<div id=\"attachment_2441\" style=\"width: 562px\" class=\"wp-caption aligncenter\"><img aria-describedby=\"caption-attachment-2441\" loading=\"lazy\" class=\"wp-image-2441\" src=\"http:\/\/ufukonen.com\/tr\/wp-content\/uploads\/DaySequerra_iMix_Monitor-1024x158.jpg\" alt=\"DaySequerra iMix 5.1 Monitor\" width=\"552\" height=\"85\" srcset=\"https:\/\/www.ufukonen.com\/tr\/wp-content\/uploads\/DaySequerra_iMix_Monitor-1024x158.jpg 1024w, https:\/\/www.ufukonen.com\/tr\/wp-content\/uploads\/DaySequerra_iMix_Monitor-300x46.jpg 300w, https:\/\/www.ufukonen.com\/tr\/wp-content\/uploads\/DaySequerra_iMix_Monitor.jpg 1260w\" sizes=\"(max-width: 552px) 100vw, 552px\" \/><p id=\"caption-attachment-2441\" class=\"wp-caption-text\">DaySequerra iMix 5.1 Monitor<\/p><\/div>\n<p>&nbsp;<\/p>\n<p>\u015eimdi k\u0131saca st\u00fcdyo tipi kulakl\u0131klara bir g\u00f6z atal\u0131m&#8230; Kulakl\u0131klar da ayn\u0131 hoparl\u00f6rler gibi sealed (ya da closed) ve open (veya vented) olarak ikiye ayr\u0131l\u0131r. Bu iki tasar\u0131m aras\u0131nda kalan bir de semi-open kulakl\u0131klar bulunur.<\/p>\n<p>Sealed (closed), T\u00fcrk\u00e7e ad\u0131yla kapal\u0131 kulakl\u0131klar, tak\u0131ld\u0131\u011f\u0131 zaman kula\u011f\u0131 tamamen kaplar ve d\u0131\u015f sesleri m\u00fcmk\u00fcn oldu\u011funca keser. Kapal\u0131 hoparl\u00f6rlerde oldu\u011fu gibi kapal\u0131 kulakl\u0131klarda da alt frekanslar ya da di\u011fer bir deyi\u015fle bas sesler fazla verimli de\u011fildir. Bu kulakl\u0131klar b\u00fcy\u00fck olduklar\u0131 ve kulaklar\u0131 s\u0131k\u0131ca kapatt\u0131klar\u0131 i\u00e7in uzun s\u00fcreli kullan\u0131mlarda rahats\u0131zl\u0131k verir.<\/p>\n<p>Open (vented), T\u00fcrk\u00e7e ad\u0131yla a\u00e7\u0131k kulakl\u0131klarda kula\u011f\u0131n \u00fczerine oturan s\u00fcngerli yumu\u015fak par\u00e7alar bulunur. A\u00e7\u0131k kulakl\u0131klar\u0131n sesi kapal\u0131 kulakl\u0131klara g\u00f6re daha nat\u00fcreldir. A\u00e7\u0131k kulakl\u0131klar d\u0131\u015far\u0131dan gelen sesleri fazla \u00f6nlemez. A\u00e7\u0131k kulakl\u0131kla kay\u0131t yapan vokalist, spiker ve m\u00fczisyenler ayn\u0131 anda hem mikrofondan gelen, hem de biraz olsun kendilerinin veya enstr\u00fcmanlar\u0131n\u0131n seslerini oda i\u00e7indeki do\u011fal halleri\u00a0\ufffcile duyar. Hem bu sebepten hem de a\u00e7\u0131k kulakl\u0131klar\u0131n kapal\u0131 kulakl\u0131klara g\u00f6re daha hafif, dolay\u0131s\u0131yla daha az rahats\u0131z edici olmas\u0131ndan \u00f6t\u00fcr\u00fc st\u00fcdyo kay\u0131tlar\u0131nda m\u00fczisyenler ve spikerler taraf\u0131ndan a\u00e7\u0131k kulakl\u0131klar tercih edilir. A\u00e7\u0131k kulakl\u0131klar\u0131n dezavantaj\u0131, y\u00fcksek vol\u00fcmlerde kullan\u0131ld\u0131\u011f\u0131nda, \u00e7\u0131kan seslerin kay\u0131t mikrofonlar\u0131na kar\u0131\u015fmas\u0131d\u0131r.<\/p>\n<div id=\"attachment_2447\" style=\"width: 510px\" class=\"wp-caption aligncenter\"><img aria-describedby=\"caption-attachment-2447\" loading=\"lazy\" class=\"wp-image-2447\" src=\"http:\/\/ufukonen.com\/tr\/wp-content\/uploads\/AKG_K182_folded.jpg\" alt=\"AKG K182 kapal\u0131 kulakl\u0131k\" width=\"500\" height=\"308\" srcset=\"https:\/\/www.ufukonen.com\/tr\/wp-content\/uploads\/AKG_K182_folded.jpg 720w, https:\/\/www.ufukonen.com\/tr\/wp-content\/uploads\/AKG_K182_folded-300x185.jpg 300w\" sizes=\"(max-width: 500px) 100vw, 500px\" \/><p id=\"caption-attachment-2447\" class=\"wp-caption-text\">AKG K182 kapal\u0131 kulakl\u0131k<\/p><\/div>\n<p>&nbsp;<\/p>\n<p>Hat\u0131rlatma yapmakta fayda var: kulakl\u0131kla \u00e7al\u0131\u015f\u0131rken fark\u0131nda olmadan sesi fazla a\u00e7mak, uzun s\u00fcrelerle y\u00fcksek ses \u015fiddetine maruz kalmak i\u015ften bile de\u011fil. Bu da kal\u0131c\u0131 duyma bozuklu\u011fu a\u00e7\u0131s\u0131ndan \u00e7ok riskli! Bu konuda \u00e7ok dikkatli olmal\u0131y\u0131z.<\/p>\n<p>Benzer yaz\u0131 ve haber payla\u015f\u0131mlar\u0131 i\u00e7in beni <a href=\"https:\/\/www.facebook.com\/ufukonen.skmt\/\" target=\"_blank\">Facebook<\/a> ve \u00a0<a href=\"https:\/\/twitter.com\/ufukonen\" target=\"_blank\">Twitter<\/a>&#8216;da takip edin!<\/p>\n<p>Ba\u015fl\u0131k g\u00f6rseli: <a href=\"https:\/\/www.flickr.com\/photos\/demcanulty\/1328003372\" target=\"_blank\">Daniel McAnulty<\/a><\/p>\n<p>&nbsp;<\/p>\n","protected":false},"excerpt":{"rendered":"<p class=\"post-excerpt\">Kulakl\u0131klar, klasik \u015fekildeki kullan\u0131mlar\u0131nda, oda akusti\u011fini tamamen devre d\u0131\u015f\u0131 b\u0131rak\u0131r ve size sadece kaydetti\u011finiz materyali dinleme imk\u00e2n\u0131 verir.\u00a0Kulakl\u0131klar editing i\u015flemleri&#8230;<\/p>\n","protected":false},"author":2,"featured_media":2446,"comment_status":"closed","ping_status":"open","sticky":false,"template":"","format":"standard","meta":{"_mi_skip_tracking":false,"spay_email":"","jetpack_publicize_message":"","jetpack_is_tweetstorm":false,"jetpack_publicize_feature_enabled":true},"categories":[18],"tags":[],"jetpack_featured_media_url":"https:\/\/www.ufukonen.com\/tr\/wp-content\/uploads\/Headphones_DanielMcAnulty_720.jpg","jetpack_publicize_connections":[],"jetpack_shortlink":"https:\/\/wp.me\/p3rjsG-Dj","jetpack_sharing_enabled":true,"jetpack-related-posts":[{"id":5929,"url":"https:\/\/www.ufukonen.com\/tr\/kulaklik-miks-eksiklik.html","url_meta":{"origin":2437,"position":0},"title":"Kulakl\u0131kla Miks Yaparken Eksikli\u011fini Duydu\u011fum \u0130ki Nokta","date":"July 13, 2020","format":false,"excerpt":"Kulakl\u0131kla miks yapmak \u00e7ok tart\u0131\u015f\u0131lan bir konu. Baz\u0131lar\u0131 kulakl\u0131kla miks yapmaya sert bir bi\u00e7imde kar\u015f\u0131 \u00e7\u0131k\u0131yor, baz\u0131lar\u0131 ise kulakl\u0131k ile gayet iyi miksler \u00e7\u0131kt\u0131\u011f\u0131n\u0131 savunuyor. Benim bu yaz\u0131da bu tart\u0131\u015fmaya kat\u0131lmak veya bu tart\u0131\u015fmada bir taraf olmak gibi bir amac\u0131m yok ancak kulakl\u0131kla \u00e7al\u0131\u015f\u0131rken \u015fahsi olarak eksik kald\u0131\u011f\u0131n\u0131 d\u00fc\u015f\u00fcnd\u00fc\u011f\u00fcm iki\u2026","rel":"","context":"In &quot;Ses ve M\u00fczik Teknolojileri&quot;","img":{"alt_text":"","src":"https:\/\/i0.wp.com\/www.ufukonen.com\/tr\/wp-content\/uploads\/Kulaklik_Miks_Header_Filter_Crop.jpg?resize=350%2C200&ssl=1","width":350,"height":200},"classes":[]},{"id":2605,"url":"https:\/\/www.ufukonen.com\/tr\/waves-nx-head-tracker-kickstarter.html","url_meta":{"origin":2437,"position":1},"title":"Waves Nx Program ve Head Tracker: Herkes i\u00e7in 3D Ses!","date":"June 24, 2016","format":false,"excerpt":"- - - - - Ekim 2016 g\u00fcncelleme - - - - -\u00a0 Waves, bu yaz\u0131da bahsi ge\u00e7en Kicsktarter kampanyas\u0131n\u0131 2847 ki\u015finin kat\u0131l\u0131m\u0131 ile 261,424.-USD toplayarak tamamlad\u0131 ve hemen ard\u0131ndan Nx Head Tracker cihaz\u0131n\u0131n piyasaya s\u00fcrd\u00fc. Cihaz\u0131 tek olarak ya da Nx Virtual Mix Room yaz\u0131l\u0131m\u0131 ile birlikte sat\u0131n alabilirsiniz.\u2026","rel":"","context":"In &quot;Ses ve M\u00fczik Teknolojileri&quot;","img":{"alt_text":"","src":"https:\/\/i0.wp.com\/www.ufukonen.com\/tr\/wp-content\/uploads\/Waves_Nx_Cinema-e1466796101387.jpg?resize=350%2C200&ssl=1","width":350,"height":200},"classes":[]},{"id":5928,"url":"https:\/\/www.ufukonen.com\/tr\/kulaklik-miks-plugin-tavsiyeleri.html","url_meta":{"origin":2437,"position":2},"title":"Kulakl\u0131kla Miks Yapanlara Plug-in Tavsiyeleri","date":"July 20, 2020","format":false,"excerpt":"\u0130lk yay\u0131n tarihi 20 Temmuz 2020 olan bu yaz\u0131 6 Aral\u0131k 2020, 1 \u015eubat 2021, 10 May\u0131s 2021 ve 3 Ocak 2022 tarihlerinde g\u00fcncellenmi\u015ftir. Bu yaz\u0131mda kulakl\u0131kla miks yapanlar i\u00e7in birka\u00e7 plug-in tavsiye etmek istiyorum. \"Kulakl\u0131kla Miks Yaparken Eksikli\u011fini Duydu\u011fum \u0130ki Nokta\" ba\u015fl\u0131kl\u0131 yaz\u0131mda bu plug-in'lere neden ihtiya\u00e7 duydu\u011fumuzu (ya\u2026","rel":"","context":"In &quot;Ses ve M\u00fczik Teknolojileri&quot;","img":{"alt_text":"","src":"https:\/\/i0.wp.com\/www.ufukonen.com\/tr\/wp-content\/uploads\/Kulaklik_Miks_Plugin_Header_v2.jpg?resize=350%2C200&ssl=1","width":350,"height":200},"classes":[]},{"id":6814,"url":"https:\/\/www.ufukonen.com\/tr\/kulak-cinlamasi-tinnitus.html","url_meta":{"origin":2437,"position":3},"title":"Kulak \u00c7\u0131nlamas\u0131 (Tinnitus) ve Korunma Y\u00f6ntemleri","date":"September 6, 2021","format":false,"excerpt":"Tinnitus terimini belki duymam\u0131\u015f olabilirsiniz ama ne oldu\u011funu biliyorsunuzdur. Tinnitus genelde \u201ckulak \u00e7\u0131nlamas\u0131\u201d olarak ifade ediliyor. Kulak \u00e7\u0131nlamas\u0131n\u0131 hemen hemen herkes hayat\u0131nda en az birka\u00e7 defa deneyimlemi\u015ftir. \u00c7ok y\u00fcksek sesli bir konserde zaman ge\u00e7irdikten sonra eve gitti\u011finizde kulaklar\u0131n\u0131zda y\u00fcksek frekansl\u0131 bir \u00e7\u0131nlama duyars\u0131n\u0131z. Bu \u00e7\u0131nlama \u00e7o\u011fu zaman sadece birka\u00e7 saat\u2026","rel":"","context":"In &quot;M\u00fczik&quot;","img":{"alt_text":"","src":"https:\/\/i0.wp.com\/www.ufukonen.com\/tr\/wp-content\/uploads\/Kulak_Cinlamasi_Tinnitus_00_Header.jpg?resize=350%2C200&ssl=1","width":350,"height":200},"classes":[]},{"id":5453,"url":"https:\/\/www.ufukonen.com\/tr\/monitor-kontrol-unitesi.html","url_meta":{"origin":2437,"position":4},"title":"Monit\u00f6r Kontrol \u00dcnitesi Al\u0131rken Nelere Dikkat Etmeliyiz?","date":"February 17, 2020","format":false,"excerpt":"Bu yaz\u0131mda, bir monit\u00f6r kontrol \u00fcnitesi \u00fczerinde bulunmas\u0131 gerekti\u011fini d\u00fc\u015f\u00fcnd\u00fc\u011f\u00fcm \u00f6zellikleri sizlerle payla\u015fmak istiyorum. E\u011fer sadece bir bilgisayar, bir \u00e7ift monit\u00f6r hoparl\u00f6r, bir kulakl\u0131k ve bir ses kart\u0131n\u0131ndan olu\u015fan bir setup ile \u00e7al\u0131\u015f\u0131yorsan\u0131z ve ses kart\u0131n\u0131z\u0131n \u00fczerinde monit\u00f6rlerin seviyesini ayarlayabilece\u011finiz bir kontrol d\u00fc\u011fmesi varsa, bu durumda monit\u00f6r kontrol \u00fcnitesine ihtiya\u00e7\u2026","rel":"","context":"In &quot;Ses ve M\u00fczik Teknolojileri&quot;","img":{"alt_text":"","src":"https:\/\/i0.wp.com\/www.ufukonen.com\/tr\/wp-content\/uploads\/Monitor_Kontrol_Unitesi_00_Presonus_MonitorStationV2.jpg?resize=350%2C200&ssl=1","width":350,"height":200},"classes":[]},{"id":3376,"url":"https:\/\/www.ufukonen.com\/tr\/sanal-gerceklik-icin-ses-ambisonics-format-b-2-bolum.html","url_meta":{"origin":2437,"position":5},"title":"Sanal Ger\u00e7eklik \u0130\u00e7in Ses: Ambisonics Format-B (2. B\u00f6l\u00fcm)","date":"November 6, 2017","format":false,"excerpt":"Bu yaz\u0131 iki b\u00f6l\u00fcmden olu\u015fmaktad\u0131r. \u0130lk b\u00f6l\u00fcm i\u00e7in t\u0131klay\u0131n\u0131z. Birinci b\u00f6l\u00fcmde \"Ambisonics Nedir?\", \"Ambisonics B-Format\", \"Dinleme Alan\u0131 A\u00e7\u0131s\u0131ndan Ambisonics ile Stereo ve Standart Surround Sistemler Aras\u0131ndaki Fark\", \"Kanal ve Hoparl\u00f6r Say\u0131s\u0131 A\u00e7\u0131s\u0131ndan Ambisonics ile Stereo ve Standart Surround Sistemler Aras\u0131ndaki Fark\" ve \"Neden Ambisonics Format-B?\" ba\u015fl\u0131klar\u0131 ile Ambisonics B-Format'\u0131 incelemeye\u2026","rel":"","context":"In &quot;Ses ve M\u00fczik Teknolojileri&quot;","img":{"alt_text":"","src":"https:\/\/i0.wp.com\/www.ufukonen.com\/tr\/wp-content\/uploads\/Ambisonics_Virtual_Reality_2_720x405.jpg?resize=350%2C200&ssl=1","width":350,"height":200},"classes":[]}],"_links":{"self":[{"href":"https:\/\/www.ufukonen.com\/tr\/wp-json\/wp\/v2\/posts\/2437"}],"collection":[{"href":"https:\/\/www.ufukonen.com\/tr\/wp-json\/wp\/v2\/posts"}],"about":[{"href":"https:\/\/www.ufukonen.com\/tr\/wp-json\/wp\/v2\/types\/post"}],"author":[{"embeddable":true,"href":"https:\/\/www.ufukonen.com\/tr\/wp-json\/wp\/v2\/users\/2"}],"replies":[{"embeddable":true,"href":"https:\/\/www.ufukonen.com\/tr\/wp-json\/wp\/v2\/comments?post=2437"}],"version-history":[{"count":9,"href":"https:\/\/www.ufukonen.com\/tr\/wp-json\/wp\/v2\/posts\/2437\/revisions"}],"predecessor-version":[{"id":2453,"href":"https:\/\/www.ufukonen.com\/tr\/wp-json\/wp\/v2\/posts\/2437\/revisions\/2453"}],"wp:featuredmedia":[{"embeddable":true,"href":"https:\/\/www.ufukonen.com\/tr\/wp-json\/wp\/v2\/media\/2446"}],"wp:attachment":[{"href":"https:\/\/www.ufukonen.com\/tr\/wp-json\/wp\/v2\/media?parent=2437"}],"wp:term":[{"taxonomy":"category","embeddable":true,"href":"https:\/\/www.ufukonen.com\/tr\/wp-json\/wp\/v2\/categories?post=2437"},{"taxonomy":"post_tag","embeddable":true,"href":"https:\/\/www.ufukonen.com\/tr\/wp-json\/wp\/v2\/tags?post=2437"}],"curies":[{"name":"wp","href":"https:\/\/api.w.org\/{rel}","templated":true}]}}