{"id":2464,"date":"2016-04-22T22:15:25","date_gmt":"2016-04-22T19:15:25","guid":{"rendered":"http:\/\/ufukonen.com\/tr\/?p=2464"},"modified":"2016-04-29T09:47:23","modified_gmt":"2016-04-29T06:47:23","slug":"muzik-endustrisine-bakis-1","status":"publish","type":"post","link":"https:\/\/www.ufukonen.com\/tr\/muzik-endustrisine-bakis-1.html","title":{"rendered":"M\u00fczik End\u00fcstrisine Bak\u0131\u015f (1. B\u00f6l\u00fcm)"},"content":{"rendered":"<p><img loading=\"lazy\" class=\"aligncenter wp-image-2465\" src=\"http:\/\/ufukonen.com\/tr\/wp-content\/uploads\/Muzik_Endustrisine_Bakis_1.jpg\" alt=\"Muzik_Endustrisine_Bakis_1\" width=\"500\" height=\"365\" srcset=\"https:\/\/www.ufukonen.com\/tr\/wp-content\/uploads\/Muzik_Endustrisine_Bakis_1.jpg 640w, https:\/\/www.ufukonen.com\/tr\/wp-content\/uploads\/Muzik_Endustrisine_Bakis_1-300x219.jpg 300w\" sizes=\"(max-width: 500px) 100vw, 500px\" \/><\/p>\n<p>&#8220;<a href=\"http:\/\/ufukonen.com\/tr\/muzik-produksiyonlari-icin-alternatif-yontemler-ve-amanda-palmer-ornegi.html\" target=\"_blank\">M\u00fczik Prod\u00fcksiyonu i\u00e7in Alternatif Y\u00f6ntemler ve Amanda Palmer \u00d6rne\u011fi<\/a>&#8221; ba\u015fl\u0131kl\u0131 yaz\u0131m olduk\u00e7a ilgi toplam\u0131\u015ft\u0131. Anla\u015f\u0131lan o ki m\u00fczik prod\u00fcksiyonu, finansman, da\u011f\u0131t\u0131m ve benzeri konularda yeni ve alternatif y\u00f6ntemler bir\u00e7ok m\u00fczisyenin ve m\u00fczik prod\u00fckt\u00f6r\u00fcn\u00fcn ilgisini \u00e7ekiyor. Ba\u015flang\u0131c\u0131ndan sonra uzun y\u0131llar ayn\u0131 \u015fekilde devam edem m\u00fczik end\u00fcstrisinde son 10-15 y\u0131lda b\u00fcy\u00fck de\u011fi\u015fimler oldu ve olmaya devam ediyor. E\u011fer m\u00fczik \u00fcretiyorsak bu de\u011fi\u015fimleri g\u00f6z ard\u0131 edemeyiz, etmemeliyiz.<\/p>\n<p><a href=\"http:\/\/www.amazon.com\/gp\/product\/1480355143\/ref=as_li_qf_sp_asin_il_tl?ie=UTF8&amp;camp=1789&amp;creative=9325&amp;creativeASIN=1480355143&amp;linkCode=as2&amp;tag=bobbowsi-20\" target=\"_blank\"><img loading=\"lazy\" class=\"alignleft wp-image-2474\" src=\"http:\/\/ufukonen.com\/tr\/wp-content\/uploads\/Bobby_Owsinski_Music_4_0.jpg\" alt=\"Bobby_Owsinski_Music_4_0\" width=\"100\" height=\"130\" srcset=\"https:\/\/www.ufukonen.com\/tr\/wp-content\/uploads\/Bobby_Owsinski_Music_4_0.jpg 307w, https:\/\/www.ufukonen.com\/tr\/wp-content\/uploads\/Bobby_Owsinski_Music_4_0-231x300.jpg 231w\" sizes=\"(max-width: 100px) 100vw, 100px\" \/><\/a>M\u00fczik end\u00fcstrisinin g\u00fcn\u00fcm\u00fczdeki i\u015fleyi\u015fini ve modelini daha iyi anlamak ve \u00f6z\u00fcmsemek i\u00e7in uzak olmayan tarih\u00e7esine bakmak laz\u0131m diye d\u00fc\u015f\u00fcn\u00fcyorum. Bobby Owsinski, <em>Music 3.0: A Survivival Guide for Making Music in the Internet Age<\/em> ve ard\u0131ndan g\u00fcncelleyip yay\u0131mlad\u0131\u011f\u0131 <a href=\"http:\/\/www.amazon.com\/gp\/product\/1480355143\/ref=as_li_qf_sp_asin_il_tl?ie=UTF8&amp;camp=1789&amp;creative=9325&amp;creativeASIN=1480355143&amp;linkCode=as2&amp;tag=bobbowsi-20\" target=\"_blank\">Music 4.0: A Survivival Guide for Making Music in the Internet Age<\/a> adl\u0131 kitaplar\u0131nda m\u00fczik end\u00fcstrisinin tarihini d\u00f6nemlere b\u00f6lm\u00fc\u015f ana hatlar\u0131yla \u00e7ok yal\u0131n ve herkesin anlayabilece\u011fi bir \u015fekilde anlatm\u0131\u015f. Ben de Owsinski&#8217;nin kitab\u0131 \u00fczerinden giderek m\u00fczik end\u00fcstrisinin ge\u00e7mi\u015fine ve g\u00fcncel durumuna bakmak ve bunu sizlerle payla\u015fmak istiyorum.<\/p>\n<p>Ba\u015flamadan \u00f6nce Owsinki hakk\u0131nda k\u0131sa bilgi vermek iyi olacakt\u0131r&#8230; Bobby Owsinski, m\u00fczik yap\u0131m\u0131 ile ilgilenenlerin yak\u0131ndan tan\u0131d\u0131\u011f\u0131 bir isim. Ses kay\u0131t, m\u00fczik prod\u00fcksiyonu ve m\u00fczik end\u00fcstrisi \u00fczerine 24 kitap yazm\u0131\u015f olan Owsinski&#8217;nin aralar\u0131nda Elvis Presley, Jimmy Hendrix, The Who, Willie Nelson, Neil Young, The Ramones ve Chicago gibi isimlerin de bulundu\u011fu \u00e7e\u015fitli sanat\u00e7\u0131lar\u0131n say\u0131lar\u0131 100&#8217;den fazla olan &#8216;surround sound&#8217; projesinde imzas\u0131 bulunmaktad\u0131r. Owsinski, 1-2 Kas\u0131m 2012 tarihinde Bilkent \u00dcniversitesi&#8217;nde ger\u00e7ekle\u015fen <a href=\"http:\/\/ufukonen.com\/tr\/atmm-2012nin-ardindan.html\" target=\"_blank\">ATMM 2012 (Audio Technologies for Music and Media &#8211; M\u00fczik ve Medya i\u00e7in Ses Teknolojileri) <\/a>konferans\u0131 kapsam\u0131nda ana konu\u015fmac\u0131 (keynote speaker) olarak Ankara&#8217;y\u0131 ziyaret etmi\u015fti. Owsinski&#8217;nin konu\u015fmas\u0131n\u0131n temas\u0131 yeni m\u00fczik end\u00fcstrisi ve sosyal medya ba\u011flant\u0131lar\u0131 \u00fczerineydi ve konferans kat\u0131l\u0131mc\u0131lar\u0131 taraf\u0131ndan b\u00fcy\u00fck ilgi g\u00f6rm\u00fc\u015ft\u00fc.<\/p>\n<div id=\"attachment_2469\" style=\"width: 460px\" class=\"wp-caption aligncenter\"><img aria-describedby=\"caption-attachment-2469\" loading=\"lazy\" class=\"wp-image-2469\" src=\"http:\/\/ufukonen.com\/tr\/wp-content\/uploads\/Bobby_Owsinski_Ufuk_Onen_ATMM2012.jpg\" alt=\"Bobby_Owsinski_Ufuk_Onen_ATMM2012\" width=\"450\" height=\"293\" srcset=\"https:\/\/www.ufukonen.com\/tr\/wp-content\/uploads\/Bobby_Owsinski_Ufuk_Onen_ATMM2012.jpg 720w, https:\/\/www.ufukonen.com\/tr\/wp-content\/uploads\/Bobby_Owsinski_Ufuk_Onen_ATMM2012-300x195.jpg 300w\" sizes=\"(max-width: 450px) 100vw, 450px\" \/><p id=\"caption-attachment-2469\" class=\"wp-caption-text\">Bobby Owsinski ve Ufuk \u00d6nen (ATMM 2012 Konferans\u0131, Bilkent \u00dcniversitesi, Ankara)<\/p><\/div>\n<p>&nbsp;<\/p>\n<h3>M\u00fczik 0.5: Ba\u015flang\u0131\u00e7<\/h3>\n<p>M\u00fczik end\u00fcstrisinin temelleri asl\u0131nda gramofondan (di\u011fer bir deyi\u015fle m\u00fczi\u011fin dinleyiciye kay\u0131tl\u0131 bir \u015fekilde sunulmas\u0131ndan) \u00f6ncesine dayan\u0131yor. 19. y\u00fczy\u0131lda m\u00fczi\u011fi kay\u0131tl\u0131 bir \u015fekilde satmak m\u00fcmk\u00fcn olmad\u0131\u011f\u0131 i\u00e7in firmalar bas\u0131l\u0131 nota ka\u011f\u0131tlar\u0131 ve nota kitaplar\u0131 sat\u0131yorlard\u0131. 1877&#8217;de Edison, ses kay\u0131t edebilen ve kaydetti\u011fi sesi okuyabilen, tekrar \u00fcretebilen (playback) &#8220;phonograph&#8221; ad\u0131n\u0131 verdi\u011fi cihaz\u0131 tan\u0131tt\u0131. Bu cihaz ilk \u00f6nce ofislerde not kaydetmek amac\u0131yla kullan\u0131lmaya, ard\u0131ndan da 1889&#8217;da demir para ile \u00e7al\u0131\u015fan m\u00fczik makinalar\u0131n\u0131n i\u00e7ine yerle\u015ftirilmeye ba\u015fland\u0131. Bu en eski jukebox&#8217;lar (kay\u0131tl\u0131 m\u00fczik \u00fczerinden maddi gelir edilmesi a\u00e7\u0131s\u0131ndan) modern m\u00fczik end\u00fcstrisinin temeli veya ba\u015flang\u0131\u00e7 noktas\u0131 olarak kabul edilmektedir. 1920&#8217;lerde gramofonlar ve plaklar yayg\u0131nla\u015fmaya ba\u015flad\u0131. Plak d\u00fckkanlar\u0131 a\u00e7\u0131ld\u0131, RCA (Radio Corporation of America) gibi b\u00fcy\u00fck firmalar plak yap\u0131mc\u0131l\u0131\u011f\u0131 i\u015finin k\u00e2rl\u0131 oldu\u011funun fark\u0131na vard\u0131 ve yat\u0131r\u0131mlar yapmaya ba\u015flad\u0131, reklam ve tan\u0131t\u0131m a\u00e7\u0131s\u0131ndan radyolar\u0131n \u00f6nemi ortaya \u00e7\u0131kt\u0131&#8230; T\u00fcm bunlar asl\u0131nda bir bak\u0131ma M\u00fczik 1.0 i\u00e7in haz\u0131rl\u0131k niteli\u011findeydi.<\/p>\n<div id=\"attachment_2470\" style=\"width: 410px\" class=\"wp-caption aligncenter\"><img aria-describedby=\"caption-attachment-2470\" loading=\"lazy\" class=\"wp-image-2470\" src=\"http:\/\/ufukonen.com\/tr\/wp-content\/uploads\/Edison_Phonograph.jpg\" alt=\"Edison phonograph\" width=\"400\" height=\"261\" srcset=\"https:\/\/www.ufukonen.com\/tr\/wp-content\/uploads\/Edison_Phonograph.jpg 720w, https:\/\/www.ufukonen.com\/tr\/wp-content\/uploads\/Edison_Phonograph-300x196.jpg 300w\" sizes=\"(max-width: 400px) 100vw, 400px\" \/><p id=\"caption-attachment-2470\" class=\"wp-caption-text\">Edison phonograph<\/p><\/div>\n<p>&nbsp;<\/p>\n<h3>M\u00fczik 1.0: &#8220;Klasik&#8221; Model<\/h3>\n<p>Owsinski, &#8220;klasik&#8221; olarak kabul edilen, en bilinen ve en uzun s\u00fcren m\u00fczik end\u00fcstrisi modelini 1.0 olarak tan\u0131ml\u0131yor ve 1980&#8217;lere kadar, yakla\u015f\u0131k 50 y\u0131l boyunca, de\u011fi\u015fmeden devam etti\u011fini belirtiyor. Bu \u00e7ok bilinen modelde sanat\u00e7\u0131 bir demo haz\u0131rl\u0131yor, e\u011fer m\u00fczi\u011fi iyiyse ve \u015fans\u0131 yaver giderse bu demo sayesinde bir plak \u015firketi ile anla\u015fma imzal\u0131yordu. Sanat\u00e7\u0131n\u0131n &#8220;ke\u015ffedilmesi&#8221;, plak \u015firketine al\u0131nmas\u0131, kontrat sonras\u0131nda alb\u00fcm \u00e7al\u0131\u015fmalar\u0131n\u0131n takibi, alb\u00fcm \u00e7\u0131k\u0131\u015f\u0131 sonras\u0131nda ise promosyon i\u015fleri ile firman\u0131n A&amp;R (Artist and Repertoire) departman\u0131 ilgileniyordu. Alb\u00fcm \u00e7al\u0131\u015fmalar\u0131n\u0131 (m\u00fczikal ve teknik a\u00e7\u0131lardan) plak \u015firketinin se\u00e7ti\u011fi bir prod\u00fckt\u00f6r y\u00fcr\u00fct\u00fcyordu. \u0130lk zamanlarda bu prod\u00fckt\u00f6r genelde plak \u015firketinin kadrolu prod\u00fckt\u00f6rlerinden biri oluyordu daha sonralar\u0131 sanat\u00e7\u0131lar\u0131n istedi\u011fi \u00fczerine bu modelden vazge\u00e7ilmi\u015f ve grubun m\u00fczi\u011fini ger\u00e7ekten anlayacak, ileri g\u00f6t\u00fcrecek ba\u011f\u0131ms\u0131z prod\u00fckt\u00f6rler ile \u00e7al\u0131\u015f\u0131lmaya, bunlarla alb\u00fcm baz\u0131nda anla\u015fmalar yap\u0131lmaya ba\u015flanm\u0131\u015ft\u0131. Ben de bu \u015fekilde yap\u0131lan bir \u00e7al\u0131\u015fman\u0131n, m\u00fczik ve sanat\u00e7\u0131lar a\u00e7\u0131s\u0131ndan \u00e7ok daha sa\u011fl\u0131kl\u0131 oldu\u011funu d\u00fc\u015f\u00fcn\u00fcyorum. Ba\u011f\u0131ms\u0131z prod\u00fckt\u00f6rl\u00fck modeline \u00f6nc\u00fc eden isimlerden biri 8 Mart 2016&#8217;da kaybetti\u011fimiz Beatles&#8217;\u0131n efsane prod\u00fckt\u00f6r\u00fc Sir George Martin&#8217;dir.<\/p>\n<p>1.0 modelinde alb\u00fcm prod\u00fcksiyonu tamamland\u0131ktan sonra plak \u015firketi alb\u00fcm\u00fcn \u00e7o\u011falt\u0131m\u0131n\u0131 (pla\u011fa, kasete, CD&#8217;ye bas\u0131lmas\u0131n\u0131) yapt\u0131r\u0131yordu ve daha sonra alb\u00fcm da\u011f\u0131t\u0131l\u0131yordu. Da\u011f\u0131t\u0131m farkl\u0131 bir i\u015f kolu oldu\u011fu i\u00e7in bunu genelde plak \u015firketleri de\u011fil, komisyon ile \u00e7al\u0131\u015fan da\u011f\u0131t\u0131m \u015firketleri yap\u0131yordu. Da\u011f\u0131t\u0131m\u0131 yap\u0131lan alb\u00fcm perakendeciler \u00fczerinden dinleyiciye (ya da &#8220;ticari&#8221; bir terim kullanacak olursak &#8220;t\u00fcketiciye&#8221;) ula\u015f\u0131yordu. Her ne kadar ben burada anlat\u0131rken ge\u00e7mi\u015f zaman eki kullansam da bu model (baz\u0131 k\u00fc\u00e7\u00fck de\u011fi\u015fimler d\u0131\u015f\u0131nda) genel hatlar\u0131yla g\u00fcn\u00fcm\u00fczde hala i\u015fleyi\u015fini s\u00fcrd\u00fcr\u00fcyor.<\/p>\n<p>1.0 modelinde bir par\u00e7an\u0131n hit olmas\u0131nda radyonun \u00e7ok b\u00fcy\u00fck pay\u0131 vard\u0131. Radyoda s\u0131k \u00e7al\u0131nan par\u00e7alar \u00e7ok fazla insan taraf\u0131ndan tan\u0131n\u0131yor, dinleyiciler ilk \u00f6nce bildikleri ve sevdikleri bu par\u00e7alar\u0131n single&#8217;lar\u0131n\u0131 ard\u0131ndan da o sanat\u00e7\u0131lar\u0131n alb\u00fcmleri sat\u0131n al\u0131yordu. Radyonun single ve alb\u00fcm satt\u0131rmak gibi b\u00f6ylesine b\u00fcy\u00fck bir g\u00fcce sahip olmas\u0131ndan dolay\u0131 programlarda kendi par\u00e7alar\u0131n\u0131 daha \u00e7ok \u00e7ald\u0131rmak isteyen plak \u015firketleri aras\u0131nda korkun\u00e7 m\u00fccadeleler sergileniyor, hatta plak \u015firketleri taraf\u0131ndan radyo yay\u0131nc\u0131lar\u0131na r\u00fc\u015fvetler veriliyor, skandallar ya\u015fan\u0131yor ve davalar a\u00e7\u0131l\u0131yordu.<\/p>\n<p>\u00d6zetleyecek olursak, 1.0 modelinde plak \u015firketinin sanat\u00e7\u0131 ve m\u00fczik \u00fczerinde korkun\u00e7 bir g\u00fcc\u00fc ve mutlak egemenli\u011fi vard\u0131. \u0130mza g\u00fcnlerini ve benzer etkinlikleri saymazsak sanat\u00e7\u0131n\u0131n hayranlar\u0131 ile ili\u015fkisi ve ileti\u015fimi hi\u00e7 yoktu (buna di\u011fer modellerde tekrar de\u011finece\u011fiz). Radyo, par\u00e7alar\u0131n ve sanat\u00e7\u0131lar\u0131n tan\u0131t\u0131m\u0131 i\u00e7in en g\u00fc\u00e7l\u00fc ve etkili yoldu. Single&#8217;lar \u00e7ok \u00f6nemliydi ancak plak \u015firketlerine esas para kazand\u0131ran unsur alb\u00fcm sat\u0131\u015flar\u0131yd\u0131.<\/p>\n<p>1.0 modeli Amerika ve Avrupa&#8217;da oldu\u011fu gibi T\u00fcrkiye&#8217;de de ge\u00e7erliydi. Farkl\u0131 olarak T\u00fcrkiye&#8217;de \u00e7ok fazla say\u0131da korsan kopya sat\u0131\u015f\u0131 vard\u0131. Plak d\u00fckkanlar\u0131 \u00f6zellikle T\u00fcrkiye&#8217;de kolay kolay bulunmayan yabanc\u0131 sanat\u00e7\u0131lar\u0131n plaklar\u0131n\u0131 yurtd\u0131\u015f\u0131na giden tan\u0131d\u0131klar\u0131 sayesinde veya benzer yollarla temin eder, bunlar\u0131 kasete \u00e7eker ve m\u00fc\u015fterilerine satard\u0131. &#8220;\u00c7ekme kaset&#8221; yasal de\u011fildi ama T\u00fcrkiye&#8217;de uzun y\u0131llar boyunca (90&#8217;l\u0131 y\u0131llar\u0131n ba\u015flar\u0131na hatta ortalar\u0131na kadar) \u00f6zellikle a\u015f\u0131r\u0131 pop\u00fcler olanlar\u0131n d\u0131\u015f\u0131nda kalan yabanc\u0131 m\u00fczikleri dinlemek i\u00e7in tek yoldu.<\/p>\n<p>&gt;\u00a0<a href=\"http:\/\/ufukonen.com\/tr\/muzik-endustrisine-bakis-2.html\">\u0130kinci b\u00f6l\u00fcm i\u00e7in t\u0131klay\u0131n\u0131z<\/a><\/p>\n<p>&nbsp;<\/p>\n<p>Benzer payla\u015f\u0131mlar i\u00e7in beni <a href=\"https:\/\/www.facebook.com\/ufukonen.skmt\/\" target=\"_blank\">Facebook<\/a> ve <a href=\"https:\/\/twitter.com\/UfukOnen\" target=\"_blank\">Twitter<\/a>&#8216;da takip edin. Haberler i\u00e7in l\u00fctfen <a href=\"http:\/\/ufukonen.com\/tr\/ses-kayit-muzik-teknolojisi-terimler-sozluk.html\" target=\"_blank\">mesaj listeme \u00fcye olun<\/a>.<\/p>\n<p>&nbsp;<\/p>\n<p>Foto\u011fraflar:<\/p>\n<ul>\n<li>Bobby Owsinski &amp; Ufuk \u00d6nen: Ayd\u0131n Ramazano\u011flu (Bilkent \u00dcniversitesi)<\/li>\n<li>Rare Groove: <a href=\"https:\/\/en.wikipedia.org\/wiki\/Rare_groove#\/media\/File:33_Umin.jpg\" target=\"_blank\">Bryan<\/a><\/li>\n<li>Phonograph: <a href=\"https:\/\/commons.wikimedia.org\/wiki\/File:Vienna_-_Edison_phonograph_-_9600.jpg\" target=\"_blank\">Jorge Royan<\/a><\/li>\n<\/ul>\n","protected":false},"excerpt":{"rendered":"<p class=\"post-excerpt\">&#8220;M\u00fczik Prod\u00fcksiyonu i\u00e7in Alternatif Y\u00f6ntemler ve Amanda Palmer \u00d6rne\u011fi&#8221; ba\u015fl\u0131kl\u0131 yaz\u0131m olduk\u00e7a ilgi toplam\u0131\u015ft\u0131. Anla\u015f\u0131lan o ki m\u00fczik prod\u00fcksiyonu, finansman,&#8230;<\/p>\n","protected":false},"author":2,"featured_media":2465,"comment_status":"closed","ping_status":"open","sticky":false,"template":"","format":"standard","meta":{"_mi_skip_tracking":false,"spay_email":"","jetpack_publicize_message":"","jetpack_is_tweetstorm":false,"jetpack_publicize_feature_enabled":true},"categories":[17],"tags":[],"jetpack_featured_media_url":"https:\/\/www.ufukonen.com\/tr\/wp-content\/uploads\/Muzik_Endustrisine_Bakis_1.jpg","jetpack_publicize_connections":[],"jetpack_shortlink":"https:\/\/wp.me\/p3rjsG-DK","jetpack_sharing_enabled":true,"jetpack-related-posts":[{"id":969,"url":"https:\/\/www.ufukonen.com\/tr\/muzik-produksiyonlari-icin-alternatif-yontemler-ve-amanda-palmer-ornegi.html","url_meta":{"origin":2464,"position":0},"title":"M\u00fczik Prod\u00fcksiyonlar\u0131 i\u00e7in Alternatif Y\u00f6ntemler ve Amanda Palmer \u00d6rne\u011fi","date":"February 1, 2013","format":false,"excerpt":"\u00a0Eskiden alb\u00fcm yapmak i\u00e7in izlenecek yol belliydi. E\u011fer herhangi bir plak \u015firketine ba\u011fl\u0131 de\u011filseniz ilk \u00f6nce bir demo yap\u0131p sizinle anla\u015fma imzalayacak bir firma arard\u0131n\u0131z. Plak \u015firketi bulup anla\u015fma imzalad\u0131ktan sonra (ya da zaten anla\u015fman\u0131z varsa) firma size bir prod\u00fckt\u00f6r bulur, st\u00fcdyoyu ayarlar, siz de alb\u00fcm\u00fcn\u00fcz\u00fc kaydederdiniz. Daha sonra plak\u2026","rel":"","context":"In &quot;M\u00fczik End\u00fcstrisi&quot;","img":{"alt_text":"","src":"https:\/\/i0.wp.com\/www.ufukonen.com\/tr\/wp-content\/uploads\/Amanda_Palmer_We-Are-The-Media.jpg?resize=350%2C200&ssl=1","width":350,"height":200},"classes":[]},{"id":5537,"url":"https:\/\/www.ufukonen.com\/tr\/bulmaca-1.html","url_meta":{"origin":2464,"position":1},"title":"Ses Kay\u0131t ve M\u00fczik Teknolojileri Bulmacas\u0131","date":"March 23, 2020","format":false,"excerpt":"\u015eu anda t\u00fcm d\u00fcnya ger\u00e7ekten \u00e7ok farkl\u0131 bir zamandan ge\u00e7iyor... S\u0131n\u0131rlar kapand\u0131, u\u00e7u\u015flar durdu, d\u00fckkanlar kepenk kapatt\u0131, hatta baz\u0131 \u00fclkelerde soka\u011fa \u00e7\u0131kma yasa\u011f\u0131 ilan edildi... Okullar ve baz\u0131 \u015firketler ise internet \u00fczerinden olabildi\u011fince derslere ve i\u015flere devam etmeye \u00e7al\u0131\u015f\u0131yor... \u015eu anda d\u00fcnyaki insanlar\u0131n bir\u00e7o\u011funun ortak olarak yapt\u0131\u011f\u0131 \u015fey evde oturmak.\u2026","rel":"","context":"In &quot;Ses ve M\u00fczik Teknolojileri&quot;","img":{"alt_text":"","src":"https:\/\/i0.wp.com\/www.ufukonen.com\/tr\/wp-content\/uploads\/Bulmaca_1_720p.jpg?resize=350%2C200&ssl=1","width":350,"height":200},"classes":[]},{"id":3149,"url":"https:\/\/www.ufukonen.com\/tr\/nirvana-smells-like-teen-spirit-sadece-kurt-cobainin-sesi-ile.html","url_meta":{"origin":2464,"position":2},"title":"Nirvana &#8220;Smells Like Teen Spirit&#8221;&#8230; Sadece Kurt Cobain&#8217;in Sesi ile&#8230;","date":"July 17, 2017","format":false,"excerpt":"\"Smells Like Teen Spirit\", Eyl\u00fcl 1991'de, Nevermind alb\u00fcm\u00fcn\u00fcn \u00e7\u0131k\u0131\u015f\u0131ndan hemen \u00f6nce, alb\u00fcm\u00fcn ilk single'\u0131 olarak yay\u0131nlanm\u0131\u015ft\u0131. Alternatif rock ve grunge'\u0131n b\u00fcy\u00fck kitlelere ula\u015fmas\u0131nda b\u00fcy\u00fck rol\u00fc olan Nevermind, o d\u00f6nem \u00e7\u0131km\u0131\u015f olan alb\u00fcmlere g\u00f6re (istemli olarak) daha az i\u015flenmi\u015f ve daha \"\u00e7i\u011f\" bir sound'a sahipti. Alb\u00fcm, Los Angeles'ta, Fleetwood Mac, Tom\u2026","rel":"","context":"In &quot;M\u00fczik&quot;","img":{"alt_text":"","src":"https:\/\/i0.wp.com\/www.ufukonen.com\/tr\/wp-content\/uploads\/Nirvana_Smells_Like_Teen_Spirit_Kurt_Cobain.jpg?resize=350%2C200&ssl=1","width":350,"height":200},"classes":[]},{"id":7685,"url":"https:\/\/www.ufukonen.com\/tr\/2022-daw-anketi.html","url_meta":{"origin":2464,"position":3},"title":"2022 DAW Anketi","date":"November 7, 2022","format":false,"excerpt":"\u26a0\ufe0f Anket formu bu sayfan\u0131n alt k\u0131sm\u0131nda yer almaktad\u0131r, siteden ayr\u0131lmadan kat\u0131labilirsiniz. 2016 y\u0131l\u0131nda, T\u00fcrkiye'deki DAW kullan\u0131c\u0131lar\u0131n\u0131n tercihlerini tespit edebilmek amac\u0131yla bir anket d\u00fczenledim. \u0130ki sorudan olu\u015fan bu anket olduk\u00e7a b\u00fcy\u00fck ilgi g\u00f6rd\u00fc. Sonu\u00e7lar\u0131 sizlerle payla\u015ft\u0131m, sosyal medya platformlar\u0131nda birlikte yorumlad\u0131k. 2016 sonras\u0131nda anketi d\u00fczenlemeye devam ettim. Soru say\u0131s\u0131n\u0131 artt\u0131rd\u0131m.\u2026","rel":"","context":"In &quot;Ses ve M\u00fczik Teknolojileri&quot;","img":{"alt_text":"","src":"https:\/\/i0.wp.com\/www.ufukonen.com\/tr\/wp-content\/uploads\/2022_DAW_Anketi.jpg?resize=350%2C200&ssl=1","width":350,"height":200},"classes":[]},{"id":7824,"url":"https:\/\/www.ufukonen.com\/tr\/2022-en-cok-okunan-2.html","url_meta":{"origin":2464,"position":4},"title":"2022 \u0130\u00e7inde En \u00c7ok Okunan Blog Yaz\u0131lar\u0131m (2. B\u00f6l\u00fcm)","date":"December 19, 2022","format":false,"excerpt":"2022\u2019yi kapat\u0131rken y\u0131l i\u00e7inde en \u00e7ok okunan blog yaz\u0131lar\u0131m\u0131 sizlerle payla\u015fmak istedim. \u0130ki liste haz\u0131rlad\u0131m: 1- \u00d6nceki y\u0131llarda (2012-2021) yay\u0131nlanm\u0131\u015f olan yaz\u0131lardan 2022 i\u00e7inde en \u00e7ok okunanlar (buraya t\u0131klayarak g\u00f6r\u00fcnt\u00fcleyebilirsiniz). 2- En \u00e7ok okunan 2022 tarihli yaz\u0131lar\u0131m (a\u015fa\u011f\u0131daki liste). Yaz\u0131lar\u0131, ba\u015fl\u0131klar\u0131n\u0131n ya da g\u00f6rsellerinin \u00fczerine t\u0131klayarak okuyabilirsiniz. G\u00f6stermi\u015f oldu\u011funuz ilgi\u2026","rel":"","context":"In &quot;Konferans&quot;","img":{"alt_text":"","src":"https:\/\/i0.wp.com\/www.ufukonen.com\/tr\/wp-content\/uploads\/2022_En_Cok_Okunan_2_00_Header.jpg?resize=350%2C200&ssl=1","width":350,"height":200},"classes":[]},{"id":8608,"url":"https:\/\/www.ufukonen.com\/tr\/2025-daw-anketi.html","url_meta":{"origin":2464,"position":5},"title":"2025 DAW Anketi","date":"November 23, 2025","format":false,"excerpt":"T\u00fcrkiye'nin DAW Anketi 10 ya\u015f\u0131nda! Anket formu a\u015fa\u011f\u0131dad\u0131r, bu sayfadan ayr\u0131lmadan ankete kat\u0131labilirsiniz. 2016 y\u0131l\u0131nda ba\u015flayan DAW Anketi yolculu\u011fu sizlerin ilgisi ve deste\u011fi ile devam etti. Gelenek bu y\u0131l da bozulmuyor: 2025 DAW Anketi sizlerle. Ge\u00e7mi\u015fe K\u0131sa Bir Bak\u0131\u015f 2016 y\u0131l\u0131nda sadece iki sorudan olu\u015fan basit bir anketle yola \u00e7\u0131kt\u0131m.\u2026","rel":"","context":"In &quot;M\u00fczik Prod\u00fcksiyonu&quot;","img":{"alt_text":"","src":"https:\/\/i0.wp.com\/www.ufukonen.com\/tr\/wp-content\/uploads\/2025_DAW_Anketi.jpg?resize=350%2C200&ssl=1","width":350,"height":200},"classes":[]}],"_links":{"self":[{"href":"https:\/\/www.ufukonen.com\/tr\/wp-json\/wp\/v2\/posts\/2464"}],"collection":[{"href":"https:\/\/www.ufukonen.com\/tr\/wp-json\/wp\/v2\/posts"}],"about":[{"href":"https:\/\/www.ufukonen.com\/tr\/wp-json\/wp\/v2\/types\/post"}],"author":[{"embeddable":true,"href":"https:\/\/www.ufukonen.com\/tr\/wp-json\/wp\/v2\/users\/2"}],"replies":[{"embeddable":true,"href":"https:\/\/www.ufukonen.com\/tr\/wp-json\/wp\/v2\/comments?post=2464"}],"version-history":[{"count":14,"href":"https:\/\/www.ufukonen.com\/tr\/wp-json\/wp\/v2\/posts\/2464\/revisions"}],"predecessor-version":[{"id":2495,"href":"https:\/\/www.ufukonen.com\/tr\/wp-json\/wp\/v2\/posts\/2464\/revisions\/2495"}],"wp:featuredmedia":[{"embeddable":true,"href":"https:\/\/www.ufukonen.com\/tr\/wp-json\/wp\/v2\/media\/2465"}],"wp:attachment":[{"href":"https:\/\/www.ufukonen.com\/tr\/wp-json\/wp\/v2\/media?parent=2464"}],"wp:term":[{"taxonomy":"category","embeddable":true,"href":"https:\/\/www.ufukonen.com\/tr\/wp-json\/wp\/v2\/categories?post=2464"},{"taxonomy":"post_tag","embeddable":true,"href":"https:\/\/www.ufukonen.com\/tr\/wp-json\/wp\/v2\/tags?post=2464"}],"curies":[{"name":"wp","href":"https:\/\/api.w.org\/{rel}","templated":true}]}}