{"id":2483,"date":"2016-04-29T09:30:48","date_gmt":"2016-04-29T06:30:48","guid":{"rendered":"http:\/\/ufukonen.com\/tr\/?p=2483"},"modified":"2020-05-30T17:08:35","modified_gmt":"2020-05-30T14:08:35","slug":"muzik-endustrisine-bakis-2","status":"publish","type":"post","link":"https:\/\/www.ufukonen.com\/tr\/muzik-endustrisine-bakis-2.html","title":{"rendered":"M\u00fczik End\u00fcstrisine Bak\u0131\u015f (2. B\u00f6l\u00fcm)"},"content":{"rendered":"<p><img loading=\"lazy\" class=\"aligncenter wp-image-2493\" src=\"http:\/\/ufukonen.com\/tr\/wp-content\/uploads\/Muzik_Endustrisine_Bakis_2.jpg\" alt=\"Muzik_Endustrisine_Bakis_2\" width=\"500\" height=\"365\" srcset=\"https:\/\/www.ufukonen.com\/tr\/wp-content\/uploads\/Muzik_Endustrisine_Bakis_2.jpg 640w, https:\/\/www.ufukonen.com\/tr\/wp-content\/uploads\/Muzik_Endustrisine_Bakis_2-300x219.jpg 300w\" sizes=\"(max-width: 500px) 100vw, 500px\" \/><\/p>\n<p>Yaz\u0131 dizisinin birinci b\u00f6l\u00fcm\u00fcne <a href=\"http:\/\/ufukonen.com\/tr\/muzik-endustrisine-bakis-1.html\">buradan ula\u015fabilirsiniz<\/a>: Giri\u015f \/ M\u00fczik 0.5: Ba\u015flang\u0131\u00e7 \/ M\u00fczik 1.0: &#8220;Klasik&#8221; Model<\/p>\n<h3>M\u00fczik 1.5: MTV, CD ve B\u00fcy\u00fck Sermaye<\/h3>\n<p>1980&#8217;lerin ba\u015f\u0131ndan 1990&#8217;lar\u0131n ortas\u0131na kadar uzanan 1.5, m\u00fczik end\u00fcstrisinin alt\u0131n \u00e7a\u011f\u0131 olarak kabul edilebilir. Bu s\u00fcre zarf\u0131nda olduk\u00e7a b\u00fcy\u00fck de\u011fi\u015fimler oldu ve ba\u015fta plak \u015firketleri olmak \u00fczere end\u00fcstride yer alan herkes hi\u00e7 olmad\u0131\u011f\u0131 ve muhtemelen bir daha da olamayaca\u011f\u0131 kadar iyi gelir elde etti. Bu de\u011fi\u015fimlerden ilki (ve ayn\u0131 zamanda M\u00fczik 1.5 modelinin ba\u015flang\u0131\u00e7 noktas\u0131) Compact Disc, yayg\u0131n olarak bilinen ve kullan\u0131lan k\u0131sa ad\u0131yla CD&#8217;dir. Ticari ama\u00e7la \u00fcretilen ilk CD Billy Joel&#8217;in <em>52nd Street<\/em> (1982) adl\u0131 alb\u00fcm\u00fc, sat\u0131\u015f\u0131 bir milyon kopyay\u0131 ge\u00e7en ilk CD ise Dire Straits&#8217;in <em>Brothers in Arms<\/em> (1985) alb\u00fcm\u00fcd\u00fcr.<\/p>\n<div id=\"attachment_2486\" style=\"width: 410px\" class=\"wp-caption aligncenter\"><img aria-describedby=\"caption-attachment-2486\" loading=\"lazy\" class=\"wp-image-2486\" src=\"http:\/\/ufukonen.com\/tr\/wp-content\/uploads\/Billy_Joel_Dire_Straits.jpg\" alt=\"Billy_Joel_Dire_Straits\" width=\"400\" height=\"200\" srcset=\"https:\/\/www.ufukonen.com\/tr\/wp-content\/uploads\/Billy_Joel_Dire_Straits.jpg 500w, https:\/\/www.ufukonen.com\/tr\/wp-content\/uploads\/Billy_Joel_Dire_Straits-300x150.jpg 300w\" sizes=\"(max-width: 400px) 100vw, 400px\" \/><p id=\"caption-attachment-2486\" class=\"wp-caption-text\">Billy Joel &#8211; 52nd Street ve Dire Straits &#8211; Brothers in Arms<\/p><\/div>\n<p>CD, piyasaya s\u00fcr\u00fclmesinin ard\u0131ndan k\u0131sa bir s\u00fcre i\u00e7inde plak \u015firketleri i\u00e7in \u00e7ok k\u00e2rl\u0131 bir \u00fcr\u00fcn haline d\u00f6n\u00fc\u015ft\u00fc \u00e7\u00fcnk\u00fc hem yeni bir format olmas\u0131ndan hem de ses kalitesinden dolay\u0131 plak ve kasetten daha pahal\u0131 bir fiyata sat\u0131labiliyordu. Bunun yan\u0131 s\u0131ra baz\u0131 oyunlar da d\u00f6nmekteydi. \u00d6rnek olarak plaklar kamyonda ta\u015f\u0131nma s\u0131ras\u0131nda kolayca k\u0131r\u0131labildiklerinden dolay\u0131 plak \u015firketleri sanat\u00e7\u0131ya \u00f6dedikleri telif \u00fccretlerinden %10 zaiyat pay\u0131 kesiyordu. Ta\u015f\u0131nma s\u0131ras\u0131nda k\u0131r\u0131lma riski \u00e7ok daha az olmas\u0131na kar\u015f\u0131n plak \u015firketleri bu %10&#8217;luk kesintiyi bir s\u00fcre CD i\u00e7in de uygulamaya devam etti.<\/p>\n<div id=\"attachment_2488\" style=\"width: 160px\" class=\"wp-caption alignleft\"><img aria-describedby=\"caption-attachment-2488\" loading=\"lazy\" class=\"wp-image-2488 size-thumbnail\" src=\"http:\/\/ufukonen.com\/tr\/wp-content\/uploads\/DavidBowie-150x150.jpg\" alt=\"DavidBowie\" width=\"150\" height=\"150\" srcset=\"https:\/\/www.ufukonen.com\/tr\/wp-content\/uploads\/DavidBowie-150x150.jpg 150w, https:\/\/www.ufukonen.com\/tr\/wp-content\/uploads\/DavidBowie-300x300.jpg 300w, https:\/\/www.ufukonen.com\/tr\/wp-content\/uploads\/DavidBowie.jpg 640w\" sizes=\"(max-width: 150px) 100vw, 150px\" \/><p id=\"caption-attachment-2488\" class=\"wp-caption-text\">David Bowie<\/p><\/div>\n<p>1985 y\u0131l\u0131nda David Bowie&#8217;nin 15 alb\u00fcml\u00fck diskografisinin tamam\u0131 RCA Records taraf\u0131ndan CD format\u0131nda sat\u0131\u015fa sunuldu. Ard\u0131ndan bir\u00e7ok plak \u015firketi kataloglar\u0131nda bulunan tan\u0131nm\u0131\u015f ve pop\u00fcler sanat\u00e7\u0131lar\u0131n\u0131n daha \u00f6nce plak olarak bast\u0131klar\u0131 alb\u00fcmlerini CD format\u0131nda sat\u0131\u015fa sunmaya ba\u015flad\u0131. Bu, plak \u015firketlerinin kazan\u00e7lar\u0131 a\u00e7\u0131s\u0131ndan bir d\u00f6n\u00fcm noktas\u0131 oldu. Dinleyiciler, sevdikleri alb\u00fcmleri, plak olarak ellerinde bulunsa bile, CD format\u0131nda tekrar sat\u0131n almaya ba\u015flad\u0131. Bunu baz\u0131 alb\u00fcmler i\u00e7in ben de yapt\u0131m (ve yapmaya devam ediyorum). Benim i\u00e7in \u00f6zel olan bir tak\u0131m alb\u00fcmlerin ilk \u00f6nce kasetini veya pla\u011f\u0131n\u0131 sat\u0131n al\u0131p ard\u0131ndan CD&#8217;si \u00e7\u0131k\u0131nca CD&#8217;sini ald\u0131\u011f\u0131m, daha sonras\u0131nda da \u00f6zel bir versiyon sat\u0131\u015fa sunuldu\u011funda (\u00f6rnek olarak re-mastered CD, alb\u00fcm\u00fcn 20. y\u0131l \u00f6zel versiyonu, 180 gram plak gibi) ayn\u0131 alb\u00fcm\u00fc farkl\u0131 formatlarda tekrar tekrar sat\u0131n ald\u0131\u011f\u0131m oldu ve olmaya da devam ediyor. Plak \u015firketlerinin, \u00fcretim haklar\u0131n\u0131 ellerinde tuttuklar\u0131 daha \u00f6nce plak olarak bas\u0131lm\u0131\u015f alb\u00fcmleri CD format\u0131nda sat\u0131\u015fa sunarak normalde edebileceklerinden \u00e7ok daha b\u00fcy\u00fck k\u00e2rlar elde edebilmelerinin iki sebebi vard\u0131: Birincisi, CD&#8217;ye bas\u0131lan bu alb\u00fcmlerin kay\u0131t ve prod\u00fcksiyon masraflar\u0131 zaten kar\u015f\u0131lanm\u0131\u015ft\u0131. \u0130kincisi, eski alb\u00fcmlerin bir\u00e7o\u011fu tan\u0131nan bilinen alb\u00fcmler oldu\u011fu i\u00e7in reklama fazla bir b\u00fct\u00e7e ay\u0131rmak gerekmiyordu. Plak \u015firketlerine bir tek CD \u00fcretim (fabrikasyon) giderlerini \u00fcstlenmek kal\u0131yordu. Minimum giderle sat\u0131\u015fa sunduklar\u0131 CD format\u0131ndaki alb\u00fcmleri y\u00fcksek fiyatlarla ve b\u00fcy\u00fck miktarlarda satmaya ba\u015flayan plak \u015firketleri bu sayede \u00e7ok b\u00fcy\u00fck k\u00e2rlar elde etmeye ba\u015flad\u0131.<\/p>\n<p>Elde edilen bu b\u00fcy\u00fck k\u00e2rlar k\u0131sa s\u00fcre i\u00e7inde b\u00fcy\u00fck sermayeli \u00e7ok g\u00fc\u00e7l\u00fc \u015firketlerin ilgisini \u00e7ekti. Bunun sonucunda 1980&#8217;lerin &#8216;major label&#8217; olarak adland\u0131r\u0131lan b\u00fcy\u00fck ama ba\u011f\u0131ms\u0131z olarak y\u00f6netilen plak \u015firketlerini \u00e7ok uluslu ve b\u00fcy\u00fck sermayeli dev \u015firketler sat\u0131n almaya ba\u015flad\u0131. Columbia Records, Sony&#8217;e; Warner Bros. Records, Time Incorporated&#8217;a; Universal Music, Matsushita&#8217;ya; EMI ise Thorn&#8217;a sat\u0131ld\u0131.<\/p>\n<p>CD T\u00fcrkiye&#8217;ye olduk\u00e7a ge\u00e7 geldi. Hat\u0131rl\u0131yorum, 1980&#8217;lerin sonunda, hatta 1990&#8217;lar\u0131n ba\u015f\u0131nda \u00e7ok s\u0131n\u0131rl\u0131 say\u0131da CD bulunurdu. Ankara&#8217;da vitrinini CD&#8217;lerin s\u00fcsledi\u011fi ilk d\u00fckkanlardan biri Shades&#8217;ti. Sahibi S\u00fcleyman \u00d6zy\u0131ld\u0131r\u0131m, rock, blues ve jazz t\u00fcrlerinde benim bug\u00fcne kadar tan\u0131d\u0131\u011f\u0131m en bilgili insanlardan biridir. Shades hala ayn\u0131 pasajda, ayn\u0131 d\u00fckkanda devam ediyor, umar\u0131m daha da uzun y\u0131llar devam eder.<\/p>\n<div id=\"attachment_2489\" style=\"width: 510px\" class=\"wp-caption aligncenter\"><img aria-describedby=\"caption-attachment-2489\" loading=\"lazy\" class=\"wp-image-2489\" src=\"http:\/\/ufukonen.com\/tr\/wp-content\/uploads\/Shades.jpg\" alt=\"S\u00fcleyman \u00d6zy\u0131ld\u0131r\u0131m - Shades\" width=\"500\" height=\"281\" srcset=\"https:\/\/www.ufukonen.com\/tr\/wp-content\/uploads\/Shades.jpg 720w, https:\/\/www.ufukonen.com\/tr\/wp-content\/uploads\/Shades-300x169.jpg 300w\" sizes=\"(max-width: 500px) 100vw, 500px\" \/><p id=\"caption-attachment-2489\" class=\"wp-caption-text\">S\u00fcleyman \u00d6zy\u0131ld\u0131r\u0131m &#8211; Shades<\/p><\/div>\n<p>1980&#8217;lerde m\u00fczik end\u00fcstrisinde ger\u00e7ekle\u015fen en b\u00fcy\u00fck geli\u015fmelerden biri \u015f\u00fcphesiz MTV&#8217;nin yay\u0131na ba\u015flamas\u0131yd\u0131. 1981 y\u0131l\u0131nda John Lack&#8217;in &#8220;Ladies and gentlemen, rock and roll&#8221; s\u00f6zleriyle ve The Buggles&#8217;\u0131n &#8220;Video Killed the Radio Star&#8221; par\u00e7as\u0131n\u0131n klibi ile yay\u0131na ba\u015flayan MTV, k\u0131sa s\u00fcrede pop\u00fcler hale geldi ve radyonun sahip oldu\u011fu &#8220;par\u00e7alar\u0131 hit yapma g\u00fcc\u00fc&#8221;n\u00fc elde etti. \u0130lk ba\u015fta radyo ve MTV aras\u0131ndaki fark ay\u0131rt edilememi\u015fti, plak \u015firketleri her ikisine de promosyon imk\u00e2n\u0131 olarak bak\u0131yordu ancak k\u0131sa s\u00fcrede bunun sadece b\u00f6yle olmad\u0131\u011f\u0131, MTV&#8217;nin bir tek m\u00fczi\u011fi de\u011fil sanat\u00e7\u0131n\u0131n g\u00f6r\u00fcn\u00fcm\u00fcn\u00fc de \u00f6ne \u00e7\u0131kartt\u0131\u011f\u0131, dolay\u0131s\u0131yla imaj\u0131n m\u00fczik kadar (hatta maalesef baz\u0131 durumlarda m\u00fczikten daha \u00f6nemli oldu\u011fu) ortaya \u00e7\u0131kt\u0131. Plak \u015firketleri \u00f6nceleri kabiliyetli sanat\u00e7\u0131lar ve iyi (ya da pop\u00fcler olabilecek) par\u00e7alar pe\u015findeyken MTV&#8217;den sonra bunlar\u0131n yan\u0131 s\u0131ra ekranda iyi g\u00f6r\u00fcnen, imaj\u0131 sa\u011flam sanat\u00e7\u0131lar aramaya ba\u015flad\u0131. Buna ek olarak \u015firketler promosyon b\u00fct\u00e7elerine video klipler i\u00e7in yeni bir kalem daha ekledi ve bunun sonucunda m\u00fczik end\u00fcstrisinde bir alt dal olarak video klip end\u00fcstrisi do\u011fdu.<\/p>\n<p><span class=\"embed-youtube\" style=\"text-align:center; display: block;\"><iframe loading=\"lazy\" class=\"youtube-player\" width=\"700\" height=\"394\" src=\"https:\/\/www.youtube.com\/embed\/2NBhuf1g-rY?version=3&#038;rel=1&#038;showsearch=0&#038;showinfo=1&#038;iv_load_policy=1&#038;fs=1&#038;hl=en-US&#038;autohide=2&#038;wmode=transparent\" allowfullscreen=\"true\" style=\"border:0;\" sandbox=\"allow-scripts allow-same-origin allow-popups allow-presentation\"><\/iframe><\/span><\/p>\n<p>1990&#8217;larda kablo TV ile T\u00fcrkiye&#8217;den MTV Europe&#8217;u izlemek m\u00fcmk\u00fcnd\u00fc. Daha sonra 2006&#8217;da MTV T\u00fcrkiye a\u00e7\u0131ld\u0131 ve be\u015f y\u0131l boyunca yay\u0131nda kald\u0131. T\u00fcrkiye&#8217;de m\u00fczik end\u00fcstrisini en \u00e7ok etkileyen televizyon kanallar\u0131ndan biri \u015f\u00fcphesiz Kral TV&#8217;dir. 1994&#8217;ten itibaren T\u00fcrkiye&#8217;de video klip sekt\u00f6r\u00fcn\u00fcn geli\u015fmesi ve m\u00fczik end\u00fcstrisinin \u00f6nemli bir par\u00e7as\u0131 haline gelmesi Kral TV sayesinde olmu\u015ftur.<\/p>\n<p>\u00d6zetleyecek olursak, 1.5 modelinde plak \u015firketleri CD sat\u0131\u015flar\u0131ndan \u00e7ok b\u00fcy\u00fck k\u00e2rlar elde etmeye ba\u015flad\u0131, bu k\u00e2rlar b\u00fcy\u00fck sermayeli ve \u00e7ok uluslu dev \u015firketlerin i\u015ftah\u0131n\u0131 kabartt\u0131 ve bunun sonucunda bu \u015firketler b\u00fcy\u00fck ancak ba\u011f\u0131ms\u0131z y\u00f6netilen plak \u015firketlerini sat\u0131n alarak m\u00fczik end\u00fcstrisine girdiler. Di\u011fer yandan MTV radyoya rakip oldu. MTV&#8217;nin pop\u00fcler hale gelmesi ile sanat\u00e7\u0131n\u0131n imaj\u0131 \u00e7ok \u00f6nemli bir hale geldi.<\/p>\n<p>&gt; <a href=\"http:\/\/www.ufukonen.com\/tr\/muzik-endustrisine-bakis-3.html\">\u00dc\u00e7\u00fcnc\u00fc b\u00f6l\u00fcm i\u00e7in t\u0131klay\u0131n\u0131z<\/a><\/p>\n<p>Benzer payla\u015f\u0131mlar i\u00e7in beni <a href=\"https:\/\/www.facebook.com\/ufukonen.skmt\/\" target=\"_blank\" rel=\"noopener noreferrer\">Facebook<\/a> ve <a href=\"https:\/\/twitter.com\/UfukOnen\" target=\"_blank\" rel=\"noopener noreferrer\">Twitter<\/a>&#8216;da takip edin. Haberler i\u00e7in l\u00fctfen <a href=\"http:\/\/ufukonen.com\/tr\/ses-kayit-muzik-teknolojisi-terimler-sozluk.html\" target=\"_blank\" rel=\"noopener noreferrer\">mesaj listeme \u00fcye olun<\/a>.<\/p>\n<p>Foto\u011fraflar:<\/p>\n<ul>\n<li>Shades:\u00a0Yusuf Ak\u00e7ura<\/li>\n<li>Rare Groove: <a href=\"https:\/\/en.wikipedia.org\/wiki\/Rare_groove#\/media\/File:33_Umin.jpg\" target=\"_blank\" rel=\"noopener noreferrer\">Bryan<\/a><\/li>\n<li>David Bowie: <a href=\"https:\/\/www.flickr.com\/photos\/55966100@N06\/11033766584\/in\/photostream\/\" target=\"_blank\" rel=\"noopener noreferrer\">Stratopaul<\/a><\/li>\n<\/ul>\n","protected":false},"excerpt":{"rendered":"<p class=\"post-excerpt\">Yaz\u0131 dizisinin birinci b\u00f6l\u00fcm\u00fcne buradan ula\u015fabilirsiniz: Giri\u015f \/ M\u00fczik 0.5: Ba\u015flang\u0131\u00e7 \/ M\u00fczik 1.0: &#8220;Klasik&#8221; Model M\u00fczik 1.5: MTV, CD&#8230;<\/p>\n","protected":false},"author":2,"featured_media":2493,"comment_status":"closed","ping_status":"open","sticky":false,"template":"","format":"standard","meta":{"_mi_skip_tracking":false,"spay_email":"","jetpack_publicize_message":"","jetpack_is_tweetstorm":false,"jetpack_publicize_feature_enabled":true},"categories":[17],"tags":[],"jetpack_featured_media_url":"https:\/\/www.ufukonen.com\/tr\/wp-content\/uploads\/Muzik_Endustrisine_Bakis_2.jpg","jetpack_publicize_connections":[],"jetpack_shortlink":"https:\/\/wp.me\/p3rjsG-E3","jetpack_sharing_enabled":true,"jetpack-related-posts":[{"id":6062,"url":"https:\/\/www.ufukonen.com\/tr\/dunya-muzik-endustrisinden-haberler-2020-09.html","url_meta":{"origin":2483,"position":0},"title":"D\u00fcnya M\u00fczik End\u00fcstrisinden Haberler","date":"September 21, 2020","format":false,"excerpt":"Eyl\u00fcl ay\u0131 i\u00e7inde g\u00f6z\u00fcme tak\u0131lan m\u00fczik end\u00fcstrisi haberlerinden birka\u00e7 tanesini sizlerle payla\u015fmak istiyorum. Fender'in Gitar Sat\u0131\u015flar\u0131 2020 Y\u0131l\u0131 \u0130\u00e7inde Rekor K\u0131rd\u0131 Son y\u0131llarda bir yandan pop\u00fcler m\u00fczik t\u00fcrlerinde de\u011fi\u015fimler ya\u015fanmas\u0131, di\u011fer yandan da m\u00fczik \u00fcretiminde elektronik ara\u00e7 ve y\u00f6ntemlerin bir\u00e7ok ki\u015fi taraf\u0131ndan tercih edilir bir hale gelmesi sebebi ile \"geleneksel\"\u2026","rel":"","context":"In &quot;M\u00fczik End\u00fcstrisi&quot;","img":{"alt_text":"","src":"https:\/\/i0.wp.com\/www.ufukonen.com\/tr\/wp-content\/uploads\/Dunya_Muzik_Endustrisinden_Haberler_2020-09_00_Header.jpg?resize=350%2C200&ssl=1","width":350,"height":200},"classes":[]},{"id":2464,"url":"https:\/\/www.ufukonen.com\/tr\/muzik-endustrisine-bakis-1.html","url_meta":{"origin":2483,"position":1},"title":"M\u00fczik End\u00fcstrisine Bak\u0131\u015f (1. B\u00f6l\u00fcm)","date":"April 22, 2016","format":false,"excerpt":"\"M\u00fczik Prod\u00fcksiyonu i\u00e7in Alternatif Y\u00f6ntemler ve Amanda Palmer \u00d6rne\u011fi\" ba\u015fl\u0131kl\u0131 yaz\u0131m olduk\u00e7a ilgi toplam\u0131\u015ft\u0131. Anla\u015f\u0131lan o ki m\u00fczik prod\u00fcksiyonu, finansman, da\u011f\u0131t\u0131m ve benzeri konularda yeni ve alternatif y\u00f6ntemler bir\u00e7ok m\u00fczisyenin ve m\u00fczik prod\u00fckt\u00f6r\u00fcn\u00fcn ilgisini \u00e7ekiyor. Ba\u015flang\u0131c\u0131ndan sonra uzun y\u0131llar ayn\u0131 \u015fekilde devam edem m\u00fczik end\u00fcstrisinde son 10-15 y\u0131lda b\u00fcy\u00fck de\u011fi\u015fimler\u2026","rel":"","context":"In &quot;M\u00fczik End\u00fcstrisi&quot;","img":{"alt_text":"","src":"https:\/\/i0.wp.com\/www.ufukonen.com\/tr\/wp-content\/uploads\/Muzik_Endustrisine_Bakis_1.jpg?resize=350%2C200&ssl=1","width":350,"height":200},"classes":[]},{"id":2536,"url":"https:\/\/www.ufukonen.com\/tr\/muzik-endustrisine-bakis-4.html","url_meta":{"origin":2483,"position":2},"title":"M\u00fczik End\u00fcstrisine Bak\u0131\u015f (4. B\u00f6l\u00fcm)","date":"May 20, 2016","format":false,"excerpt":"Birinci b\u00f6l\u00fcm i\u00e7in t\u0131klay\u0131n\u0131z - \u0130kinci b\u00f6l\u00fcm i\u00e7in t\u0131klay\u0131n\u0131z\u00a0- \u00dc\u00e7\u00fcnc\u00fc b\u00f6l\u00fcm i\u00e7in t\u0131klay\u0131n\u0131z \u00a0 M\u00fczik 3.0: Arac\u0131n\u0131n Ortadan Kalkmas\u0131 M\u00fczik 1.0 modelinde sanat\u00e7\u0131 sadece plak \u015firketi ile ba\u011flant\u0131l\u0131yd\u0131, dinleyici ile (imza g\u00fcnleri ve benzeri etkinlikleri saymazsak) do\u011frudan ileti\u015fimi yoktu. Plak \u015firketi satmak istedikleri \u00fcr\u00fcnlerin (alb\u00fcm ve single'lar\u0131n) tan\u0131t\u0131m\u0131n\u0131 radyo, televizyon\u2026","rel":"","context":"In &quot;M\u00fczik End\u00fcstrisi&quot;","img":{"alt_text":"","src":"https:\/\/i0.wp.com\/www.ufukonen.com\/tr\/wp-content\/uploads\/Muzik_Endustrisine_Bakis_4_alt_3.png?resize=350%2C200&ssl=1","width":350,"height":200},"classes":[]},{"id":6550,"url":"https:\/\/www.ufukonen.com\/tr\/muzik-endustrisine-bakis-9.html","url_meta":{"origin":2483,"position":3},"title":"M\u00fczik End\u00fcstrisine Bak\u0131\u015f (9. B\u00f6l\u00fcm)","date":"May 3, 2021","format":false,"excerpt":"\u201cM\u00fczik End\u00fcstrisine Bak\u0131\u015f\u201d adl\u0131 yaz\u0131 dizimin dokuzuncu b\u00f6l\u00fcm\u00fcnde IFPI (International Federation of the Phonographic Industry) taraf\u0131ndan 2021 Nisan ay\u0131 i\u00e7inde yay\u0131nlanan IFPI Global Music Report 2021 ba\u015fl\u0131kl\u0131 global m\u00fczik raporundaki 2020 y\u0131l\u0131 verilerini inceleyip, ge\u00e7mi\u015f y\u0131llar\u0131n verileri ile kar\u015f\u0131la\u015ft\u0131raca\u011f\u0131m. Yaz\u0131 dizisinin \u00f6nceki b\u00f6l\u00fcmlerini okumak i\u00e7in t\u0131klay\u0131n\u0131z: 1. B\u00f6l\u00fcm | 2.\u2026","rel":"","context":"In &quot;M\u00fczik End\u00fcstrisi&quot;","img":{"alt_text":"","src":"https:\/\/i0.wp.com\/www.ufukonen.com\/tr\/wp-content\/uploads\/muzik_endustrisi_09_header.jpg?resize=350%2C200&ssl=1","width":350,"height":200},"classes":[]},{"id":2516,"url":"https:\/\/www.ufukonen.com\/tr\/muzik-endustrisine-bakis-3.html","url_meta":{"origin":2483,"position":4},"title":"M\u00fczik End\u00fcstrisine Bak\u0131\u015f (3. B\u00f6l\u00fcm)","date":"May 13, 2016","format":false,"excerpt":"Birinci b\u00f6l\u00fcm i\u00e7in t\u0131klay\u0131n\u0131z - \u0130kinci b\u00f6l\u00fcm i\u00e7in t\u0131klay\u0131n\u0131z \u00a0 M\u00fczik 2.0: Internet \u00c7a\u011f\u0131 Owsinki, 2.0'\u0131n ba\u015flang\u0131\u00e7\u0131n\u0131n 1994, yani mp3 dosyalar\u0131n\u0131n ilk payla\u015f\u0131ld\u0131\u011f\u0131 y\u0131l oldu\u011funu s\u00f6yl\u00fcyor. M\u00fczik CD'leri i\u00e7in kullan\u0131lan s\u0131k\u0131\u015ft\u0131r\u0131lmam\u0131\u015f dijital dosya format\u0131nda bir dakikal\u0131k mono ses kayd\u0131 5 MB, bir dakikal\u0131k stereo ses kayd\u0131 ise 10 MB yer\u2026","rel":"","context":"In &quot;M\u00fczik End\u00fcstrisi&quot;","img":{"alt_text":"","src":"https:\/\/i0.wp.com\/www.ufukonen.com\/tr\/wp-content\/uploads\/Muzik_Endustrisine_Bakis_3_alt_2.png?resize=350%2C200&ssl=1","width":350,"height":200},"classes":[]},{"id":4420,"url":"https:\/\/www.ufukonen.com\/tr\/kisisel-ses-cihazlarinin-gecmisi.html","url_meta":{"origin":2483,"position":5},"title":"Ki\u015fisel ve Ev Tipi Ses Cihazlar\u0131n\u0131n 162 Y\u0131ll\u0131k Ge\u00e7mi\u015fi","date":"December 17, 2018","format":false,"excerpt":"CD ve DVD \u00e7o\u011falt\u0131m firmas\u0131 VP Online 'home audio' i\u00e7in 162 y\u0131ll\u0131k bir zaman dilimini kapsayan bir infografik haz\u0131rlam\u0131\u015f. VP Online 'home audio' demi\u015f ama ben ba\u015fl\u0131\u011f\u0131 'ki\u015fisel ve ev tipi ses cihazlar\u0131' olarak att\u0131m \u00e7\u00fcnk\u00fc infografikte her yere ta\u015f\u0131yabilece\u011fimiz mobil cihazlar da var. Thomas Edison'un fonograf (phonograph) ad\u0131n\u0131 verdi\u011fi\u2026","rel":"","context":"In &quot;Ses ve M\u00fczik Teknolojileri&quot;","img":{"alt_text":"","src":"https:\/\/i0.wp.com\/www.ufukonen.com\/tr\/wp-content\/uploads\/Kisisel_ve_Ev_Tipi_Ses_Cihazlari.jpg?resize=350%2C200&ssl=1","width":350,"height":200},"classes":[]}],"_links":{"self":[{"href":"https:\/\/www.ufukonen.com\/tr\/wp-json\/wp\/v2\/posts\/2483"}],"collection":[{"href":"https:\/\/www.ufukonen.com\/tr\/wp-json\/wp\/v2\/posts"}],"about":[{"href":"https:\/\/www.ufukonen.com\/tr\/wp-json\/wp\/v2\/types\/post"}],"author":[{"embeddable":true,"href":"https:\/\/www.ufukonen.com\/tr\/wp-json\/wp\/v2\/users\/2"}],"replies":[{"embeddable":true,"href":"https:\/\/www.ufukonen.com\/tr\/wp-json\/wp\/v2\/comments?post=2483"}],"version-history":[{"count":9,"href":"https:\/\/www.ufukonen.com\/tr\/wp-json\/wp\/v2\/posts\/2483\/revisions"}],"predecessor-version":[{"id":5844,"href":"https:\/\/www.ufukonen.com\/tr\/wp-json\/wp\/v2\/posts\/2483\/revisions\/5844"}],"wp:featuredmedia":[{"embeddable":true,"href":"https:\/\/www.ufukonen.com\/tr\/wp-json\/wp\/v2\/media\/2493"}],"wp:attachment":[{"href":"https:\/\/www.ufukonen.com\/tr\/wp-json\/wp\/v2\/media?parent=2483"}],"wp:term":[{"taxonomy":"category","embeddable":true,"href":"https:\/\/www.ufukonen.com\/tr\/wp-json\/wp\/v2\/categories?post=2483"},{"taxonomy":"post_tag","embeddable":true,"href":"https:\/\/www.ufukonen.com\/tr\/wp-json\/wp\/v2\/tags?post=2483"}],"curies":[{"name":"wp","href":"https:\/\/api.w.org\/{rel}","templated":true}]}}