{"id":2516,"date":"2016-05-13T09:00:08","date_gmt":"2016-05-13T06:00:08","guid":{"rendered":"http:\/\/www.ufukonen.com\/tr\/?p=2516"},"modified":"2016-05-21T12:28:10","modified_gmt":"2016-05-21T09:28:10","slug":"muzik-endustrisine-bakis-3","status":"publish","type":"post","link":"https:\/\/www.ufukonen.com\/tr\/muzik-endustrisine-bakis-3.html","title":{"rendered":"M\u00fczik End\u00fcstrisine Bak\u0131\u015f (3. B\u00f6l\u00fcm)"},"content":{"rendered":"<p><img loading=\"lazy\" class=\"aligncenter wp-image-2549\" src=\"http:\/\/www.ufukonen.com\/tr\/wp-content\/uploads\/Muzik_Endustrisine_Bakis_3_alt_2.png\" alt=\"Muzik_Endustrisine_Bakis_3_alt_2\" width=\"500\" height=\"365\" srcset=\"https:\/\/www.ufukonen.com\/tr\/wp-content\/uploads\/Muzik_Endustrisine_Bakis_3_alt_2.png 640w, https:\/\/www.ufukonen.com\/tr\/wp-content\/uploads\/Muzik_Endustrisine_Bakis_3_alt_2-300x219.png 300w\" sizes=\"(max-width: 500px) 100vw, 500px\" \/><\/p>\n<p style=\"text-align: center;\">Birinci b\u00f6l\u00fcm i\u00e7in <a href=\"http:\/\/www.ufukonen.com\/tr\/muzik-endustrisine-bakis-1.html\">t\u0131klay\u0131n\u0131z<\/a> &#8211; \u0130kinci b\u00f6l\u00fcm i\u00e7in <a href=\"http:\/\/www.ufukonen.com\/tr\/muzik-endustrisine-bakis-2.html\">t\u0131klay\u0131n\u0131z<\/a><\/p>\n<p>&nbsp;<\/p>\n<h3>M\u00fczik 2.0: Internet \u00c7a\u011f\u0131<\/h3>\n<p>Owsinki, 2.0&#8217;\u0131n ba\u015flang\u0131\u00e7\u0131n\u0131n 1994, yani mp3 dosyalar\u0131n\u0131n ilk payla\u015f\u0131ld\u0131\u011f\u0131 y\u0131l oldu\u011funu s\u00f6yl\u00fcyor. M\u00fczik CD&#8217;leri i\u00e7in kullan\u0131lan s\u0131k\u0131\u015ft\u0131r\u0131lmam\u0131\u015f dijital dosya format\u0131nda bir dakikal\u0131k mono ses kayd\u0131 5 MB, bir dakikal\u0131k stereo ses kayd\u0131 ise 10 MB yer tutuyor. Bu hesapla 40 dakikal\u0131k stereo bir alb\u00fcm 400 MB anlam\u0131na geliyor. Bug\u00fcn i\u00e7in belki fazla b\u00fcy\u00fck de\u011fil fakat 1990&#8217;lar\u0131n telefon hatlar\u0131 \u00fczerinden yap\u0131lan &#8216;dial-up&#8217; internet ba\u011flant\u0131lar\u0131n\u0131 d\u00fc\u015f\u00fcnd\u00fc\u011f\u00fcn\u00fczde toplam 400 MB b\u00fcy\u00fckl\u00fc\u011f\u00fcnde bir dizi dosyay\u0131 indirmek neredeyse imk\u00e2ns\u0131zd\u0131. 128 kbps mp3 dosyalar\u0131n\u0131n b\u00fcy\u00fckl\u00fckleri normal (kay\u0131ps\u0131z \/ s\u0131k\u0131\u015ft\u0131r\u0131lmam\u0131\u015f) dijital dosyalara g\u00f6re onda biri oldu\u011fu i\u00e7in internet \u00fczerinde bu dosyalar\u0131n transferleri m\u00fcmk\u00fcnd\u00fc. D\u00fc\u015f\u00fck de\u011ferlerle kodlanm\u0131\u015f mp3 dosyalar\u0131n\u0131n ses kaliteleri her ne kadar k\u00f6t\u00fc de olsa internet \u00fczerinden bilgisayara par\u00e7a indirme, indirilen par\u00e7alar\u0131 ba\u015fkalar\u0131yla payla\u015fabilme fikri bir\u00e7ok insana cazip geldi.<\/p>\n<p><img loading=\"lazy\" class=\"alignleft wp-image-2520\" src=\"http:\/\/www.ufukonen.com\/tr\/wp-content\/uploads\/napster-e1462892063863-300x300.jpg\" alt=\"napster\" width=\"100\" height=\"100\" srcset=\"https:\/\/www.ufukonen.com\/tr\/wp-content\/uploads\/napster-e1462892063863-300x300.jpg 300w, https:\/\/www.ufukonen.com\/tr\/wp-content\/uploads\/napster-e1462892063863-150x150.jpg 150w, https:\/\/www.ufukonen.com\/tr\/wp-content\/uploads\/napster-e1462892063863.jpg 318w\" sizes=\"(max-width: 100px) 100vw, 100px\" \/>Dosya payla\u015f\u0131m\u0131 IRC (Internet Relay Chat) ve Hotline \u00fczerinden ba\u015flad\u0131. 1997&#8217;de Winamp ile birlikte mp3 kullan\u0131m\u0131 artt\u0131. 1999 y\u0131l\u0131nda Napster ile &#8216;peer-to-peer file sharing&#8217; (P2P) olarak tan\u0131mlanan kullan\u0131c\u0131lar\u0131n internet \u00fczerinden kendi aralar\u0131nda dosya payla\u015f\u0131m\u0131na imk\u00e2n tan\u0131yan sistem hayata ge\u00e7ti ve \u00e7ok k\u0131sa s\u00fcrede pop\u00fcler hale geldi. 2000 y\u0131l\u0131nda ba\u015fta Metallica olmak \u00fczere Dr. Dre ve Madonna gibi bir\u00e7ok \u00fcnl\u00fc sanat\u00e7\u0131 Napster&#8217;a dava a\u00e7t\u0131. Napster 2001&#8217;de kapat\u0131ld\u0131 ancak dosya payla\u015f\u0131m\u0131 Gnutella, Kazaa ve BitTorrent \u00fczerinden devam etti. Plak \u015firketleri \u00f6nceleri \u00e7ok da \u00f6nemsemedikleri dosya payla\u015f\u0131m\u0131n\u0131n kendilerini s\u0131k\u0131nt\u0131ya sokabilece\u011fini fark etmeye ba\u015flad\u0131.<\/p>\n<p>1990&#8217;lar\u0131n ortalar\u0131nda CD yaz\u0131c\u0131lar ve bu yaz\u0131c\u0131larda kullan\u0131lan bo\u015f CD&#8217;ler \u00e7ok pahal\u0131yd\u0131. Bunlar ancak mastering i\u00e7in profesyonel st\u00fcdyolarda kullan\u0131labiliyordu. 2000&#8217;lere geldi\u011fimizde CD yaz\u0131c\u0131lar\u0131n fiyatlar\u0131 d\u00fc\u015ft\u00fc, bilgisayarlar\u0131n \u00fczerinde standart olarak kullan\u0131lan bir donan\u0131m haline geldi. Baz\u0131lar\u0131na g\u00f6re Bat\u0131 \u00fclkelerinde CD yaz\u0131c\u0131lar, korsan sat\u0131\u015fa katk\u0131 sa\u011flamasa bile arkada\u015f aras\u0131nda alb\u00fcm payla\u015f\u0131m\u0131n\u0131 art\u0131rd\u0131\u011f\u0131 i\u00e7in m\u00fczik end\u00fcstrisine k\u00fc\u00e7\u00fck de olsa darbe vurdu. T\u00fcrkiye i\u00e7in durum farkl\u0131yd\u0131; zaten \u00e7ok yo\u011fun bir \u015fekilde s\u00fcr\u00fcp giden korsan kaset ticareti sadece format de\u011fi\u015ftirerek, kasetten CD&#8217;ye ge\u00e7erek, t\u00fcm h\u0131z\u0131yla devam etti.<\/p>\n<p>M\u00fczik 2.0&#8217;\u0131, k\u0131saca, m\u00fczik end\u00fcstrisinde y\u0131llardan beri s\u00fcregelen klasik modelin dijital m\u00fczik dosyalar\u0131 ve bunlar\u0131n internet \u00fczerinden payla\u015f\u0131m\u0131 sonucunda de\u011fi\u015fmeye ba\u015flayabilece\u011finin sinyallerini verdi\u011fi bir d\u00f6nem olarak \u00f6zetleyebiliriz. Bu sinyaller \u00f6zelikle 1980&#8217;lerde \u00e7ok b\u00fcy\u00fck k\u00e2rlar elde eden b\u00fcy\u00fck plak \u015firketlerinin rahats\u0131z etmeye ba\u015flam\u0131\u015ft\u0131.<\/p>\n<p>&nbsp;<\/p>\n<h3>M\u00fczik 2.5: iTunes ve Dijital M\u00fczi\u011fin Paraya \u00c7evrilmesi<\/h3>\n<p>2000&#8217;li y\u0131llar\u0131n ba\u015f\u0131nda plak \u015firketleri internet \u00fczerinden yap\u0131lan payla\u015f\u0131mlar\u0131 durduramayaca\u011f\u0131n\u0131 yava\u015f yava\u015f anlamaya ba\u015flam\u0131\u015f ve bunun i\u00e7in farkl\u0131 form\u00fcller arar hale gelmi\u015fti. 2001&#8217;de Apple hem iTunes&#8217;u hem de iPod&#8217;u tan\u0131tt\u0131. iPod, k\u0131sa s\u00fcre i\u00e7inde 21. y\u00fczy\u0131l\u0131n &#8220;Walkman&#8221;i haline geldi. Apple, 2003&#8217;te iTunes Store&#8217;u a\u00e7t\u0131 ve bu, m\u00fczik end\u00fcstrisinde adeta devrim niteli\u011finde bir hamle oldu \u00e7\u00fcnk\u00fc dijital m\u00fczik dosyalar\u0131n\u0131n para kar\u015f\u0131l\u0131\u011f\u0131 sat\u0131lmas\u0131, di\u011fer bir deyi\u015fle ticaret i\u00e7in kullan\u0131lmas\u0131 m\u00fcmk\u00fcn hale geldi. iTunes Store \u00fczerinden yap\u0131lan sat\u0131\u015flardan sanat\u00e7\u0131 her zaman oldu\u011fundan daha b\u00fcy\u00fck bir k\u00e2r elde etmedi ancak Apple, sat\u0131\u015flar \u00fczerinden ald\u0131\u011f\u0131 paylar ile, plak \u015firketleri ise fabrikasyon ve paketleme giderlerinden kurtulmalar\u0131yla birlikte b\u00fcy\u00fck k\u00e2rlar elde etmeye ba\u015flad\u0131. iTunes Store katalo\u011funda 43 milyon \u015fark\u0131 bulunuyor, a\u00e7\u0131l\u0131\u015ftan bug\u00fcne kadar sat\u0131lan toplam \u015fark\u0131 say\u0131s\u0131 ise 25 milyar\u0131 ge\u00e7mi\u015f. iTunes Store T\u00fcrkiye&#8217;ye ancak Aral\u0131k 2012&#8217;de girebildi.<\/p>\n<div id=\"attachment_2519\" style=\"width: 260px\" class=\"wp-caption aligncenter\"><img aria-describedby=\"caption-attachment-2519\" loading=\"lazy\" class=\"wp-image-2519\" src=\"http:\/\/www.ufukonen.com\/tr\/wp-content\/uploads\/iPod_white.jpg\" alt=\"iPod_white\" width=\"250\" height=\"250\" srcset=\"https:\/\/www.ufukonen.com\/tr\/wp-content\/uploads\/iPod_white.jpg 595w, https:\/\/www.ufukonen.com\/tr\/wp-content\/uploads\/iPod_white-150x150.jpg 150w, https:\/\/www.ufukonen.com\/tr\/wp-content\/uploads\/iPod_white-300x300.jpg 300w\" sizes=\"(max-width: 250px) 100vw, 250px\" \/><p id=\"caption-attachment-2519\" class=\"wp-caption-text\">Apple iPod\u00ae<\/p><\/div>\n<p>&nbsp;<\/p>\n<p>Dijital par\u00e7a sat\u0131\u015flar\u0131 her ne kadar plak \u015firketleri i\u00e7in k\u00e2rl\u0131 olsa da internet \u00fczerinden dosya payla\u015f\u0131m\u0131 genel olarak alb\u00fcm ve single sat\u0131\u015flar\u0131n\u0131 olumsuz y\u00f6nde etkiledi. Bu sebepten dolay\u0131 \u015firketler, eskiden alb\u00fcm sat\u0131\u015flar\u0131ndan kazand\u0131klar\u0131 paralar\u0131 bu sefer de konser, turne gibi di\u011fer yollar \u00fczerinden kazanabilmek i\u00e7in sanat\u00e7\u0131larla sadece alb\u00fcm anla\u015fmalar\u0131 de\u011fil ayn\u0131 zamanda menajerlik anla\u015fmas\u0131 yapmak i\u00e7in de kollar\u0131 s\u0131vad\u0131. Bu model hen\u00fcz \u00e7ok oturmu\u015f bir model olmasa da end\u00fcstrideki \u00e7al\u0131\u015fma \u015fekilleri yava\u015f yava\u015f bu y\u00f6ne do\u011fru kay\u0131yor.<\/p>\n<p>M\u00fczik 2.5 modelinde bir di\u011fer \u00f6nemli konu ise veri ak\u0131\u015f\u0131 (streaming) sa\u011flayan m\u00fczik siteleri ve servisleri&#8230; 2000-2007 y\u0131llar\u0131 aras\u0131nda Pandora, Spotify, Grooveshark, Rhapsody, Deezer gibi \u00e7e\u015fitli streaming siteleri ve servisleri kuruldu. Bunlardan baz\u0131lar\u0131 tamamen yasal olarak i\u015fe ba\u015flad\u0131: kullan\u0131c\u0131lar\u0131ndan ayl\u0131k ya da y\u0131ll\u0131k \u00fccret al\u0131p veya reklamlarda gelir elde edip plak \u015firketlerine ve sanat\u00e7\u0131lara telif \u00fccreti \u00f6d\u00fcyorlard\u0131. Di\u011ferlerinin durumu ise biraz daha kar\u0131\u015f\u0131k ya da karanl\u0131kt\u0131. Durumu karanl\u0131k olanlar g\u00fcn\u00fcm\u00fcze kadar gelemedi. Streaming i\u00e7in T\u00fcrkiye&#8217;de ilk yerli giri\u015fim daha sonra Turkcell taraf\u0131ndan sat\u0131n al\u0131nan Fizy&#8217;di.<\/p>\n<p>M\u00fczik 2.5&#8217;i k\u0131saca \u00f6zetleyecek olursak, iTunes Store ile dijital m\u00fczik dosyalar\u0131 \u00fczerinden k\u00e2rl\u0131 bir \u015fekilde gelir elde edilebilece\u011fi anla\u015f\u0131ld\u0131, dinleyiciler alb\u00fcm yerine tek tek par\u00e7a sat\u0131n almaya ba\u015flad\u0131lar, di\u011fer bir deyi\u015fle dijital formattaki single&#8217;lar pop\u00fcler hale geldi. &#8216;Streaming&#8217; m\u00fczik siteleri ve servisleri yayg\u0131nla\u015ft\u0131, plak \u015firketleri internet \u00fczerinden illegal par\u00e7a ve alb\u00fcm payla\u015f\u0131mlar\u0131 sonucunda kaybettikleri gelirleri sanat\u00e7\u0131lar\u0131n menajerli\u011fini de \u00fcstlenerek geri kazanmak i\u00e7in \u00e7al\u0131\u015fmalara ba\u015flad\u0131lar.<\/p>\n<p>&gt; <a href=\"http:\/\/www.ufukonen.com\/tr\/muzik-endustrisine-bakis-4.html\">D\u00f6rd\u00fcnc\u00fc b\u00f6l\u00fcm i\u00e7in t\u0131klay\u0131n\u0131z<\/a><\/p>\n<p>&nbsp;<\/p>\n<p>Benzer payla\u015f\u0131mlar i\u00e7in beni\u00a0<a href=\"https:\/\/www.facebook.com\/ufukonen.skmt\/\" target=\"_blank\">Facebook<\/a>\u00a0ve\u00a0<a href=\"https:\/\/twitter.com\/UfukOnen\" target=\"_blank\">Twitter<\/a>&#8216;da takip edin. Haberler i\u00e7in l\u00fctfen\u00a0<a href=\"http:\/\/ufukonen.com\/tr\/ses-kayit-muzik-teknolojisi-terimler-sozluk.html\" target=\"_blank\">mesaj listeme \u00fcye olun<\/a>.<\/p>\n<p>&nbsp;<\/p>\n<p>Foto\u011fraf:<\/p>\n<ul>\n<li>iPod:\u00a0<a href=\"https:\/\/commons.wikimedia.org\/wiki\/File:Ipod_5th_Generation_white.jpg\" target=\"_blank\">Stahlkocher<\/a><\/li>\n<li>Rare Groove:\u00a0<a href=\"https:\/\/en.wikipedia.org\/wiki\/Rare_groove#\/media\/File:33_Umin.jpg\" target=\"_blank\">Bryan<\/a><\/li>\n<\/ul>\n","protected":false},"excerpt":{"rendered":"<p class=\"post-excerpt\">Birinci b\u00f6l\u00fcm i\u00e7in t\u0131klay\u0131n\u0131z &#8211; \u0130kinci b\u00f6l\u00fcm i\u00e7in t\u0131klay\u0131n\u0131z &nbsp; M\u00fczik 2.0: Internet \u00c7a\u011f\u0131 Owsinki, 2.0&#8217;\u0131n ba\u015flang\u0131\u00e7\u0131n\u0131n 1994, yani mp3&#8230;<\/p>\n","protected":false},"author":2,"featured_media":2549,"comment_status":"closed","ping_status":"open","sticky":false,"template":"","format":"standard","meta":{"_mi_skip_tracking":false,"spay_email":"","jetpack_publicize_message":"","jetpack_is_tweetstorm":false,"jetpack_publicize_feature_enabled":true},"categories":[17],"tags":[],"jetpack_featured_media_url":"https:\/\/www.ufukonen.com\/tr\/wp-content\/uploads\/Muzik_Endustrisine_Bakis_3_alt_2.png","jetpack_publicize_connections":[],"jetpack_shortlink":"https:\/\/wp.me\/p3rjsG-EA","jetpack_sharing_enabled":true,"jetpack-related-posts":[{"id":6090,"url":"https:\/\/www.ufukonen.com\/tr\/ses-dosyalari-disk.html","url_meta":{"origin":2516,"position":0},"title":"Ses Dosyalar\u0131 Diskte Ne kadar Yer Kapl\u0131yor? Bilgisayarlar Aras\u0131ndaki Farkl\u0131l\u0131klar Neden Kaynaklan\u0131yor?","date":"October 5, 2020","format":false,"excerpt":"Ses dosyalar\u0131n\u0131n diskte kaplad\u0131\u011f\u0131 yer, di\u011fer bir deyi\u015fle ses dosyalar\u0131n\u0131n b\u00fcy\u00fckl\u00fc\u011f\u00fc, kullan\u0131lan sample rate (\u00f6rnekleme h\u0131z\u0131) ve bit depth (bit depth) ile do\u011frudan alakal\u0131. Sample rate ve bit depth ne kadar y\u00fcksek olursa dosya boyutu da o kadar b\u00fcy\u00fck oluyor. Farkl\u0131 sample rate ve bit depth de\u011ferlerine sahip 1 dakikal\u0131k\u2026","rel":"","context":"In &quot;Ses ve M\u00fczik Teknolojileri&quot;","img":{"alt_text":"","src":"https:\/\/i0.wp.com\/www.ufukonen.com\/tr\/wp-content\/uploads\/Ses_Dosyalari_Diskte_Ne-Kadar_Yer_Kapliyor_Header.jpg?resize=350%2C200&ssl=1","width":350,"height":200},"classes":[]},{"id":6267,"url":"https:\/\/www.ufukonen.com\/tr\/2020-en-cok-okunan.html","url_meta":{"origin":2516,"position":1},"title":"2020 \u0130\u00e7inde En \u00c7ok Okunan Blog Yaz\u0131lar\u0131m","date":"December 21, 2020","format":false,"excerpt":"2020'yi kapat\u0131rken y\u0131l i\u00e7inde en \u00e7ok okunan blog yaz\u0131lar\u0131m\u0131 sizlerle payla\u015fmak istedim. \u0130ki liste haz\u0131rlad\u0131m: Birincisi, en \u00e7ok okunan 2020 tarihli yaz\u0131lar\u0131m; ikincisi ise \u00f6nceki y\u0131llarda (2012-2019) yay\u0131nlanm\u0131\u015f olan yaz\u0131lardan 2020 i\u00e7inde en \u00e7ok okunanlar. Yaz\u0131lar\u0131, ba\u015fl\u0131klar\u0131n\u0131n ya da g\u00f6rsellerinin \u00fczerine t\u0131klayarak okuyabilirsiniz. G\u00f6stermi\u015f oldu\u011funuz ilgi i\u00e7in \u00e7ok te\u015fekk\u00fcr ederim!\u2026","rel":"","context":"In &quot;M\u00fczik End\u00fcstrisi&quot;","img":{"alt_text":"","src":"https:\/\/i0.wp.com\/www.ufukonen.com\/tr\/wp-content\/uploads\/2020-en-cok-okunan_720.jpg?resize=350%2C200&ssl=1","width":350,"height":200},"classes":[]},{"id":8554,"url":"https:\/\/www.ufukonen.com\/tr\/mikrofon-hocalarda-2025.html","url_meta":{"origin":2516,"position":2},"title":"Kay\u0131tta m\u0131s\u0131n? &#8211; Mikrofon Hocalarda (YouTube Serisi)","date":"July 15, 2025","format":false,"excerpt":"Bir YouTube serisine ba\u015flad\u0131m: KAYITTA MISIN? Bu serinin ilk sezonunun ad\u0131 M\u0130KROFON HOCALARDA. T\u00fcrkiye\u2019deki \u00e7e\u015fitli \u00fcniversitelerin m\u00fczik teknolojisi b\u00f6l\u00fcmlerinden hocalarla sohbet ediyorum. Her b\u00f6l\u00fcmde \u015fu konulara de\u011finiyoruz: B\u00f6l\u00fcm yap\u0131lar\u0131E\u011fitim i\u00e7erikleriGiri\u015f s\u0131navlar\u0131Adaylarda aranan \u00f6zellikler Yeni b\u00f6l\u00fcmler geldik\u00e7e bu sayfaya ekleyece\u011fim. Takipte kal\u0131n! Ses Kay\u0131t ve M\u00fczik Teknolojileri E\u011fitim Program\u0131'n\u0131n yeni d\u00f6nemi\u2026","rel":"","context":"In &quot;Ses ve M\u00fczik Teknolojileri&quot;","img":{"alt_text":"","src":"https:\/\/i0.wp.com\/www.ufukonen.com\/tr\/wp-content\/uploads\/Mikrofon-Hocalarda-YouTube-Thumbnail-YTU-1080-Compressed.jpg?resize=350%2C200&ssl=1","width":350,"height":200},"classes":[]},{"id":4313,"url":"https:\/\/www.ufukonen.com\/tr\/monitor-kalibrasyon-seviyeleri-3.html","url_meta":{"origin":2516,"position":3},"title":"Monit\u00f6r Kalibrasyon Seviyeleri \u00dczerine&#8230; (3. B\u00f6l\u00fcm)","date":"November 19, 2018","format":false,"excerpt":"Bu yaz\u0131 dizisi \u00fc\u00e7 b\u00f6l\u00fcmden olu\u015fmaktad\u0131r. Birinci b\u00f6l\u00fcm i\u00e7in t\u0131klay\u0131n\u0131z. \u0130kinci b\u00f6l\u00fcm i\u00e7in t\u0131klay\u0131n\u0131z. \u00a0 K\u00fc\u00e7\u00fck St\u00fcdyolar, Televizyon ve Video \u0130\u00e7in Kalibrasyon Seviyeleri K\u00fc\u00e7\u00fck st\u00fcdyolar ve evler i\u00e7in haz\u0131rlanan televizyon ve video programlar\u0131 i\u00e7in kalibrasyon seviyeleri biraz daha farkl\u0131. Dinleme yap\u0131lan mek\u00e2nlar k\u00fc\u00e7\u00fck oldu\u011fu i\u00e7in yukar\u0131da belirtilen seviyeler fazla y\u00fcksek\u2026","rel":"","context":"In &quot;Ses ve M\u00fczik Teknolojileri&quot;","img":{"alt_text":"","src":"https:\/\/i0.wp.com\/www.ufukonen.com\/tr\/wp-content\/uploads\/Monitor_Kalibrasyon_Seviyeleri_3.jpg?resize=350%2C200&ssl=1","width":350,"height":200},"classes":[]},{"id":3905,"url":"https:\/\/www.ufukonen.com\/tr\/muzik-endustrisine-bakis-6.html","url_meta":{"origin":2516,"position":4},"title":"M\u00fczik End\u00fcstrisine Bak\u0131\u015f (6. B\u00f6l\u00fcm)","date":"May 21, 2018","format":false,"excerpt":"Birinci b\u00f6l\u00fcm i\u00e7in t\u0131klay\u0131n\u0131z - \u0130kinci b\u00f6l\u00fcm i\u00e7in t\u0131klay\u0131n\u0131z \u00dc\u00e7\u00fcnc\u00fc b\u00f6l\u00fcm i\u00e7in t\u0131klay\u0131n\u0131z\u00a0- D\u00f6rd\u00fcnc\u00fc\u00a0b\u00f6l\u00fcm i\u00e7in t\u0131klay\u0131n\u0131z Be\u015finci b\u00f6l\u00fcm i\u00e7in t\u0131klay\u0131n\u0131z \"M\u00fczik End\u00fcstrisine Bak\u0131\u015f\"\u00a0adl\u0131 yaz\u0131 dizimin bu b\u00f6l\u00fcm\u00fcnde IFPI (International Federation of the Phonographic Industry) 2018 Global M\u00fczik Raporu\u2019ndaki 2017 y\u0131l\u0131 verilerini inceleyip, 2014, 2015 ve 2016 y\u0131llar\u0131n\u0131n verileri ile kar\u015f\u0131la\u015ft\u0131raca\u011f\u0131m.\u2026","rel":"","context":"In &quot;M\u00fczik End\u00fcstrisi&quot;","img":{"alt_text":"","src":"https:\/\/i0.wp.com\/www.ufukonen.com\/tr\/wp-content\/uploads\/Muzik_Endustrisine_Bakis_6.jpg?resize=350%2C200&ssl=1","width":350,"height":200},"classes":[]},{"id":5725,"url":"https:\/\/www.ufukonen.com\/tr\/ufuk-onen-ses-muzik-teknolojisi-miks-kitaplar.html","url_meta":{"origin":2516,"position":5},"title":"Kitaplar: &#8220;Ses Kay\u0131t ve M\u00fczik Teknolojileri&#8221;, &#8220;Miks \u00dczerine&#8221; ve &#8220;Synthesizer Teknolojileri&#8221;","date":"May 15, 2020","format":false,"excerpt":"G\u00fcncel Duyuru (2025): T\u00fcm kitaplar\u0131m\u0131 G\u00f6r\u00fcnmez Adam Yay\u0131nc\u0131l\u0131k'\u0131n Trendyol ve Shopier ma\u011fazalar\u0131ndan imzal\u0131 olarak temin edebilirsiniz. G\u00f6r\u00fcnmez Adam Yay\u0131nc\u0131l\u0131k, kitaplar\u0131m\u0131n yeni bas\u0131mlar\u0131n\u0131 yapan ba\u011f\u0131ms\u0131z bir yay\u0131nevidir. Trendyol Shopier Ses Kay\u0131t ve M\u00fczik Teknolojileri Kitap hakk\u0131nda ayr\u0131nt\u0131l\u0131 bilgi i\u00e7in g\u00f6rsele t\u0131klay\u0131n\u0131z. Herkes i\u00e7in m\u00fczik teknolojisi! Ses kay\u0131t ve m\u00fczik teknolojilerine ilgi\u2026","rel":"","context":"In &quot;Kitap&quot;","img":{"alt_text":"","src":"https:\/\/i0.wp.com\/www.ufukonen.com\/tr\/wp-content\/uploads\/UfukOnen_Books_Promo_2020_1280x720_.jpg?resize=350%2C200&ssl=1","width":350,"height":200},"classes":[]}],"_links":{"self":[{"href":"https:\/\/www.ufukonen.com\/tr\/wp-json\/wp\/v2\/posts\/2516"}],"collection":[{"href":"https:\/\/www.ufukonen.com\/tr\/wp-json\/wp\/v2\/posts"}],"about":[{"href":"https:\/\/www.ufukonen.com\/tr\/wp-json\/wp\/v2\/types\/post"}],"author":[{"embeddable":true,"href":"https:\/\/www.ufukonen.com\/tr\/wp-json\/wp\/v2\/users\/2"}],"replies":[{"embeddable":true,"href":"https:\/\/www.ufukonen.com\/tr\/wp-json\/wp\/v2\/comments?post=2516"}],"version-history":[{"count":17,"href":"https:\/\/www.ufukonen.com\/tr\/wp-json\/wp\/v2\/posts\/2516\/revisions"}],"predecessor-version":[{"id":2557,"href":"https:\/\/www.ufukonen.com\/tr\/wp-json\/wp\/v2\/posts\/2516\/revisions\/2557"}],"wp:featuredmedia":[{"embeddable":true,"href":"https:\/\/www.ufukonen.com\/tr\/wp-json\/wp\/v2\/media\/2549"}],"wp:attachment":[{"href":"https:\/\/www.ufukonen.com\/tr\/wp-json\/wp\/v2\/media?parent=2516"}],"wp:term":[{"taxonomy":"category","embeddable":true,"href":"https:\/\/www.ufukonen.com\/tr\/wp-json\/wp\/v2\/categories?post=2516"},{"taxonomy":"post_tag","embeddable":true,"href":"https:\/\/www.ufukonen.com\/tr\/wp-json\/wp\/v2\/tags?post=2516"}],"curies":[{"name":"wp","href":"https:\/\/api.w.org\/{rel}","templated":true}]}}