{"id":254,"date":"2012-11-16T22:06:52","date_gmt":"2012-11-16T20:06:52","guid":{"rendered":"http:\/\/blog.ufukonen.com\/?p=254"},"modified":"2013-03-23T22:08:23","modified_gmt":"2013-03-23T20:08:23","slug":"plug-inlerin-insert-ve-send-olarak-kullanimlari","status":"publish","type":"post","link":"https:\/\/www.ufukonen.com\/tr\/plug-inlerin-insert-ve-send-olarak-kullanimlari.html","title":{"rendered":"Plug-in&#8217;lerin &#8216;Insert&#8217; ve &#8216;Send&#8217; Olarak Kullan\u0131mlar\u0131"},"content":{"rendered":"<p>Analog mikserler ve \u0130ngilizce&#8217;de &#8216;outboard gear&#8217; olarak adland\u0131r\u0131lan &#8216;hardware&#8217; ses i\u015flemci ve efekt \u00fcniteleri i\u00e7in \u015f\u00f6yle bir prensip vard\u0131r: Kompres\u00f6r, equalizer, noise gate gibi ses i\u015flemciler mikserde herhangi bir kanala &#8216;insert&#8217; noktas\u0131 arac\u0131l\u0131\u011f\u0131 ile ba\u011flan\u0131r; reverb, delay gibi efektler i\u00e7in ise &#8216;send&#8217; y\u00f6ntemi kullan\u0131l\u0131r. Kompres\u00f6r ve equalizer gibi sinyal i\u015flemciler sinyalin genli\u011fi ile frekans ve dinamik yap\u0131lar\u0131 \u00fczerinde de\u011fi\u015fiklik yapar. Sinyal mikserin kanal\u0131 \u00fczerinde bulunan &#8216;insert&#8217; noktas\u0131ndan d\u0131\u015far\u0131ya, d\u0131\u015f bir ses i\u015flemci \u00fcnitesine (\u00f6rne\u011fin kompres\u00f6r) g\u00f6nderilir. Kompres\u00f6r taraf\u0131ndan i\u015flenen sinyal yine &#8216;insert&#8217; noktas\u0131 arac\u0131l\u0131\u011f\u0131 ile kanala d\u00f6nd\u00fcr\u00fcl\u00fcr. Bu, sinyale direkt olarak yap\u0131lan bir m\u00fcdahaledir. Reverb ve delay gibi efektlerin kullan\u0131m\u0131nda ise kanaldaki sinyal &#8216;aux&#8217; arac\u0131l\u0131\u011f\u0131 ile \u00e7\u0131k\u0131\u015f\u0131 mikserde herhangi bir kanala ba\u011flanm\u0131\u015f efekt \u00fcnitesine g\u00f6nderilir. Efekt cihazlar\u0131n\u0131n d\u00f6n\u00fc\u015fleri i\u00e7in genelde mikser \u00fczerindeki son kanallar tercih edilir. Efektlendirilmi\u015f (ve \u0130ngilizce&#8217;de &#8216;wet&#8217; olarak adland\u0131r\u0131lan) sinyal daha sonra orijinal (&#8216;dry&#8217;) sinyal ile kar\u0131\u015f\u0131t\u0131r\u0131l\u0131p kullan\u0131l\u0131r.<\/p>\n<p>Efektleri &#8216;send&#8217; y\u00f6ntemi ile kullanman\u0131n iki avantaj\u0131 vard\u0131r. Birincisi, orijinal ve efektli sinyal (&#8216;dry&#8217; ve &#8216;wet&#8217;) aras\u0131ndaki dengeyi aux seviye ayar\u0131 ile rahat\u00e7a ayarlamak m\u00fcmk\u00fcnd\u00fcr. Efekt cihazlar\u0131n\u0131n \u00fczerinde dry\/wet dengesi i\u00e7in kullan\u0131lan &#8216;mix&#8217; parametresi bulunur ancak dry\/wet dengesini &#8216;mix&#8217; parametresi ile ayarlamaktansa bu parametreyi tamamen &#8216;wet&#8217; konumuna getirip dengeyi aux seviye ayar\u0131 ile kurmak daha pratiktir. Efektleri &#8216;send&#8217; y\u00f6ntemi ile kullanman\u0131n ikinci avantaj\u0131 ise tek bir cihaz\u0131 birden fazla kanal i\u00e7in kullanabilmektir. Bu sayede ayn\u0131 ayarlarla kullanaca\u011f\u0131n\u0131z efektler i\u00e7in birden fazla efekt \u00fcnitesi kullanman\u0131z gerekmez. \u00d6rnek olarak \u00fc\u00e7 kanal gitar var ve bunlara ayn\u0131 reverb&#8217;\u00fc kullanmak istiyorsunuz, send y\u00f6ntemi ile \u00fc\u00e7 gitar\u0131 (\u00fcstelik isterseniz seviye ve &#8216;pan&#8217; ayarlar\u0131n\u0131 farkl\u0131 farkl\u0131 yaparak) ayn\u0131 reverb \u00fcnitesine g\u00f6nderebilirsiniz.<\/p>\n<p>Buraya kadar yazd\u0131klar\u0131m analog mikserler ve outboard gear i\u00e7in gibi g\u00f6r\u00fcnse de asl\u0131nda ba\u011flant\u0131 ve \u00e7al\u0131\u015fma prensipleri a\u00e7\u0131s\u0131ndan dijital ortamda da farkl\u0131 bir durum yok. Kompres\u00f6r, equalizer ve benzeri ses i\u015fleme cihazlar\u0131n\u0131 kanala insert ediyoruz. \u00d6rnek olarak \u015eekil-1&#8217;de gitar kanal\u0131na insert edilmi\u015f bir kompres\u00f6r var. \u00d6rnekleri Pro Tools \u00fczerinden veriyorum ama di\u011fer DAW&#8217;larda (Digital Audio Workstation) mant\u0131k ayn\u0131.<\/p>\n<div id=\"attachment_753\" style=\"width: 501px\" class=\"wp-caption aligncenter\"><a href=\"http:\/\/ufukonen.com\/tr\/wp-content\/uploads\/Onen-Send-Insert-Sekil-01.jpg\" target=\"_blank\"><img aria-describedby=\"caption-attachment-753\" loading=\"lazy\" class=\" wp-image-753 \" alt=\"\u015eekil-1\" src=\"http:\/\/ufukonen.com\/tr\/wp-content\/uploads\/Onen-Send-Insert-Sekil-01-1024x605.jpg\" width=\"491\" height=\"290\" srcset=\"https:\/\/www.ufukonen.com\/tr\/wp-content\/uploads\/Onen-Send-Insert-Sekil-01-1024x605.jpg 1024w, https:\/\/www.ufukonen.com\/tr\/wp-content\/uploads\/Onen-Send-Insert-Sekil-01-300x177.jpg 300w, https:\/\/www.ufukonen.com\/tr\/wp-content\/uploads\/Onen-Send-Insert-Sekil-01.jpg 1668w\" sizes=\"(max-width: 491px) 100vw, 491px\" \/><\/a><p id=\"caption-attachment-753\" class=\"wp-caption-text\">\u015eekil-1<\/p><\/div>\n<p>&nbsp;<\/p>\n<p>Efektlere gelince \u00f6zellikle yeni jenerasyon kullan\u0131c\u0131lar aras\u0131nda farkl\u0131 bir uygulama \u00e7\u0131k\u0131yor kar\u015f\u0131m\u0131za: reverb, delay gibi efekt plug-in&#8217;lerini direkt olarak kanal\u0131n i\u00e7ine insert edip dry\/wet dengesini mix parametresi ile ayarl\u0131yorlar (\u015eekil-2). Bunun sebebi b\u00fcy\u00fck bir olas\u0131l\u0131kla plug-in&#8217;leri bu \u015fekilde kullanman\u0131n onlara daha kolay gelmesi ve\/veya send y\u00f6ntemi hakk\u0131nda fazla bir bilgi sahibi olmamalar\u0131. Bir plug-in&#8217;i (bilgisayar\u0131n g\u00fcc\u00fcn\u00fcn yetti\u011fi kadar\u0131yla) istedi\u011finiz kadar \u00e7ok say\u0131da kanala uygulayabilirsiniz. Analog teknolojide her ayr\u0131 bir efekt \u00fcnitesi i\u00e7in &#8220;fiziki&#8221; olarak o kadar say\u0131da \u00fcniteye sahip olmak gerekiyordu. Bu y\u00fczden eskiden efekt cihazlar\u0131n\u0131 kanallar aras\u0131nda payla\u015fmak \u00e7ok yayg\u0131n olarak yap\u0131lan bir \u015feydi.<\/p>\n<div id=\"attachment_754\" style=\"width: 501px\" class=\"wp-caption aligncenter\"><a href=\"http:\/\/ufukonen.com\/tr\/wp-content\/uploads\/Onen-Send-Insert-Sekil-02.jpg\" target=\"_blank\"><img aria-describedby=\"caption-attachment-754\" loading=\"lazy\" class=\" wp-image-754 \" alt=\"\u015eekil-2\" src=\"http:\/\/ufukonen.com\/tr\/wp-content\/uploads\/Onen-Send-Insert-Sekil-02-1024x606.jpg\" width=\"491\" height=\"290\" srcset=\"https:\/\/www.ufukonen.com\/tr\/wp-content\/uploads\/Onen-Send-Insert-Sekil-02-1024x606.jpg 1024w, https:\/\/www.ufukonen.com\/tr\/wp-content\/uploads\/Onen-Send-Insert-Sekil-02-300x177.jpg 300w, https:\/\/www.ufukonen.com\/tr\/wp-content\/uploads\/Onen-Send-Insert-Sekil-02.jpg 1669w\" sizes=\"(max-width: 491px) 100vw, 491px\" \/><\/a><p id=\"caption-attachment-754\" class=\"wp-caption-text\">\u015eekil-2<\/p><\/div>\n<p>&nbsp;<\/p>\n<p>\u0130stenilen sonu\u00e7 elde edildi\u011fi s\u00fcrece kullan\u0131lan y\u00f6ntemi yanl\u0131\u015f olarak nitelendirmemek gerekir ancak efekt plug-in&#8217;lerini direkt olarak kanala insert etmektense send y\u00f6ntemiyle kullanman\u0131n baz\u0131 avantajlar\u0131 var. S\u0131ralayacak olursak:<\/p>\n<ul>\n<li>&#8211; Ayn\u0131 ayarlarla kullan\u0131lacak efektler i\u00e7in tek bir plug-in a\u00e7arak ve bu plug-in&#8217;i birka\u00e7 kanal i\u00e7in ortak kullanarak bilgisayar\u0131n i\u015flemcisi \u00fczerine d\u00fc\u015fen y\u00fck\u00fc azaltabilirsiniz.<\/li>\n<li>&#8211; Efekte giden sinyale veya efektin \u00e7\u0131k\u0131\u015f\u0131na orijinal sinyalden ba\u011f\u0131ms\u0131z olarak m\u00fcdahale edebilirsiniz. \u00d6rnek olarak reverb&#8217;\u00fc orijinal sinyale dokunmadan equalizer ile tonlayabilirsiniz.<\/li>\n<li>&#8211; Par\u00e7an\u0131n i\u00e7inde belli yerlerde efekti a\u00e7\u0131p kapatmak isterseniz bunu send ile g\u00f6nderdi\u011finiz sinyali &#8216;mute&#8217; ederek kolayca ve sorunsuz bir \u015fekilde yapabilirsiniz.<\/li>\n<\/ul>\n<p>Efekt plug-in&#8217;lerinin send y\u00f6ntemi ile nas\u0131l kullan\u0131ld\u0131\u011f\u0131na reverb \u00f6rne\u011fi \u00fczerinden bir g\u00f6z atal\u0131m&#8230; Yukar\u0131da da belirtti\u011fim gibi, \u00f6rnekleri Pro Tools \u00fczerinden veriyorum ama di\u011fer DAW&#8217;larda da mant\u0131k hemen hemen ayn\u0131. \u0130lk \u00f6nce bir &#8216;aux input&#8217; a\u00e7\u0131p &#8220;Reverb A&#8221; olarak adland\u0131r\u0131p, bu input i\u00e7in sinyali aktaraca\u011f\u0131m\u0131z bir &#8216;bus&#8217;, di\u011fer bir deyi\u015fle bir yol belirleyelim (\u015eekil-3). Daha sonra aux input&#8217;a bir reverb plug-in&#8217;i a\u00e7al\u0131m (\u015eekil-4). \u015eimdi Gitar-1 kanal\u0131ndan sinyali reverb&#8217;e g\u00f6ndermek i\u00e7in send olarak &#8220;Bus 1-2&#8243;yi se\u00e7elim (\u015eekil-5) ve a\u00e7\u0131lan mini pencerede seviye ve pan ayarlar\u0131m\u0131z\u0131 yapal\u0131m (\u015eekil-6). Gitar 2 ve Gitar 3 kanllar\u0131n\u0131 da ayn\u0131 \u015fekilde reverb&#8217;e g\u00f6nderebilir b\u00f6ylelikle \u00fc\u00e7 kanal i\u00e7in tek bir reverb plug-in&#8217;i a\u00e7m\u0131\u015f oluruz (\u015eekil-7). Send y\u00f6ntemi ile \u00e7al\u0131\u015f\u0131rken reverb plug-in&#8217;i \u00fczerindeki mix parametresinin %100 wet konumunda olmas\u0131 gerekti\u011fini de unutmamak laz\u0131m.<\/p>\n<div id=\"attachment_755\" style=\"width: 501px\" class=\"wp-caption aligncenter\"><a href=\"http:\/\/ufukonen.com\/tr\/wp-content\/uploads\/Onen-Send-Insert-Sekil-03.jpg\" target=\"_blank\"><img aria-describedby=\"caption-attachment-755\" loading=\"lazy\" class=\" wp-image-755 \" alt=\"\u015eekil-3\" src=\"http:\/\/ufukonen.com\/tr\/wp-content\/uploads\/Onen-Send-Insert-Sekil-03-1024x604.jpg\" width=\"491\" height=\"290\" srcset=\"https:\/\/www.ufukonen.com\/tr\/wp-content\/uploads\/Onen-Send-Insert-Sekil-03-1024x604.jpg 1024w, https:\/\/www.ufukonen.com\/tr\/wp-content\/uploads\/Onen-Send-Insert-Sekil-03-300x177.jpg 300w, https:\/\/www.ufukonen.com\/tr\/wp-content\/uploads\/Onen-Send-Insert-Sekil-03.jpg 1671w\" sizes=\"(max-width: 491px) 100vw, 491px\" \/><\/a><p id=\"caption-attachment-755\" class=\"wp-caption-text\">\u015eekil-3<\/p><\/div>\n<p>&nbsp;<\/p>\n<div id=\"attachment_756\" style=\"width: 501px\" class=\"wp-caption aligncenter\"><a href=\"http:\/\/ufukonen.com\/tr\/wp-content\/uploads\/Onen-Send-Insert-Sekil-04.jpg\" target=\"_blank\"><img aria-describedby=\"caption-attachment-756\" loading=\"lazy\" class=\" wp-image-756 \" alt=\"\u015eekil-4\" src=\"http:\/\/ufukonen.com\/tr\/wp-content\/uploads\/Onen-Send-Insert-Sekil-04-1024x606.jpg\" width=\"491\" height=\"290\" srcset=\"https:\/\/www.ufukonen.com\/tr\/wp-content\/uploads\/Onen-Send-Insert-Sekil-04-1024x606.jpg 1024w, https:\/\/www.ufukonen.com\/tr\/wp-content\/uploads\/Onen-Send-Insert-Sekil-04-300x177.jpg 300w, https:\/\/www.ufukonen.com\/tr\/wp-content\/uploads\/Onen-Send-Insert-Sekil-04.jpg 1671w\" sizes=\"(max-width: 491px) 100vw, 491px\" \/><\/a><p id=\"caption-attachment-756\" class=\"wp-caption-text\">\u015eekil-4<\/p><\/div>\n<p>&nbsp;<\/p>\n<div id=\"attachment_757\" style=\"width: 501px\" class=\"wp-caption aligncenter\"><a href=\"http:\/\/ufukonen.com\/tr\/wp-content\/uploads\/Onen-Send-Insert-Sekil-05.jpg\" target=\"_blank\"><img aria-describedby=\"caption-attachment-757\" loading=\"lazy\" class=\" wp-image-757 \" alt=\"\u015eekil-5\" src=\"http:\/\/ufukonen.com\/tr\/wp-content\/uploads\/Onen-Send-Insert-Sekil-05-1024x605.jpg\" width=\"491\" height=\"290\" srcset=\"https:\/\/www.ufukonen.com\/tr\/wp-content\/uploads\/Onen-Send-Insert-Sekil-05-1024x605.jpg 1024w, https:\/\/www.ufukonen.com\/tr\/wp-content\/uploads\/Onen-Send-Insert-Sekil-05-300x177.jpg 300w, https:\/\/www.ufukonen.com\/tr\/wp-content\/uploads\/Onen-Send-Insert-Sekil-05.jpg 1673w\" sizes=\"(max-width: 491px) 100vw, 491px\" \/><\/a><p id=\"caption-attachment-757\" class=\"wp-caption-text\">\u015eekil-5<\/p><\/div>\n<p>&nbsp;<\/p>\n<div id=\"attachment_758\" style=\"width: 501px\" class=\"wp-caption aligncenter\"><a href=\"http:\/\/ufukonen.com\/tr\/wp-content\/uploads\/Onen-Send-Insert-Sekil-06.jpg\" target=\"_blank\"><img aria-describedby=\"caption-attachment-758\" loading=\"lazy\" class=\" wp-image-758 \" alt=\"\u015eekil-6\" src=\"http:\/\/ufukonen.com\/tr\/wp-content\/uploads\/Onen-Send-Insert-Sekil-06-1024x606.jpg\" width=\"491\" height=\"290\" srcset=\"https:\/\/www.ufukonen.com\/tr\/wp-content\/uploads\/Onen-Send-Insert-Sekil-06-1024x606.jpg 1024w, https:\/\/www.ufukonen.com\/tr\/wp-content\/uploads\/Onen-Send-Insert-Sekil-06-300x177.jpg 300w, https:\/\/www.ufukonen.com\/tr\/wp-content\/uploads\/Onen-Send-Insert-Sekil-06.jpg 1669w\" sizes=\"(max-width: 491px) 100vw, 491px\" \/><\/a><p id=\"caption-attachment-758\" class=\"wp-caption-text\">\u015eekil-6<\/p><\/div>\n<p>&nbsp;<\/p>\n<div id=\"attachment_759\" style=\"width: 501px\" class=\"wp-caption aligncenter\"><a href=\"http:\/\/ufukonen.com\/tr\/wp-content\/uploads\/Onen-Send-Insert-Sekil-07.jpg\" target=\"_blank\"><img aria-describedby=\"caption-attachment-759\" loading=\"lazy\" class=\" wp-image-759 \" alt=\"\u015eekil-7\" src=\"http:\/\/ufukonen.com\/tr\/wp-content\/uploads\/Onen-Send-Insert-Sekil-07-1024x605.jpg\" width=\"491\" height=\"290\" srcset=\"https:\/\/www.ufukonen.com\/tr\/wp-content\/uploads\/Onen-Send-Insert-Sekil-07-1024x605.jpg 1024w, https:\/\/www.ufukonen.com\/tr\/wp-content\/uploads\/Onen-Send-Insert-Sekil-07-300x177.jpg 300w, https:\/\/www.ufukonen.com\/tr\/wp-content\/uploads\/Onen-Send-Insert-Sekil-07.jpg 1671w\" sizes=\"(max-width: 491px) 100vw, 491px\" \/><\/a><p id=\"caption-attachment-759\" class=\"wp-caption-text\">\u015eekil-7<\/p><\/div>\n<p>&nbsp;<\/p>\n<p><a href=\"https:\/\/twitter.com\/UfukOnen\" target=\"_blank\"><img loading=\"lazy\" class=\"alignleft\" alt=\"@UfukOnen (Twitter)\" src=\"http:\/\/ufukonen.com\/tr\/wp-content\/uploads\/twitter.png\" width=\"43\" height=\"43\" \/><\/a><\/p>\n<p>Ses ve m\u00fczik teknolojileri, m\u00fczik prod\u00fcksiyonu, ses tasar\u0131m\u0131 ve benzeri alanlar ile ilgili haberler, d\u00fc\u015f\u00fcnceler ve payla\u015f\u0131mlar i\u00e7in beni Twitter\u2019da takip edebilirsiniz:\u00a0<a href=\"https:\/\/twitter.com\/UfukOnen\" target=\"_blank\">https:\/\/twitter.com\/UfukOnen<\/a><\/p>\n<p><img loading=\"lazy\" class=\" wp-image-400 alignleft\" alt=\"Sound_2012_09_Eylul-763x1024\" src=\"http:\/\/ufukonen.com\/tr\/wp-content\/uploads\/Sound_2012_09_Eylul-763x1024.jpg\" width=\"109\" height=\"146\" srcset=\"https:\/\/www.ufukonen.com\/tr\/wp-content\/uploads\/Sound_2012_09_Eylul-763x1024.jpg 763w, https:\/\/www.ufukonen.com\/tr\/wp-content\/uploads\/Sound_2012_09_Eylul-763x1024-223x300.jpg 223w\" sizes=\"(max-width: 109px) 100vw, 109px\" \/><\/p>\n<p>Bu yaz\u0131 Sound dergisinin Eyl\u00fcl 2012 say\u0131s\u0131nda yay\u0131nlanm\u0131\u015ft\u0131r. \u00a9 2012 Ufuk \u00d6nen. Bu yaz\u0131n\u0131n t\u00fcm haklar\u0131 sakl\u0131d\u0131r. \u0130zinsiz olarak kullan\u0131lamaz, kaynak g\u00f6sterilmeden ve link verilmeden al\u0131nt\u0131 yap\u0131lamaz.<\/p>\n","protected":false},"excerpt":{"rendered":"<p class=\"post-excerpt\">Analog mikserler ve \u0130ngilizce&#8217;de &#8216;outboard gear&#8217; olarak adland\u0131r\u0131lan &#8216;hardware&#8217; ses i\u015flemci ve efekt \u00fcniteleri i\u00e7in \u015f\u00f6yle bir prensip vard\u0131r: Kompres\u00f6r,&#8230;<\/p>\n","protected":false},"author":2,"featured_media":759,"comment_status":"closed","ping_status":"open","sticky":false,"template":"","format":"standard","meta":{"_mi_skip_tracking":false,"spay_email":"","jetpack_publicize_message":"","jetpack_is_tweetstorm":false,"jetpack_publicize_feature_enabled":true},"categories":[16,19,18],"tags":[],"jetpack_featured_media_url":"https:\/\/www.ufukonen.com\/tr\/wp-content\/uploads\/Onen-Send-Insert-Sekil-07.jpg","jetpack_publicize_connections":[],"jetpack_shortlink":"https:\/\/wp.me\/p3rjsG-46","jetpack_sharing_enabled":true,"jetpack-related-posts":[{"id":5232,"url":"https:\/\/www.ufukonen.com\/tr\/riding-the-fader-2.html","url_meta":{"origin":254,"position":0},"title":"Riding the Fader ve Kompres\u00f6r Kullan\u0131m\u0131 (2. B\u00f6l\u00fcm)","date":"December 9, 2019","format":false,"excerpt":"Yaz\u0131n\u0131n ilk b\u00f6l\u00fcm\u00fcn\u00fc okumak i\u00e7in buraya t\u0131klay\u0131n\u0131z Yaz\u0131n\u0131n \u00fc\u00e7\u00fcnc\u00fc b\u00f6l\u00fcm\u00fcn\u00fc okumak i\u00e7in buraya t\u0131klay\u0131n\u0131z S\u0131k\u00e7a Kullan\u0131lan: Kompres\u00f6r -> Riding the Fader Yukar\u0131da vokal \u00fczerinden \u00f6rneklendirdi\u011fim kullan\u0131m \u015feklinde sinyal ilk \u00f6nce kompres\u00f6re giriyor, kompres\u00f6rden sonra fader'a ula\u015f\u0131yor. Bunun sebebi, hemen hemen t\u00fcm mikserlerde insert noktas\u0131n\u0131n fader'dan \u00f6nce gelmesi. \"Aux Send: Pre-Fader\u2026","rel":"","context":"In &quot;M\u00fczik Prod\u00fcksiyonu&quot;","img":{"alt_text":"","src":"https:\/\/i0.wp.com\/www.ufukonen.com\/tr\/wp-content\/uploads\/Riding_the_Fader_Header_2_720.jpg?resize=350%2C200&ssl=1","width":350,"height":200},"classes":[]},{"id":5991,"url":"https:\/\/www.ufukonen.com\/tr\/gain-volume-arasindaki-fark.html","url_meta":{"origin":254,"position":1},"title":"Gain ile Volume Aras\u0131ndaki Fark","date":"August 10, 2020","format":false,"excerpt":"Zaman zaman 'gain' ve 'volume' (vol\u00fcm) terimlerinin sanki aralar\u0131nda herhangi bir fark yokmu\u015f gibi birbiri ile de\u011fi\u015fimli olarak kullan\u0131ld\u0131\u011f\u0131na denk geliyorum. Gain, \"fiziksel\" ve \"dijital\" olarak ses kartlar\u0131ndan plug-in'lere kadar bir\u00e7ok yerde kar\u015f\u0131m\u0131za \u00e7\u0131k\u0131yor. Gain ayar\u0131n\u0131 y\u00fckseltti\u011fimizde sinyal seviyesi de y\u00fckseliyor. Ayn\u0131 \u015fekilde, volume (veya 'fader' ya da 'output') ayar\u0131n\u0131\u2026","rel":"","context":"In &quot;Ses ve M\u00fczik Teknolojileri&quot;","img":{"alt_text":"","src":"https:\/\/i0.wp.com\/www.ufukonen.com\/tr\/wp-content\/uploads\/Gain_Volume_Arasindaki_Fark_00_Header.jpg?resize=350%2C200&ssl=1","width":350,"height":200},"classes":[]},{"id":7735,"url":"https:\/\/www.ufukonen.com\/tr\/vokali-miksin-icine-nasil-oturtabiliriz.html","url_meta":{"origin":254,"position":2},"title":"Vokali Miksin \u0130\u00e7ine Nas\u0131l Oturtabiliriz?","date":"November 21, 2022","format":false,"excerpt":"Mikste vokalin seviyesini ayarl\u0131yoruz, genel olarak kula\u011fa iyi geliyor ama yer yer d\u00fc\u015f\u00fck kal\u0131yor veya zaman zaman y\u00fcksek geliyor ve miksin d\u0131\u015f\u0131na \u00e7\u0131k\u0131yormu\u015f gibi duyuluyor... \u00dcstelik bu durum kompres\u00f6r kulland\u0131\u011f\u0131m\u0131z halde oluyor... Kompres\u00f6r\u00fcn amac\u0131 zaten bu seviye farklar\u0131n\u0131 ortadan kald\u0131rmak de\u011fil miydi? B\u00f6yle bir durumda ne yapmam\u0131z gerekiyor? Vokali miksin\u2026","rel":"","context":"With 3 comments","img":{"alt_text":"","src":"https:\/\/i0.wp.com\/www.ufukonen.com\/tr\/wp-content\/uploads\/Vokali_Miksin_Icine_Nasil_Oturtabiliriz_00_Header-2.jpg?resize=350%2C200&ssl=1","width":350,"height":200},"classes":[]},{"id":4061,"url":"https:\/\/www.ufukonen.com\/tr\/stereo-cikis-uzerinde-sinyal-islemci.html","url_meta":{"origin":254,"position":3},"title":"Stereo \u00c7\u0131k\u0131\u015f (Master Bus) \u00dczerinde Sinyal \u0130\u015flemci Kullan\u0131l\u0131r m\u0131?","date":"July 30, 2018","format":false,"excerpt":"Bu yaz\u0131mda sizinle 'mix bus' veya di\u011fer ad\u0131yla 'master bus' yani stereo \u00e7\u0131k\u0131\u015f \u00fczerinde plug-in ve hardware sinyal i\u015flemci kullan\u0131m\u0131 ile ilgili g\u00f6r\u00fc\u015flerimi payla\u015fmak ve birka\u00e7 tavsiyede bulunmak istiyorum. Yaz\u0131ya \u015fu soru ile ba\u015flamak hi\u00e7 fena bir fikir olmaz san\u0131r\u0131m: \"Stereo \u00e7\u0131k\u0131\u015fta plug-in veya hardware i\u015flemci kullan\u0131l\u0131r m\u0131?\" Bu soru\u2026","rel":"","context":"In &quot;M\u00fczik Prod\u00fcksiyonu&quot;","img":{"alt_text":"","src":"https:\/\/i0.wp.com\/www.ufukonen.com\/tr\/wp-content\/uploads\/Stereo_Cikis_Sinyal_\u0130slemci.jpg?resize=350%2C200&ssl=1","width":350,"height":200},"classes":[]},{"id":5417,"url":"https:\/\/www.ufukonen.com\/tr\/kompresor-teknikleri-1-paralel.html","url_meta":{"origin":254,"position":4},"title":"Kompres\u00f6r Teknikleri &#8211; 1. B\u00f6l\u00fcm: Paralel Kompres\u00f6r Kullan\u0131m\u0131","date":"January 27, 2020","format":false,"excerpt":"\u00dc\u00e7 b\u00f6l\u00fcml\u00fck bu yaz\u0131 dizisinde sizlerle s\u0131kl\u0131kla kullan\u0131lan \u00fc\u00e7 kompres\u00f6r tekni\u011fini payla\u015fmak istiyorum: Paralel, seri ve sidechain. \u015eu anda okumakta oldu\u011funuz ilk b\u00f6l\u00fcm paralel kompres\u00f6r kullan\u0131m\u0131 \u00fczerine. Di\u011fer iki b\u00f6l\u00fcme a\u015fa\u011f\u0131daki linklerden ula\u015fabilirsiniz: Kompres\u00f6r Teknikleri - 2. B\u00f6l\u00fcm: Seri Kompres\u00f6r Kullan\u0131m\u0131 Kompres\u00f6r Teknikleri - 3. B\u00f6l\u00fcm: Sidechain Kompres\u00f6r Kullan\u0131m\u0131 Bu\u2026","rel":"","context":"In &quot;M\u00fczik Prod\u00fcksiyonu&quot;","img":{"alt_text":"","src":"https:\/\/i0.wp.com\/www.ufukonen.com\/tr\/wp-content\/uploads\/Kompresor_Teknikleri_00_Header.jpg?resize=350%2C200&ssl=1","width":350,"height":200},"classes":[]},{"id":6674,"url":"https:\/\/www.ufukonen.com\/tr\/mid-side-sinyal-isleme.html","url_meta":{"origin":254,"position":5},"title":"Mid\/Side (M\/S) Sinyal \u0130\u015fleme Y\u00f6ntemi","date":"June 14, 2021","format":false,"excerpt":"Mid\/Side processing (ya da k\u0131sa ad\u0131yla M\/S processing), M\/S mikrofonlama tekni\u011finden ilham alarak geli\u015ftirilmi\u015f bir sinyal i\u015fleme y\u00f6ntemi (M\/S mikrofonlama tekni\u011fi ile ilgili yaz\u0131m\u0131 buraya t\u0131klayarak okuyabilirsiniz). Bu y\u00f6ntem, \u00e7al\u0131\u015fma prensibi olarak stereodan farkl\u0131. Hemen k\u0131saca aradaki fark\u0131 anlatay\u0131m. Stereo ve M\/S \u0130\u015fleme Aras\u0131ndaki Fark Stereo, sol ve sa\u011f olmak\u2026","rel":"","context":"In &quot;Ses ve M\u00fczik Teknolojileri&quot;","img":{"alt_text":"","src":"https:\/\/i0.wp.com\/www.ufukonen.com\/tr\/wp-content\/uploads\/MidSide_Sinyal_Isleme_00_Header.jpg?resize=350%2C200&ssl=1","width":350,"height":200},"classes":[]}],"_links":{"self":[{"href":"https:\/\/www.ufukonen.com\/tr\/wp-json\/wp\/v2\/posts\/254"}],"collection":[{"href":"https:\/\/www.ufukonen.com\/tr\/wp-json\/wp\/v2\/posts"}],"about":[{"href":"https:\/\/www.ufukonen.com\/tr\/wp-json\/wp\/v2\/types\/post"}],"author":[{"embeddable":true,"href":"https:\/\/www.ufukonen.com\/tr\/wp-json\/wp\/v2\/users\/2"}],"replies":[{"embeddable":true,"href":"https:\/\/www.ufukonen.com\/tr\/wp-json\/wp\/v2\/comments?post=254"}],"version-history":[{"count":11,"href":"https:\/\/www.ufukonen.com\/tr\/wp-json\/wp\/v2\/posts\/254\/revisions"}],"predecessor-version":[{"id":851,"href":"https:\/\/www.ufukonen.com\/tr\/wp-json\/wp\/v2\/posts\/254\/revisions\/851"}],"wp:featuredmedia":[{"embeddable":true,"href":"https:\/\/www.ufukonen.com\/tr\/wp-json\/wp\/v2\/media\/759"}],"wp:attachment":[{"href":"https:\/\/www.ufukonen.com\/tr\/wp-json\/wp\/v2\/media?parent=254"}],"wp:term":[{"taxonomy":"category","embeddable":true,"href":"https:\/\/www.ufukonen.com\/tr\/wp-json\/wp\/v2\/categories?post=254"},{"taxonomy":"post_tag","embeddable":true,"href":"https:\/\/www.ufukonen.com\/tr\/wp-json\/wp\/v2\/tags?post=254"}],"curies":[{"name":"wp","href":"https:\/\/api.w.org\/{rel}","templated":true}]}}