{"id":2605,"date":"2016-06-24T22:19:28","date_gmt":"2016-06-24T19:19:28","guid":{"rendered":"http:\/\/www.ufukonen.com\/tr\/?p=2605"},"modified":"2016-11-09T22:43:25","modified_gmt":"2016-11-09T19:43:25","slug":"waves-nx-head-tracker-kickstarter","status":"publish","type":"post","link":"https:\/\/www.ufukonen.com\/tr\/waves-nx-head-tracker-kickstarter.html","title":{"rendered":"Waves Nx Program ve Head Tracker: Herkes i\u00e7in 3D Ses!"},"content":{"rendered":"<p><img loading=\"lazy\" class=\"aligncenter wp-image-2617\" src=\"http:\/\/www.ufukonen.com\/tr\/wp-content\/uploads\/Waves_Nx_Cinema-e1466796101387.jpg\" alt=\"Waves_Nx_Cinema\" width=\"550\" height=\"262\" srcset=\"https:\/\/www.ufukonen.com\/tr\/wp-content\/uploads\/Waves_Nx_Cinema-e1466796101387.jpg 680w, https:\/\/www.ufukonen.com\/tr\/wp-content\/uploads\/Waves_Nx_Cinema-e1466796101387-300x143.jpg 300w\" sizes=\"(max-width: 550px) 100vw, 550px\" \/><\/p>\n<h5 style=\"text-align: center;\"><strong>&#8211; &#8211; &#8211; &#8211; &#8211; Ekim 2016 g\u00fcncelleme &#8211; &#8211; &#8211; &#8211; &#8211;\u00a0<\/strong><\/h5>\n<p>Waves, bu yaz\u0131da bahsi ge\u00e7en Kicsktarter kampanyas\u0131n\u0131 2847 ki\u015finin kat\u0131l\u0131m\u0131 ile 261,424.-USD toplayarak tamamlad\u0131 ve hemen ard\u0131ndan Nx Head Tracker cihaz\u0131n\u0131n piyasaya s\u00fcrd\u00fc. Cihaz\u0131 tek olarak ya da Nx Virtual Mix Room yaz\u0131l\u0131m\u0131 ile birlikte sat\u0131n alabilirsiniz. G\u00fcncel fiyatlar ve ayr\u0131nt\u0131l\u0131 bilgi i\u00e7in <a href=\"http:\/\/www.waves.com\/hardware\/nx-head-tracker\" target=\"_blank\">t\u0131klay\u0131n\u0131z<\/a>.<\/p>\n<h5 style=\"text-align: center;\">&#8211; &#8211; &#8211; &#8211; &#8211;<\/h5>\n<p>&nbsp;<\/p>\n<p><a href=\"http:\/\/www.ufukonen.com\/tr\/studyo-tipi-kulakliklar.html\" target=\"_blank\">St\u00fcdyo Tipi Kulakl\u0131klar ve Yeni Geli\u015fmeler<\/a> ba\u015fl\u0131kl\u0131 yaz\u0131mda profesyonel kullan\u0131m i\u00e7in geli\u015ftirilen, standart kulakl\u0131klarla dinleme yaparken oda akusti\u011fini devreye sokan ve surround ses ile \u00e7al\u0131\u015fmaya imkan tan\u0131yan\u00a0uygulama ve cihazlardan bahsetmi\u015ftim. Waves firmas\u0131n\u0131n Nx plug-in&#8217;i bunlardan bir tanesiydi. 3D ses ve VR (Virtual Reality) audio son zamanlar\u0131n en \u00e7ok konu\u015fulan teknolojilerinden biri. E\u011fer sitemi s\u00fcrekli olarak takip ediyorsan\u0131z hat\u0131rlayacaks\u0131n\u0131z, bir \u00f6nceki yaz\u0131mda\u00a0Facebook&#8217;un \u00fccretsiz VR audio paketi 360 Spatial Workstation ile ilgili bilgi vermi\u015ftim\u00a0(yaz\u0131 ve indirme linki i\u00e7in <a href=\"http:\/\/www.ufukonen.com\/tr\/ucretsiz-pluginler-05.html\" target=\"_blank\">buraya t\u0131klay\u0131n\u0131z<\/a>). Facebook&#8217;un paketinden sonra bu hafta da Waves firmas\u0131ndan bir a\u00e7\u0131klama geldi. Waves, orijinal olarak profesyonelleri hedef alarak\u00a0geli\u015ftirdi\u011fi\u00a0Nx plug-in&#8217;ini programa \u00e7evirip, &#8216;head tracker&#8217; fonksiyonuna sahip bir donan\u0131mla birle\u015ftirip, bir paket haline getirmeye haz\u0131rlan\u0131yor. Waves, bu paket i\u00e7in bir de Kickstarter kampanyas\u0131 a\u00e7m\u0131\u015f (kampayan\u0131n linki i\u00e7in <a href=\"https:\/\/www.kickstarter.com\/projects\/waves\/waves-nx-3d-audio-on-any-headphones\" target=\"_blank\">buraya t\u0131klay\u0131n\u0131z<\/a>).<\/p>\n<p><img loading=\"lazy\" class=\"aligncenter wp-image-2618\" src=\"http:\/\/www.ufukonen.com\/tr\/wp-content\/uploads\/Waves_Nx_Headphone_Left.jpg\" alt=\"Waves_Nx_Headphone_Left\" width=\"450\" height=\"193\" srcset=\"https:\/\/www.ufukonen.com\/tr\/wp-content\/uploads\/Waves_Nx_Headphone_Left.jpg 680w, https:\/\/www.ufukonen.com\/tr\/wp-content\/uploads\/Waves_Nx_Headphone_Left-300x129.jpg 300w\" sizes=\"(max-width: 450px) 100vw, 450px\" \/><\/p>\n<p>Kulakl\u0131kla dinleme yaparken sol kanaldan gelen sesleri sadece sol kula\u011f\u0131m\u0131zla, sa\u011f kanaldan gelen sesleri ise sadece sa\u011f kula\u011f\u0131m\u0131zla duyar\u0131z.\u00a0Stereo monit\u00f6r sisteminde ise sol hoparl\u00f6rden yay\u0131lan ses dalgalar\u0131 ilk \u00f6nce sol kula\u011f\u0131m\u0131za, ard\u0131ndan da k\u0131sa bir s\u00fcre\u00a0sonra sa\u011f kula\u011f\u0131m\u0131za ula\u015f\u0131r. Di\u011fer bir deyi\u015fle sol hoparl\u00f6rden gelen sesleri hem sol hem de sa\u011f kula\u011f\u0131m\u0131zla duyar\u0131z. Ayn\u0131 \u015fekilde sa\u011f hoparl\u00f6rden yay\u0131lan ses dalgalar\u0131 ilk \u00f6nce sa\u011f kula\u011f\u0131m\u0131za, ondan sonra da k\u0131sa bir gecikmeyle sol kula\u011f\u0131m\u0131za ula\u015f\u0131r.\u00a0Bu, beynimizin y\u00f6n tayini yapmas\u0131na ve bizi \u00e7evreleyen alan\u0131n \u00fc\u00e7 boyutlu akustik haritas\u0131n\u0131 \u00e7\u0131kartmas\u0131na olanak sa\u011flar.<\/p>\n<p><img loading=\"lazy\" class=\"aligncenter wp-image-2621\" src=\"http:\/\/www.ufukonen.com\/tr\/wp-content\/uploads\/Waves_Nx_Speakers.jpg\" alt=\"Waves_Nx_Speakers\" width=\"450\" height=\"193\" srcset=\"https:\/\/www.ufukonen.com\/tr\/wp-content\/uploads\/Waves_Nx_Speakers.jpg 680w, https:\/\/www.ufukonen.com\/tr\/wp-content\/uploads\/Waves_Nx_Speakers-300x128.jpg 300w\" sizes=\"(max-width: 450px) 100vw, 450px\" \/><\/p>\n<p>Kulakl\u0131kla dinleme yaparken di\u011fer \u00f6nemli nokta\u00a0ise mekan\u0131n akusti\u011finin tamamen devre d\u0131\u015f\u0131 kalmas\u0131d\u0131r. Herhangi bir mekanda\u00a0hoparl\u00f6rlerle dinleme yaparken hem hoparl\u00f6rden do\u011frudan gelen sesleri hem de odan\u0131n i\u00e7indeki yans\u0131malar\u0131 duyar\u0131z. Bu da yine bizi \u00e7evreleyen alan\u0131n beynimiz taraf\u0131ndan\u00a0\u00fc\u00e7 boyutlu akustik haritas\u0131n\u0131n \u00e7\u0131kart\u0131lmas\u0131 a\u00e7\u0131s\u0131ndan \u00f6nemlidir.<\/p>\n<p>Klasik kulakl\u0131k teknolojisinde\u00a0sol ve sa\u011f kulak birbirinden tamamen ayr\u0131ld\u0131\u011f\u0131 ve oda akusti\u011fi tamamen devre d\u0131\u015f\u0131 kald\u0131\u011f\u0131 i\u00e7in \u00fc\u00e7 boyutlu ses elde etmek m\u00fcmk\u00fcn olamamaktad\u0131r.<\/p>\n<p>Waves Nx&#8217;in t\u00fcketiciye y\u00f6nelik paketinde Nx plug-in&#8217;inin yerini herhangi bir bilgisayar ya da mobil cihaza y\u00fcklenebilen Nx program\u0131 al\u0131yor. Bu program sayesinde t\u0131pk\u0131 plug-in&#8217;de oldu\u011fu gibi kulakl\u0131kla dinleme yaparken \u00e7e\u015fitli mekanlar\u0131n sim\u00fclasyonunu yapmak, sesi kulakl\u0131kla de\u011fil de sanki o mekan\u0131n i\u00e7indeymi\u015f gibi dinliyor olmak m\u00fcmk\u00fcn.<\/p>\n<p><img loading=\"lazy\" class=\"aligncenter wp-image-2619\" src=\"http:\/\/www.ufukonen.com\/tr\/wp-content\/uploads\/Waves_Nx_HeadTracker.jpg\" alt=\"Waves_Nx_HeadTracker\" width=\"450\" height=\"223\" srcset=\"https:\/\/www.ufukonen.com\/tr\/wp-content\/uploads\/Waves_Nx_HeadTracker.jpg 680w, https:\/\/www.ufukonen.com\/tr\/wp-content\/uploads\/Waves_Nx_HeadTracker-300x149.jpg 300w\" sizes=\"(max-width: 450px) 100vw, 450px\" \/><\/p>\n<p>Pakette programa ek olarak bir de &#8216;head tracker&#8217; cihaz\u0131 bulunuyor.\u00a0Kulakl\u0131\u011f\u0131n \u00fczerine tak\u0131labilen bu cihaz kafa hareketlerinizi takip edip veriye \u00e7eviriyor ve bu veriyi Bluetooth \u00fczerinden bilgisayara g\u00f6nderiyor. &#8216;Head tracking&#8217; sanal ger\u00e7eklik a\u00e7\u0131s\u0131ndan olduk\u00e7a \u00f6nemli. Herhangi bir mekanda dinleme yaparken odan\u0131n konumu de\u011fi\u015fmez ancak kafa hareketlerimize g\u00f6re bizim duyumumuz de\u011fi\u015fir. Kulakl\u0131kla dinleme yaparken kafam\u0131z\u0131 sa\u011fa veya sola \u00e7evirdi\u011fimizde ya da a\u015fa\u011f\u0131ya veya yukar\u0131 bakt\u0131\u011f\u0131m\u0131zda duyumumuzda hi\u00e7bir de\u011fi\u015fiklik olmaz. Waves, &#8216;head tracker&#8217; cihaz\u0131 ile bunu a\u015fmay\u0131 planl\u0131yor. Bu cihaza alternatifi olarak bilgisayar\u0131n ya da mobil cihaz\u0131n \u00fczerindeki kameray\u0131 kullanmak m\u00fcmk\u00fcn.<\/p>\n<p><img loading=\"lazy\" class=\"aligncenter wp-image-2620\" src=\"http:\/\/www.ufukonen.com\/tr\/wp-content\/uploads\/Waves_Nx_HeadTrackingWithCam.jpg\" alt=\"Waves_Nx_HeadTrackingWithCam\" width=\"450\" height=\"253\" srcset=\"https:\/\/www.ufukonen.com\/tr\/wp-content\/uploads\/Waves_Nx_HeadTrackingWithCam.jpg 680w, https:\/\/www.ufukonen.com\/tr\/wp-content\/uploads\/Waves_Nx_HeadTrackingWithCam-300x169.jpg 300w\" sizes=\"(max-width: 450px) 100vw, 450px\" \/><\/p>\n<p>Waves, Nx program\u0131 ve &#8216;head tracker&#8217;\u00a0donan\u0131m\u0131ndan olu\u015fan\u00a0t\u00fcketicilere y\u00f6nelik paketini Eyl\u00fcl 2016&#8217;da piyasaya s\u00fcrmeyi hedefliyor. Bu zaman zarf\u0131nda <a href=\"http:\/\/www.waves.com\/plugins\/nx\" target=\"_blank\">Nx&#8217;i plug-in olarak deneyebilir<\/a> ve <a href=\"https:\/\/www.kickstarter.com\/projects\/waves\/waves-nx-3d-audio-on-any-headphones\" target=\"_blank\">Kickstarter kampanyas\u0131na<\/a> kat\u0131labilirsiniz.<\/p>\n<p>&nbsp;<\/p>\n<h5 style=\"text-align: center;\"><\/h5>\n<p>Benzer payla\u015f\u0131mlar i\u00e7in beni <a href=\"https:\/\/www.facebook.com\/ufukonen.skmt\/\" target=\"_blank\">Facebook<\/a> ve <a href=\"https:\/\/twitter.com\/UfukOnen\" target=\"_blank\">Twitter<\/a>&#8216;da takip edin. Haberler i\u00e7in l\u00fctfen <a href=\"http:\/\/ufukonen.com\/tr\/ses-kayit-muzik-teknolojisi-terimler-sozluk.html\" target=\"_blank\">mesaj listeme \u00fcye olun<\/a>.<\/p>\n<p>&nbsp;<\/p>\n<p>* G\u00f6rseller <a href=\"http:\/\/www.waves.com\" target=\"_blank\">Waves<\/a> firmas\u0131n\u0131n <a href=\"https:\/\/www.kickstarter.com\/projects\/waves\/waves-nx-3d-audio-on-any-headphones\" target=\"_blank\">Kickstarter kampanyas\u0131ndan<\/a> al\u0131nm\u0131\u015ft\u0131r.<\/p>\n","protected":false},"excerpt":{"rendered":"<p class=\"post-excerpt\">&#8211; &#8211; &#8211; &#8211; &#8211; Ekim 2016 g\u00fcncelleme &#8211; &#8211; &#8211; &#8211; &#8211;\u00a0 Waves, bu yaz\u0131da bahsi ge\u00e7en Kicsktarter kampanyas\u0131n\u0131&#8230;<\/p>\n","protected":false},"author":2,"featured_media":2617,"comment_status":"closed","ping_status":"open","sticky":false,"template":"","format":"standard","meta":{"_mi_skip_tracking":false,"spay_email":"","jetpack_publicize_message":"","jetpack_is_tweetstorm":false,"jetpack_publicize_feature_enabled":true},"categories":[18],"tags":[],"jetpack_featured_media_url":"https:\/\/www.ufukonen.com\/tr\/wp-content\/uploads\/Waves_Nx_Cinema-e1466796101387.jpg","jetpack_publicize_connections":[],"jetpack_shortlink":"https:\/\/wp.me\/p3rjsG-G1","jetpack_sharing_enabled":true,"jetpack-related-posts":[{"id":5928,"url":"https:\/\/www.ufukonen.com\/tr\/kulaklik-miks-plugin-tavsiyeleri.html","url_meta":{"origin":2605,"position":0},"title":"Kulakl\u0131kla Miks Yapanlara Plug-in Tavsiyeleri","date":"July 20, 2020","format":false,"excerpt":"\u0130lk yay\u0131n tarihi 20 Temmuz 2020 olan bu yaz\u0131 6 Aral\u0131k 2020, 1 \u015eubat 2021, 10 May\u0131s 2021 ve 3 Ocak 2022 tarihlerinde g\u00fcncellenmi\u015ftir. Bu yaz\u0131mda kulakl\u0131kla miks yapanlar i\u00e7in birka\u00e7 plug-in tavsiye etmek istiyorum. \"Kulakl\u0131kla Miks Yaparken Eksikli\u011fini Duydu\u011fum \u0130ki Nokta\" ba\u015fl\u0131kl\u0131 yaz\u0131mda bu plug-in'lere neden ihtiya\u00e7 duydu\u011fumuzu (ya\u2026","rel":"","context":"In &quot;Ses ve M\u00fczik Teknolojileri&quot;","img":{"alt_text":"","src":"https:\/\/i0.wp.com\/www.ufukonen.com\/tr\/wp-content\/uploads\/Kulaklik_Miks_Plugin_Header_v2.jpg?resize=350%2C200&ssl=1","width":350,"height":200},"classes":[]},{"id":3376,"url":"https:\/\/www.ufukonen.com\/tr\/sanal-gerceklik-icin-ses-ambisonics-format-b-2-bolum.html","url_meta":{"origin":2605,"position":1},"title":"Sanal Ger\u00e7eklik \u0130\u00e7in Ses: Ambisonics Format-B (2. B\u00f6l\u00fcm)","date":"November 6, 2017","format":false,"excerpt":"Bu yaz\u0131 iki b\u00f6l\u00fcmden olu\u015fmaktad\u0131r. \u0130lk b\u00f6l\u00fcm i\u00e7in t\u0131klay\u0131n\u0131z. Birinci b\u00f6l\u00fcmde \"Ambisonics Nedir?\", \"Ambisonics B-Format\", \"Dinleme Alan\u0131 A\u00e7\u0131s\u0131ndan Ambisonics ile Stereo ve Standart Surround Sistemler Aras\u0131ndaki Fark\", \"Kanal ve Hoparl\u00f6r Say\u0131s\u0131 A\u00e7\u0131s\u0131ndan Ambisonics ile Stereo ve Standart Surround Sistemler Aras\u0131ndaki Fark\" ve \"Neden Ambisonics Format-B?\" ba\u015fl\u0131klar\u0131 ile Ambisonics B-Format'\u0131 incelemeye\u2026","rel":"","context":"In &quot;Ses ve M\u00fczik Teknolojileri&quot;","img":{"alt_text":"","src":"https:\/\/i0.wp.com\/www.ufukonen.com\/tr\/wp-content\/uploads\/Ambisonics_Virtual_Reality_2_720x405.jpg?resize=350%2C200&ssl=1","width":350,"height":200},"classes":[]},{"id":4115,"url":"https:\/\/www.ufukonen.com\/tr\/apple-kulaklik-muzik.html","url_meta":{"origin":2605,"position":2},"title":"Apple, Kulakl\u0131kla M\u00fczik Dinleme Deneyimimizi De\u011fi\u015ftirmeye Haz\u0131rlan\u0131yor","date":"August 13, 2018","format":false,"excerpt":"Apple, 22 Eyl\u00fcl 2016 tarihinde \"Spatial Headphone Transparency\" ad\u0131n\u0131 verdi\u011fi, kulakl\u0131klara y\u00f6nelik yeni bir sinyal i\u015fleme tekni\u011fi i\u00e7in patent ba\u015fvurusunda bulunmu\u015ftu. Apple'\u0131n ba\u015fvurusu ge\u00e7ti\u011fimiz Temmuz ay\u0131nda kabul edildi ve b\u00f6ylelikle Apple, kullan\u0131c\u0131lar\u0131n kulakl\u0131k ile dinleme deneyimlerini de\u011fi\u015ftirmeyi hedefleyen bu tekni\u011fin patent sahibi oldu. Peki, nedir bu \"Spatial Headphone Transparency\"? T\u00fcrk\u00e7eye\u2026","rel":"","context":"In &quot;Ses ve M\u00fczik Teknolojileri&quot;","img":{"alt_text":"","src":"https:\/\/i0.wp.com\/www.ufukonen.com\/tr\/wp-content\/uploads\/Spatial_Headphone_Transparency_0.jpg?resize=350%2C200&ssl=1","width":350,"height":200},"classes":[]},{"id":2437,"url":"https:\/\/www.ufukonen.com\/tr\/studyo-tipi-kulakliklar.html","url_meta":{"origin":2605,"position":3},"title":"St\u00fcdyo Tipi Kulakl\u0131klar ve Yeni Geli\u015fmeler","date":"March 24, 2016","format":false,"excerpt":"Kulakl\u0131klar, klasik \u015fekildeki kullan\u0131mlar\u0131nda, oda akusti\u011fini tamamen devre d\u0131\u015f\u0131 b\u0131rak\u0131r ve size sadece kaydetti\u011finiz materyali dinleme imk\u00e2n\u0131 verir.\u00a0Kulakl\u0131klar editing i\u015flemleri s\u0131ras\u0131nda olduk\u00e7a yararl\u0131d\u0131r, \u00e7\u00fcnk\u00fc monit\u00f6r hoparl\u00f6rlerinizde ka\u00e7\u0131rd\u0131\u011f\u0131n\u0131z baz\u0131 detaylar\u0131 kulakl\u0131kla \u00e7ok daha rahat bir \u015fekilde duyup yakalayabilirsiniz. Kulakl\u0131klar, enstr\u00fcman veya seslerin stereo panorama i\u00e7indeki yerlerini ve genel olarak stereo panoramay\u0131\u2026","rel":"","context":"In &quot;Ses ve M\u00fczik Teknolojileri&quot;","img":{"alt_text":"","src":"https:\/\/i0.wp.com\/www.ufukonen.com\/tr\/wp-content\/uploads\/Headphones_DanielMcAnulty_720.jpg?resize=350%2C200&ssl=1","width":350,"height":200},"classes":[]},{"id":6747,"url":"https:\/\/www.ufukonen.com\/tr\/waves-studiorack-multiband.html","url_meta":{"origin":2605,"position":4},"title":"Waves StudioRack ile T\u00fcm Plug-in&#8217;lerle Multiband \u00c7al\u0131\u015f\u0131n","date":"July 19, 2021","format":false,"excerpt":"Blog yaz\u0131lar\u0131m\u0131 takip edenler hat\u0131rlayacaklard\u0131r, \u00fccretsiz olarak indirebilece\u011finiz StudioRack adl\u0131 plug-in sayesinde t\u00fcm Waves plug-in'leri ile Mid\/Side \u00e7al\u0131\u015fman\u0131n m\u00fcmk\u00fcn oldu\u011funu yazm\u0131\u015f ve bunun nas\u0131l yap\u0131ld\u0131\u011f\u0131n\u0131 a\u00e7\u0131klam\u0131\u015ft\u0131m. Linkleri a\u015fa\u011f\u0131ya kopyal\u0131yorum: \"Waves StudioRack ile T\u00fcm Plug-in'lerle Mid\/Side \u00c7al\u0131\u015f\u0131n\"Waves StudioRack (bilgi ve indirme linki) StudioRack sadece Mid\/Side de\u011fil, ayn\u0131 zamanda multiband \u00f6zelli\u011fi de\u2026","rel":"","context":"In &quot;Ses ve M\u00fczik Teknolojileri&quot;","img":{"alt_text":"","src":"https:\/\/i0.wp.com\/www.ufukonen.com\/tr\/wp-content\/uploads\/Waves_StudioRack_Multiband_00_Header.jpg?resize=350%2C200&ssl=1","width":350,"height":200},"classes":[]},{"id":6684,"url":"https:\/\/www.ufukonen.com\/tr\/waves-studiorack-mid-side.html","url_meta":{"origin":2605,"position":5},"title":"Waves StudioRack ile T\u00fcm Plug-in&#8217;lerle Mid\/Side \u00c7al\u0131\u015f\u0131n","date":"June 21, 2021","format":false,"excerpt":"M\/S sinyal i\u015fleme yapabilmek i\u00e7in kulland\u0131\u011f\u0131n\u0131z plug-in'in Mid\/Side i\u015flem \u00f6zelli\u011fine sahip olmas\u0131 gerekiyor. E\u011fer bu \u00f6zellik yoksa o plug-in'i sadece standart stereo olarak kullanabiliyorsunuz. Peki, bu standart stereo plug-in'ler ile M\/S sinyal i\u015fleme yapman\u0131n bir yolu yok mu? E\u011fer Waves plug-in'lerini kullan\u0131yorsan\u0131z var. \u00dccretsiz olarak indirebilece\u011finiz StudioRack plug-in chainer sayesinde\u2026","rel":"","context":"In &quot;Ses ve M\u00fczik Teknolojileri&quot;","img":{"alt_text":"","src":"https:\/\/i0.wp.com\/www.ufukonen.com\/tr\/wp-content\/uploads\/Waves_StudioRack_MidSide_00_Header.jpg?resize=350%2C200&ssl=1","width":350,"height":200},"classes":[]}],"_links":{"self":[{"href":"https:\/\/www.ufukonen.com\/tr\/wp-json\/wp\/v2\/posts\/2605"}],"collection":[{"href":"https:\/\/www.ufukonen.com\/tr\/wp-json\/wp\/v2\/posts"}],"about":[{"href":"https:\/\/www.ufukonen.com\/tr\/wp-json\/wp\/v2\/types\/post"}],"author":[{"embeddable":true,"href":"https:\/\/www.ufukonen.com\/tr\/wp-json\/wp\/v2\/users\/2"}],"replies":[{"embeddable":true,"href":"https:\/\/www.ufukonen.com\/tr\/wp-json\/wp\/v2\/comments?post=2605"}],"version-history":[{"count":24,"href":"https:\/\/www.ufukonen.com\/tr\/wp-json\/wp\/v2\/posts\/2605\/revisions"}],"predecessor-version":[{"id":2785,"href":"https:\/\/www.ufukonen.com\/tr\/wp-json\/wp\/v2\/posts\/2605\/revisions\/2785"}],"wp:featuredmedia":[{"embeddable":true,"href":"https:\/\/www.ufukonen.com\/tr\/wp-json\/wp\/v2\/media\/2617"}],"wp:attachment":[{"href":"https:\/\/www.ufukonen.com\/tr\/wp-json\/wp\/v2\/media?parent=2605"}],"wp:term":[{"taxonomy":"category","embeddable":true,"href":"https:\/\/www.ufukonen.com\/tr\/wp-json\/wp\/v2\/categories?post=2605"},{"taxonomy":"post_tag","embeddable":true,"href":"https:\/\/www.ufukonen.com\/tr\/wp-json\/wp\/v2\/tags?post=2605"}],"curies":[{"name":"wp","href":"https:\/\/api.w.org\/{rel}","templated":true}]}}