{"id":2634,"date":"2016-08-29T14:54:02","date_gmt":"2016-08-29T11:54:02","guid":{"rendered":"http:\/\/www.ufukonen.com\/tr\/?p=2634"},"modified":"2016-08-29T14:54:02","modified_gmt":"2016-08-29T11:54:02","slug":"mikrofonlama-teknikleri-3-1-kurali","status":"publish","type":"post","link":"https:\/\/www.ufukonen.com\/tr\/mikrofonlama-teknikleri-3-1-kurali.html","title":{"rendered":"Mikrofonlama Teknikleri &#8211; 3:1 Kural\u0131"},"content":{"rendered":"<p><img loading=\"lazy\" class=\"aligncenter wp-image-2660\" src=\"http:\/\/www.ufukonen.com\/tr\/wp-content\/uploads\/microphone_charcoal_s.jpg\" alt=\"microphone_charcoal_s\" width=\"550\" height=\"367\" srcset=\"https:\/\/www.ufukonen.com\/tr\/wp-content\/uploads\/microphone_charcoal_s.jpg 720w, https:\/\/www.ufukonen.com\/tr\/wp-content\/uploads\/microphone_charcoal_s-300x200.jpg 300w\" sizes=\"(max-width: 550px) 100vw, 550px\" \/><\/p>\n<p>&nbsp;<\/p>\n<p>\u0130ki mikrofon ile kay\u0131t yaparken, faz problemlerini en aza indirgemek i\u00e7in iki mikrofon aras\u0131ndaki uzakl\u0131k, mikrofonlar\u0131n ses kaynaklar\u0131na olan uzakl\u0131klar\u0131ndan en az \u00fc\u00e7 kat\u0131 fazla olmal\u0131d\u0131r. Bu, 3:1 kural\u0131 olarak adland\u0131r\u0131lmaktad\u0131r.<\/p>\n<p>\u00d6rnek olarak birinci enstr\u00fcman\u0131n 20 cm uza\u011f\u0131nda bir mikrofon, ikinci enstr\u00fcman\u0131n ise yine 20 cm uza\u011f\u0131nda olmak \u00fczere ikinci bir mikrofon oldu\u011funu d\u00fc\u015f\u00fcnelim. 20 cm = d olarak kabul edelim. 3:1 kural\u0131na g\u00f6re bu iki mikrofon aras\u0131ndaki mesafe 3 x 20 cm = 60 cm (3d) olmal\u0131d\u0131r.<\/p>\n<p><img loading=\"lazy\" class=\"aligncenter wp-image-2667\" src=\"http:\/\/www.ufukonen.com\/tr\/wp-content\/uploads\/mic_technique_3-1_rule_stenciler-1024x847.jpg\" alt=\"mic_technique_3-1_rule_stenciler\" width=\"500\" height=\"413\" srcset=\"https:\/\/www.ufukonen.com\/tr\/wp-content\/uploads\/mic_technique_3-1_rule_stenciler-1024x847.jpg 1024w, https:\/\/www.ufukonen.com\/tr\/wp-content\/uploads\/mic_technique_3-1_rule_stenciler-300x248.jpg 300w, https:\/\/www.ufukonen.com\/tr\/wp-content\/uploads\/mic_technique_3-1_rule_stenciler-768x635.jpg 768w, https:\/\/www.ufukonen.com\/tr\/wp-content\/uploads\/mic_technique_3-1_rule_stenciler.jpg 1375w\" sizes=\"(max-width: 500px) 100vw, 500px\" \/><\/p>\n<p>&nbsp;<\/p>\n<p>3:1 kural\u0131 davul ve di\u011fer \u00e7ok par\u00e7al\u0131 vurmal\u0131 \u00e7alg\u0131larda da \u00f6nemli bir rol oynamaktad\u0131r. \u00d6rnek olarak davulda tom&#8217;lar\u0131 mikrofonlarken\u00a0her iki tom i\u00e7in de ayr\u0131 birer mikrofon kullan\u0131yorsak ve bu mikrofonlar\u0131 tom&#8217;lar\u0131n 10 cm yukar\u0131s\u0131nda olacak \u015fekilde yerle\u015ftirmi\u015fsek, bu durumda iki mikrofon aras\u0131ndaki mesafe en az 30 cm olmal\u0131d\u0131r.<\/p>\n<p>Faz problemleri ses kayna\u011f\u0131ndan \u00e7\u0131kan ses dalgalar\u0131n\u0131n iki farkl\u0131 mikrofona farkl\u0131 zamanlarda ula\u015fmas\u0131ndan ileri gelir. Aralar\u0131nda faz farkl\u0131 olmayan ses dalgalar\u0131 birbirlerini g\u00fc\u00e7lendirir, aralar\u0131nda faz farkl\u0131 olan ses dalgalar\u0131 ise birbirlerini zay\u0131flat\u0131r ya da tamamen yok eder.<\/p>\n<p>Bu g\u00fc\u00e7lenme\u00a0ve zay\u0131flama\u00a0sesin b\u00fct\u00fcn\u00fc i\u00e7in de\u011fil, belli frekanslar i\u00e7in de olabilir.\u00a0Dalga boylar\u0131 iki mikrofon aras\u0131ndaki mesafenin 1, 2 ve 3 kat\u0131 olan frekanslar g\u00fc\u00e7lenirken, dalga boylar\u0131 iki mikrofon aras\u0131ndaki mesafenin 0.5, 1.5 veya 2.5 kat\u0131 olan frekanslar azal\u0131r.<\/p>\n<p>Bu g\u00fc\u00e7lenme ve zay\u0131flamalar\u0131n\u00a0olu\u015fmas\u0131 i\u00e7in ses dalgalar\u0131n\u0131n iki mikrofon \u00fczerinde de ayn\u0131 ya da yak\u0131n ses \u015fiddetine sahip olmas\u0131 gerekir. 3:1 kural\u0131n\u0131n arkas\u0131ndaki mant\u0131k da buradan gelmektedir. Uzaktaki mikrofona ula\u015fan ses dalgalar\u0131n\u0131n \u015fiddeti yak\u0131n mikrofon \u00fcst\u00fcndeki ses \u015fiddetine g\u00f6re daha d\u00fc\u015f\u00fckse faz problemleri azal\u0131r.<\/p>\n<p>Faz ile ilgili detayl\u0131 bilgiler i\u00e7in<a href=\"http:\/\/www.ufukonen.com\/tr\/ses-kayit-ve-muzik-teknolojileri.html\"><strong> Ses Kay\u0131t ve M\u00fczik Teknolojileri<\/strong><\/a>\u00a0kitab\u0131mda <strong>01\/ Ses ve Duyum<\/strong> adl\u0131 b\u00f6l\u00fcmde &#8220;Faz&#8221; ile\u00a0<strong>10\/ Kay\u0131t Teknikleri<\/strong> adl\u0131 b\u00f6l\u00fcmde &#8220;Davul&#8221; ve\u00a0&#8220;Vokal&#8221; ba\u015fl\u0131kl\u0131 konular\u0131 okuyabilirsiniz.<\/p>\n<p>Benzer payla\u015f\u0131mlar i\u00e7in beni <a href=\"https:\/\/www.facebook.com\/ufukonen.skmt\/\" target=\"_blank\">Facebook<\/a> ve <a href=\"https:\/\/twitter.com\/UfukOnen\" target=\"_blank\">Twitter<\/a>&#8216;da takip edin. Haberler i\u00e7in l\u00fctfen <a href=\"http:\/\/ufukonen.com\/tr\/ses-kayit-muzik-teknolojisi-terimler-sozluk.html\" target=\"_blank\">mesaj listeme \u00fcye olun<\/a>.<\/p>\n<p>&nbsp;<\/p>\n","protected":false},"excerpt":{"rendered":"<p class=\"post-excerpt\">&nbsp; \u0130ki mikrofon ile kay\u0131t yaparken, faz problemlerini en aza indirgemek i\u00e7in iki mikrofon aras\u0131ndaki uzakl\u0131k, mikrofonlar\u0131n ses kaynaklar\u0131na olan&#8230;<\/p>\n","protected":false},"author":2,"featured_media":2660,"comment_status":"closed","ping_status":"open","sticky":false,"template":"","format":"standard","meta":{"_mi_skip_tracking":false,"spay_email":"","jetpack_publicize_message":"","jetpack_is_tweetstorm":false,"jetpack_publicize_feature_enabled":true},"categories":[16],"tags":[],"jetpack_featured_media_url":"https:\/\/www.ufukonen.com\/tr\/wp-content\/uploads\/microphone_charcoal_s.jpg","jetpack_publicize_connections":[],"jetpack_shortlink":"https:\/\/wp.me\/p3rjsG-Gu","jetpack_sharing_enabled":true,"jetpack-related-posts":[{"id":4032,"url":"https:\/\/www.ufukonen.com\/tr\/decca-tree.html","url_meta":{"origin":2634,"position":0},"title":"Decca Tree Stereo Mikrofonlama Tekni\u011fi","date":"July 16, 2018","format":false,"excerpt":"\u0130ki mikrofonun aralar\u0131nda belli bir mesafe b\u0131rak\u0131larak ses kayna\u011f\u0131n\u0131n \u00f6n\u00fcne yerle\u015ftirildi\u011fi stereo mikrofonlama tekni\u011fine AB veya 'spaced pair' ad\u0131 verilir. Spaced pair, T\u00fcrk\u00e7ede aralar\u0131nda mesafe olan \u00e7ift anlam\u0131na gelmektedir. Bu isim, bu teknikte iki mikrofonun birbirleri aras\u0131nda mesafe bulunmas\u0131 sebebi ile verilmi\u015ftir. Mikrofonlar\u0131n birbirlerine olan uzakl\u0131\u011f\u0131 kaydedilen ses kayna\u011f\u0131na ve\u2026","rel":"","context":"In &quot;M\u00fczik Prod\u00fcksiyonu&quot;","img":{"alt_text":"","src":"https:\/\/i0.wp.com\/www.ufukonen.com\/tr\/wp-content\/uploads\/decca_tree_io-vector_deccatree_1280x720.jpg?resize=350%2C200&ssl=1","width":350,"height":200},"classes":[]},{"id":4251,"url":"https:\/\/www.ufukonen.com\/tr\/mikrofon-line-seviye-fark.html","url_meta":{"origin":2634,"position":1},"title":"Mikrofon ve Line Seviyeleri Aras\u0131ndaki Fark","date":"October 22, 2018","format":false,"excerpt":"Mikrofon ve line ba\u011flant\u0131lar\u0131 bazen kafa kar\u0131\u015ft\u0131r\u0131c\u0131 olabiliyor. Baz\u0131lar\u0131 bu ba\u011flant\u0131lar\u0131n sadece konnekt\u00f6rlerle ilgili oldu\u011funu san\u0131yor. XLR konnekt\u00f6rlerin sadece mikrofon, 1\/4\" konnekt\u00f6rlerin ise sadece line ba\u011flant\u0131lar i\u00e7in kullan\u0131ld\u0131\u011f\u0131n\u0131 d\u00fc\u015f\u00fcnenleri, hatta mikrofon ve line aras\u0131 ba\u011flant\u0131lar i\u00e7in XLR-1\/4\" \u00e7evirici kablo kullanmaya \u00e7al\u0131\u015fanlar\u0131 bile g\u00f6rd\u00fcm. \u00d6ncelikle hemen belirteyim, \"1\/4\u2033 ve XLR Konnekt\u00f6rler:\u2026","rel":"","context":"In &quot;Ses ve M\u00fczik Teknolojileri&quot;","img":{"alt_text":"","src":"https:\/\/i0.wp.com\/www.ufukonen.com\/tr\/wp-content\/uploads\/Mikrofon_Line_Seviyeleri_Arasindaki_Fark.jpg?resize=350%2C200&ssl=1","width":350,"height":200},"classes":[]},{"id":4234,"url":"https:\/\/www.ufukonen.com\/tr\/vokal-kaydi-birkac-tavsiye.html","url_meta":{"origin":2634,"position":2},"title":"Vokal Kayd\u0131: Birka\u00e7 Tavsiye","date":"October 8, 2018","format":false,"excerpt":"Bu yaz\u0131mda vokal kayd\u0131 ile ilgili birka\u00e7 tavsiyede bulunmak istiyorum. Ses Kay\u0131t ve M\u00fczik Teknolojileri (SKMT) adl\u0131 kitab\u0131mda vokal kayd\u0131 ile daha detayl\u0131 bilgiler bulabilirsiniz. Yine konu ile ilgili olarak, \"Bruce Swedien ile Vokal Kayd\u0131 \u00dczerine\" ba\u015fl\u0131kl\u0131 blog yaz\u0131m\u0131 okuyabilirsiniz. Mikrofon Se\u00e7imi Vokal kay\u0131tlar\u0131 i\u00e7in mikrofon se\u00e7erken ilk tercih genelde\u2026","rel":"","context":"In &quot;M\u00fczik Prod\u00fcksiyonu&quot;","img":{"alt_text":"","src":"https:\/\/i0.wp.com\/www.ufukonen.com\/tr\/wp-content\/uploads\/Vokal_Kaydi_Birkac_Tavsiye.jpg?resize=350%2C200&ssl=1","width":350,"height":200},"classes":[]},{"id":3955,"url":"https:\/\/www.ufukonen.com\/tr\/bruce-swedien-ile-vokal-kaydi-uzerine.html","url_meta":{"origin":2634,"position":3},"title":"Bruce Swedien ile Vokal Kayd\u0131 \u00dczerine","date":"June 4, 2018","format":false,"excerpt":"Bruce Swedien denince ilk akla gelen Michael Jackson'\u0131n Thriller alb\u00fcm\u00fc oluyor ama Swedien'\u0131n kariyeri asl\u0131nda daha bir\u00e7ok ba\u015far\u0131 ile dolu. Swedien, ses kay\u0131t ve miks m\u00fchendisi olarak Quincy Jones, Paul McCartney, Count Basie, Duke Ellington, Santana, Jennifer Lopez gibi sanat\u00e7\u0131larla \u00e7al\u0131\u015fm\u0131\u015f. On \u00fc\u00e7 defa Grammy \u00f6d\u00fcl\u00fcne aday g\u00f6sterilmi\u015f, be\u015fini kazanm\u0131\u015f.\u2026","rel":"","context":"In &quot;M\u00fczik Prod\u00fcksiyonu&quot;","img":{"alt_text":"","src":"https:\/\/i0.wp.com\/www.ufukonen.com\/tr\/wp-content\/uploads\/BruceSwedien_PhotoCredit_MrBonzai_1280x720.jpg?resize=350%2C200&ssl=1","width":350,"height":200},"classes":[]},{"id":5112,"url":"https:\/\/www.ufukonen.com\/tr\/faz-kaymasi-cakismasi-nedir.html","url_meta":{"origin":2634,"position":4},"title":"Faz Kaymas\u0131 \/ \u00c7ak\u0131\u015fmas\u0131 Nedir ve Nas\u0131l Duyulur?","date":"October 14, 2019","format":false,"excerpt":"Faz, faz kaymas\u0131 ve faz kaymalar\u0131n\u0131n hesaplanmas\u0131 ile ilgili olarak Ses Kay\u0131t ve M\u00fczik Teknolojileri adl\u0131 kitab\u0131mda detayl\u0131 bilgiler vermi\u015ftim. Bu yaz\u0131mda ilk \u00f6nce faz ile ilgili \u00e7ok k\u0131sa bir \u00f6zet ge\u00e7eyim, sonra da faz kaymas\u0131n\u0131n ya da faz \u00e7ak\u0131\u015fmas\u0131n\u0131n nas\u0131l duyuldu\u011funu bir \u00f6rnekle size aktarmaya \u00e7al\u0131\u015fay\u0131m. Faz (\u0130ngilizce terimi\u2026","rel":"","context":"In &quot;Ses ve M\u00fczik Teknolojileri&quot;","img":{"alt_text":"","src":"https:\/\/i0.wp.com\/www.ufukonen.com\/tr\/wp-content\/uploads\/Faz_Kaymasi_720.jpg?resize=350%2C200&ssl=1","width":350,"height":200},"classes":[]},{"id":6426,"url":"https:\/\/www.ufukonen.com\/tr\/kamera-mikrofon-tek-kanal-ses.html","url_meta":{"origin":2634,"position":5},"title":"Kamera, Mikrofon ve Tek Kanal Ses Sorunu","date":"March 1, 2021","format":false,"excerpt":"\"Kameraya XLR giri\u015fi \u00fczerinden mikrofon ba\u011fl\u0131yorum ama ses sadece tek taraftan geliyor, sesin her iki taraftan da gelmesi i\u00e7in nas\u0131l bir ba\u011flant\u0131 yapmam gerekiyor?\" Bu ve buna benzer sorular bana bir\u00e7ok defa soruldu. Ayn\u0131 \u015feyi defalarca anlatmak yerine bir blog yaz\u0131s\u0131 yazay\u0131m, soran olursa linki payla\u015f\u0131r\u0131m diye d\u00fc\u015f\u00fcnd\u00fcm! \u00d6ncelikle problemin\u2026","rel":"","context":"In &quot;Ses ve M\u00fczik Teknolojileri&quot;","img":{"alt_text":"","src":"https:\/\/i0.wp.com\/www.ufukonen.com\/tr\/wp-content\/uploads\/Kamera_Mikrofon_Tek_Kanal_00_Header_v3.jpg?resize=350%2C200&ssl=1","width":350,"height":200},"classes":[]}],"_links":{"self":[{"href":"https:\/\/www.ufukonen.com\/tr\/wp-json\/wp\/v2\/posts\/2634"}],"collection":[{"href":"https:\/\/www.ufukonen.com\/tr\/wp-json\/wp\/v2\/posts"}],"about":[{"href":"https:\/\/www.ufukonen.com\/tr\/wp-json\/wp\/v2\/types\/post"}],"author":[{"embeddable":true,"href":"https:\/\/www.ufukonen.com\/tr\/wp-json\/wp\/v2\/users\/2"}],"replies":[{"embeddable":true,"href":"https:\/\/www.ufukonen.com\/tr\/wp-json\/wp\/v2\/comments?post=2634"}],"version-history":[{"count":12,"href":"https:\/\/www.ufukonen.com\/tr\/wp-json\/wp\/v2\/posts\/2634\/revisions"}],"predecessor-version":[{"id":2720,"href":"https:\/\/www.ufukonen.com\/tr\/wp-json\/wp\/v2\/posts\/2634\/revisions\/2720"}],"wp:featuredmedia":[{"embeddable":true,"href":"https:\/\/www.ufukonen.com\/tr\/wp-json\/wp\/v2\/media\/2660"}],"wp:attachment":[{"href":"https:\/\/www.ufukonen.com\/tr\/wp-json\/wp\/v2\/media?parent=2634"}],"wp:term":[{"taxonomy":"category","embeddable":true,"href":"https:\/\/www.ufukonen.com\/tr\/wp-json\/wp\/v2\/categories?post=2634"},{"taxonomy":"post_tag","embeddable":true,"href":"https:\/\/www.ufukonen.com\/tr\/wp-json\/wp\/v2\/tags?post=2634"}],"curies":[{"name":"wp","href":"https:\/\/api.w.org\/{rel}","templated":true}]}}