{"id":2825,"date":"2017-01-11T20:47:27","date_gmt":"2017-01-11T17:47:27","guid":{"rendered":"http:\/\/www.ufukonen.com\/tr\/?p=2825"},"modified":"2017-12-04T16:56:11","modified_gmt":"2017-12-04T13:56:11","slug":"2016-daw-tercihiniz-anket","status":"publish","type":"post","link":"https:\/\/www.ufukonen.com\/tr\/2016-daw-tercihiniz-anket.html","title":{"rendered":"2016 DAW Anketi Sonu\u00e7lar\u0131"},"content":{"rendered":"<p><img loading=\"lazy\" class=\"aligncenter wp-image-2896\" src=\"http:\/\/www.ufukonen.com\/tr\/wp-content\/uploads\/DAW_Survey_2016_Results-1024x481-1024x481.jpg\" width=\"550\" height=\"258\" srcset=\"https:\/\/www.ufukonen.com\/tr\/wp-content\/uploads\/DAW_Survey_2016_Results-1024x481.jpg 1024w, https:\/\/www.ufukonen.com\/tr\/wp-content\/uploads\/DAW_Survey_2016_Results-1024x481-300x141.jpg 300w, https:\/\/www.ufukonen.com\/tr\/wp-content\/uploads\/DAW_Survey_2016_Results-1024x481-768x361.jpg 768w\" sizes=\"(max-width: 550px) 100vw, 550px\" \/><\/p>\n<p>Yabanc\u0131 dergiler ve web siteleri her y\u0131l benzer anketler yap\u0131yorlar. Bir tane de bizden olsun dedim ve DAW (Digital Audio Workstation) tercihi \u00fczerine iki sorudan olu\u015fan \u00e7oktan se\u00e7meli bir anket haz\u0131rlad\u0131m.<\/p>\n<p>Anket 14-31 Aral\u0131k 2016 tarihleri aras\u0131nda a\u00e7\u0131k kald\u0131. Ankete toplam 1112 ki\u015fi kat\u0131ld\u0131.<\/p>\n<p>&nbsp;<\/p>\n<h4>Birinci soru: &#8220;Kullanmakta oldu\u011funuz DAW&#8221;.<\/h4>\n<p>Anketin galibi Cubase Pro (Steinberg) oldu. Cubase Pro, 204 oy ile t\u00fcm oylar\u0131n %18.35&#8217;ine sahip oldu. Onu hemen arkas\u0131ndan \u00e7ok az bir farkla Logic Pro (Apple) takip etti. Logic Pro, 195 oy ile t\u00fcm oylar\u0131n %17.54&#8217;\u00fcne sahip oldu. \u00dc\u00e7\u00fcnc\u00fcl\u00fc\u011f\u00fc benim de tercihim olan Pro Tools (Avid), d\u00f6rd\u00fcnc\u00fcl\u00fc\u011f\u00fc ise Live (Ableton) ald\u0131. Pro Tools ile Live aras\u0131nda ger\u00e7ekten \u00e7ok az bir oy fark\u0131 var: Pro Tools, 164; Live ise 161 oy ald\u0131. Anketin be\u015fincisi 154 oy ile FL Studio (Image-Line) oldu. Di\u011fer DAW&#8217;lara g\u00f6re daha \u00e7ok yeni oldu\u011funu d\u00fc\u015f\u00fcnd\u00fc\u011f\u00fcm\u00fczde Studio One (PreSonus) 126 oy ile alt\u0131nc\u0131 s\u0131rada olduk\u00e7a ba\u015far\u0131l\u0131 bir sonu\u00e7 ald\u0131. Detayl\u0131 sonu\u00e7lar i\u00e7in a\u015fa\u011f\u0131daki g\u00f6rseli inceleyebilirsiniz (b\u00fcy\u00fctmek i\u00e7in g\u00f6rsele t\u0131klayabilirsiniz).<\/p>\n<p><a href=\"http:\/\/www.ufukonen.com\/tr\/wp-content\/uploads\/2016_DAW_Anket_Sonuclar_01.jpg\" target=\"_blank\" rel=\"noopener\"><img loading=\"lazy\" class=\"aligncenter wp-image-2897\" src=\"http:\/\/www.ufukonen.com\/tr\/wp-content\/uploads\/2016_DAW_Anket_Sonuclar_01-1024x962.jpg\" alt=\"2016_DAW_Anket_Sonuclar_01\" width=\"500\" height=\"470\" srcset=\"https:\/\/www.ufukonen.com\/tr\/wp-content\/uploads\/2016_DAW_Anket_Sonuclar_01-1024x962.jpg 1024w, https:\/\/www.ufukonen.com\/tr\/wp-content\/uploads\/2016_DAW_Anket_Sonuclar_01-300x282.jpg 300w, https:\/\/www.ufukonen.com\/tr\/wp-content\/uploads\/2016_DAW_Anket_Sonuclar_01-768x722.jpg 768w\" sizes=\"(max-width: 500px) 100vw, 500px\" \/><\/a><\/p>\n<p>&nbsp;<\/p>\n<h4>\u0130kinci soru: &#8220;Kullanmakta oldu\u011funuz DAW&#8217;\u0131 2017 i\u00e7inde de\u011fi\u015ftirmeyi d\u00fc\u015f\u00fcn\u00fcyor musunuz?&#8221;<\/h4>\n<p>1112 kat\u0131l\u0131mc\u0131dan 960 ki\u015fi bu soruya &#8220;hay\u0131r&#8221; cevab\u0131n\u0131 vermi\u015f (%86.33). 152 ki\u015fi ise &#8220;evet&#8221; cevab\u0131 kulland\u0131\u011f\u0131 DAW&#8217;\u0131 2017 i\u00e7inde de\u011fi\u015ftirmeyi d\u00fc\u015f\u00fcnd\u00fc\u011f\u00fc belirtmi\u015f. Ben &#8220;hay\u0131r&#8221; diyenler aras\u0131nday\u0131m.<\/p>\n<p><a href=\"http:\/\/www.ufukonen.com\/tr\/wp-content\/uploads\/2016_DAW_Anket_Sonuclar_02.jpg\" target=\"_blank\" rel=\"noopener\"><img loading=\"lazy\" class=\"aligncenter wp-image-2898\" src=\"http:\/\/www.ufukonen.com\/tr\/wp-content\/uploads\/2016_DAW_Anket_Sonuclar_02-1024x195.jpg\" alt=\"2016_DAW_Anket_Sonuclar_02\" width=\"500\" height=\"95\" srcset=\"https:\/\/www.ufukonen.com\/tr\/wp-content\/uploads\/2016_DAW_Anket_Sonuclar_02-1024x195.jpg 1024w, https:\/\/www.ufukonen.com\/tr\/wp-content\/uploads\/2016_DAW_Anket_Sonuclar_02-300x57.jpg 300w, https:\/\/www.ufukonen.com\/tr\/wp-content\/uploads\/2016_DAW_Anket_Sonuclar_02-768x146.jpg 768w\" sizes=\"(max-width: 500px) 100vw, 500px\" \/><\/a><\/p>\n<p>&nbsp;<\/p>\n<p>T\u00fcm kat\u0131l\u0131mc\u0131lara \u00e7ok te\u015fekk\u00fcr ediyorum!<\/p>\n<p>&nbsp;<\/p>\n<p>Ses, m\u00fczik ve m\u00fczik teknolojileri ile ilgili haberler ve \u00e7e\u015fitli payla\u015f\u0131mlar i\u00e7in <a href=\"https:\/\/www.facebook.com\/ufukonen.skmt\/\" target=\"_blank\" rel=\"noopener\">Ses Kay\u0131t ve M\u00fczik Teknolojileri&#8217;nin Facebook sayfas\u0131n\u0131 &#8216;be\u011fenebilir&#8217;<\/a>, beni <a href=\"https:\/\/twitter.com\/UfukOnen\" target=\"_blank\" rel=\"noopener\">Twitter&#8217;dan takip edebilir<\/a> ve mesaj listeme <a href=\"http:\/\/www.ufukonen.com\/tr\/ses-kayit-muzik-teknolojisi-terimler-sozluk.html\" target=\"_blank\" rel=\"noopener\">\u00fcye olabilirsiniz<\/a>.<\/p>\n<p>&nbsp;<\/p>\n<p><a href=\"http:\/\/ufukonen.com\/tr\/ses-kayit-ve-muzik-teknolojileri.html\"><img loading=\"lazy\" class=\"aligncenter wp-image-3478\" src=\"http:\/\/www.ufukonen.com\/tr\/wp-content\/uploads\/SKMT_10_basim_2017_1920x1024-1024x546.jpg\" alt=\"\" width=\"550\" height=\"293\" srcset=\"https:\/\/www.ufukonen.com\/tr\/wp-content\/uploads\/SKMT_10_basim_2017_1920x1024-1024x546.jpg 1024w, https:\/\/www.ufukonen.com\/tr\/wp-content\/uploads\/SKMT_10_basim_2017_1920x1024-300x160.jpg 300w, https:\/\/www.ufukonen.com\/tr\/wp-content\/uploads\/SKMT_10_basim_2017_1920x1024-768x410.jpg 768w, https:\/\/www.ufukonen.com\/tr\/wp-content\/uploads\/SKMT_10_basim_2017_1920x1024.jpg 1920w\" sizes=\"(max-width: 550px) 100vw, 550px\" \/><\/a><\/p>\n<p style=\"text-align: center;\"><a href=\"http:\/\/www.ufukonen.com\/tr\/ses-kayit-ve-muzik-teknolojileri.html\">Ses Kay\u0131t ve M\u00fczik Teknolojileri (SKMT) &#8211; 10. bask\u0131 (2017)<\/a><\/p>\n<p style=\"text-align: center;\"><a href=\"http:\/\/www.ufukonen.com\/tr\/ses-kayit-ve-muzik-teknolojileri.html\">SKMT ile ilgili d\u00fc\u015f\u00fcncelerinizi ve foto\u011fraflar\u0131n\u0131z\u0131 di\u011fer okuyucular ile payla\u015fmak ister misiniz?<\/a><\/p>\n<p>&nbsp;<\/p>\n<p style=\"text-align: center;\"><a href=\"http:\/\/www.ufukonen.com\/tr\/muzik-produksiyonlarinda-miks-teknikleri.html\"><img loading=\"lazy\" class=\"aligncenter wp-image-2818\" src=\"http:\/\/www.ufukonen.com\/tr\/wp-content\/uploads\/Onen_MPMT_AMEK_Background_1024x541-1024x541.jpg\" alt=\"Onen_MPMT_AMEK_Background_1024x541\" width=\"550\" height=\"291\" srcset=\"https:\/\/www.ufukonen.com\/tr\/wp-content\/uploads\/Onen_MPMT_AMEK_Background_1024x541.jpg 1024w, https:\/\/www.ufukonen.com\/tr\/wp-content\/uploads\/Onen_MPMT_AMEK_Background_1024x541-300x158.jpg 300w, https:\/\/www.ufukonen.com\/tr\/wp-content\/uploads\/Onen_MPMT_AMEK_Background_1024x541-768x406.jpg 768w\" sizes=\"(max-width: 550px) 100vw, 550px\" \/><\/a><\/p>\n<p><a href=\"http:\/\/www.ufukonen.com\/tr\/synthesizer-teknolojileri-ve-programlama.html\"><img loading=\"lazy\" class=\"aligncenter wp-image-2819\" src=\"http:\/\/www.ufukonen.com\/tr\/wp-content\/uploads\/Onen_STP_2_AMEK_Background_1024x541-1024x541.jpg\" alt=\"Onen_STP_2_AMEK_Background_1024x541\" width=\"550\" height=\"291\" srcset=\"https:\/\/www.ufukonen.com\/tr\/wp-content\/uploads\/Onen_STP_2_AMEK_Background_1024x541.jpg 1024w, https:\/\/www.ufukonen.com\/tr\/wp-content\/uploads\/Onen_STP_2_AMEK_Background_1024x541-300x158.jpg 300w, https:\/\/www.ufukonen.com\/tr\/wp-content\/uploads\/Onen_STP_2_AMEK_Background_1024x541-768x406.jpg 768w\" sizes=\"(max-width: 550px) 100vw, 550px\" \/><\/a><\/p>\n","protected":false},"excerpt":{"rendered":"<p class=\"post-excerpt\">Yabanc\u0131 dergiler ve web siteleri her y\u0131l benzer anketler yap\u0131yorlar. Bir tane de bizden olsun dedim ve DAW (Digital Audio&#8230;<\/p>\n","protected":false},"author":2,"featured_media":2896,"comment_status":"closed","ping_status":"open","sticky":false,"template":"","format":"standard","meta":{"_mi_skip_tracking":false,"spay_email":"","jetpack_publicize_message":"","jetpack_is_tweetstorm":false,"jetpack_publicize_feature_enabled":true},"categories":[18],"tags":[],"jetpack_featured_media_url":"https:\/\/www.ufukonen.com\/tr\/wp-content\/uploads\/DAW_Survey_2016_Results-1024x481.jpg","jetpack_publicize_connections":[],"jetpack_shortlink":"https:\/\/wp.me\/p3rjsG-Jz","jetpack_sharing_enabled":true,"jetpack-related-posts":[{"id":3575,"url":"https:\/\/www.ufukonen.com\/tr\/2017-daw-anketi-sonuclari.html","url_meta":{"origin":2825,"position":0},"title":"2017 DAW Anketi Sonu\u00e7lar\u0131","date":"January 1, 2018","format":false,"excerpt":"\u00a0 Bu y\u0131l ikincisini d\u00fczenledi\u011fim DAW (Digital Audio Workstation) anketinin sonu\u00e7lar\u0131 belli oldu. 4-31 Aral\u0131k 2017 tarihleri aras\u0131nda a\u00e7\u0131k kalan ankete 1009 ki\u015fi kat\u0131ld\u0131. \u00a0 Birinci Soru: \"Kullanmakta Oldu\u011funuz DAW\" Anketin galibi 185 oy ile t\u00fcm oylar\u0131n %18.33'\u00fcn\u00fc alan Cubase (Steinberg) oldu. Onu hemen arkas\u0131ndan \u00e7ok az bir farkla Logic\u2026","rel":"","context":"In &quot;Ses ve M\u00fczik Teknolojileri&quot;","img":{"alt_text":"","src":"https:\/\/i0.wp.com\/www.ufukonen.com\/tr\/wp-content\/uploads\/2017_DAW_Anketi_1024x768.jpg?resize=350%2C200&ssl=1","width":350,"height":200},"classes":[]},{"id":6311,"url":"https:\/\/www.ufukonen.com\/tr\/2020-daw-anketi-sonuclari.html","url_meta":{"origin":2825,"position":1},"title":"2020 DAW Anketi Sonu\u00e7lar\u0131","date":"January 4, 2021","format":false,"excerpt":"Bu y\u0131l be\u015fincisini d\u00fczenledi\u011fim DAW anketinin sonu\u00e7lar\u0131 belli oldu! Bu sene birinci olan DAW sadece bir oy farkla (evet, do\u011fru okudunuz, sadece bir oy farkla) birinci oldu. Bu ilgin\u00e7 bir nokta. Bu y\u0131l sonu\u00e7lar\u0131 analiz ederken t\u00fcm oylar\u0131n yan\u0131 s\u0131ra ses teknolojileri ile profesyonel ve hobi olarak ilgilenen kat\u0131l\u0131mc\u0131lar\u0131n oylar\u0131n\u0131\u2026","rel":"","context":"In &quot;M\u00fczik Prod\u00fcksiyonu&quot;","img":{"alt_text":"","src":"https:\/\/i0.wp.com\/www.ufukonen.com\/tr\/wp-content\/uploads\/2019_DAW_Anketi_1280x853_rfs.jpg?resize=350%2C200&ssl=1","width":350,"height":200},"classes":[]},{"id":5363,"url":"https:\/\/www.ufukonen.com\/tr\/2019-daw-anketi-sonuclari.html","url_meta":{"origin":2825,"position":2},"title":"2019 DAW Anketi Sonu\u00e7lar\u0131","date":"January 6, 2020","format":false,"excerpt":"2019 DAW anketinin sonu\u00e7lar\u0131 belli oldu. Bu y\u0131l d\u00f6rd\u00fcnc\u00fcs\u00fcn\u00fc d\u00fczenledi\u011fim anket\u00a011 Kas\u0131m 2019 ile 2 Ocak 2020 aras\u0131nda a\u00e7\u0131k kald\u0131. Kat\u0131l\u0131m \u00f6nceki y\u0131llara g\u00f6re daha fazla oldu.\u00a02016'da 1112 ki\u015fi, 2017'de 1009 ki\u015fi, 2018'de ise 1186 ki\u015fi kat\u0131lm\u0131\u015ft\u0131. Bu y\u0131l kat\u0131lan ki\u015fi say\u0131s\u0131 1524 oldu!\u00a0 Eski anketlerin sonu\u00e7lar\u0131na \u015fu linklerden ula\u015fabilirsiniz:\u2026","rel":"","context":"In &quot;Ses ve M\u00fczik Teknolojileri&quot;","img":{"alt_text":"","src":"https:\/\/i0.wp.com\/www.ufukonen.com\/tr\/wp-content\/uploads\/2019_DAW_Anketi_1280x853_rfs.jpg?resize=350%2C200&ssl=1","width":350,"height":200},"classes":[]},{"id":4480,"url":"https:\/\/www.ufukonen.com\/tr\/2018-daw-anketi-sonuclari.html","url_meta":{"origin":2825,"position":3},"title":"2018 DAW Anketi Sonu\u00e7lar\u0131","date":"January 7, 2019","format":false,"excerpt":"2018 DAW anketinin sonu\u00e7lar\u0131 belli oldu. Bu y\u0131l \u00fc\u00e7\u00fcnc\u00fcs\u00fcn\u00fc d\u00fczenledi\u011fim ankete kat\u0131l\u0131m \u00f6nceki y\u0131llara g\u00f6re biraz daha fazla oldu. 2016 y\u0131l\u0131nda 1112 ki\u015fi, 2017 y\u0131l\u0131nda ise 1009 ki\u015fi ankete kat\u0131lm\u0131\u015ft\u0131. 2018 anketine 1186 ki\u015fi kat\u0131ld\u0131. Eski anketlerin sonu\u00e7lar\u0131na \u015fu linklerden ula\u015fabilirsiniz: 2016 DAW Anketi Sonu\u00e7lar\u0131 2017 DAW Anketi Sonu\u00e7lar\u0131 2016\u2026","rel":"","context":"In &quot;Ses ve M\u00fczik Teknolojileri&quot;","img":{"alt_text":"","src":"https:\/\/i0.wp.com\/www.ufukonen.com\/tr\/wp-content\/uploads\/2018_DAW_Anketi_1280x720_rfs.jpg?resize=350%2C200&ssl=1","width":350,"height":200},"classes":[]},{"id":7109,"url":"https:\/\/www.ufukonen.com\/tr\/2021-daw-anketi-sonuclari.html","url_meta":{"origin":2825,"position":4},"title":"2021 DAW Anketi Sonu\u00e7lar\u0131","date":"January 10, 2022","format":false,"excerpt":"Bu y\u0131l alt\u0131nc\u0131s\u0131n\u0131 d\u00fczenledi\u011fim DAW anketinin sonu\u00e7lar\u0131 belli oldu! 15 Kas\u0131m 2021 ile 5 Ocak 2022 tarihleri aras\u0131nda a\u00e7\u0131k kalan 2021 DAW anketine 1579 ki\u015fi kat\u0131ld\u0131. Bu sene ankete yeni eklenen sorular da vard\u0131. Sonu\u00e7lar\u0131 a\u015fa\u011f\u0131da detayl\u0131 bir \u015fekilde sizlere aktaraca\u011f\u0131m. Ondan \u00f6nce, e\u011fer incelemek isterseniz ge\u00e7mi\u015f y\u0131llar\u0131n anket sonu\u00e7lar\u0131na\u2026","rel":"","context":"In &quot;Ses ve M\u00fczik Teknolojileri&quot;","img":{"alt_text":"","src":"https:\/\/i0.wp.com\/www.ufukonen.com\/tr\/wp-content\/uploads\/2021_DAW_Anketi.jpg?resize=350%2C200&ssl=1","width":350,"height":200},"classes":[]},{"id":8431,"url":"https:\/\/www.ufukonen.com\/tr\/2024-daw-anketi-sonuclari.html","url_meta":{"origin":2825,"position":5},"title":"2024 DAW Anketi Sonu\u00e7lar\u0131","date":"January 20, 2025","format":false,"excerpt":"Bu y\u0131l dokuzuncusunu d\u00fczenledi\u011fim DAW anketinin sonu\u00e7lar\u0131 belli oldu! 18 Kas\u0131m 2024 ile 16 Ocak 2025 tarihleri aras\u0131nda a\u00e7\u0131k kalan 2024 DAW anketine 1247 ki\u015fi kat\u0131ld\u0131. 2024 anketinin sonu\u00e7lar\u0131 \u00f6nceki anketlerin sonu\u00e7lar\u0131na g\u00f6re daha farkl\u0131 (ve bence olduk\u00e7a da ilgin\u00e7)! Anketin sonu\u00e7lar\u0131n\u0131 detayl\u0131 bir \u015fekilde aktaraca\u011f\u0131m ve d\u00fc\u015f\u00fcncelerimi sizlerle payla\u015faca\u011f\u0131m.\u2026","rel":"","context":"In &quot;M\u00fczik Prod\u00fcksiyonu&quot;","img":{"alt_text":"","src":"https:\/\/i0.wp.com\/www.ufukonen.com\/tr\/wp-content\/uploads\/2024_DAW_Anketi_Sonuclari.jpg?resize=350%2C200&ssl=1","width":350,"height":200},"classes":[]}],"_links":{"self":[{"href":"https:\/\/www.ufukonen.com\/tr\/wp-json\/wp\/v2\/posts\/2825"}],"collection":[{"href":"https:\/\/www.ufukonen.com\/tr\/wp-json\/wp\/v2\/posts"}],"about":[{"href":"https:\/\/www.ufukonen.com\/tr\/wp-json\/wp\/v2\/types\/post"}],"author":[{"embeddable":true,"href":"https:\/\/www.ufukonen.com\/tr\/wp-json\/wp\/v2\/users\/2"}],"replies":[{"embeddable":true,"href":"https:\/\/www.ufukonen.com\/tr\/wp-json\/wp\/v2\/comments?post=2825"}],"version-history":[{"count":29,"href":"https:\/\/www.ufukonen.com\/tr\/wp-json\/wp\/v2\/posts\/2825\/revisions"}],"predecessor-version":[{"id":3540,"href":"https:\/\/www.ufukonen.com\/tr\/wp-json\/wp\/v2\/posts\/2825\/revisions\/3540"}],"wp:featuredmedia":[{"embeddable":true,"href":"https:\/\/www.ufukonen.com\/tr\/wp-json\/wp\/v2\/media\/2896"}],"wp:attachment":[{"href":"https:\/\/www.ufukonen.com\/tr\/wp-json\/wp\/v2\/media?parent=2825"}],"wp:term":[{"taxonomy":"category","embeddable":true,"href":"https:\/\/www.ufukonen.com\/tr\/wp-json\/wp\/v2\/categories?post=2825"},{"taxonomy":"post_tag","embeddable":true,"href":"https:\/\/www.ufukonen.com\/tr\/wp-json\/wp\/v2\/tags?post=2825"}],"curies":[{"name":"wp","href":"https:\/\/api.w.org\/{rel}","templated":true}]}}