{"id":2905,"date":"2017-02-06T14:18:29","date_gmt":"2017-02-06T11:18:29","guid":{"rendered":"http:\/\/www.ufukonen.com\/tr\/?p=2905"},"modified":"2017-02-06T14:18:29","modified_gmt":"2017-02-06T11:18:29","slug":"dengeli-sinyal","status":"publish","type":"post","link":"https:\/\/www.ufukonen.com\/tr\/dengeli-sinyal.html","title":{"rendered":"Dengeli Sinyal"},"content":{"rendered":"<p><img loading=\"lazy\" class=\"aligncenter wp-image-2953\" src=\"http:\/\/www.ufukonen.com\/tr\/wp-content\/uploads\/Dengeli_Sinyal_Feat_Img-1024x757.jpg\" alt=\"Dengeli_Sinyal_Feat_Img\" width=\"450\" height=\"333\" srcset=\"https:\/\/www.ufukonen.com\/tr\/wp-content\/uploads\/Dengeli_Sinyal_Feat_Img-1024x757.jpg 1024w, https:\/\/www.ufukonen.com\/tr\/wp-content\/uploads\/Dengeli_Sinyal_Feat_Img-300x222.jpg 300w, https:\/\/www.ufukonen.com\/tr\/wp-content\/uploads\/Dengeli_Sinyal_Feat_Img-768x568.jpg 768w, https:\/\/www.ufukonen.com\/tr\/wp-content\/uploads\/Dengeli_Sinyal_Feat_Img.jpg 1234w\" sizes=\"(max-width: 450px) 100vw, 450px\" \/><\/p>\n<p>Ses sinyali ta\u015f\u0131yan kablolar elektrik ve enerji kaynaklar\u0131, bilgisayar ve video monit\u00f6rleri, prizler ve elektrik kablolar\u0131ndan ile\u00a0daha bir\u00e7ok yerden g\u00fcr\u00fclt\u00fc kaparlar. Kablo uzunlu\u011fu artt\u0131k\u00e7a sinyale kar\u0131\u015fan g\u00fcr\u00fclt\u00fc riski de artar. Kablo uzunlu\u011fu i\u00e7in 2-3 metre genelde \u00fcst s\u0131n\u0131r olarak kabul edilir. Bu uzunluk, ortamdaki g\u00fcr\u00fclt\u00fc riskinin seviyesine g\u00f6re azalabilir ya da \u00e7o\u011falabilir.<\/p>\n<p>Dengeli (balanced) sinyal ta\u015f\u0131ma y\u00f6ntemi sayesinde\u00a0kablo uzunluklar\u0131n\u0131 g\u00fcr\u00fclt\u00fc problemi olmadan\u00a0300 metreye hatta daha fazlas\u0131na \u00e7\u0131karmak m\u00fcmk\u00fcnd\u00fcr!\u00a0Dengeli sinyal ta\u015f\u0131ma y\u00f6ntemini a\u00e7\u0131klayaca\u011f\u0131m ama ondan \u00f6nce faz ve dengesiz sinyal kavramlar\u0131na k\u0131saca de\u011finmek istiyorum.<\/p>\n<h3>Faz<\/h3>\n<p>Faz, sinyal veya ses dalgalar\u0131n\u0131n \u00e7evrimlerinin referans al\u0131nan zamana g\u00f6re ili\u015fkisidir. Faz derece (\u00b0) cinsinden ifade edilir. Bir \u00e7evrim 360\u00b0\u2019dir. \u00d6rnek olarak e\u015fit iki sin\u00fcs dalgas\u0131n\u0131 ele alal\u0131m: \u0130ki dalgan\u0131n genlik tepe noktalar\u0131 (peak amplitude) zaman i\u00e7inde ayn\u0131 yerde ise bu iki dalga aras\u0131nda faz fark\u0131 yoktur. \u0130ki dalgan\u0131n genlik tepe noktalar\u0131 zaman i\u00e7inde farkl\u0131 yerlerde ise bu iki dalgan\u0131n aras\u0131nda faz fark\u0131 ya da ba\u015fka bir deyi\u015fle faz kaymas\u0131 vard\u0131r.<\/p>\n<p>A\u015fa\u011f\u0131daki \u015fekilde aralar\u0131nda 90\u00b0 faz fark\u0131 bulunan iki sin\u00fcs dalgas\u0131 g\u00f6r\u00fcyorsunuz. Birinci sin\u00fcs dalgas\u0131 s\u0131f\u0131r noktas\u0131ndayken (0\u00b0 veya 180\u00b0), ikinci sin\u00fcs dalgas\u0131 art\u0131 veya eksi tepe noktas\u0131ndad\u0131r (90\u00b0 veya 270\u00b0).<\/p>\n<p>Faz ile ilgili bilmemiz gereken en \u00f6nemli \u015feylerden biri faz kaymalar\u0131n\u0131n ya da faz farkl\u0131l\u0131klar\u0131n\u0131n frekans (dolay\u0131s\u0131yla dalga boyu) ve zamana g\u00f6re de\u011fi\u015fti\u011fidir.<\/p>\n<p>\ufffcFaz, sinyallerin veya ses dalgalar\u0131n\u0131n birle\u015fimi ve kar\u0131\u015f\u0131m\u0131 a\u00e7\u0131s\u0131ndan b\u00fcy\u00fck \u00f6nem ta\u015f\u0131r. Aralar\u0131nda faz fark\u0131 bulunmayan iki sin\u00fcs dalgas\u0131 matematiksel olarak toplan\u0131p birbirlerini g\u00fc\u00e7lendirir. Aralar\u0131nda 180\u00b0 faz fark\u0131 olan iki sinyal birbirini yok eder.<\/p>\n<div id=\"attachment_2911\" style=\"width: 460px\" class=\"wp-caption aligncenter\"><img aria-describedby=\"caption-attachment-2911\" loading=\"lazy\" class=\"wp-image-2911\" src=\"http:\/\/www.ufukonen.com\/tr\/wp-content\/uploads\/Faz_Farki-807x1024.jpg\" alt=\"Faz_Farki\" width=\"450\" height=\"571\" srcset=\"https:\/\/www.ufukonen.com\/tr\/wp-content\/uploads\/Faz_Farki-807x1024.jpg 807w, https:\/\/www.ufukonen.com\/tr\/wp-content\/uploads\/Faz_Farki-236x300.jpg 236w, https:\/\/www.ufukonen.com\/tr\/wp-content\/uploads\/Faz_Farki-768x975.jpg 768w, https:\/\/www.ufukonen.com\/tr\/wp-content\/uploads\/Faz_Farki.jpg 1621w\" sizes=\"(max-width: 450px) 100vw, 450px\" \/><p id=\"caption-attachment-2911\" class=\"wp-caption-text\">Aralar\u0131nda 90\u00b0 faz fark\u0131 bulunan iki sin\u00fcs dalgas\u0131<\/p><\/div>\n<p>&nbsp;<\/p>\n<h3>Dengesiz (Unbalanced) Sinyal<\/h3>\n<p>Gitar, synthesizer gibi m\u00fczik aletleri ile baz\u0131 (genelde ev tipi ve yar\u0131 profesyonel) ses cihazlar\u0131 sinyal giri\u015f ve \u00e7\u0131k\u0131\u015flar\u0131 i\u00e7in tek iletkenli kablo kullan\u0131rlar. Bu iletken tel y\u00fcksek frekansl\u0131 g\u00fcr\u00fclt\u00fclerden ve dip seslerinden korunmak amac\u0131yla shield (kalkan) ya da sleeve (elbise veya g\u00f6mlek kolu) ad\u0131 verilen, T\u00fcrk\u00e7ede genellikle \u015fase olarak adland\u0131r\u0131lan telle sar\u0131l\u0131r. Bu \u015fekilde ta\u015f\u0131nan sinyale dengesiz sinyal ya da \u0130ngilizce ad\u0131yla unbalanced signal denilir. Sinyali bu ta\u015f\u0131ma ve koruma \u015fekli kablo uzunlu\u011fu artt\u0131k\u00e7a veya elektrik hatlar\u0131ndan kaynaklanan bir tak\u0131m sebepler y\u00fcz\u00fcnden her zaman etkili olamamaktad\u0131r.<\/p>\n<div id=\"attachment_2916\" style=\"width: 360px\" class=\"wp-caption aligncenter\"><img aria-describedby=\"caption-attachment-2916\" loading=\"lazy\" class=\"wp-image-2916\" src=\"http:\/\/www.ufukonen.com\/tr\/wp-content\/uploads\/Kablo_Tek_Iletken.jpg\" alt=\"Kablo_Tek_Iletken\" width=\"350\" height=\"259\" srcset=\"https:\/\/www.ufukonen.com\/tr\/wp-content\/uploads\/Kablo_Tek_Iletken.jpg 1000w, https:\/\/www.ufukonen.com\/tr\/wp-content\/uploads\/Kablo_Tek_Iletken-300x222.jpg 300w, https:\/\/www.ufukonen.com\/tr\/wp-content\/uploads\/Kablo_Tek_Iletken-768x568.jpg 768w\" sizes=\"(max-width: 350px) 100vw, 350px\" \/><p id=\"caption-attachment-2916\" class=\"wp-caption-text\">Tek iletkenli ses sinyali kablosu<\/p><\/div>\n<p>&nbsp;<\/p>\n<h3>Dengeli (Balanced) Signal<\/h3>\n<p>Yukar\u0131da da belirtti\u011fim gibi g\u00fcr\u00fclt\u00fcden ar\u0131nm\u0131\u015f sinyal i\u00e7in (\u00f6zellikle uzun kablo mesafeleri i\u00e7in) dengeli sinyal kullanmal\u0131y\u0131z.\u00a0Dengeli sinyalin \u00e7al\u0131\u015fma prensibini basit\u00e7e \u015f\u00f6yle a\u00e7\u0131klayabiliriz:<\/p>\n<ul>\n<li>Dengeli sinyal i\u00e7in iki iletken ve bir \u015faseden olu\u015fan kablo kullan\u0131l\u0131r.<\/li>\n<li>Sinyal \u00e7\u0131k\u0131\u015fta iki iletkene birden g\u00f6nderilir fakat ikinci iletkendeki sinyalin faz\u0131 ters \u00e7evrilir. Kablo i\u00e7inde her iki iletken de ayn\u0131 sinyali ta\u015f\u0131mas\u0131na kar\u015f\u0131n fazlar\u0131 birbirlerine g\u00f6re 180 derece terstir.<\/li>\n<li>\u0130ki iletken, kablonun i\u00e7inde birbirine \u00e7ok yak\u0131n oldu\u011fu i\u00e7in ayn\u0131 g\u00fcr\u00fclt\u00fc ve dip sesten etkilenir. Bir iletken \u00fczerindeki g\u00fcr\u00fclt\u00fc pozitif (+) oldu\u011fu zaman di\u011fer iletken \u00fczerinde de pozitiftir (+), aralar\u0131nda faz fark\u0131 yoktur (burada dikkat edilmesi gereken nokta, kablonun i\u00e7inde iletkenlerin \u00fczerindeki sinyallerin fazlar\u0131n\u0131n birbirlerine g\u00f6re ters fakat her iki iletkenin \u00fcst\u00fcndeki g\u00fcr\u00fclt\u00fcn\u00fcn ayn\u0131 fazda oldu\u011fudur).<\/li>\n<li>Kablonun di\u011fer ucunda (giri\u015f yap\u0131lan cihazda) ikinci iletkendeki sinyalin faz\u0131 tekrar ters \u00e7evirir. Dolay\u0131s\u0131yla iki iletken \u00fczerindeki sinyallerin fazlar\u0131 ayn\u0131 olur.<\/li>\n<li>\u0130kinci iletkenin faz\u0131n\u0131n ters \u00e7evrilmesi s\u0131ras\u0131nda bu iletken \u00fczerindeki g\u00fcr\u00fclt\u00fcn\u00fcn faz\u0131 da ters \u00e7evrilmi\u015f olur. Bu durumda sinyaller ayn\u0131 fazda ama sinyaller \u00fczerindeki g\u00fcr\u00fclt\u00fc birbirlerine g\u00f6re ters fazdad\u0131r.<\/li>\n<li>Fazlar\u0131 ters olan iki ayn\u0131 sinyal birbirini yok eder. Sonu\u00e7 olarak g\u00fcr\u00fclt\u00fc de bir sinyal oldu\u011funa g\u00f6re faz farkl\u0131l\u0131\u011f\u0131ndan dolay\u0131 kablodaki g\u00fcr\u00fclt\u00fc bu teknikle yok edilmi\u015f olur.<\/li>\n<\/ul>\n<div id=\"attachment_2915\" style=\"width: 360px\" class=\"wp-caption aligncenter\"><img aria-describedby=\"caption-attachment-2915\" loading=\"lazy\" class=\"wp-image-2915\" src=\"http:\/\/www.ufukonen.com\/tr\/wp-content\/uploads\/Kablo_Cift_Iletken.jpg\" alt=\"Kablo_Cift_Iletken\" width=\"350\" height=\"259\" srcset=\"https:\/\/www.ufukonen.com\/tr\/wp-content\/uploads\/Kablo_Cift_Iletken.jpg 1000w, https:\/\/www.ufukonen.com\/tr\/wp-content\/uploads\/Kablo_Cift_Iletken-300x222.jpg 300w, https:\/\/www.ufukonen.com\/tr\/wp-content\/uploads\/Kablo_Cift_Iletken-768x568.jpg 768w\" sizes=\"(max-width: 350px) 100vw, 350px\" \/><p id=\"caption-attachment-2915\" class=\"wp-caption-text\">\u00c7ift iletkenli ses sinyali kablosu<\/p><\/div>\n<p>&nbsp;<\/p>\n<p>Faz ile ilgili detayl\u0131 bilgi i\u00e7in <a href=\"http:\/\/www.ufukonen.com\/tr\/ses-kayit-ve-muzik-teknolojileri.html\">Ses Kay\u0131t ve M\u00fczik Teknolojileri<\/a> adl\u0131 kitab\u0131m\u0131n &#8220;Ses ve Duyum&#8221; b\u00f6l\u00fcm\u00fc alt\u0131ndaki &#8220;Faz&#8221; ba\u015fl\u0131\u011f\u0131n\u0131 inceleyebilirsiniz.<\/p>\n<p>Dengeli sinyal ile ilgili detayl\u0131 bilgi i\u00e7in <a href=\"http:\/\/www.ufukonen.com\/tr\/ses-kayit-ve-muzik-teknolojileri.html\">Ses Kay\u0131t ve M\u00fczik Teknolojileri<\/a> adl\u0131 kitab\u0131m\u0131n &#8220;Sinyal, Kablo ve Konnekt\u00f6rler&#8221; b\u00f6l\u00fcm\u00fc alt\u0131ndaki &#8220;Dengeli (Balanced) ve Dengesi (Unbalanced) Sinyal&#8221; ba\u015fl\u0131\u011f\u0131n\u0131 inceleyebilirsiniz.<\/p>\n<p>Teknik terimler i\u00e7in <a href=\"http:\/\/www.ufukonen.com\/tr\/ses-kayit-muzik-teknolojisi-terimler-sozluk.html\">m\u00fczik teknolojisi, m\u00fczik prod\u00fcksiyonu ve ses kay\u0131t terimleri s\u00f6zl\u00fc\u011f\u00fcne<\/a> g\u00f6z atabilirsiniz.<\/p>\n<p>Benzer payla\u015f\u0131mlar i\u00e7in beni <a href=\"https:\/\/www.facebook.com\/ufukonen.skmt\/\" target=\"_blank\">Facebook<\/a> ve <a href=\"https:\/\/twitter.com\/UfukOnen\" target=\"_blank\">Twitter<\/a>&#8216;da takip edebilir, haberler i\u00e7in <a href=\"http:\/\/ufukonen.com\/tr\/ses-kayit-muzik-teknolojisi-terimler-sozluk.html\" target=\"_blank\">mesaj listeme \u00fcye olabilirsiniz<\/a>. Te\u015fekk\u00fcrler.<\/p>\n<p>&nbsp;<\/p>\n<p>\u00a9 2017 Ufuk \u00d6nen. Her hakk\u0131 sakl\u0131d\u0131r. \u0130zinsiz kullan\u0131lamaz.<\/p>\n","protected":false},"excerpt":{"rendered":"<p class=\"post-excerpt\">Ses sinyali ta\u015f\u0131yan kablolar elektrik ve enerji kaynaklar\u0131, bilgisayar ve video monit\u00f6rleri, prizler ve elektrik kablolar\u0131ndan ile\u00a0daha bir\u00e7ok yerden g\u00fcr\u00fclt\u00fc&#8230;<\/p>\n","protected":false},"author":2,"featured_media":2953,"comment_status":"closed","ping_status":"open","sticky":false,"template":"","format":"standard","meta":{"_mi_skip_tracking":false,"spay_email":"","jetpack_publicize_message":"","jetpack_is_tweetstorm":false,"jetpack_publicize_feature_enabled":true},"categories":[18],"tags":[],"jetpack_featured_media_url":"https:\/\/www.ufukonen.com\/tr\/wp-content\/uploads\/Dengeli_Sinyal_Feat_Img.jpg","jetpack_publicize_connections":[],"jetpack_shortlink":"https:\/\/wp.me\/p3rjsG-KR","jetpack_sharing_enabled":true,"jetpack-related-posts":[{"id":4608,"url":"https:\/\/www.ufukonen.com\/tr\/dengeli-ve-dengesiz-sinyaller-arasinda-baglanti.html","url_meta":{"origin":2905,"position":0},"title":"Dengeli ve Dengesiz Sinyaller Aras\u0131nda Ba\u011flant\u0131","date":"March 11, 2019","format":false,"excerpt":"Dengeli (balanced) ve dengesiz (unbalanced) sinyallerle ilgili olarak \"Dengeli Sinyal\" ba\u015fl\u0131kl\u0131 bir yaz\u0131 yazm\u0131\u015ft\u0131m. Yaz\u0131da, dengeli sinyal ta\u015f\u0131ma y\u00f6ntemini a\u00e7\u0131klam\u0131\u015f ve bu y\u00f6ntemde kullan\u0131lan kablo tiplerini anlatm\u0131\u015ft\u0131m. Peki, dengeli ve dengesiz sinyal ta\u015f\u0131ma y\u00f6ntemini kullanan iki farkl\u0131 cihaz aras\u0131nda ba\u011flant\u0131 yapmak istersek nas\u0131l hareket etmemiz gerekir? \u00a0 \u00d6nemli Bir Kural\u2026","rel":"","context":"In &quot;Ses ve M\u00fczik Teknolojileri&quot;","img":{"alt_text":"","src":"https:\/\/i0.wp.com\/www.ufukonen.com\/tr\/wp-content\/uploads\/Dengeli_Dengesiz_Sinyal_Baglantilari.jpg?resize=350%2C200&ssl=1","width":350,"height":200},"classes":[]},{"id":2919,"url":"https:\/\/www.ufukonen.com\/tr\/1_4-ve-xlr-konnektorler-hangisi-ne-icin-kullanilir.html","url_meta":{"origin":2905,"position":1},"title":"1\/4&#8243; ve XLR Konnekt\u00f6rler: Hangisi Ne \u0130\u00e7in Kullan\u0131l\u0131r?","date":"March 16, 2017","format":false,"excerpt":"Mono\/stereo ve\u00a0dengeli\/dengesiz sinyaller ile ilgili olarak 1\/4\" ve XLR konnekt\u00f6r kullan\u0131m\u0131nda\u00a0zaman zaman yanl\u0131\u015f anla\u015f\u0131lmalar oluyor. Bu yaz\u0131mda bu iki konnekt\u00f6r\u00fcn kullan\u0131mlar\u0131na de\u011finmek istiyorum. E\u011fer okumad\u0131ysan\u0131z bu yaz\u0131ya ba\u015flamadan \u00f6nce Dengeli Sinyal ba\u015fl\u0131kl\u0131 yaz\u0131m\u0131 okuman\u0131z\u0131 \u00f6neririm. 1\/4\" ve XLR, ses\u00a0cihazlar\u0131nda \u00e7ok yayg\u0131n olarak kullan\u0131lan konnekt\u00f6rlerdir.\u00a01\/4\" konnekt\u00f6r\u00fcn TS ve TRS olmak \u00fczere\u2026","rel":"","context":"In &quot;Ses ve M\u00fczik Teknolojileri&quot;","img":{"alt_text":"","src":"https:\/\/i0.wp.com\/www.ufukonen.com\/tr\/wp-content\/uploads\/Konnektor_feat_1920_nonemetalhasel_devine.jpg?resize=350%2C200&ssl=1","width":350,"height":200},"classes":[]},{"id":3700,"url":"https:\/\/www.ufukonen.com\/tr\/headroom-nedir-ve-neden-onemlidir.html","url_meta":{"origin":2905,"position":2},"title":"Headroom Nedir ve Neden \u00d6nemlidir?","date":"February 19, 2018","format":false,"excerpt":"\u00a0 \"Headroom nedir?\" \"Headroom neden \u00f6nemlidir?\" Bu sorular\u0131 cevaplamadan \u00f6nce dinamik alan\u0131n (dynamic range) ne oldu\u011funu iyi anlamak gerekir. \u00a0 Dinamik Alan Dinamik alan, sinyalde g\u00fcr\u00fclt\u00fc e\u015fi\u011fi ile bozulma (distortion) noktas\u0131 aras\u0131nda kalan aland\u0131r. Daha basit bir anlat\u0131mla, dinamik alan, sinyalde m\u00fcmk\u00fcn olan en d\u00fc\u015f\u00fck ve en y\u00fcksek seviyeler aras\u0131ndaki\u2026","rel":"","context":"In &quot;Ses ve M\u00fczik Teknolojileri&quot;","img":{"alt_text":"","src":"https:\/\/i0.wp.com\/www.ufukonen.com\/tr\/wp-content\/uploads\/headroom_1280x720.jpg?resize=350%2C200&ssl=1","width":350,"height":200},"classes":[]},{"id":2938,"url":"https:\/\/www.ufukonen.com\/tr\/cevirici-kablolar.html","url_meta":{"origin":2905,"position":3},"title":"\u00c7evirici Kablolar&#8230; Bir G\u00fcn Mutlaka \u0130\u015finize Yarayacakt\u0131r!","date":"February 12, 2018","format":false,"excerpt":"M\u00fczik ve ses prod\u00fcksiyonu ile ilgilenen herkesin elinin alt\u0131nda olmas\u0131 gereken \u00e7evirici kablolar\u0131n bir listesini haz\u0131rlad\u0131m. Bu tip kablolar\u0131 haz\u0131r olarak bulmak olduk\u00e7a zor. Bu sebepten dolay\u0131, aramakla u\u011fra\u015fmak yerine kablo ve konnekt\u00f6rleri sat\u0131n al\u0131p, oturup kendi kendinize yapmak daha pratik bir \u00e7\u00f6z\u00fcm olacakt\u0131r. E\u011fer lehim konusunda kendinize g\u00fcvenmiyorsan\u0131z titiz\u2026","rel":"","context":"In &quot;Ses ve M\u00fczik Teknolojileri&quot;","img":{"alt_text":"","src":"https:\/\/i0.wp.com\/www.ufukonen.com\/tr\/wp-content\/uploads\/Cevirici_Kablolar_Header_1280x720.jpg?resize=350%2C200&ssl=1","width":350,"height":200},"classes":[]},{"id":4741,"url":"https:\/\/www.ufukonen.com\/tr\/aktif-pasif-di-box-arasindaki-fark.html","url_meta":{"origin":2905,"position":4},"title":"Aktif ve Pasif DI Box Aras\u0131ndaki Fark","date":"April 22, 2019","format":false,"excerpt":"DI box dedi\u011fimizde akl\u0131m\u0131za dengesiz sinyali dengeli sinyale, y\u00fcksek empedansa sahip bir kayna\u011f\u0131 d\u00fc\u015f\u00fck empedansa veya 'line' seviyesindeki bir sinyali mikrofon seviyesine \u00e7evirmek i\u00e7in kulland\u0131\u011f\u0131m\u0131z, boyutu hemen hemen gitar pedal\u0131na yak\u0131n k\u00fc\u00e7\u00fck bir kutu geliyor. B\u00fct\u00fcn DI box'lar bu i\u015fleri yap\u0131yor. Her ne kadar hepsi ayn\u0131 i\u015fi yapsa da b\u00fct\u00fcn\u2026","rel":"","context":"In &quot;Ses ve M\u00fczik Teknolojileri&quot;","img":{"alt_text":"","src":"https:\/\/i0.wp.com\/www.ufukonen.com\/tr\/wp-content\/uploads\/DI_Box_Takoz_1280x720.jpg?resize=350%2C200&ssl=1","width":350,"height":200},"classes":[]},{"id":5579,"url":"https:\/\/www.ufukonen.com\/tr\/chorus-flanger-phaser.html","url_meta":{"origin":2905,"position":5},"title":"Chorus, Flanger ve Phaser: \u00dc\u00e7 Temel Mod\u00fclasyon Efekti Aras\u0131ndaki Fark","date":"April 13, 2020","format":false,"excerpt":"Chorus, flanger ve phaser\u2026 Hem kay\u0131t ve miks m\u00fchendisleri, hem de gitaristler ve klavyeciler taraf\u0131ndan kullan\u0131lan \u00fc\u00e7 mod\u00fclasyon efekti. Bu \u00fc\u00e7 efekt bazen birbirleri ile kar\u0131\u015ft\u0131r\u0131labiliyor. Hatta bu \u00fc\u00e7 efektin ayn\u0131 oldu\u011funu sananlar da \u00e7\u0131k\u0131yor. Her ne kadar birbirleri ile yak\u0131n ve benzer olsalar da asl\u0131nda chorus, flanger ve phaser\u2026","rel":"","context":"In &quot;Ses ve M\u00fczik Teknolojileri&quot;","img":{"alt_text":"","src":"https:\/\/i0.wp.com\/www.ufukonen.com\/tr\/wp-content\/uploads\/Chorus_Flanger_Phaser_00_Header.jpg?resize=350%2C200&ssl=1","width":350,"height":200},"classes":[]}],"_links":{"self":[{"href":"https:\/\/www.ufukonen.com\/tr\/wp-json\/wp\/v2\/posts\/2905"}],"collection":[{"href":"https:\/\/www.ufukonen.com\/tr\/wp-json\/wp\/v2\/posts"}],"about":[{"href":"https:\/\/www.ufukonen.com\/tr\/wp-json\/wp\/v2\/types\/post"}],"author":[{"embeddable":true,"href":"https:\/\/www.ufukonen.com\/tr\/wp-json\/wp\/v2\/users\/2"}],"replies":[{"embeddable":true,"href":"https:\/\/www.ufukonen.com\/tr\/wp-json\/wp\/v2\/comments?post=2905"}],"version-history":[{"count":14,"href":"https:\/\/www.ufukonen.com\/tr\/wp-json\/wp\/v2\/posts\/2905\/revisions"}],"predecessor-version":[{"id":2962,"href":"https:\/\/www.ufukonen.com\/tr\/wp-json\/wp\/v2\/posts\/2905\/revisions\/2962"}],"wp:featuredmedia":[{"embeddable":true,"href":"https:\/\/www.ufukonen.com\/tr\/wp-json\/wp\/v2\/media\/2953"}],"wp:attachment":[{"href":"https:\/\/www.ufukonen.com\/tr\/wp-json\/wp\/v2\/media?parent=2905"}],"wp:term":[{"taxonomy":"category","embeddable":true,"href":"https:\/\/www.ufukonen.com\/tr\/wp-json\/wp\/v2\/categories?post=2905"},{"taxonomy":"post_tag","embeddable":true,"href":"https:\/\/www.ufukonen.com\/tr\/wp-json\/wp\/v2\/tags?post=2905"}],"curies":[{"name":"wp","href":"https:\/\/api.w.org\/{rel}","templated":true}]}}