{"id":2919,"date":"2017-03-16T19:34:24","date_gmt":"2017-03-16T16:34:24","guid":{"rendered":"http:\/\/www.ufukonen.com\/tr\/?p=2919"},"modified":"2022-12-18T23:11:32","modified_gmt":"2022-12-18T20:11:32","slug":"1_4-ve-xlr-konnektorler-hangisi-ne-icin-kullanilir","status":"publish","type":"post","link":"https:\/\/www.ufukonen.com\/tr\/1_4-ve-xlr-konnektorler-hangisi-ne-icin-kullanilir.html","title":{"rendered":"1\/4&#8243; ve XLR Konnekt\u00f6rler: Hangisi Ne \u0130\u00e7in Kullan\u0131l\u0131r?"},"content":{"rendered":"<p>Mono\/stereo ve\u00a0dengeli\/dengesiz sinyaller ile ilgili olarak 1\/4&#8243; ve XLR konnekt\u00f6r kullan\u0131m\u0131nda\u00a0zaman zaman yanl\u0131\u015f anla\u015f\u0131lmalar oluyor. Bu yaz\u0131mda bu iki konnekt\u00f6r\u00fcn kullan\u0131mlar\u0131na de\u011finmek istiyorum.<\/p>\n<p>E\u011fer okumad\u0131ysan\u0131z bu yaz\u0131ya ba\u015flamadan \u00f6nce <a href=\"http:\/\/www.ufukonen.com\/tr\/dengeli-sinyal.html\" target=\"_blank\" rel=\"noopener\">Dengeli Sinyal<\/a> ba\u015fl\u0131kl\u0131 yaz\u0131m\u0131 okuman\u0131z\u0131 \u00f6neririm.<\/p>\n<p>1\/4&#8243; ve XLR, ses\u00a0cihazlar\u0131nda \u00e7ok yayg\u0131n olarak kullan\u0131lan konnekt\u00f6rlerdir.\u00a01\/4&#8243; konnekt\u00f6r\u00fcn TS ve TRS olmak \u00fczere iki farkl\u0131 versiyonu bulunur. 1\/4&#8243; TS mono dengesiz sinyal; 1\/4&#8243; TRS mono dengeli ya da stereo dengesiz sinyal; XLR ise mono dengeli sinyal i\u00e7in kullan\u0131l\u0131r.<\/p>\n<p><img loading=\"lazy\" class=\"aligncenter wp-image-2933\" src=\"http:\/\/www.ufukonen.com\/tr\/wp-content\/uploads\/Konnektor_Dengeli_Dengesiz_Sinyal_Tablo-1024x589.jpg\" alt=\"Konnektor_Dengeli_Dengesiz_Sinyal_Tablo\" width=\"550\" height=\"316\" srcset=\"https:\/\/www.ufukonen.com\/tr\/wp-content\/uploads\/Konnektor_Dengeli_Dengesiz_Sinyal_Tablo-1024x589.jpg 1024w, https:\/\/www.ufukonen.com\/tr\/wp-content\/uploads\/Konnektor_Dengeli_Dengesiz_Sinyal_Tablo-300x173.jpg 300w, https:\/\/www.ufukonen.com\/tr\/wp-content\/uploads\/Konnektor_Dengeli_Dengesiz_Sinyal_Tablo-768x442.jpg 768w, https:\/\/www.ufukonen.com\/tr\/wp-content\/uploads\/Konnektor_Dengeli_Dengesiz_Sinyal_Tablo.jpg 1792w\" sizes=\"(max-width: 550px) 100vw, 550px\" \/><\/p>\n<h3>1\/4&#8243; TS<\/h3>\n<p><img loading=\"lazy\" class=\"aligncenter wp-image-2930\" src=\"http:\/\/www.ufukonen.com\/tr\/wp-content\/uploads\/Konnektor_TS-1024x401.jpg\" alt=\"Konnektor_TS\" width=\"400\" height=\"157\" srcset=\"https:\/\/www.ufukonen.com\/tr\/wp-content\/uploads\/Konnektor_TS-1024x401.jpg 1024w, https:\/\/www.ufukonen.com\/tr\/wp-content\/uploads\/Konnektor_TS-300x118.jpg 300w, https:\/\/www.ufukonen.com\/tr\/wp-content\/uploads\/Konnektor_TS-768x301.jpg 768w, https:\/\/www.ufukonen.com\/tr\/wp-content\/uploads\/Konnektor_TS.jpg 1720w\" sizes=\"(max-width: 400px) 100vw, 400px\" \/><\/p>\n<p>1\/4&#8243; TS (ayn\u0131 zamanda 1\/4&#8243; Phone olarak da bilinir), \u00fczerinde bir iletken ve bir \u015fase ba\u011flant\u0131s\u0131 olan bir konnekt\u00f6rd\u00fcr. \u0130smini \u00e7ap\u0131ndan (\u00e7eyrek in\u00e7) alm\u0131\u015ft\u0131r. TS\u2019nin a\u00e7\u0131l\u0131m\u0131 tip ve sleeve\/shield\u2019d\u0131r. Gitar ve synhesizer gibi enstr\u00fcmanlar\u0131n yan\u0131 s\u0131ra bir\u00e7ok ses cihaz\u0131nda yayg\u0131n olarak kullan\u0131lan bir konnekt\u00f6rd\u00fcr.<\/p>\n<p>1\/4&#8243; TS, mono dengesiz sinyal i\u00e7in kullan\u0131l\u0131r.<\/p>\n<h3>1\/4&#8243; TRS<\/h3>\n<p><img loading=\"lazy\" class=\"aligncenter wp-image-2929\" src=\"http:\/\/www.ufukonen.com\/tr\/wp-content\/uploads\/Konnektor_TRS-1024x436.jpg\" alt=\"Konnektor_TRS\" width=\"400\" height=\"170\" srcset=\"https:\/\/www.ufukonen.com\/tr\/wp-content\/uploads\/Konnektor_TRS-1024x436.jpg 1024w, https:\/\/www.ufukonen.com\/tr\/wp-content\/uploads\/Konnektor_TRS-300x128.jpg 300w, https:\/\/www.ufukonen.com\/tr\/wp-content\/uploads\/Konnektor_TRS-768x327.jpg 768w, https:\/\/www.ufukonen.com\/tr\/wp-content\/uploads\/Konnektor_TRS.jpg 1724w\" sizes=\"(max-width: 400px) 100vw, 400px\" \/><\/p>\n<p>1\/4&#8243; TRS \u00fczerinde iki iletken ve bir \u015fase ba\u011flant\u0131s\u0131 olan bir konnekt\u00f6rd\u00fcr. TRS&#8217;nin a\u00e7\u0131l\u0131m\u0131 tip, ring ve sleeve\/shield\u2019d\u0131r.<\/p>\n<p>1\/4&#8243; TRS, stereo dengesiz sinyal ya da mono dengeli sinyal i\u00e7in kullan\u0131l\u0131r.<\/p>\n<p>Stereo dengesiz sinyale \u00f6rnek olarak kulakl\u0131klar\u0131 g\u00f6sterebiliriz. Tip, sol; ring ise sa\u011f kanaldaki sinyal i\u00e7in kullan\u0131l\u0131r.<\/p>\n<p>Mono dengeli sinyale \u00f6rnek olarak profesyonel ses kartlar\u0131n\u0131n \u00e7\u0131k\u0131\u015flar\u0131n\u0131 ya da referans monit\u00f6rlerinim giri\u015flerini g\u00f6sterebiliriz. Her iki ucunda da TRS konnekt\u00f6r olan \u00e7ift iletkenli bir kablo ile ses kart\u0131n\u0131z\u0131n \u00e7\u0131k\u0131\u015f\u0131n\u0131 monit\u00f6r\u00fcn\u00fcze ba\u011flayabilirsiniz (tabii e\u011fer hem ses kart\u0131n\u0131z hem de monit\u00f6r\u00fcn\u00fcz dengeli\u00a0ba\u011flant\u0131y\u0131 destekliyorsa). Burada dikkat edilmesi gereken konu, dengeli ba\u011flant\u0131larda her kanal i\u00e7in ayr\u0131 bir TRS-TRS u\u00e7lu kabloya ihtiyac\u0131n\u0131z oldu\u011fudur (stereo\u00a0i\u00e7in sa\u011f ve sol kanal olmak \u00fczere\u00a0toplam iki adet kabloya ihtiyac\u0131n\u0131z olur).<\/p>\n<p>\u00d6zetle, u\u00e7lar\u0131nda TRS konnekt\u00f6rler bulunan \u00e7ift iletkenli bir kablo ile<\/p>\n<ul>\n<li>stereo dengesiz sinyal (tek kablo ile hem sa\u011f hem de sol kanal) ya da<\/li>\n<li>mono dengeli sinyal (tek kablo ile sadece tek kanal)<\/li>\n<\/ul>\n<p>ta\u015f\u0131yabilirsiniz.<\/p>\n<h3>XLR<\/h3>\n<p><img loading=\"lazy\" class=\"aligncenter wp-image-2931\" src=\"http:\/\/www.ufukonen.com\/tr\/wp-content\/uploads\/Konnektor_XLR_f-1024x779.jpg\" alt=\"Konnektor_XLR_f\" width=\"350\" height=\"266\" srcset=\"https:\/\/www.ufukonen.com\/tr\/wp-content\/uploads\/Konnektor_XLR_f-1024x779.jpg 1024w, https:\/\/www.ufukonen.com\/tr\/wp-content\/uploads\/Konnektor_XLR_f-300x228.jpg 300w, https:\/\/www.ufukonen.com\/tr\/wp-content\/uploads\/Konnektor_XLR_f-768x584.jpg 768w, https:\/\/www.ufukonen.com\/tr\/wp-content\/uploads\/Konnektor_XLR_f.jpg 1728w\" sizes=\"(max-width: 350px) 100vw, 350px\" \/><\/p>\n<p>XLR konnekt\u00f6rler mikrofonlar ve profesyonel ses cihazlar\u0131nda kullan\u0131l\u0131r. XLR \u00fczerinde \u00fc\u00e7 pin bulunur:<br \/>\nPin 1 &#8211; X &#8211; \u015ease<br \/>\nPin 2 &#8211; L &#8211; Pozitif (+)<br \/>\nPin 3 &#8211; R &#8211; Negatif (-)<\/p>\n<p>XLR konnekt\u00f6rler mono dengeli sinyal i\u00e7in kullan\u0131l\u0131r.<\/p>\n<p>XLR sadece mikrofonlar i\u00e7in de\u011fil, cihazlar aras\u0131ndaki ba\u011flant\u0131lar i\u00e7in de kullan\u0131l\u0131r. \u00d6rnek olarak profesyonel ses mikserlerinin analog \u00e7\u0131k\u0131\u015flar\u0131 ve g\u00fc\u00e7 amplifikat\u00f6rlerinin giri\u015flerinde genellikle XLR konnekt\u00f6rler bulunur.<\/p>\n<p><a href=\"http:\/\/www.ufukonen.com\/tr\/ses-kayit-ve-muzik-teknolojileri.html\">Ses Kay\u0131t ve M\u00fczik Teknolojileri<\/a> adl\u0131 kitab\u0131m\u0131n &#8220;Sinyal, Kablo ve Konnekt\u00f6rler&#8221; b\u00f6l\u00fcm\u00fcnde konnekt\u00f6rlerle ilgili detayl\u0131 bilgi\u00a0bulabilirsiniz.<\/p>\n<p>Teknik terimler i\u00e7in <a href=\"http:\/\/www.ufukonen.com\/tr\/ses-kayit-muzik-teknolojisi-terimler-sozluk.html\">m\u00fczik teknolojisi, m\u00fczik prod\u00fcksiyonu ve ses kay\u0131t terimleri s\u00f6zl\u00fc\u011f\u00fcne<\/a> g\u00f6z atabilirsiniz.<br \/>\nBenzer payla\u015f\u0131mlar i\u00e7in beni <a href=\"https:\/\/www.facebook.com\/ufukonen.skmt\/\" target=\"_blank\" rel=\"noopener\">Facebook<\/a> ve <a href=\"https:\/\/twitter.com\/UfukOnen\" target=\"_blank\" rel=\"noopener\">Twitter<\/a>&#8216;da takip edebilir, haberler i\u00e7in <a href=\"http:\/\/ufukonen.com\/tr\/ses-kayit-muzik-teknolojisi-terimler-sozluk.html\" target=\"_blank\" rel=\"noopener\">mesaj listeme \u00fcye olabilirsiniz<\/a>. Te\u015fekk\u00fcrler.<\/p>\n","protected":false},"excerpt":{"rendered":"<p class=\"post-excerpt\">Mono\/stereo ve\u00a0dengeli\/dengesiz sinyaller ile ilgili olarak 1\/4&#8243; ve XLR konnekt\u00f6r kullan\u0131m\u0131nda\u00a0zaman zaman yanl\u0131\u015f anla\u015f\u0131lmalar oluyor. Bu yaz\u0131mda bu iki konnekt\u00f6r\u00fcn&#8230;<\/p>\n","protected":false},"author":2,"featured_media":2950,"comment_status":"closed","ping_status":"open","sticky":false,"template":"","format":"standard","meta":{"_mi_skip_tracking":false,"spay_email":"","jetpack_publicize_message":"","jetpack_is_tweetstorm":false,"jetpack_publicize_feature_enabled":true},"categories":[18],"tags":[],"jetpack_featured_media_url":"https:\/\/www.ufukonen.com\/tr\/wp-content\/uploads\/Konnektor_feat_1920_nonemetalhasel_devine.jpg","jetpack_publicize_connections":[],"jetpack_shortlink":"https:\/\/wp.me\/p3rjsG-L5","jetpack_sharing_enabled":true,"jetpack-related-posts":[{"id":4608,"url":"https:\/\/www.ufukonen.com\/tr\/dengeli-ve-dengesiz-sinyaller-arasinda-baglanti.html","url_meta":{"origin":2919,"position":0},"title":"Dengeli ve Dengesiz Sinyaller Aras\u0131nda Ba\u011flant\u0131","date":"March 11, 2019","format":false,"excerpt":"Dengeli (balanced) ve dengesiz (unbalanced) sinyallerle ilgili olarak \"Dengeli Sinyal\" ba\u015fl\u0131kl\u0131 bir yaz\u0131 yazm\u0131\u015ft\u0131m. Yaz\u0131da, dengeli sinyal ta\u015f\u0131ma y\u00f6ntemini a\u00e7\u0131klam\u0131\u015f ve bu y\u00f6ntemde kullan\u0131lan kablo tiplerini anlatm\u0131\u015ft\u0131m. Peki, dengeli ve dengesiz sinyal ta\u015f\u0131ma y\u00f6ntemini kullanan iki farkl\u0131 cihaz aras\u0131nda ba\u011flant\u0131 yapmak istersek nas\u0131l hareket etmemiz gerekir? \u00a0 \u00d6nemli Bir Kural\u2026","rel":"","context":"In &quot;Ses ve M\u00fczik Teknolojileri&quot;","img":{"alt_text":"","src":"https:\/\/i0.wp.com\/www.ufukonen.com\/tr\/wp-content\/uploads\/Dengeli_Dengesiz_Sinyal_Baglantilari.jpg?resize=350%2C200&ssl=1","width":350,"height":200},"classes":[]},{"id":2938,"url":"https:\/\/www.ufukonen.com\/tr\/cevirici-kablolar.html","url_meta":{"origin":2919,"position":1},"title":"\u00c7evirici Kablolar&#8230; Bir G\u00fcn Mutlaka \u0130\u015finize Yarayacakt\u0131r!","date":"February 12, 2018","format":false,"excerpt":"M\u00fczik ve ses prod\u00fcksiyonu ile ilgilenen herkesin elinin alt\u0131nda olmas\u0131 gereken \u00e7evirici kablolar\u0131n bir listesini haz\u0131rlad\u0131m. Bu tip kablolar\u0131 haz\u0131r olarak bulmak olduk\u00e7a zor. Bu sebepten dolay\u0131, aramakla u\u011fra\u015fmak yerine kablo ve konnekt\u00f6rleri sat\u0131n al\u0131p, oturup kendi kendinize yapmak daha pratik bir \u00e7\u00f6z\u00fcm olacakt\u0131r. E\u011fer lehim konusunda kendinize g\u00fcvenmiyorsan\u0131z titiz\u2026","rel":"","context":"In &quot;Ses ve M\u00fczik Teknolojileri&quot;","img":{"alt_text":"","src":"https:\/\/i0.wp.com\/www.ufukonen.com\/tr\/wp-content\/uploads\/Cevirici_Kablolar_Header_1280x720.jpg?resize=350%2C200&ssl=1","width":350,"height":200},"classes":[]},{"id":2905,"url":"https:\/\/www.ufukonen.com\/tr\/dengeli-sinyal.html","url_meta":{"origin":2919,"position":2},"title":"Dengeli Sinyal","date":"February 6, 2017","format":false,"excerpt":"Ses sinyali ta\u015f\u0131yan kablolar elektrik ve enerji kaynaklar\u0131, bilgisayar ve video monit\u00f6rleri, prizler ve elektrik kablolar\u0131ndan ile\u00a0daha bir\u00e7ok yerden g\u00fcr\u00fclt\u00fc kaparlar. Kablo uzunlu\u011fu artt\u0131k\u00e7a sinyale kar\u0131\u015fan g\u00fcr\u00fclt\u00fc riski de artar. Kablo uzunlu\u011fu i\u00e7in 2-3 metre genelde \u00fcst s\u0131n\u0131r olarak kabul edilir. Bu uzunluk, ortamdaki g\u00fcr\u00fclt\u00fc riskinin seviyesine g\u00f6re azalabilir ya\u2026","rel":"","context":"In &quot;Ses ve M\u00fczik Teknolojileri&quot;","img":{"alt_text":"","src":"https:\/\/i0.wp.com\/www.ufukonen.com\/tr\/wp-content\/uploads\/Dengeli_Sinyal_Feat_Img.jpg?resize=350%2C200&ssl=1","width":350,"height":200},"classes":[]},{"id":4251,"url":"https:\/\/www.ufukonen.com\/tr\/mikrofon-line-seviye-fark.html","url_meta":{"origin":2919,"position":3},"title":"Mikrofon ve Line Seviyeleri Aras\u0131ndaki Fark","date":"October 22, 2018","format":false,"excerpt":"Mikrofon ve line ba\u011flant\u0131lar\u0131 bazen kafa kar\u0131\u015ft\u0131r\u0131c\u0131 olabiliyor. Baz\u0131lar\u0131 bu ba\u011flant\u0131lar\u0131n sadece konnekt\u00f6rlerle ilgili oldu\u011funu san\u0131yor. XLR konnekt\u00f6rlerin sadece mikrofon, 1\/4\" konnekt\u00f6rlerin ise sadece line ba\u011flant\u0131lar i\u00e7in kullan\u0131ld\u0131\u011f\u0131n\u0131 d\u00fc\u015f\u00fcnenleri, hatta mikrofon ve line aras\u0131 ba\u011flant\u0131lar i\u00e7in XLR-1\/4\" \u00e7evirici kablo kullanmaya \u00e7al\u0131\u015fanlar\u0131 bile g\u00f6rd\u00fcm. \u00d6ncelikle hemen belirteyim, \"1\/4\u2033 ve XLR Konnekt\u00f6rler:\u2026","rel":"","context":"In &quot;Ses ve M\u00fczik Teknolojileri&quot;","img":{"alt_text":"","src":"https:\/\/i0.wp.com\/www.ufukonen.com\/tr\/wp-content\/uploads\/Mikrofon_Line_Seviyeleri_Arasindaki_Fark.jpg?resize=350%2C200&ssl=1","width":350,"height":200},"classes":[]},{"id":4741,"url":"https:\/\/www.ufukonen.com\/tr\/aktif-pasif-di-box-arasindaki-fark.html","url_meta":{"origin":2919,"position":4},"title":"Aktif ve Pasif DI Box Aras\u0131ndaki Fark","date":"April 22, 2019","format":false,"excerpt":"DI box dedi\u011fimizde akl\u0131m\u0131za dengesiz sinyali dengeli sinyale, y\u00fcksek empedansa sahip bir kayna\u011f\u0131 d\u00fc\u015f\u00fck empedansa veya 'line' seviyesindeki bir sinyali mikrofon seviyesine \u00e7evirmek i\u00e7in kulland\u0131\u011f\u0131m\u0131z, boyutu hemen hemen gitar pedal\u0131na yak\u0131n k\u00fc\u00e7\u00fck bir kutu geliyor. B\u00fct\u00fcn DI box'lar bu i\u015fleri yap\u0131yor. Her ne kadar hepsi ayn\u0131 i\u015fi yapsa da b\u00fct\u00fcn\u2026","rel":"","context":"In &quot;Ses ve M\u00fczik Teknolojileri&quot;","img":{"alt_text":"","src":"https:\/\/i0.wp.com\/www.ufukonen.com\/tr\/wp-content\/uploads\/DI_Box_Takoz_1280x720.jpg?resize=350%2C200&ssl=1","width":350,"height":200},"classes":[]},{"id":3990,"url":"https:\/\/www.ufukonen.com\/tr\/guc-amplifikatorleri-ve-baglanti-sekilleri.html","url_meta":{"origin":2919,"position":5},"title":"G\u00fc\u00e7 Amplifikat\u00f6rleri ve Ba\u011flant\u0131 \u015eekilleri","date":"June 25, 2018","format":false,"excerpt":"G\u00fcn\u00fcm\u00fczde kulland\u0131\u011f\u0131m\u0131z referans monit\u00f6rlerinin \u00e7o\u011fu art\u0131k aktif. Hatta seslendirme hoparl\u00f6rlerinin bile bir k\u0131sm\u0131 aktif olarak tasarlan\u0131p \u00fcretiliyor. Yine de g\u00fc\u00e7 amplifikat\u00f6rleri hala var ve bir s\u00fcre daha da kullan\u0131lmaya devam edecek gibi g\u00f6r\u00fcn\u00fcyor. Bu sebepten dolay\u0131 g\u00fc\u00e7 amplifikat\u00f6rlerinin ba\u011flant\u0131 \u015fekillerini bilmekte fayda var diye d\u00fc\u015f\u00fcn\u00fcyorum. \u0130ki kanall\u0131 amplifikat\u00f6rler i\u00e7in \u00fc\u00e7\u2026","rel":"","context":"In &quot;Ses ve M\u00fczik Teknolojileri&quot;","img":{"alt_text":"","src":"https:\/\/i0.wp.com\/www.ufukonen.com\/tr\/wp-content\/uploads\/Guc_Amplifikatorleri_Baglanti_Sekilleri.jpg?resize=350%2C200&ssl=1","width":350,"height":200},"classes":[]}],"_links":{"self":[{"href":"https:\/\/www.ufukonen.com\/tr\/wp-json\/wp\/v2\/posts\/2919"}],"collection":[{"href":"https:\/\/www.ufukonen.com\/tr\/wp-json\/wp\/v2\/posts"}],"about":[{"href":"https:\/\/www.ufukonen.com\/tr\/wp-json\/wp\/v2\/types\/post"}],"author":[{"embeddable":true,"href":"https:\/\/www.ufukonen.com\/tr\/wp-json\/wp\/v2\/users\/2"}],"replies":[{"embeddable":true,"href":"https:\/\/www.ufukonen.com\/tr\/wp-json\/wp\/v2\/comments?post=2919"}],"version-history":[{"count":18,"href":"https:\/\/www.ufukonen.com\/tr\/wp-json\/wp\/v2\/posts\/2919\/revisions"}],"predecessor-version":[{"id":7862,"href":"https:\/\/www.ufukonen.com\/tr\/wp-json\/wp\/v2\/posts\/2919\/revisions\/7862"}],"wp:featuredmedia":[{"embeddable":true,"href":"https:\/\/www.ufukonen.com\/tr\/wp-json\/wp\/v2\/media\/2950"}],"wp:attachment":[{"href":"https:\/\/www.ufukonen.com\/tr\/wp-json\/wp\/v2\/media?parent=2919"}],"wp:term":[{"taxonomy":"category","embeddable":true,"href":"https:\/\/www.ufukonen.com\/tr\/wp-json\/wp\/v2\/categories?post=2919"},{"taxonomy":"post_tag","embeddable":true,"href":"https:\/\/www.ufukonen.com\/tr\/wp-json\/wp\/v2\/tags?post=2919"}],"curies":[{"name":"wp","href":"https:\/\/api.w.org\/{rel}","templated":true}]}}