{"id":2963,"date":"2017-02-13T17:02:42","date_gmt":"2017-02-13T14:02:42","guid":{"rendered":"http:\/\/www.ufukonen.com\/tr\/?p=2963"},"modified":"2017-08-26T19:26:50","modified_gmt":"2017-08-26T16:26:50","slug":"dio-holy-diver-vokal-kanallari","status":"publish","type":"post","link":"https:\/\/www.ufukonen.com\/tr\/dio-holy-diver-vokal-kanallari.html","title":{"rendered":"Dio &#8220;Holy Diver&#8221; Vokal Kanallar\u0131"},"content":{"rendered":"<p><img loading=\"lazy\" class=\"aligncenter wp-image-2972\" src=\"http:\/\/www.ufukonen.com\/tr\/wp-content\/uploads\/Dio_Holy_Diver-1024x641.jpg\" alt=\"Dio_Holy_Diver\" width=\"550\" height=\"344\" srcset=\"https:\/\/www.ufukonen.com\/tr\/wp-content\/uploads\/Dio_Holy_Diver-1024x641.jpg 1024w, https:\/\/www.ufukonen.com\/tr\/wp-content\/uploads\/Dio_Holy_Diver-300x188.jpg 300w, https:\/\/www.ufukonen.com\/tr\/wp-content\/uploads\/Dio_Holy_Diver-768x480.jpg 768w, https:\/\/www.ufukonen.com\/tr\/wp-content\/uploads\/Dio_Holy_Diver.jpg 1151w\" sizes=\"(max-width: 550px) 100vw, 550px\" \/><\/p>\n<p>Ronnie James Dio (1942-2010), bana ve daha bir\u00e7oklar\u0131na g\u00f6re, hard rock ve heavy metal d\u00fcnyas\u0131n\u0131n gelmi\u015f ge\u00e7mi\u015f en \u00f6nemli solistlerinden biridir. Rainbow ile <em>Ritchie Blackmore&#8217;s Rainbow<\/em>, <em>Rising<\/em>, <em>Long Live Rock&#8217;n&#8217;Roll<\/em>; Black Sabbath ile <em>Heaven and Hell<\/em>, <em>Mob Rules<\/em>; soyad\u0131n\u0131 ta\u015f\u0131yan Dio adl\u0131 grubu ile <em>Holy Diver<\/em>, <em>The Last in Line<\/em> ve <em>Sacred Heart<\/em> gibi kendi m\u00fczik t\u00fcr\u00fcnde klasik olarak kabul edilen bir\u00e7ok alb\u00fcme imzas\u0131n\u0131 atm\u0131\u015ft\u0131r.<\/p>\n<p>Dio&#8217;nun en bilinen par\u00e7alar\u0131ndan biri <em>Holy Diver<\/em> (1983) alb\u00fcm\u00fcne ismini veren &#8220;Holy Diver&#8221;d\u0131r. A\u015fa\u011f\u0131daki video, &#8220;Holy Diver&#8221; par\u00e7as\u0131n\u0131n vokal kanallar\u0131ndan olu\u015fuyor.<\/p>\n<div class=\"embed-vimeo\" style=\"text-align: center;\"><iframe loading=\"lazy\" src=\"https:\/\/player.vimeo.com\/video\/203117562\" width=\"700\" height=\"394\" frameborder=\"0\" webkitallowfullscreen mozallowfullscreen allowfullscreen><\/iframe><\/div>\n<p>Vokalleri dinlerken bence ilk olarak dikkat \u00e7eken nokta, Dio&#8217;nun vokallerinin entonasyon a\u00e7\u0131s\u0131ndan ne kadar d\u00fczg\u00fcn oldu\u011fu&#8230; Bug\u00fcn entonasyon eskisi kadar b\u00fcy\u00fck bir sorun de\u011fil. Vokalistin performans\u0131 genel olarak iyiyse, kayd\u0131 Auto-Tune veya Melodyne gibi\u00a0bir &#8220;pitch correction&#8221; plug-in&#8217;i sayesinde m\u00fckemmele yakla\u015ft\u0131rmak m\u00fcmk\u00fcn. Ancak Dio&#8217;nun <em>Holy Diver<\/em> alb\u00fcm\u00fcn\u00fc kaydetti\u011fi y\u0131llarda b\u00f6yle bir teknoloji yoktu. Bu par\u00e7adaki vokaller sadece ve ger\u00e7ekten kabiliyetin ve m\u00fczisyenli\u011fin \u00fcr\u00fcn\u00fc; teknolojinin de\u011fil.<\/p>\n<p>Kompres\u00f6r baya\u011f\u0131 iddial\u0131 bir \u015fekilde kullan\u0131lm\u0131\u015f ancak vokalin ve m\u00fczi\u011fin yap\u0131s\u0131 ile iyi uyu\u015fuyor.<\/p>\n<p>Uzun bir reverb kullan\u0131lm\u0131\u015f. Miksin tamam\u0131n\u0131 dinledi\u011finizde reverb tonlamas\u0131n\u0131n miks ile iyi bir \u015fekilde uyu\u015ftu\u011funu duyuyoruz.<\/p>\n<p>Analog bant d\u00f6neminde en b\u00fcy\u00fck problemlerden biri kanal say\u0131s\u0131yd\u0131. 80&#8217;li y\u0131llarda Bat\u0131 \u00fclkelerindeki st\u00fcdyolarda standart olarak 24 kanal makara bant kay\u0131t cihazlar\u0131 kulln\u0131l\u0131yordu. 1:59-2:43 aras\u0131nda giren ritm gitardan anlad\u0131\u011f\u0131m kadar\u0131yla kanal say\u0131s\u0131 zar zor yetmi\u015f ve solonun alt\u0131ndaki ritm gitar\u0131 vokal kanallar\u0131ndan birine kay\u0131t etmi\u015fler (ya da vokallerin en son kaydedildi\u011fini varsayarsak vokal kanallar\u0131ndan birini gitar kanal\u0131na kaydetmi\u015f de olabilirler).<\/p>\n<p>R.I.P. Ronnie James Dio. Bize b\u0131rakt\u011f\u0131n m\u00fczikler i\u00e7in sana ne kadar te\u015fekk\u00fcr etsek azd\u0131r.<\/p>\n<p><img loading=\"lazy\" class=\"aligncenter wp-image-2970\" src=\"http:\/\/www.ufukonen.com\/tr\/wp-content\/uploads\/Dio_Heaven-N-Hell_2009-06-11_Chicago_Photoby_Adam-Bielawski_horizontal.jpg\" alt=\"Dio_Heaven-N-Hell_2009-06-11_Chicago_Photoby_Adam-Bielawski_horizontal\" width=\"500\" height=\"343\" srcset=\"https:\/\/www.ufukonen.com\/tr\/wp-content\/uploads\/Dio_Heaven-N-Hell_2009-06-11_Chicago_Photoby_Adam-Bielawski_horizontal.jpg 800w, https:\/\/www.ufukonen.com\/tr\/wp-content\/uploads\/Dio_Heaven-N-Hell_2009-06-11_Chicago_Photoby_Adam-Bielawski_horizontal-300x206.jpg 300w, https:\/\/www.ufukonen.com\/tr\/wp-content\/uploads\/Dio_Heaven-N-Hell_2009-06-11_Chicago_Photoby_Adam-Bielawski_horizontal-768x527.jpg 768w\" sizes=\"(max-width: 500px) 100vw, 500px\" \/><\/p>\n<p>Teknik terimler i\u00e7in <a href=\"http:\/\/www.ufukonen.com\/tr\/ses-kayit-muzik-teknolojisi-terimler-sozluk.html\">m\u00fczik teknolojisi, m\u00fczik prod\u00fcksiyonu ve ses kay\u0131t terimleri s\u00f6zl\u00fc\u011f\u00fcne<\/a> g\u00f6z atabilirsiniz.<\/p>\n<p>Benzer payla\u015f\u0131mlar i\u00e7in beni <a href=\"https:\/\/www.facebook.com\/ufukonen.skmt\/\" target=\"_blank\">Facebook<\/a> ve <a href=\"https:\/\/twitter.com\/UfukOnen\" target=\"_blank\">Twitter<\/a>&#8216;da takip edebilir, haberler i\u00e7in <a href=\"http:\/\/ufukonen.com\/tr\/ses-kayit-muzik-teknolojisi-terimler-sozluk.html\" target=\"_blank\">mesaj listeme \u00fcye olabilirsiniz<\/a>. Te\u015fekk\u00fcrler.<\/p>\n<p>Yaz\u0131: Ufuk \u00d6nen 2017<\/p>\n<p>Foto\u011fraf: Photobra | Adam Bielawski (Own work) [<a href=\"http:\/\/creativecommons.org\/licenses\/by-sa\/3.0\">CC BY-SA 3.0<\/a> or <a href=\"http:\/\/www.gnu.org\/copyleft\/fdl.html\">GFDL<\/a>], <a href=\"https:\/\/commons.wikimedia.org\/wiki\/File%3ARonnie-James-Dio_Heaven-N-Hell_2009-06-11_Chicago_Photoby_Adam-Bielawski.jpg\">via Wikimedia Commons<\/a><\/p>\n","protected":false},"excerpt":{"rendered":"<p class=\"post-excerpt\">Ronnie James Dio (1942-2010), bana ve daha bir\u00e7oklar\u0131na g\u00f6re, hard rock ve heavy metal d\u00fcnyas\u0131n\u0131n gelmi\u015f ge\u00e7mi\u015f en \u00f6nemli solistlerinden&#8230;<\/p>\n","protected":false},"author":2,"featured_media":2970,"comment_status":"closed","ping_status":"open","sticky":false,"template":"","format":"standard","meta":{"_mi_skip_tracking":false,"spay_email":"","jetpack_publicize_message":"","jetpack_is_tweetstorm":false,"jetpack_publicize_feature_enabled":true},"categories":[20,16],"tags":[],"jetpack_featured_media_url":"https:\/\/www.ufukonen.com\/tr\/wp-content\/uploads\/Dio_Heaven-N-Hell_2009-06-11_Chicago_Photoby_Adam-Bielawski_horizontal.jpg","jetpack_publicize_connections":[],"jetpack_shortlink":"https:\/\/wp.me\/p3rjsG-LN","jetpack_sharing_enabled":true,"jetpack-related-posts":[{"id":3955,"url":"https:\/\/www.ufukonen.com\/tr\/bruce-swedien-ile-vokal-kaydi-uzerine.html","url_meta":{"origin":2963,"position":0},"title":"Bruce Swedien ile Vokal Kayd\u0131 \u00dczerine","date":"June 4, 2018","format":false,"excerpt":"Bruce Swedien denince ilk akla gelen Michael Jackson'\u0131n Thriller alb\u00fcm\u00fc oluyor ama Swedien'\u0131n kariyeri asl\u0131nda daha bir\u00e7ok ba\u015far\u0131 ile dolu. Swedien, ses kay\u0131t ve miks m\u00fchendisi olarak Quincy Jones, Paul McCartney, Count Basie, Duke Ellington, Santana, Jennifer Lopez gibi sanat\u00e7\u0131larla \u00e7al\u0131\u015fm\u0131\u015f. On \u00fc\u00e7 defa Grammy \u00f6d\u00fcl\u00fcne aday g\u00f6sterilmi\u015f, be\u015fini kazanm\u0131\u015f.\u2026","rel":"","context":"In &quot;M\u00fczik Prod\u00fcksiyonu&quot;","img":{"alt_text":"","src":"https:\/\/i0.wp.com\/www.ufukonen.com\/tr\/wp-content\/uploads\/BruceSwedien_PhotoCredit_MrBonzai_1280x720.jpg?resize=350%2C200&ssl=1","width":350,"height":200},"classes":[]},{"id":3105,"url":"https:\/\/www.ufukonen.com\/tr\/queen-bowie-under-pressure-vokal-kanallari.html","url_meta":{"origin":2963,"position":1},"title":"Queen &#038; Bowie &#8220;Under Pressure&#8221; Vokal Kanallar\u0131","date":"June 19, 2017","format":false,"excerpt":"Queen, 1981 yaz\u0131nda\u00a0Hot Space alb\u00fcm\u00fcn\u00fcn kayd\u0131 i\u00e7in \u0130svi\u00e7re'de Mountain st\u00fcdyolar\u0131ndayken, David Bowie de ayn\u0131 st\u00fcdyoda Cat People filminin m\u00fcziklerini kaydediyormu\u015f. Bir gece Bowie, Queen'in \"Cool Cat\" par\u00e7as\u0131na geri vokal yapmak i\u00e7in Queen'in kayd\u0131na u\u011fram\u0131\u015f, bu s\u0131rada hep birlikte yeni bir par\u00e7a yazmaya karar vermi\u015fler. John Deacon'\u0131n bas gitar partisyonu \u00fczerine\u2026","rel":"","context":"In &quot;M\u00fczik&quot;","img":{"alt_text":"","src":"https:\/\/i0.wp.com\/www.ufukonen.com\/tr\/wp-content\/uploads\/Queen-David_Bowie-Under_Pressure_1981_mod.jpg?resize=350%2C200&ssl=1","width":350,"height":200},"classes":[]},{"id":4234,"url":"https:\/\/www.ufukonen.com\/tr\/vokal-kaydi-birkac-tavsiye.html","url_meta":{"origin":2963,"position":2},"title":"Vokal Kayd\u0131: Birka\u00e7 Tavsiye","date":"October 8, 2018","format":false,"excerpt":"Bu yaz\u0131mda vokal kayd\u0131 ile ilgili birka\u00e7 tavsiyede bulunmak istiyorum. Ses Kay\u0131t ve M\u00fczik Teknolojileri (SKMT) adl\u0131 kitab\u0131mda vokal kayd\u0131 ile daha detayl\u0131 bilgiler bulabilirsiniz. Yine konu ile ilgili olarak, \"Bruce Swedien ile Vokal Kayd\u0131 \u00dczerine\" ba\u015fl\u0131kl\u0131 blog yaz\u0131m\u0131 okuyabilirsiniz. Mikrofon Se\u00e7imi Vokal kay\u0131tlar\u0131 i\u00e7in mikrofon se\u00e7erken ilk tercih genelde\u2026","rel":"","context":"In &quot;M\u00fczik Prod\u00fcksiyonu&quot;","img":{"alt_text":"","src":"https:\/\/i0.wp.com\/www.ufukonen.com\/tr\/wp-content\/uploads\/Vokal_Kaydi_Birkac_Tavsiye.jpg?resize=350%2C200&ssl=1","width":350,"height":200},"classes":[]},{"id":8272,"url":"https:\/\/www.ufukonen.com\/tr\/miks-referans-parca-karsilastirirken.html","url_meta":{"origin":2963,"position":3},"title":"Miksinizi Referans Par\u00e7a \u0130le Kar\u015f\u0131la\u015ft\u0131r\u0131rken Dikkat Etmeniz Gereken 4 Nokta","date":"February 5, 2024","format":false,"excerpt":"Yapt\u0131\u011f\u0131m\u0131z miksi referans ald\u0131\u011f\u0131m\u0131z bir par\u00e7a ile kar\u015f\u0131la\u015ft\u0131rmak hepimizin s\u0131kl\u0131kla uygulad\u0131\u011f\u0131 bir y\u00f6ntem. Peki, bunu yaparken nelere dikkat etmeliyiz? Bu yaz\u0131mda miksinizi referans par\u00e7a ile kar\u015f\u0131la\u015ft\u0131r\u0131rken dikkat etmeniz gereken d\u00f6rt noktay\u0131 sizlerle payla\u015fmak istiyorum. 1- Vokal Amat\u00f6r ve profesyonel miksleri birbirlerinden ay\u0131ran en belirgin farklardan biri vokalin miksteki yeridir. Amat\u00f6r\u2026","rel":"","context":"In &quot;M\u00fczik Prod\u00fcksiyonu&quot;","img":{"alt_text":"","src":"https:\/\/i0.wp.com\/www.ufukonen.com\/tr\/wp-content\/uploads\/Miks_Referans_Parca_Karsilastirirken_00_Header.jpg?resize=350%2C200&ssl=1","width":350,"height":200},"classes":[]},{"id":6345,"url":"https:\/\/www.ufukonen.com\/tr\/mikste-vokali-one-cikartmak.html","url_meta":{"origin":2963,"position":4},"title":"Mikste Vokali \u00d6ne \u00c7\u0131kartmak \u0130\u00e7in Bir Teknik","date":"January 18, 2021","format":false,"excerpt":"Vokalin par\u00e7an\u0131n i\u00e7inde baz\u0131 yerlerde miksin i\u00e7ine g\u00f6m\u00fcld\u00fc\u011f\u00fcn\u00fc ya da miks i\u00e7inde sahip oldu\u011fu alan\u0131 kaybetti\u011fini hissedebilirsiniz. Bu, daha \u00e7ok nakarat gibi enstr\u00fcman ve kanal say\u0131s\u0131n\u0131n artt\u0131\u011f\u0131 yerlerde kar\u015f\u0131m\u0131za \u00e7\u0131kan bir durumdur. B\u00f6yle bir durumda genel olarak ilk yap\u0131lan hareket otomasyon ile vokalin seviyesini birka\u00e7 dB y\u00fckseltmek oluyor. \u00c7o\u011fu zaman\u2026","rel":"","context":"In &quot;M\u00fczik Prod\u00fcksiyonu&quot;","img":{"alt_text":"","src":"https:\/\/i0.wp.com\/www.ufukonen.com\/tr\/wp-content\/uploads\/Mikste_Vokali_One_Cikartmak_00_Header.jpg?resize=350%2C200&ssl=1","width":350,"height":200},"classes":[]},{"id":6447,"url":"https:\/\/www.ufukonen.com\/tr\/vokal-miksi-rehber-2.html","url_meta":{"origin":2963,"position":5},"title":"Vokal Miksi i\u00e7in Mini Rehber (2. B\u00f6l\u00fcm)","date":"March 22, 2021","format":false,"excerpt":"Bu yaz\u0131mda vokal miksi i\u00e7in kullanabilece\u011finiz sekiz ba\u015fl\u0131ktan olu\u015fan bir mini rehber haz\u0131rlad\u0131m. Her ba\u015fl\u0131\u011f\u0131n alt\u0131nda ilgili yaz\u0131lar\u0131n linklerini ekledim. \u0130lk olarak 22 Mart 2021'de yay\u0131nlanm\u0131\u015f olan bu mini rehber, 8 A\u011fustos 2022, 28 Kas\u0131m 2022, 20 Mart 2023 ve 7 A\u011fustos 2025 tarihlerinde g\u00fcncellenmi\u015ftir. Filtre ve EQKompres\u00f6rEQDe-esserSidechain Kompres\u00f6r Kullan\u0131m\u0131Saturation,\u2026","rel":"","context":"In &quot;M\u00fczik Prod\u00fcksiyonu&quot;","img":{"alt_text":"","src":"https:\/\/i0.wp.com\/www.ufukonen.com\/tr\/wp-content\/uploads\/Vokal_Miksi_Mini_Rehber_00_Header.jpg?resize=350%2C200&ssl=1","width":350,"height":200},"classes":[]}],"_links":{"self":[{"href":"https:\/\/www.ufukonen.com\/tr\/wp-json\/wp\/v2\/posts\/2963"}],"collection":[{"href":"https:\/\/www.ufukonen.com\/tr\/wp-json\/wp\/v2\/posts"}],"about":[{"href":"https:\/\/www.ufukonen.com\/tr\/wp-json\/wp\/v2\/types\/post"}],"author":[{"embeddable":true,"href":"https:\/\/www.ufukonen.com\/tr\/wp-json\/wp\/v2\/users\/2"}],"replies":[{"embeddable":true,"href":"https:\/\/www.ufukonen.com\/tr\/wp-json\/wp\/v2\/comments?post=2963"}],"version-history":[{"count":11,"href":"https:\/\/www.ufukonen.com\/tr\/wp-json\/wp\/v2\/posts\/2963\/revisions"}],"predecessor-version":[{"id":2980,"href":"https:\/\/www.ufukonen.com\/tr\/wp-json\/wp\/v2\/posts\/2963\/revisions\/2980"}],"wp:featuredmedia":[{"embeddable":true,"href":"https:\/\/www.ufukonen.com\/tr\/wp-json\/wp\/v2\/media\/2970"}],"wp:attachment":[{"href":"https:\/\/www.ufukonen.com\/tr\/wp-json\/wp\/v2\/media?parent=2963"}],"wp:term":[{"taxonomy":"category","embeddable":true,"href":"https:\/\/www.ufukonen.com\/tr\/wp-json\/wp\/v2\/categories?post=2963"},{"taxonomy":"post_tag","embeddable":true,"href":"https:\/\/www.ufukonen.com\/tr\/wp-json\/wp\/v2\/tags?post=2963"}],"curies":[{"name":"wp","href":"https:\/\/api.w.org\/{rel}","templated":true}]}}