{"id":3052,"date":"2017-05-29T13:57:45","date_gmt":"2017-05-29T10:57:45","guid":{"rendered":"http:\/\/www.ufukonen.com\/tr\/?p=3052"},"modified":"2022-05-22T18:14:34","modified_gmt":"2022-05-22T15:14:34","slug":"multiband-kompresor","status":"publish","type":"post","link":"https:\/\/www.ufukonen.com\/tr\/multiband-kompresor.html","title":{"rendered":"Multiband Kompres\u00f6r"},"content":{"rendered":"<p>Standart bir kompres\u00f6r ile \u00e7al\u0131\u015f\u0131rken, sinyal seviyesi ayarlad\u0131\u011f\u0131m\u0131z e\u015fik seviyesinin (threshold) \u00fczerine \u00e7\u0131kt\u0131\u011f\u0131nda kompres\u00f6r devreye girer ve azaltma (gain reduction) uygular. Seviye, bas, mid veya tiz frekans aral\u0131klar\u0131ndan dolay\u0131 artm\u0131\u015f olabilir, fakat kompres\u00f6r seviye art\u0131\u015f\u0131n\u0131n hangi frekans aral\u0131\u011f\u0131nda oldu\u011funu ay\u0131rt edemez ve sinyalin tamam\u0131 \u00fczerinde azaltma uygular.<\/p>\n<p>Multiband kompres\u00f6r, sinyali frekans aral\u0131klar\u0131na b\u00f6ler ve her frekans aral\u0131\u011f\u0131n\u0131 ayr\u0131 ayr\u0131 s\u0131k\u0131\u015ft\u0131r\u0131r. Cihaz\u0131n yap\u0131s\u0131na g\u00f6re frekans aral\u0131klar\u0131 bas ve tiz olarak iki; bas, mid ve tiz olarak \u00fc\u00e7; bas, alt-mid, \u00fcst-mid ve tiz olarak d\u00f6rt ya da iyice ince ayarlar kullanarak daha fazla say\u0131da olabilir.<\/p>\n<p><img loading=\"lazy\" class=\"aligncenter wp-image-3057\" src=\"http:\/\/www.ufukonen.com\/tr\/wp-content\/uploads\/Multiband-Compressor-Signal-Flow-Color-1024x402.png\" alt=\"\" width=\"550\" height=\"216\" srcset=\"https:\/\/www.ufukonen.com\/tr\/wp-content\/uploads\/Multiband-Compressor-Signal-Flow-Color-1024x402.png 1024w, https:\/\/www.ufukonen.com\/tr\/wp-content\/uploads\/Multiband-Compressor-Signal-Flow-Color-300x118.png 300w, https:\/\/www.ufukonen.com\/tr\/wp-content\/uploads\/Multiband-Compressor-Signal-Flow-Color-768x302.png 768w\" sizes=\"(max-width: 550px) 100vw, 550px\" \/><\/p>\n<p>Yukar\u0131daki \u015fekilde \u00fc\u00e7 frekans aral\u0131kl\u0131 bir multiband kompres\u00f6r\u00fcn sinyal ak\u0131\u015f \u015femas\u0131n\u0131 g\u00f6r\u00fcyorsunuz. Giri\u015fteki sinyal High Pass Filter (HPF), Band Pass Filter (BPF) ve Low Pass Filter (LPF) arac\u0131l\u0131\u011f\u0131 ile \u00fc\u00e7 farkl\u0131 frekans aral\u0131\u011f\u0131na b\u00f6l\u00fcn\u00fcyor; bu \u00fc\u00e7 frekans aral\u0131\u011f\u0131 \u00fczerinde \u00fc\u00e7 ayr\u0131 kompres\u00f6rle s\u0131k\u0131\u015ft\u0131rma yap\u0131l\u0131yor; son olarak, cihaz\u0131n \u00e7\u0131k\u0131\u015f\u0131ndan hemen \u00f6nce bu \u00fc\u00e7 farkl\u0131 frekans aral\u0131\u011f\u0131 tekrar birle\u015ftiriliyor.<\/p>\n<p>Sinyali frekans aral\u0131klar\u0131na b\u00f6l\u00fcp ayr\u0131 ayr\u0131 s\u0131k\u0131\u015ft\u0131rman\u0131n avantaj\u0131, bir frekans aral\u0131\u011f\u0131ndaki y\u00fcksek seviyeli sinyal y\u00fcz\u00fcnden di\u011fer frekans aral\u0131klar\u0131n\u0131n da compress edilmesinin \u00f6nlenmesidir. \u00d6rnek olarak bas, mid ve tiz olarak \u00fc\u00e7 aral\u0131kla \u00e7al\u0131\u015ft\u0131\u011f\u0131m\u0131z\u0131 d\u00fc\u015f\u00fcnelim. Sadece mid aral\u0131\u011f\u0131nda seviye y\u00fckseldi\u011finde multiband kompres\u00f6r, tiz ve bas frekans aral\u0131klar\u0131na dokunmadan, sadece orta frekans aral\u0131\u011f\u0131nda azaltma uygulayacakt\u0131r.<\/p>\n<p>Crossover noktalar\u0131 sinyalin frekans olarak aral\u0131klara b\u00f6l\u00fcnd\u00fc\u011f\u00fc noktalard\u0131r. \u00d6rnek olarak sinyali d\u00f6rt frekans aral\u0131\u011f\u0131na b\u00f6len bir multiband kompres\u00f6r \u00fc\u00e7 adet crossover noktas\u0131 kullan\u0131r. Crossover noktalar\u0131m\u0131z\u0131n 200 Hz, 1.5 kHZ ve 5 kHz oldu\u011funu varsayal\u0131m. Bu durumda birinci aral\u0131\u011f\u0131m\u0131z 20\u2013200 Hz, ikinci aral\u0131\u011f\u0131m\u0131z 200 Hz\u20131.5 kHz, \u00fc\u00e7\u00fcnc\u00fc aral\u0131\u011f\u0131m\u0131z 1.5\u20135 kHz ve d\u00f6rd\u00fcnc\u00fc aral\u0131\u011f\u0131m\u0131z da 5\u201320 kHz olacakt\u0131r.<\/p>\n<p>Multiband kompres\u00f6r, mastering i\u015flemlerinin yan\u0131 s\u0131ra m\u00fczik, video, televizyon ve radyo prod\u00fcksiyonlar\u0131nda da yayg\u0131n olarak kullan\u0131lmaktad\u0131r.<\/p>\n<div id=\"attachment_3061\" style=\"width: 510px\" class=\"wp-caption aligncenter\"><img aria-describedby=\"caption-attachment-3061\" loading=\"lazy\" class=\"wp-image-3061\" src=\"http:\/\/www.ufukonen.com\/tr\/wp-content\/uploads\/Waves_C6_Multiband_Compressor.jpg\" alt=\"\" width=\"500\" height=\"322\" srcset=\"https:\/\/www.ufukonen.com\/tr\/wp-content\/uploads\/Waves_C6_Multiband_Compressor.jpg 748w, https:\/\/www.ufukonen.com\/tr\/wp-content\/uploads\/Waves_C6_Multiband_Compressor-300x193.jpg 300w\" sizes=\"(max-width: 500px) 100vw, 500px\" \/><p id=\"caption-attachment-3061\" class=\"wp-caption-text\">Waves C6 Multiband Compressor<\/p><\/div>\n<p>Teknik terimler i\u00e7in <a href=\"http:\/\/www.ufukonen.com\/tr\/ses-kayit-muzik-teknolojisi-terimler-sozluk.html\">m\u00fczik teknolojisi, m\u00fczik prod\u00fcksiyonu ve ses kay\u0131t terimleri s\u00f6zl\u00fc\u011f\u00fcne<\/a> g\u00f6z atabilirsiniz.<\/p>\n<p>Benzer payla\u015f\u0131mlar i\u00e7in beni <a href=\"https:\/\/www.facebook.com\/ufukonen.skmt\/\" target=\"_blank\" rel=\"noopener noreferrer\">Facebook<\/a> ve <a href=\"https:\/\/twitter.com\/UfukOnen\" target=\"_blank\" rel=\"noopener noreferrer\">Twitter<\/a>&#8216;da takip edebilir, haberler i\u00e7in <a href=\"http:\/\/ufukonen.com\/tr\/ses-kayit-muzik-teknolojisi-terimler-sozluk.html\" target=\"_blank\" rel=\"noopener noreferrer\">mesaj listeme \u00fcye olabilirsiniz<\/a>. Te\u015fekk\u00fcrler.<\/p>\n<p>\u00a9 2017 Ufuk \u00d6nen. Her hakk\u0131 sakl\u0131d\u0131r. \u0130zinsiz kullan\u0131lamaz.<\/p>\n","protected":false},"excerpt":{"rendered":"<p class=\"post-excerpt\">Standart bir kompres\u00f6r ile \u00e7al\u0131\u015f\u0131rken, sinyal seviyesi ayarlad\u0131\u011f\u0131m\u0131z e\u015fik seviyesinin (threshold) \u00fczerine \u00e7\u0131kt\u0131\u011f\u0131nda kompres\u00f6r devreye girer ve azaltma (gain reduction)&#8230;<\/p>\n","protected":false},"author":2,"featured_media":3058,"comment_status":"closed","ping_status":"open","sticky":false,"template":"","format":"standard","meta":{"_mi_skip_tracking":false,"spay_email":"","jetpack_publicize_message":"","jetpack_is_tweetstorm":false,"jetpack_publicize_feature_enabled":true},"categories":[18],"tags":[],"jetpack_featured_media_url":"https:\/\/www.ufukonen.com\/tr\/wp-content\/uploads\/Multiband_Kompresor_800px.jpg","jetpack_publicize_connections":[],"jetpack_shortlink":"https:\/\/wp.me\/p3rjsG-Ne","jetpack_sharing_enabled":true,"jetpack-related-posts":[{"id":3065,"url":"https:\/\/www.ufukonen.com\/tr\/dinamik-eq.html","url_meta":{"origin":3052,"position":0},"title":"Dinamik EQ","date":"June 5, 2017","format":false,"excerpt":"EQ, \u00f6zellikle parametrik EQ, \u00e7ok g\u00fc\u00e7l\u00fc fakat statik bir ses i\u015fleme arac\u0131d\u0131r. G\u00fc\u00e7l\u00fcd\u00fcr \u00e7\u00fcnk\u00fc frekans, kazan\u00e7 ve Q parametrelerini kullanarak sesi istedi\u011finiz gibi \u015fekillendirmenize imkan tan\u0131r. Statik bir sinyal i\u015fleme arac\u0131d\u0131r \u00e7\u00fcnk\u00fc giri\u015f sinyalindeki de\u011fi\u015fiklikleri hesaba katmadan sesi ayn\u0131 \u015fekilde i\u015fler. EQ'nun statik olmas\u0131, her zaman de\u011filse de baz\u0131 durumlarda\u2026","rel":"","context":"In &quot;Ses ve M\u00fczik Teknolojileri&quot;","img":{"alt_text":"","src":"https:\/\/i0.wp.com\/www.ufukonen.com\/tr\/wp-content\/uploads\/DynamicEQ_Onen_1280px.jpg?resize=350%2C200&ssl=1","width":350,"height":200},"classes":[]},{"id":7446,"url":"https:\/\/www.ufukonen.com\/tr\/kompresor-mini-rehber.html","url_meta":{"origin":3052,"position":1},"title":"Kompres\u00f6r: Mini Rehber","date":"June 27, 2022","format":false,"excerpt":"Kompres\u00f6r \u00fczerine daha \u00f6nce yazd\u0131\u011f\u0131m yaz\u0131lar\u0131 tek bir \u00e7at\u0131 alt\u0131nda toplay\u0131p bir mini rehber olu\u015fturdum. Linkleri ve a\u00e7\u0131klamalar\u0131 a\u015fa\u011f\u0131ya ekliyorum. Kompres\u00f6r\u00fcn \u00e7al\u0131\u015fma prensibi, \u00fczerindeki parametrelerin i\u015flevleri gibi temel bilgileri Ses Kay\u0131t ve M\u00fczik Teknolojileri adl\u0131 kitab\u0131mda bulabilirsiniz. \u0130yi okumalar! Kompres\u00f6r Attack S\u00fcresinin Sese Etkisini G\u00f6rselle\u015ftirecek Olursak\u2026 Attack s\u00fcresi, kompres\u00f6r \u00fczerindeki\u2026","rel":"","context":"In &quot;M\u00fczik Prod\u00fcksiyonu&quot;","img":{"alt_text":"","src":"https:\/\/i0.wp.com\/www.ufukonen.com\/tr\/wp-content\/uploads\/Kompresor_Mini_Rehber_00_Header.jpg?resize=350%2C200&ssl=1","width":350,"height":200},"classes":[]},{"id":6869,"url":"https:\/\/www.ufukonen.com\/tr\/miks-alt-frekans-dengesi-tavsiyeler.html","url_meta":{"origin":3052,"position":2},"title":"Mikste Sa\u011flam Bir Alt Frekans Dengesi Yakalamak \u0130\u00e7in Tavsiyeler","date":"September 20, 2021","format":false,"excerpt":"Mikste sa\u011flam bir alt frekans ya da di\u011fer bir deyi\u015fle s\u0131k\u0131 bir bas dengesi yakalamak \u00f6zellikle miks yapmaya yeni ba\u015flayanlar\u0131n en \u00e7ok zorland\u0131klar\u0131 noktalardan bir tanesi. Tecr\u00fcbe eden herkesin bildi\u011fi gibi vurucu ve s\u0131k\u0131 bir bas dengesi, EQ ile enstr\u00fcmanlar\u0131n alt frekans seviyelerini bol bol art\u0131rmakla olmuyor. Hatta tam tersine,\u2026","rel":"","context":"In &quot;Ses ve M\u00fczik Teknolojileri&quot;","img":{"alt_text":"","src":"https:\/\/i0.wp.com\/www.ufukonen.com\/tr\/wp-content\/uploads\/Miks_Alt_Frekans_Dengesi_Tavsiyeler_00_Header.jpg?resize=350%2C200&ssl=1","width":350,"height":200},"classes":[]},{"id":7866,"url":"https:\/\/www.ufukonen.com\/tr\/mikste-frekans-cakismasi.html","url_meta":{"origin":3052,"position":3},"title":"Mikste Frekans \u00c7ak\u0131\u015fmalar\u0131n\u0131 \u00d6nlemenin 8 Yolu","date":"January 2, 2023","format":false,"excerpt":"Bu yaz\u0131mda sizlerle mikste frekans \u00e7ak\u0131\u015fmalar\u0131n\u0131 \u00f6nlemek i\u00e7in sekiz y\u00f6ntem payla\u015fmak istiyorum. Y\u00f6ntemlere ge\u00e7meden \u00f6nce frekans \u00e7ak\u0131\u015fmas\u0131n\u0131n k\u0131sa bir tan\u0131m\u0131 ile ba\u015flayal\u0131m. Frekans Maskelemesi \/ \u00c7ak\u0131\u015fmas\u0131 Miks yapan herkesin ba\u015f\u0131na gelmi\u015ftir\u2026 Bazen iki enstr\u00fcman miksin i\u00e7inde kendilerine yer bulmak i\u00e7in birbirleriyle adeta sava\u015fa tutu\u015furlar. Bu sava\u015f\u0131n arkas\u0131ndaki sebep, \u0130ngilizcedeki terimiyle\u2026","rel":"","context":"In &quot;Ses ve M\u00fczik Teknolojileri&quot;","img":{"alt_text":"","src":"https:\/\/i0.wp.com\/www.ufukonen.com\/tr\/wp-content\/uploads\/Mikste_Frekans_Cakismasi_00_Header.jpg?resize=350%2C200&ssl=1","width":350,"height":200},"classes":[]},{"id":6509,"url":"https:\/\/www.ufukonen.com\/tr\/sidechain-multiband-kompresor.html","url_meta":{"origin":3052,"position":4},"title":"Sidechain Multiband Kompres\u00f6r Kullan\u0131m\u0131","date":"April 26, 2021","format":false,"excerpt":"Sidechain kompres\u00f6r tekni\u011finin ne oldu\u011funu ve nas\u0131l yap\u0131ld\u0131\u011f\u0131n\u0131 \"Kompres\u00f6r Teknikleri \u2013 3. B\u00f6l\u00fcm: Sidechain Kompres\u00f6r Kullan\u0131m\u0131\" ba\u015fl\u0131kl\u0131 yaz\u0131mda anlatm\u0131\u015ft\u0131m. O yaz\u0131da da belirtti\u011fim gibi, her ne kadar sidechain deyince akla ilk gelen kick ve bas olsa da bu teknik bir \u00e7ok miks m\u00fchendisi taraf\u0131ndan farkl\u0131 enstr\u00fcmanlar i\u00e7in de kullan\u0131l\u0131yor. \u00d6rnek\u2026","rel":"","context":"In &quot;M\u00fczik Prod\u00fcksiyonu&quot;","img":{"alt_text":"","src":"https:\/\/i0.wp.com\/www.ufukonen.com\/tr\/wp-content\/uploads\/Sidechain_Multiband_Kompresor_Kullanimi_00_Header.jpg?resize=350%2C200&ssl=1","width":350,"height":200},"classes":[]},{"id":6747,"url":"https:\/\/www.ufukonen.com\/tr\/waves-studiorack-multiband.html","url_meta":{"origin":3052,"position":5},"title":"Waves StudioRack ile T\u00fcm Plug-in&#8217;lerle Multiband \u00c7al\u0131\u015f\u0131n","date":"July 19, 2021","format":false,"excerpt":"Blog yaz\u0131lar\u0131m\u0131 takip edenler hat\u0131rlayacaklard\u0131r, \u00fccretsiz olarak indirebilece\u011finiz StudioRack adl\u0131 plug-in sayesinde t\u00fcm Waves plug-in'leri ile Mid\/Side \u00e7al\u0131\u015fman\u0131n m\u00fcmk\u00fcn oldu\u011funu yazm\u0131\u015f ve bunun nas\u0131l yap\u0131ld\u0131\u011f\u0131n\u0131 a\u00e7\u0131klam\u0131\u015ft\u0131m. Linkleri a\u015fa\u011f\u0131ya kopyal\u0131yorum: \"Waves StudioRack ile T\u00fcm Plug-in'lerle Mid\/Side \u00c7al\u0131\u015f\u0131n\"Waves StudioRack (bilgi ve indirme linki) StudioRack sadece Mid\/Side de\u011fil, ayn\u0131 zamanda multiband \u00f6zelli\u011fi de\u2026","rel":"","context":"In &quot;Ses ve M\u00fczik Teknolojileri&quot;","img":{"alt_text":"","src":"https:\/\/i0.wp.com\/www.ufukonen.com\/tr\/wp-content\/uploads\/Waves_StudioRack_Multiband_00_Header.jpg?resize=350%2C200&ssl=1","width":350,"height":200},"classes":[]}],"_links":{"self":[{"href":"https:\/\/www.ufukonen.com\/tr\/wp-json\/wp\/v2\/posts\/3052"}],"collection":[{"href":"https:\/\/www.ufukonen.com\/tr\/wp-json\/wp\/v2\/posts"}],"about":[{"href":"https:\/\/www.ufukonen.com\/tr\/wp-json\/wp\/v2\/types\/post"}],"author":[{"embeddable":true,"href":"https:\/\/www.ufukonen.com\/tr\/wp-json\/wp\/v2\/users\/2"}],"replies":[{"embeddable":true,"href":"https:\/\/www.ufukonen.com\/tr\/wp-json\/wp\/v2\/comments?post=3052"}],"version-history":[{"count":9,"href":"https:\/\/www.ufukonen.com\/tr\/wp-json\/wp\/v2\/posts\/3052\/revisions"}],"predecessor-version":[{"id":7461,"href":"https:\/\/www.ufukonen.com\/tr\/wp-json\/wp\/v2\/posts\/3052\/revisions\/7461"}],"wp:featuredmedia":[{"embeddable":true,"href":"https:\/\/www.ufukonen.com\/tr\/wp-json\/wp\/v2\/media\/3058"}],"wp:attachment":[{"href":"https:\/\/www.ufukonen.com\/tr\/wp-json\/wp\/v2\/media?parent=3052"}],"wp:term":[{"taxonomy":"category","embeddable":true,"href":"https:\/\/www.ufukonen.com\/tr\/wp-json\/wp\/v2\/categories?post=3052"},{"taxonomy":"post_tag","embeddable":true,"href":"https:\/\/www.ufukonen.com\/tr\/wp-json\/wp\/v2\/tags?post=3052"}],"curies":[{"name":"wp","href":"https:\/\/api.w.org\/{rel}","templated":true}]}}