{"id":3065,"date":"2017-06-05T00:30:43","date_gmt":"2017-06-04T21:30:43","guid":{"rendered":"http:\/\/www.ufukonen.com\/tr\/?p=3065"},"modified":"2017-05-30T14:31:48","modified_gmt":"2017-05-30T11:31:48","slug":"dinamik-eq","status":"publish","type":"post","link":"https:\/\/www.ufukonen.com\/tr\/dinamik-eq.html","title":{"rendered":"Dinamik EQ"},"content":{"rendered":"<p><img loading=\"lazy\" class=\"aligncenter size-large wp-image-3068\" src=\"http:\/\/www.ufukonen.com\/tr\/wp-content\/uploads\/DynamicEQ_Onen_1280px-1024x768.jpg\" alt=\"\" width=\"614\" height=\"461\" srcset=\"https:\/\/www.ufukonen.com\/tr\/wp-content\/uploads\/DynamicEQ_Onen_1280px-1024x768.jpg 1024w, https:\/\/www.ufukonen.com\/tr\/wp-content\/uploads\/DynamicEQ_Onen_1280px-300x225.jpg 300w, https:\/\/www.ufukonen.com\/tr\/wp-content\/uploads\/DynamicEQ_Onen_1280px-768x576.jpg 768w, https:\/\/www.ufukonen.com\/tr\/wp-content\/uploads\/DynamicEQ_Onen_1280px.jpg 1280w\" sizes=\"(max-width: 614px) 100vw, 614px\" \/><\/p>\n<p>EQ, \u00f6zellikle parametrik EQ, \u00e7ok g\u00fc\u00e7l\u00fc fakat statik bir ses i\u015fleme arac\u0131d\u0131r. G\u00fc\u00e7l\u00fcd\u00fcr \u00e7\u00fcnk\u00fc frekans, kazan\u00e7 ve Q parametrelerini kullanarak sesi istedi\u011finiz gibi \u015fekillendirmenize imkan tan\u0131r. Statik bir sinyal i\u015fleme arac\u0131d\u0131r \u00e7\u00fcnk\u00fc giri\u015f sinyalindeki de\u011fi\u015fiklikleri hesaba katmadan sesi ayn\u0131 \u015fekilde i\u015fler. EQ&#8217;nun statik olmas\u0131, her zaman de\u011filse de baz\u0131 durumlarda bir dezavantajd\u0131r. \u00d6rnek olarak bir keman kayd\u0131nda \u00fcst oktavlardaki notalardan biri veya birka\u00e7\u0131n\u0131n kula\u011fa \u00e7ok sert geldi\u011fini ya da y\u0131rt\u0131c\u0131 duyuldu\u011funu varsayal\u0131m. EQ ile bu notalar\u0131 yumu\u015fatabilirsiniz ancak uygulad\u0131\u011f\u0131n\u0131z bu EQ, rahats\u0131z edici notalar \u00e7al\u0131nmad\u0131klar\u0131 zaman da devrede olaca\u011f\u0131 i\u00e7in, enstr\u00fcman\u0131n genel tonunu etkileyecek, belki de \u00fcst frekans detay\u0131nda ya da alt oktavdaki notalar \u00e7al\u0131nd\u0131\u011f\u0131nda \u00fcst k\u0131smi frekanslarda (overtones) azalmaya sebep olacakt\u0131r.<\/p>\n<p>Bu noktada dinamik (dynamic) EQ devreye giriyor. Dinamik EQ, standart EQ&#8217;nun g\u00fcc\u00fcn\u00fc, dinamik i\u015flemcilerin s\u0131k\u0131\u015ft\u0131rma (compression), geni\u015fletme (expansion) ve d\u0131\u015f sinyallere ba\u011fl\u0131 olarak \u00e7al\u0131\u015fabilme (sidechain triggering) \u00f6zellikleri ile birle\u015ftiriyor.<\/p>\n<p>&nbsp;<\/p>\n<h3>Multiband Kompres\u00f6r ve Dinamik EQ Aras\u0131ndaki Fark<\/h3>\n<p>Multiband kompres\u00f6r ve dinamik EQ baz\u0131 a\u00e7\u0131lardan birbirlerine benzer: Her ikisi de sinyalin se\u00e7ilmi\u015f bir b\u00f6l\u00fcm\u00fc \u00fczerinde azaltma veya \u00e7o\u011faltma yapar ve her ikisi de yapt\u0131klar\u0131 se\u00e7imi frekans ve seviye \u00fczerine dayand\u0131r\u0131r. Di\u011fer yandan, aralar\u0131nda yak\u0131n benzerlik olsa da multiband kompres\u00f6r ve dinamik EQ ayn\u0131 \u015fey de\u011fildir.<\/p>\n<p>Multiband kompres\u00f6r sinyali frekans aral\u0131klar\u0131na b\u00f6ler ve her frekans aral\u0131\u011f\u0131n\u0131 ayr\u0131 ayr\u0131 s\u0131k\u0131\u015ft\u0131r\u0131r. Cihaz\u0131n yap\u0131s\u0131na g\u00f6re frekans aral\u0131klar\u0131 bas ve tiz olarak iki; bas, mid ve tiz olarak \u00fc\u00e7; bas, alt-mid, \u00fcst-mid ve tiz olarak d\u00f6rt ya da iyice ince ayarlar kullanarak daha fazla say\u0131da olabilir. Sinyali frekans aral\u0131klar\u0131na b\u00f6l\u00fcp ayr\u0131 ayr\u0131 s\u0131k\u0131\u015ft\u0131rman\u0131n avantaj\u0131, bir frekans aral\u0131\u011f\u0131ndaki y\u00fcksek seviyeli sinyal y\u00fcz\u00fcnden di\u011fer frekans aral\u0131klar\u0131n\u0131n da azalt\u0131lmas\u0131n\u0131n, s\u0131k\u0131\u015ft\u0131r\u0131lmas\u0131n\u0131n \u00f6nlenmesidir. \u00d6rnek olarak bas, mid ve tiz olarak \u00fc\u00e7 aral\u0131kla \u00e7al\u0131\u015f\u0131ld\u0131\u011f\u0131n\u0131 varsayal\u0131m. Multiband kompres\u00f6r, mid aral\u0131\u011f\u0131nda seviye y\u00fckseldi\u011finde, tiz ve bas frekans aral\u0131klar\u0131na dokunmadan, sadece orta frekans aral\u0131\u011f\u0131nda azaltma uygulayacakt\u0131r.<\/p>\n<p>Dinamik EQ, crossover noktalar\u0131 yerine standart EQ filtrelerini kullan\u0131r. Bu sayede bir yandan istenilen frekans aral\u0131\u011f\u0131n\u0131 Q parametresini de kullanarak \u00e7ok hassas bir \u015fekilde se\u00e7mek, di\u011fer yandan da se\u00e7ili frekans \u00fczerinde threshold, attack, release gibi parametreleri kullanarak \u00e7ok kontroll\u00fc bir \u015fekilde azaltma\/s\u0131k\u0131\u015ft\u0131rma (attenuation\/compression) ve a\u00e7ma\/geni\u015fletme (boost\/expansion) i\u015flemlerini yapmak m\u00fcmk\u00fcn olabiliyor. Dinamik EQ&#8217;yu se\u00e7ili frekans\u0131n kazanc\u0131n\u0131 kompres\u00f6r ile mod\u00fcle eden bir i\u015flemci olarak d\u00fc\u015f\u00fcnmek yanl\u0131\u015f olmaz.<\/p>\n<p>Multiband kompres\u00f6r ve dinamik EQ aras\u0131ndaki di\u011fer bir fark ise faz ile ilgilidir. Multiband kompres\u00f6r\u00fcn \u00fczerindeki faz filtreleri lineer de\u011filse sinyale s\u0131k\u0131\u015ft\u0131rma (compression) uygulanm\u0131yor olsa dahi sinyalde s\u00fcrekli olarak faz bozulmas\u0131 (phase distortion) vard\u0131r. Dinamik EQ&#8217;da faz bozulmas\u0131 sadece s\u0131k\u0131\u015ft\u0131rma s\u0131ras\u0131nda ortaya \u00e7\u0131kar, frekans kazanc\u0131n\u0131n s\u0131f\u0131r oldu\u011fu durumlarda (unity gain), bozulma olmaz.<\/p>\n<p>&nbsp;<\/p>\n<h3>Dinamik EQ Kullan\u0131m\u0131<\/h3>\n<p>Dinamik EQ, genel olarak mastering a\u015famas\u0131nda kullan\u0131lan bir ses i\u015flemcisi gibi d\u00fc\u015f\u00fcn\u00fclse de miks s\u0131ras\u0131nda vokal ve bir\u00e7ok enstr\u00fcman \u00fczerinde kullan\u0131labilir.<\/p>\n<p>Baz\u0131 solistler sakin ve yumu\u015fak b\u00f6l\u00fcmleri s\u00f6ylerken ton olarak \u00e7ok dengelidirler ancak g\u00fcrl\u00fck artt\u0131k\u00e7a ya da \u00fcst oktavlardan notalara ge\u00e7ince ses (istenmeyen \u015fekilde) sert, hatta kulak t\u0131rmalay\u0131c\u0131 bir h\u00e2le gelebilir. E\u011fer bu bahsetti\u011fim durum par\u00e7an\u0131n i\u00e7inde ayr\u0131 b\u00f6l\u00fcmlerde oluyorsa, bu b\u00f6l\u00fcmleri farkl\u0131 kanallara al\u0131p ayr\u0131 ayr\u0131 EQ uygulayabilirsiniz. Di\u011fer yandan, e\u011fer bu durum, performans a\u00e7\u0131s\u0131ndan b\u00f6l\u00fcnmesi m\u00fcmk\u00fcn olmayan ya da tercih edilmeyen bir b\u00f6l\u00fcmde ger\u00e7ekle\u015fiyorsa, rahats\u0131zl\u0131k veren k\u0131s\u0131mlardaki sesin tonunu standart bir EQ ile yumu\u015fatt\u0131\u011f\u0131n\u0131zda bu sefer de sakin s\u00f6ylenen k\u0131s\u0131mlar donuk ya da mat bir h\u00e2l alabilir. Bu noktada dinamik EQ i\u015finizi olduk\u00e7a kolayla\u015ft\u0131racakt\u0131r. Rahats\u0131z eden k\u0131s\u0131mlardaki kesmek (seviyelerini azaltmak) istedi\u011finiz frekanslar\u0131n e\u015fik (threshold) parametrelerini do\u011fru ayarlad\u0131\u011f\u0131n\u0131zda, EQ sadece rahats\u0131z eden k\u0131s\u0131mlarda devreye girip kesme i\u015flemini yapacak, di\u011fer k\u0131s\u0131mlarda ise sinyale dokunmayacakt\u0131r.<\/p>\n<p>Di\u011fer bir \u00f6rnek de ziller olabilir. Davulcunun \u00e7ok sert vurdu\u011fu yerlerde ziller kulak t\u0131rmalay\u0131c\u0131 bir h\u00e2l alabilir. Bu t\u0131rmalay\u0131c\u0131 sesi standart EQ ile yumu\u015fatt\u0131\u011f\u0131n\u0131zda davulcunun daha sakin \u00e7ald\u0131\u011f\u0131 b\u00f6l\u00fcmlerdeki \u00fcst frekans seviyesini de d\u00fc\u015f\u00fcrm\u00fc\u015f olursunuz. Dinamik EQ yard\u0131m\u0131 ile yumu\u015fak \u00e7al\u0131nan k\u0131s\u0131mlardaki frekans dengesine dokunmadan, sadece sert \u00e7al\u0131nan k\u0131s\u0131mlardaki kula\u011fa y\u0131rt\u0131c\u0131 gelen tizleri t\u0131ra\u015flayabilirsiniz.<\/p>\n<p>Dinamik EQ&#8217;da bulunan ve \u00e7ok i\u015fe yarayan di\u011fer bir \u00f6zellik de plug-in&#8217;in d\u0131\u015f sinyallere ba\u011fl\u0131 olarak \u00e7al\u0131\u015fabilme (sidechain triggering) \u00f6zelli\u011fidir. Elimizde birbirlerini maskeleyen bas gitar ve kick kanallar\u0131 oldu\u011funu varsayal\u0131m. Kick&#8217;in \u00f6ne \u00e7\u0131kmas\u0131 i\u00e7in bas gitar kanal\u0131na EQ uygulad\u0131\u011f\u0131m\u0131zda bas gitar\u0131n tonu istemedi\u011fimiz bir \u015fekilde de\u011fi\u015fiyor olabilir. B\u00f6yle bir durumda bas gitar kanal\u0131na bir kompres\u00f6r insert edip, bu kompres\u00f6r\u00fcn sidechain giri\u015fine kick&#8217;in sinyalini ba\u011flamak, bu sayede kick her vurdu\u011funda bas gitar\u0131n sesini azaltarak (ducking) iki enstr\u00fcman\u0131n birbirlerini maskelemesini engellemek \u00e7ok kullan\u0131lan bir tekniktir. Bu teknikteki problem, kick her vurdu\u011funda bas gitar\u0131n seviyesinin tamam\u0131n\u0131n azalt\u0131l\u0131yor olmas\u0131. Bu tekni\u011fi kullanmak yerine bas gitara dinamik EQ uygularsak ve dinamik EQ&#8217;yu sidechain \u00fczerinden kick ile tetiklersek, bu durumda kick her vurdu\u011funda bas gitar\u0131n sadece kick ile \u00e7ak\u0131\u015fan frekans\u0131n\u0131n seviyesi azaltabiliriz. Bu sayede kick devreden \u00e7\u0131kt\u0131\u011f\u0131nda ise bas gitar\u0131n tonuna hi\u00e7 dokunmam\u0131\u015f oluruz.<\/p>\n<p>Bunlar sadece birka\u00e7 \u00f6rnek. Dinamik EQ \u00e7ok farkl\u0131 ve yarat\u0131c\u0131 \u015fekillerde de kullan\u0131labilir. Yap\u0131lacak en iyi \u015fey bir dinamik EQ plug-in&#8217;i al\u0131p ya da plug-in&#8217;in demo versiyonunu indirip denemeler yapmak.<\/p>\n<div id=\"attachment_3077\" style=\"width: 510px\" class=\"wp-caption aligncenter\"><img aria-describedby=\"caption-attachment-3077\" loading=\"lazy\" class=\"wp-image-3077\" src=\"http:\/\/www.ufukonen.com\/tr\/wp-content\/uploads\/Waves_F6_Dynamic_EQ-1024x777.jpg\" alt=\"\" width=\"500\" height=\"380\" srcset=\"https:\/\/www.ufukonen.com\/tr\/wp-content\/uploads\/Waves_F6_Dynamic_EQ-1024x777.jpg 1024w, https:\/\/www.ufukonen.com\/tr\/wp-content\/uploads\/Waves_F6_Dynamic_EQ-300x228.jpg 300w, https:\/\/www.ufukonen.com\/tr\/wp-content\/uploads\/Waves_F6_Dynamic_EQ-768x583.jpg 768w, https:\/\/www.ufukonen.com\/tr\/wp-content\/uploads\/Waves_F6_Dynamic_EQ.jpg 1080w\" sizes=\"(max-width: 500px) 100vw, 500px\" \/><p id=\"caption-attachment-3077\" class=\"wp-caption-text\">Waves F6 Floating-Band Dynamic EQ<\/p><\/div>\n<p>&nbsp;<\/p>\n<p>Teknik terimler i\u00e7in <a href=\"http:\/\/www.ufukonen.com\/tr\/ses-kayit-muzik-teknolojisi-terimler-sozluk.html\">m\u00fczik teknolojisi, m\u00fczik prod\u00fcksiyonu ve ses kay\u0131t terimleri s\u00f6zl\u00fc\u011f\u00fcne<\/a> g\u00f6z atabilirsiniz.<\/p>\n<p>Benzer payla\u015f\u0131mlar i\u00e7in beni <a href=\"https:\/\/www.facebook.com\/ufukonen.skmt\/\" target=\"_blank\" rel=\"noopener noreferrer\">Facebook<\/a> ve <a href=\"https:\/\/twitter.com\/UfukOnen\" target=\"_blank\" rel=\"noopener noreferrer\">Twitter<\/a>&#8216;da takip edebilir, haberler i\u00e7in <a href=\"http:\/\/ufukonen.com\/tr\/ses-kayit-muzik-teknolojisi-terimler-sozluk.html\" target=\"_blank\" rel=\"noopener noreferrer\">mesaj listeme \u00fcye olabilirsiniz<\/a>. Te\u015fekk\u00fcrler.<\/p>\n<p>\u00a9 2017 Ufuk \u00d6nen. Her hakk\u0131 sakl\u0131d\u0131r. \u0130zinsiz kullan\u0131lamaz.<\/p>\n<p>&nbsp;<\/p>\n<p style=\"text-align: center;\">\u0130lgili Yaz\u0131: <a href=\"http:\/\/www.ufukonen.com\/tr\/multiband-kompresor.html\">Multiband Kompres\u00f6r<\/a><\/p>\n<p><a href=\"http:\/\/www.ufukonen.com\/tr\/multiband-kompresor.html\"><img loading=\"lazy\" class=\"aligncenter wp-image-3058\" src=\"http:\/\/www.ufukonen.com\/tr\/wp-content\/uploads\/Multiband_Kompresor_800px.jpg\" alt=\"\" width=\"400\" height=\"213\" srcset=\"https:\/\/www.ufukonen.com\/tr\/wp-content\/uploads\/Multiband_Kompresor_800px.jpg 800w, https:\/\/www.ufukonen.com\/tr\/wp-content\/uploads\/Multiband_Kompresor_800px-300x160.jpg 300w, https:\/\/www.ufukonen.com\/tr\/wp-content\/uploads\/Multiband_Kompresor_800px-768x409.jpg 768w\" sizes=\"(max-width: 400px) 100vw, 400px\" \/><\/a><\/p>\n<p style=\"text-align: center;\">\n","protected":false},"excerpt":{"rendered":"<p class=\"post-excerpt\">EQ, \u00f6zellikle parametrik EQ, \u00e7ok g\u00fc\u00e7l\u00fc fakat statik bir ses i\u015fleme arac\u0131d\u0131r. G\u00fc\u00e7l\u00fcd\u00fcr \u00e7\u00fcnk\u00fc frekans, kazan\u00e7 ve Q parametrelerini kullanarak&#8230;<\/p>\n","protected":false},"author":2,"featured_media":3068,"comment_status":"closed","ping_status":"open","sticky":false,"template":"","format":"standard","meta":{"_mi_skip_tracking":false,"spay_email":"","jetpack_publicize_message":"","jetpack_is_tweetstorm":false,"jetpack_publicize_feature_enabled":true},"categories":[18],"tags":[],"jetpack_featured_media_url":"https:\/\/www.ufukonen.com\/tr\/wp-content\/uploads\/DynamicEQ_Onen_1280px.jpg","jetpack_publicize_connections":[],"jetpack_shortlink":"https:\/\/wp.me\/p3rjsG-Nr","jetpack_sharing_enabled":true,"jetpack-related-posts":[{"id":7866,"url":"https:\/\/www.ufukonen.com\/tr\/mikste-frekans-cakismasi.html","url_meta":{"origin":3065,"position":0},"title":"Mikste Frekans \u00c7ak\u0131\u015fmalar\u0131n\u0131 \u00d6nlemenin 8 Yolu","date":"January 2, 2023","format":false,"excerpt":"Bu yaz\u0131mda sizlerle mikste frekans \u00e7ak\u0131\u015fmalar\u0131n\u0131 \u00f6nlemek i\u00e7in sekiz y\u00f6ntem payla\u015fmak istiyorum. Y\u00f6ntemlere ge\u00e7meden \u00f6nce frekans \u00e7ak\u0131\u015fmas\u0131n\u0131n k\u0131sa bir tan\u0131m\u0131 ile ba\u015flayal\u0131m. Frekans Maskelemesi \/ \u00c7ak\u0131\u015fmas\u0131 Miks yapan herkesin ba\u015f\u0131na gelmi\u015ftir\u2026 Bazen iki enstr\u00fcman miksin i\u00e7inde kendilerine yer bulmak i\u00e7in birbirleriyle adeta sava\u015fa tutu\u015furlar. Bu sava\u015f\u0131n arkas\u0131ndaki sebep, \u0130ngilizcedeki terimiyle\u2026","rel":"","context":"In &quot;Ses ve M\u00fczik Teknolojileri&quot;","img":{"alt_text":"","src":"https:\/\/i0.wp.com\/www.ufukonen.com\/tr\/wp-content\/uploads\/Mikste_Frekans_Cakismasi_00_Header.jpg?resize=350%2C200&ssl=1","width":350,"height":200},"classes":[]},{"id":7226,"url":"https:\/\/www.ufukonen.com\/tr\/eq-otomasyon-filtre-efekt.html","url_meta":{"origin":3065,"position":1},"title":"EQ ve Otomasyon \u0130le \u0130lgin\u00e7 Filtre Efektleri Elde Edin","date":"February 14, 2022","format":false,"excerpt":"Herhangi bir parametrik EQ plug-in'i ve otomasyon ile \u00e7ok ilgin\u00e7 filtre efektleri elde edebilirsiniz. LFO ile tetiklenen filtrelerde mod\u00fclasyon loop tabanl\u0131 oluyor. A\u015fa\u011f\u0131da g\u00f6sterece\u011fim teknikte ise mod\u00fclasyonu, sesin s\u00fcresi boyunca, en ince ayr\u0131nt\u0131s\u0131na kadar de\u011fi\u015fken bir yap\u0131 ile kontrol etmek m\u00fcmk\u00fcn oluyor. Tekni\u011fi Apple Logic Pro i\u00e7inde a\u00e7\u0131klad\u0131m ama siz\u2026","rel":"","context":"In &quot;M\u00fczik Prod\u00fcksiyonu&quot;","img":{"alt_text":"","src":"https:\/\/i0.wp.com\/www.ufukonen.com\/tr\/wp-content\/uploads\/EQ_Otomasyon_Filtre_Efektleri_00_Header.jpg?resize=350%2C200&ssl=1","width":350,"height":200},"classes":[]},{"id":3999,"url":"https:\/\/www.ufukonen.com\/tr\/eq-kullanimi-birkac-tavsiye.html","url_meta":{"origin":3065,"position":2},"title":"EQ Kullan\u0131m\u0131: Birka\u00e7 Tavsiye","date":"June 18, 2018","format":false,"excerpt":"Bu yaz\u0131mda EQ kullan\u0131m\u0131 ile ilgili birka\u00e7 tavsiyede bulunmak istiyorum. Ses Kay\u0131t ve M\u00fczik Teknolojisi\u00a0(SKMT) adl\u0131 kitab\u0131mda EQ ile detayl\u0131 bilgiler, Miks \u00dczerine: M\u00fczik Prod\u00fcksiyonlar\u0131nda Miks Teknikleri ve \u00c7e\u015fitli Yakla\u015f\u0131mlar\u00a0(MPMT) adl\u0131 kitab\u0131mda ise EQ kullan\u0131m\u0131 hakk\u0131nda bir\u00e7ok miks m\u00fchendisinin g\u00f6r\u00fc\u015f ve tavsiyelerini\u00a0bulabilirsiniz. Ekim 2019 g\u00fcncelleme:\u00a0Gelen talepleri ve sorular\u0131 g\u00f6z \u00f6n\u00fcne\u2026","rel":"","context":"In &quot;M\u00fczik Prod\u00fcksiyonu&quot;","img":{"alt_text":"","src":"https:\/\/i0.wp.com\/www.ufukonen.com\/tr\/wp-content\/uploads\/EQ_Kullanimi_Birkac_Tavsiye_1080.jpg?resize=350%2C200&ssl=1","width":350,"height":200},"classes":[]},{"id":8522,"url":"https:\/\/www.ufukonen.com\/tr\/vokalde-eq-kullanimi.html","url_meta":{"origin":3065,"position":3},"title":"Vokalde EQ Kullan\u0131m\u0131: Modern, Profesyonel ve Temiz Bir Ses \u0130\u00e7in \u0130pu\u00e7lar\u0131","date":"April 23, 2025","format":false,"excerpt":"Bana en \u00e7ok sorulan sorulardan biri \u015fu: \"Vokal i\u00e7in EQ ayarlar\u0131n\u0131 nas\u0131l yapmal\u0131y\u0131m?\" Hangi frekanslar\u0131 se\u00e7meli, ne kadar a\u00e7mal\u0131, ne kadar azaltmal\u0131... A\u00e7\u0131k\u00e7as\u0131 m\u00fczik prod\u00fcksiyonuna ilk ba\u015flad\u0131\u011f\u0131mda benim de en \u00e7ok merak etti\u011fim konulardan biri buydu...\u00a0 Benim m\u00fczik prod\u00fcksiyonuna ba\u015flad\u0131\u011f\u0131m zaman internet yoktu. Evet, baya\u011f\u0131 uzun bir zaman \u00f6ncesinden bahsediyoruz!\u2026","rel":"","context":"In &quot;M\u00fczik Prod\u00fcksiyonu&quot;","img":{"alt_text":"","src":"https:\/\/i0.wp.com\/www.ufukonen.com\/tr\/wp-content\/uploads\/Vokalde_EQ_Kullanimi_00_Header.jpg?resize=350%2C200&ssl=1","width":350,"height":200},"classes":[]},{"id":3896,"url":"https:\/\/www.ufukonen.com\/tr\/kompresor-eq-kullaniminda-siralama.html","url_meta":{"origin":3065,"position":4},"title":"\u00d6nce Kompres\u00f6r m\u00fc, Yoksa EQ mu? Kompres\u00f6r ve EQ Kullan\u0131m\u0131nda S\u0131ralama Nas\u0131l Olmal\u0131?","date":"May 14, 2018","format":false,"excerpt":"\u00d6nce kompres\u00f6r m\u00fc, yoksa EQ mu? Bu, hep sorulan ve tart\u0131\u015f\u0131lan klasik bir konu. Tek bir cevab\u0131 yok. Cevap hem duruma g\u00f6re hem de miksi yapan ki\u015finin teknik ve estetik yakla\u015f\u0131m\u0131na g\u00f6re de\u011fi\u015fiyor. Bu soruyu Miks \u00dczerine: M\u00fczik Prod\u00fcksiyonlar\u0131nda Miks Teknikleri ve \u00c7e\u015fitli Yakla\u015f\u0131mlar adl\u0131 kitab\u0131m i\u00e7in r\u00f6portaj yapt\u0131\u011f\u0131m t\u00fcm\u2026","rel":"","context":"In &quot;M\u00fczik Prod\u00fcksiyonu&quot;","img":{"alt_text":"","src":"https:\/\/i0.wp.com\/www.ufukonen.com\/tr\/wp-content\/uploads\/Kompresor_EQ_Once_Hangisi_720.jpg?resize=350%2C200&ssl=1","width":350,"height":200},"classes":[]},{"id":5130,"url":"https:\/\/www.ufukonen.com\/tr\/eq-kullanimi-birkac-tavsiye-3.html","url_meta":{"origin":3065,"position":5},"title":"EQ Kullan\u0131m\u0131: Birka\u00e7 Tavsiye (3. B\u00f6l\u00fcm)","date":"October 28, 2019","format":false,"excerpt":"Ge\u00e7ti\u011fimiz y\u0131l yay\u0131mlad\u0131\u011f\u0131m \"EQ Kullan\u0131m\u0131: Birka\u00e7 Tavsiye\" ba\u015fl\u0131kl\u0131 yaz\u0131 baya\u011f\u0131 bir ilgi g\u00f6rd\u00fc. Ard\u0131ndan EQ ile ilgili \u00e7e\u015fitli sorular geldi. Ben de o sorular\u0131 da g\u00f6z \u00f6n\u00fcne alarak bu ba\u015fl\u0131\u011f\u0131 bir yaz\u0131 dizisine \u00e7evirme karar\u0131 ald\u0131m. \u00dc\u00e7\u00fcnc\u00fc b\u00f6l\u00fcm ile devam ediyorum. Birinci ve ikinci b\u00f6l\u00fcmlere a\u015fa\u011f\u0131daki linklerden ula\u015fabilirsiniz: Birinci b\u00f6l\u00fcm\u2026","rel":"","context":"In &quot;M\u00fczik Prod\u00fcksiyonu&quot;","img":{"alt_text":"","src":"https:\/\/i0.wp.com\/www.ufukonen.com\/tr\/wp-content\/uploads\/EQ_Kullanimi_Birkac_Tavsiye_1080.jpg?resize=350%2C200&ssl=1","width":350,"height":200},"classes":[]}],"_links":{"self":[{"href":"https:\/\/www.ufukonen.com\/tr\/wp-json\/wp\/v2\/posts\/3065"}],"collection":[{"href":"https:\/\/www.ufukonen.com\/tr\/wp-json\/wp\/v2\/posts"}],"about":[{"href":"https:\/\/www.ufukonen.com\/tr\/wp-json\/wp\/v2\/types\/post"}],"author":[{"embeddable":true,"href":"https:\/\/www.ufukonen.com\/tr\/wp-json\/wp\/v2\/users\/2"}],"replies":[{"embeddable":true,"href":"https:\/\/www.ufukonen.com\/tr\/wp-json\/wp\/v2\/comments?post=3065"}],"version-history":[{"count":11,"href":"https:\/\/www.ufukonen.com\/tr\/wp-json\/wp\/v2\/posts\/3065\/revisions"}],"predecessor-version":[{"id":3078,"href":"https:\/\/www.ufukonen.com\/tr\/wp-json\/wp\/v2\/posts\/3065\/revisions\/3078"}],"wp:featuredmedia":[{"embeddable":true,"href":"https:\/\/www.ufukonen.com\/tr\/wp-json\/wp\/v2\/media\/3068"}],"wp:attachment":[{"href":"https:\/\/www.ufukonen.com\/tr\/wp-json\/wp\/v2\/media?parent=3065"}],"wp:term":[{"taxonomy":"category","embeddable":true,"href":"https:\/\/www.ufukonen.com\/tr\/wp-json\/wp\/v2\/categories?post=3065"},{"taxonomy":"post_tag","embeddable":true,"href":"https:\/\/www.ufukonen.com\/tr\/wp-json\/wp\/v2\/tags?post=3065"}],"curies":[{"name":"wp","href":"https:\/\/api.w.org\/{rel}","templated":true}]}}