{"id":3105,"date":"2017-06-19T01:00:12","date_gmt":"2017-06-18T22:00:12","guid":{"rendered":"http:\/\/www.ufukonen.com\/tr\/?p=3105"},"modified":"2017-08-26T19:26:27","modified_gmt":"2017-08-26T16:26:27","slug":"queen-bowie-under-pressure-vokal-kanallari","status":"publish","type":"post","link":"https:\/\/www.ufukonen.com\/tr\/queen-bowie-under-pressure-vokal-kanallari.html","title":{"rendered":"Queen &#038; Bowie &#8220;Under Pressure&#8221; Vokal Kanallar\u0131"},"content":{"rendered":"<p><img loading=\"lazy\" class=\"aligncenter wp-image-3110\" src=\"http:\/\/www.ufukonen.com\/tr\/wp-content\/uploads\/Queen-David_Bowie-Under_Pressure_1981_mod.jpg\" alt=\"\" width=\"550\" height=\"549\" srcset=\"https:\/\/www.ufukonen.com\/tr\/wp-content\/uploads\/Queen-David_Bowie-Under_Pressure_1981_mod.jpg 700w, https:\/\/www.ufukonen.com\/tr\/wp-content\/uploads\/Queen-David_Bowie-Under_Pressure_1981_mod-150x150.jpg 150w, https:\/\/www.ufukonen.com\/tr\/wp-content\/uploads\/Queen-David_Bowie-Under_Pressure_1981_mod-300x300.jpg 300w\" sizes=\"(max-width: 550px) 100vw, 550px\" \/><\/p>\n<p>Queen, 1981 yaz\u0131nda\u00a0<em>Hot Space<\/em> alb\u00fcm\u00fcn\u00fcn kayd\u0131 i\u00e7in \u0130svi\u00e7re&#8217;de Mountain st\u00fcdyolar\u0131ndayken, David Bowie de ayn\u0131 st\u00fcdyoda <em>Cat People<\/em> filminin m\u00fcziklerini kaydediyormu\u015f. Bir gece Bowie, Queen&#8217;in &#8220;Cool Cat&#8221; par\u00e7as\u0131na geri vokal yapmak i\u00e7in Queen&#8217;in kayd\u0131na u\u011fram\u0131\u015f, bu s\u0131rada hep birlikte yeni bir par\u00e7a yazmaya karar vermi\u015fler.<\/p>\n<p>John Deacon&#8217;\u0131n bas gitar partisyonu \u00fczerine kurulan par\u00e7an\u0131n ismi ilk olarak &#8220;People on Streets&#8221; olarak d\u00fc\u015f\u00fcn\u00fclm\u00fc\u015f ama Bowie&#8217;nin \u00f6nerisiyle &#8220;Under Pressure&#8221; olarak de\u011fi\u015ftirilmi\u015f. Par\u00e7a, kay\u0131tlar\u0131 dahil (miks hari\u00e7) 24 saat i\u00e7inde tamamlanm\u0131\u015f.<\/p>\n<p>A\u015fa\u011f\u0131daki videoda par\u00e7an\u0131n vokal kanallar\u0131n\u0131 dinleyebilirsiniz.<\/p>\n<div class=\"embed-vimeo\" style=\"text-align: center;\"><iframe loading=\"lazy\" src=\"https:\/\/player.vimeo.com\/video\/220984352\" width=\"700\" height=\"394\" frameborder=\"0\" webkitallowfullscreen mozallowfullscreen allowfullscreen><\/iframe><\/div>\n<p>Kula\u011f\u0131m\u0131za ilk \u00e7arpan uzun bir reverb oluyor. S\u00fcresi uzun olsa da reverb, par\u00e7an\u0131n miksinin i\u00e7ine \u00e7ok iyi oturuyor. Burada en \u00f6nemli etkenlerden biri reverb&#8217;\u00fcn alt frekanslar\u0131n\u0131n low cut filtre ile kesilmi\u015f, \u00fcst frekanslar\u0131n da azalt\u0131lm\u0131\u015f olmas\u0131. Vokalleri tek ba\u015f\u0131na dinledi\u011fimizde reverb her ne kadar biraz fazla orta-frekans a\u011f\u0131rl\u0131kl\u0131 (mid) gelse\u00a0de miksin i\u00e7inde her \u015fey yerli yerinde duyuluyor. Bu da bize kanallar\u0131 tek tek de\u011fil de her zaman bir b\u00fct\u00fcn i\u00e7inde de\u011ferlendirmemizi bir defa daha hat\u0131rlat\u0131yor.<\/p>\n<p>01:43&#8217;te &#8220;turned away from it all like a blind man&#8221; s\u00f6zleriyle ba\u015flayan b\u00f6l\u00fcmde reverb kullan\u0131lmam\u0131\u015f, bunun sebebi de vokalleri bize m\u00fcmk\u00fcn oldu\u011funca yak\u0131n duyurmak. \u00c7e\u015fitli yerlerde delay efekti duyuyoruz. Bunlara ek olarak vokalleri biraz geni\u015f duyurmak i\u00e7in mod\u00fclasyon efektleri kullan\u0131lm\u0131\u015f.<\/p>\n<p>Par\u00e7an\u0131n vokal d\u00fczenlemelerinin ne kadar b\u00fcy\u00fck ustal\u0131kla yap\u0131ld\u0131\u011f\u0131n\u0131 s\u00f6ylemeye gerek yok san\u0131r\u0131m.<\/p>\n<p>&nbsp;<\/p>\n<p>Teknik terimler i\u00e7in <a href=\"http:\/\/www.ufukonen.com\/tr\/ses-kayit-muzik-teknolojisi-terimler-sozluk.html\">m\u00fczik teknolojisi, m\u00fczik prod\u00fcksiyonu ve ses kay\u0131t terimleri s\u00f6zl\u00fc\u011f\u00fcne<\/a> g\u00f6z atabilirsiniz.<\/p>\n<p>Benzer payla\u015f\u0131mlar i\u00e7in beni <a href=\"https:\/\/www.facebook.com\/ufukonen.skmt\/\" target=\"_blank\" rel=\"noopener noreferrer\">Facebook<\/a> ve <a href=\"https:\/\/twitter.com\/UfukOnen\" target=\"_blank\" rel=\"noopener noreferrer\">Twitter<\/a>&#8216;da takip edebilir, haberler i\u00e7in <a href=\"http:\/\/ufukonen.com\/tr\/ses-kayit-muzik-teknolojisi-terimler-sozluk.html\" target=\"_blank\" rel=\"noopener noreferrer\">mesaj listeme \u00fcye olabilirsiniz<\/a>. Te\u015fekk\u00fcrler.<\/p>\n<p>&nbsp;<\/p>\n<p>\u00a9 2017 Ufuk \u00d6nen. Her hakk\u0131 sakl\u0131d\u0131r. \u0130zinsiz kullan\u0131lamaz.<\/p>\n","protected":false},"excerpt":{"rendered":"<p class=\"post-excerpt\">Queen, 1981 yaz\u0131nda\u00a0Hot Space alb\u00fcm\u00fcn\u00fcn kayd\u0131 i\u00e7in \u0130svi\u00e7re&#8217;de Mountain st\u00fcdyolar\u0131ndayken, David Bowie de ayn\u0131 st\u00fcdyoda Cat People filminin m\u00fcziklerini kaydediyormu\u015f&#8230;.<\/p>\n","protected":false},"author":2,"featured_media":3110,"comment_status":"closed","ping_status":"open","sticky":false,"template":"","format":"standard","meta":{"_mi_skip_tracking":false,"spay_email":"","jetpack_publicize_message":"","jetpack_is_tweetstorm":false,"jetpack_publicize_feature_enabled":true},"categories":[20,16],"tags":[],"jetpack_featured_media_url":"https:\/\/www.ufukonen.com\/tr\/wp-content\/uploads\/Queen-David_Bowie-Under_Pressure_1981_mod.jpg","jetpack_publicize_connections":[],"jetpack_shortlink":"https:\/\/wp.me\/p3rjsG-O5","jetpack_sharing_enabled":true,"jetpack-related-posts":[{"id":8272,"url":"https:\/\/www.ufukonen.com\/tr\/miks-referans-parca-karsilastirirken.html","url_meta":{"origin":3105,"position":0},"title":"Miksinizi Referans Par\u00e7a \u0130le Kar\u015f\u0131la\u015ft\u0131r\u0131rken Dikkat Etmeniz Gereken 4 Nokta","date":"February 5, 2024","format":false,"excerpt":"Yapt\u0131\u011f\u0131m\u0131z miksi referans ald\u0131\u011f\u0131m\u0131z bir par\u00e7a ile kar\u015f\u0131la\u015ft\u0131rmak hepimizin s\u0131kl\u0131kla uygulad\u0131\u011f\u0131 bir y\u00f6ntem. Peki, bunu yaparken nelere dikkat etmeliyiz? Bu yaz\u0131mda miksinizi referans par\u00e7a ile kar\u015f\u0131la\u015ft\u0131r\u0131rken dikkat etmeniz gereken d\u00f6rt noktay\u0131 sizlerle payla\u015fmak istiyorum. 1- Vokal Amat\u00f6r ve profesyonel miksleri birbirlerinden ay\u0131ran en belirgin farklardan biri vokalin miksteki yeridir. Amat\u00f6r\u2026","rel":"","context":"In &quot;M\u00fczik Prod\u00fcksiyonu&quot;","img":{"alt_text":"","src":"https:\/\/i0.wp.com\/www.ufukonen.com\/tr\/wp-content\/uploads\/Miks_Referans_Parca_Karsilastirirken_00_Header.jpg?resize=350%2C200&ssl=1","width":350,"height":200},"classes":[]},{"id":4974,"url":"https:\/\/www.ufukonen.com\/tr\/mikste-referans-parca-kullanimi.html","url_meta":{"origin":3105,"position":1},"title":"Mikste Referans Par\u00e7a Kullan\u0131m\u0131","date":"August 19, 2019","format":false,"excerpt":"Miks s\u0131ras\u0131nda yapt\u0131\u011f\u0131m\u0131z i\u015fi, kalitesinden emin oldu\u011fumuz bir prod\u00fcksiyon ile k\u0131yaslamak amac\u0131yla kulland\u0131\u011f\u0131m\u0131z par\u00e7alara referans par\u00e7a ad\u0131 veriliyor. Baz\u0131lar\u0131 referans par\u00e7alar\u0131 sadece amat\u00f6rlerin ya da i\u015fe yeni ba\u015flayan miks m\u00fchendislerinin kulland\u0131\u011f\u0131n\u0131 d\u00fc\u015f\u00fcn\u00fcyor, ancak bu do\u011fru de\u011fil. Referans par\u00e7alar deneyimli miks m\u00fchendisleri taraf\u0131ndan da s\u0131kl\u0131kla kullan\u0131l\u0131yor. Referans par\u00e7a kullan\u0131m\u0131 \u00e7al\u0131\u015fmakta oldu\u011funuz\u2026","rel":"","context":"In &quot;M\u00fczik Prod\u00fcksiyonu&quot;","img":{"alt_text":"","src":"https:\/\/i0.wp.com\/www.ufukonen.com\/tr\/wp-content\/uploads\/Mikste_Referans_Parca_Kullanimi_720.jpg?resize=350%2C200&ssl=1","width":350,"height":200},"classes":[]},{"id":6447,"url":"https:\/\/www.ufukonen.com\/tr\/vokal-miksi-rehber-2.html","url_meta":{"origin":3105,"position":2},"title":"Vokal Miksi i\u00e7in Mini Rehber (2. B\u00f6l\u00fcm)","date":"March 22, 2021","format":false,"excerpt":"Bu yaz\u0131mda vokal miksi i\u00e7in kullanabilece\u011finiz sekiz ba\u015fl\u0131ktan olu\u015fan bir mini rehber haz\u0131rlad\u0131m. Her ba\u015fl\u0131\u011f\u0131n alt\u0131nda ilgili yaz\u0131lar\u0131n linklerini ekledim. \u0130lk olarak 22 Mart 2021'de yay\u0131nlanm\u0131\u015f olan bu mini rehber, 8 A\u011fustos 2022, 28 Kas\u0131m 2022, 20 Mart 2023 ve 7 A\u011fustos 2025 tarihlerinde g\u00fcncellenmi\u015ftir. Filtre ve EQKompres\u00f6rEQDe-esserSidechain Kompres\u00f6r Kullan\u0131m\u0131Saturation,\u2026","rel":"","context":"In &quot;M\u00fczik Prod\u00fcksiyonu&quot;","img":{"alt_text":"","src":"https:\/\/i0.wp.com\/www.ufukonen.com\/tr\/wp-content\/uploads\/Vokal_Miksi_Mini_Rehber_00_Header.jpg?resize=350%2C200&ssl=1","width":350,"height":200},"classes":[]},{"id":3639,"url":"https:\/\/www.ufukonen.com\/tr\/reverb-decay-pre-delay.html","url_meta":{"origin":3105,"position":3},"title":"Reverb \u00dczerindeki Decay ve Pre-Delay Parametrelerinin Ayarlanmas\u0131","date":"February 5, 2018","format":false,"excerpt":"Reverb \u00fczerindeki decay ve pre-delay parametreleri par\u00e7an\u0131n temposuna g\u00f6re ayarlan\u0131rsa reverb'\u00fcn sesi \u00e7amurlu bir hale getirmeden ve mikste kar\u0131\u015f\u0131kl\u0131k yaratmadan m\u00fczi\u011fin i\u00e7ine oturmas\u0131 \u00e7ok daha kolay olur. Profesyonel miks m\u00fchendisleri mikslerinde reverb kullan\u0131rken \u00f6zellikle bu iki parametreye \u00e7ok dikkat ederler. \u00a0 Decay Decay parametresini par\u00e7an\u0131n temposuna g\u00f6re ayarlaman\u0131n iki yolu\u2026","rel":"","context":"In &quot;M\u00fczik Prod\u00fcksiyonu&quot;","img":{"alt_text":"","src":"https:\/\/i0.wp.com\/www.ufukonen.com\/tr\/wp-content\/uploads\/Reverb_Decay_Pre-Delay.jpg?resize=350%2C200&ssl=1","width":350,"height":200},"classes":[]},{"id":6157,"url":"https:\/\/www.ufukonen.com\/tr\/trampet-reverb-bir-tuyo.html","url_meta":{"origin":3105,"position":4},"title":"Trampet ve Reverb: Bir T\u00fcyo","date":"November 2, 2020","format":false,"excerpt":"Bir\u00e7ok mikste en y\u00fcksek seviyeli \u00f6gelerden biri trampet oluyor. Kendi seviyesi oldu\u011fu kadar reverb seviyesi de olduk\u00e7a y\u00fcksek oluyor. Bu durumda trampet i\u00e7in kulland\u0131\u011f\u0131n\u0131z reverb'\u00fcn miksi \u00e7amurlu bir hale getirmesini ve kar\u0131\u015f\u0131kl\u0131\u011fa yol a\u00e7mas\u0131n\u0131 \u00f6nlemek \u00e7ok \u00f6nemli bir hale geliyor. Bu noktada kulland\u0131\u011f\u0131n\u0131z reverb program\u0131n\u0131n reverb s\u00fcresi (reverb time) devreye\u2026","rel":"","context":"In &quot;M\u00fczik Prod\u00fcksiyonu&quot;","img":{"alt_text":"","src":"https:\/\/i0.wp.com\/www.ufukonen.com\/tr\/wp-content\/uploads\/Trampet_Reverb_Bir_Tuyo_0_Header.jpg?resize=350%2C200&ssl=1","width":350,"height":200},"classes":[]},{"id":6345,"url":"https:\/\/www.ufukonen.com\/tr\/mikste-vokali-one-cikartmak.html","url_meta":{"origin":3105,"position":5},"title":"Mikste Vokali \u00d6ne \u00c7\u0131kartmak \u0130\u00e7in Bir Teknik","date":"January 18, 2021","format":false,"excerpt":"Vokalin par\u00e7an\u0131n i\u00e7inde baz\u0131 yerlerde miksin i\u00e7ine g\u00f6m\u00fcld\u00fc\u011f\u00fcn\u00fc ya da miks i\u00e7inde sahip oldu\u011fu alan\u0131 kaybetti\u011fini hissedebilirsiniz. Bu, daha \u00e7ok nakarat gibi enstr\u00fcman ve kanal say\u0131s\u0131n\u0131n artt\u0131\u011f\u0131 yerlerde kar\u015f\u0131m\u0131za \u00e7\u0131kan bir durumdur. B\u00f6yle bir durumda genel olarak ilk yap\u0131lan hareket otomasyon ile vokalin seviyesini birka\u00e7 dB y\u00fckseltmek oluyor. \u00c7o\u011fu zaman\u2026","rel":"","context":"In &quot;M\u00fczik Prod\u00fcksiyonu&quot;","img":{"alt_text":"","src":"https:\/\/i0.wp.com\/www.ufukonen.com\/tr\/wp-content\/uploads\/Mikste_Vokali_One_Cikartmak_00_Header.jpg?resize=350%2C200&ssl=1","width":350,"height":200},"classes":[]}],"_links":{"self":[{"href":"https:\/\/www.ufukonen.com\/tr\/wp-json\/wp\/v2\/posts\/3105"}],"collection":[{"href":"https:\/\/www.ufukonen.com\/tr\/wp-json\/wp\/v2\/posts"}],"about":[{"href":"https:\/\/www.ufukonen.com\/tr\/wp-json\/wp\/v2\/types\/post"}],"author":[{"embeddable":true,"href":"https:\/\/www.ufukonen.com\/tr\/wp-json\/wp\/v2\/users\/2"}],"replies":[{"embeddable":true,"href":"https:\/\/www.ufukonen.com\/tr\/wp-json\/wp\/v2\/comments?post=3105"}],"version-history":[{"count":5,"href":"https:\/\/www.ufukonen.com\/tr\/wp-json\/wp\/v2\/posts\/3105\/revisions"}],"predecessor-version":[{"id":3111,"href":"https:\/\/www.ufukonen.com\/tr\/wp-json\/wp\/v2\/posts\/3105\/revisions\/3111"}],"wp:featuredmedia":[{"embeddable":true,"href":"https:\/\/www.ufukonen.com\/tr\/wp-json\/wp\/v2\/media\/3110"}],"wp:attachment":[{"href":"https:\/\/www.ufukonen.com\/tr\/wp-json\/wp\/v2\/media?parent=3105"}],"wp:term":[{"taxonomy":"category","embeddable":true,"href":"https:\/\/www.ufukonen.com\/tr\/wp-json\/wp\/v2\/categories?post=3105"},{"taxonomy":"post_tag","embeddable":true,"href":"https:\/\/www.ufukonen.com\/tr\/wp-json\/wp\/v2\/tags?post=3105"}],"curies":[{"name":"wp","href":"https:\/\/api.w.org\/{rel}","templated":true}]}}