{"id":3112,"date":"2017-07-03T01:00:57","date_gmt":"2017-07-02T22:00:57","guid":{"rendered":"http:\/\/www.ufukonen.com\/tr\/?p=3112"},"modified":"2017-07-02T23:39:48","modified_gmt":"2017-07-02T20:39:48","slug":"miks-tamamlandiktan-sonra","status":"publish","type":"post","link":"https:\/\/www.ufukonen.com\/tr\/miks-tamamlandiktan-sonra.html","title":{"rendered":"Miks Tamamland\u0131ktan Sonra"},"content":{"rendered":"<p><img loading=\"lazy\" class=\"aligncenter wp-image-3116\" src=\"http:\/\/www.ufukonen.com\/tr\/wp-content\/uploads\/Miks_Tamamlandiktan_Sonra-1024x576.jpg\" alt=\"\" width=\"550\" height=\"309\" srcset=\"https:\/\/www.ufukonen.com\/tr\/wp-content\/uploads\/Miks_Tamamlandiktan_Sonra-1024x576.jpg 1024w, https:\/\/www.ufukonen.com\/tr\/wp-content\/uploads\/Miks_Tamamlandiktan_Sonra-300x169.jpg 300w, https:\/\/www.ufukonen.com\/tr\/wp-content\/uploads\/Miks_Tamamlandiktan_Sonra-768x432.jpg 768w, https:\/\/www.ufukonen.com\/tr\/wp-content\/uploads\/Miks_Tamamlandiktan_Sonra.jpg 1280w\" sizes=\"(max-width: 550px) 100vw, 550px\" \/><\/p>\n<p style=\"text-align: center;\">Bu yaz\u0131 &#8220;<a href=\"http:\/\/www.ufukonen.com\/tr\/miksin-sonunda-yapilmasi-ve-yapilmamasi-gerekenler.html\">Miksin Sonunda Yap\u0131lmas\u0131 ve Yap\u0131lmamas\u0131 Gerekenler<\/a>&#8221; ve &#8220;<a href=\"http:\/\/www.ufukonen.com\/tr\/miks-dosyalarini-isimlendirme.html\">Miks Dosyalar\u0131n\u0131 \u0130simlendirme<\/a>&#8221; ba\u015fl\u0131kl\u0131 yaz\u0131lar\u0131n devam\u0131d\u0131r.<\/p>\n<p>&nbsp;<\/p>\n<p>Miksi tamamlad\u0131ktan sonra bence yap\u0131lmas\u0131 gereken, yapt\u0131\u011f\u0131n\u0131z miksi objektif ve ele\u015ftirel bir bi\u00e7imde dinlemek, ihtiya\u00e7 oldu\u011funu d\u00fc\u015f\u00fcn\u00fcrseniz miksi revize etmektir. Ancak bunu sa\u011fl\u0131kl\u0131 bir \u015fekilde yapabilmek i\u00e7in kendinize biraz s\u00fcre tan\u0131mak, bu s\u00fcre i\u00e7inde kulaklar\u0131n\u0131z\u0131 dinlendirip miksten uzakla\u015fmak gerekir. Bahsetti\u011fim s\u00fcrenin uzunlu\u011fu ki\u015fiden ki\u015fiye g\u00f6re de\u011fi\u015fir. Bu, baz\u0131s\u0131 i\u00e7in birka\u00e7 saat, baz\u0131s\u0131 i\u00e7in birka\u00e7 g\u00fcn olabilir. Benim tavsiyem arada en az bir gece b\u0131rakman\u0131z, di\u011fer bir deyi\u015fle ele\u015ftirel dinleme i\u015flemini miksi tamamlad\u0131ktan sonra en erken ertesi g\u00fcn yapman\u0131z&#8230; <a href=\"http:\/\/www.ufukonen.com\/tr\/muzik-produksiyonlarinda-miks-teknikleri.html\" target=\"_blank\" rel=\"noopener noreferrer\"><em><strong>Miks \u00dczerine: M\u00fczik Prod\u00fcksiyonlar\u0131nda Miks Teknikleri ve \u00c7e\u015fitli Yakla\u015f\u0131mlar<\/strong><\/em><\/a> adl\u0131 kitab\u0131mdaki r\u00f6portajlarda da g\u00f6r\u00fcld\u00fc\u011f\u00fc gibi ara b\u0131rakma, kendinize s\u00fcre tan\u0131ma, sadece benim yapt\u0131\u011f\u0131m veya tercih etti\u011fim bir \u015fey de\u011fil; bir\u00e7ok profesyonel, miks bittikten sonra son kontrollere ba\u015flamadan \u00f6nce mutlaka arada belli bir zaman b\u0131rak\u0131yor.<\/p>\n<p>Ele\u015ftirel dinleme ve son kontroller s\u0131ras\u0131nda kendinize sorman\u0131z gereken en \u00f6nemli soru, par\u00e7ada \u00f6ne \u00e7\u0131kmas\u0131 gereken \u00f6ge veya \u00f6geleri odak noktas\u0131na oturtup oturtamad\u0131\u011f\u0131n\u0131z olmal\u0131d\u0131r. Di\u011fer \u00f6nemli bir nokta ise par\u00e7adaki enstr\u00fcmanlar\u0131n mikste ne zaman ve ne kadar kullan\u0131ld\u0131\u011f\u0131d\u0131r. Dinleyicinin ilgisini kaybetmemek i\u00e7in par\u00e7an\u0131n miksi statik de\u011fil, dinamik olmal\u0131d\u0131r. Bunu sa\u011flamak i\u00e7in de baz\u0131 enstrumanlar\u0131 yer yer miksten \u00e7\u0131karmak, baz\u0131 zamanlarda ise mikse yeni sesler ve enstr\u00fcmanlar eklemek gerekir. Bu, asl\u0131nda par\u00e7an\u0131n d\u00fczenlemesiyle de ilgilidir, ancak miks s\u0131ras\u0131nda da belli bir oranda ger\u00e7ekle\u015ftirilebilir.<\/p>\n<p>Miksin e\u011fer bu noktalar a\u00e7\u0131s\u0131ndan herhangi bir problemi yoksa ve par\u00e7a genel olarak olmas\u0131 gerekti\u011fi gibi ya da istedi\u011finiz \u015fekilde duyuluyorsa, bir sonraki ad\u0131m par\u00e7an\u0131n s\u00f6zlerinin tek tek anla\u015f\u0131l\u0131p anla\u015f\u0131lmad\u0131\u011f\u0131 kontrol etmek olmal\u0131d\u0131r. E\u011fer anla\u015f\u0131lm\u0131yorsa vokalin otomasyonu \u00fczerinde ince ayar yapmak gerekebilir.<\/p>\n<p>Reverb ve delay gibi efektleri de kontrol etmekte fayda vard\u0131r. \u00d6zellikle vokallerde kullan\u0131lan reverb ve delay\u2019lerin sibilant seslerin \u00fczerine binmemi\u015f oldu\u011funa dikkat edilmelidir.<\/p>\n<p>Son olarak (belki de en \u00f6nemlisi), miksin bir b\u00fct\u00fcn oldu\u011funu, i\u00e7indeki seslerin tek ba\u015flar\u0131na de\u011fil, bu b\u00fct\u00fcn i\u00e7inde nas\u0131l duyulduklar\u0131n\u0131n \u00f6nemli oldu\u011funu ve bu b\u00fct\u00fcn\u00fcn\u00fcn de par\u00e7aya, di\u011fer bir deyi\u015fle m\u00fczi\u011fe hizmet etmesi gerekti\u011fini hi\u00e7bir zaman unutmamal\u0131y\u0131z.<\/p>\n<p>Bu yaz\u0131\u00a0<a href=\"http:\/\/www.ufukonen.com\/tr\/muzik-produksiyonlarinda-miks-teknikleri.html\" target=\"_blank\" rel=\"noopener noreferrer\"><em><strong>Miks \u00dczerine: M\u00fczik Prod\u00fcksiyonlar\u0131nda Miks Teknikleri ve \u00c7e\u015fitli Yakla\u015f\u0131mlar<\/strong><\/em><\/a> adl\u0131 kitab\u0131mdan al\u0131nm\u0131\u015ft\u0131r.<\/p>\n<p><a href=\"http:\/\/www.ufukonen.com\/tr\/muzik-produksiyonlarinda-miks-teknikleri.html\" target=\"_blank\" rel=\"noopener noreferrer\"><img loading=\"lazy\" class=\"aligncenter wp-image-2818\" src=\"http:\/\/www.ufukonen.com\/tr\/wp-content\/uploads\/Onen_MPMT_AMEK_Background_1024x541-1024x541.jpg\" alt=\"\" width=\"450\" height=\"238\" srcset=\"https:\/\/www.ufukonen.com\/tr\/wp-content\/uploads\/Onen_MPMT_AMEK_Background_1024x541.jpg 1024w, https:\/\/www.ufukonen.com\/tr\/wp-content\/uploads\/Onen_MPMT_AMEK_Background_1024x541-300x158.jpg 300w, https:\/\/www.ufukonen.com\/tr\/wp-content\/uploads\/Onen_MPMT_AMEK_Background_1024x541-768x406.jpg 768w\" sizes=\"(max-width: 450px) 100vw, 450px\" \/><\/a><\/p>\n<p>&nbsp;<\/p>\n<p>Teknik terimler i\u00e7in <a href=\"http:\/\/www.ufukonen.com\/tr\/ses-kayit-muzik-teknolojisi-terimler-sozluk.html\">m\u00fczik teknolojisi, m\u00fczik prod\u00fcksiyonu ve ses kay\u0131t terimleri s\u00f6zl\u00fc\u011f\u00fcne<\/a> g\u00f6z atabilirsiniz.<\/p>\n<p>Benzer payla\u015f\u0131mlar i\u00e7in beni <a href=\"https:\/\/www.facebook.com\/ufukonen.skmt\/\" target=\"_blank\" rel=\"noopener noreferrer\">Facebook<\/a> ve <a href=\"https:\/\/twitter.com\/UfukOnen\" target=\"_blank\" rel=\"noopener noreferrer\">Twitter<\/a>&#8216;da takip edebilir, haberler i\u00e7in <a href=\"http:\/\/ufukonen.com\/tr\/ses-kayit-muzik-teknolojisi-terimler-sozluk.html\" target=\"_blank\" rel=\"noopener noreferrer\">mesaj listeme \u00fcye olabilirsiniz<\/a>. Te\u015fekk\u00fcrler.<\/p>\n<p>\u00a9 2016-2017 Ufuk \u00d6nen. Her hakk\u0131 sakl\u0131d\u0131r. \u0130zinsiz kullan\u0131lamaz.<\/p>\n<p>&nbsp;<\/p>\n<p style=\"text-align: center;\">Miks Tamamland\u0131ktan Sonra ba\u015fl\u0131kl\u0131 bu yaz\u0131, a\u015fa\u011f\u0131daki iki yaz\u0131n\u0131n devam\u0131d\u0131r:<\/p>\n<p><a href=\"http:\/\/www.ufukonen.com\/tr\/miksin-sonunda-yapilmasi-ve-yapilmamasi-gerekenler.html\"><img loading=\"lazy\" class=\"aligncenter wp-image-2882\" src=\"http:\/\/www.ufukonen.com\/tr\/wp-content\/uploads\/Miks_Sonunda-300x169.jpg\" alt=\"\" width=\"250\" height=\"141\" srcset=\"https:\/\/www.ufukonen.com\/tr\/wp-content\/uploads\/Miks_Sonunda-300x169.jpg 300w, https:\/\/www.ufukonen.com\/tr\/wp-content\/uploads\/Miks_Sonunda-768x432.jpg 768w, https:\/\/www.ufukonen.com\/tr\/wp-content\/uploads\/Miks_Sonunda-1024x576.jpg 1024w, https:\/\/www.ufukonen.com\/tr\/wp-content\/uploads\/Miks_Sonunda.jpg 1280w\" sizes=\"(max-width: 250px) 100vw, 250px\" \/><\/a><\/p>\n<p style=\"text-align: center;\"><a href=\"http:\/\/www.ufukonen.com\/tr\/miksin-sonunda-yapilmasi-ve-yapilmamasi-gerekenler.html\">Miksin Sonunda Yap\u0131lmas\u0131 ve Yap\u0131lmamas\u0131 Gerekenler<\/a><\/p>\n<p>&nbsp;<\/p>\n<p><a href=\"http:\/\/www.ufukonen.com\/tr\/miks-dosyalarini-isimlendirme.html\"><img loading=\"lazy\" class=\"aligncenter wp-image-3018\" src=\"http:\/\/www.ufukonen.com\/tr\/wp-content\/uploads\/Miks_Dosyalarini_Isimlendirme_1280-300x200.jpg\" alt=\"\" width=\"250\" height=\"167\" srcset=\"https:\/\/www.ufukonen.com\/tr\/wp-content\/uploads\/Miks_Dosyalarini_Isimlendirme_1280-300x200.jpg 300w, https:\/\/www.ufukonen.com\/tr\/wp-content\/uploads\/Miks_Dosyalarini_Isimlendirme_1280-768x512.jpg 768w, https:\/\/www.ufukonen.com\/tr\/wp-content\/uploads\/Miks_Dosyalarini_Isimlendirme_1280-1024x683.jpg 1024w, https:\/\/www.ufukonen.com\/tr\/wp-content\/uploads\/Miks_Dosyalarini_Isimlendirme_1280.jpg 1080w\" sizes=\"(max-width: 250px) 100vw, 250px\" \/><\/a><\/p>\n<p style=\"text-align: center;\"><a href=\"http:\/\/www.ufukonen.com\/tr\/miks-dosyalarini-isimlendirme.html\">Miks Dosyalar\u0131n\u0131 \u0130simlendirme<\/a><\/p>\n<p>&nbsp;<\/p>\n","protected":false},"excerpt":{"rendered":"<p class=\"post-excerpt\">Bu yaz\u0131 &#8220;Miksin Sonunda Yap\u0131lmas\u0131 ve Yap\u0131lmamas\u0131 Gerekenler&#8221; ve &#8220;Miks Dosyalar\u0131n\u0131 \u0130simlendirme&#8221; ba\u015fl\u0131kl\u0131 yaz\u0131lar\u0131n devam\u0131d\u0131r. &nbsp; Miksi tamamlad\u0131ktan sonra bence&#8230;<\/p>\n","protected":false},"author":2,"featured_media":3116,"comment_status":"closed","ping_status":"open","sticky":false,"template":"","format":"standard","meta":{"_mi_skip_tracking":false,"spay_email":"","jetpack_publicize_message":"","jetpack_is_tweetstorm":false,"jetpack_publicize_feature_enabled":true},"categories":[18],"tags":[],"jetpack_featured_media_url":"https:\/\/www.ufukonen.com\/tr\/wp-content\/uploads\/Miks_Tamamlandiktan_Sonra.jpg","jetpack_publicize_connections":[],"jetpack_shortlink":"https:\/\/wp.me\/p3rjsG-Oc","jetpack_sharing_enabled":true,"jetpack-related-posts":[{"id":2866,"url":"https:\/\/www.ufukonen.com\/tr\/miksin-sonunda-yapilmasi-ve-yapilmamasi-gerekenler.html","url_meta":{"origin":3112,"position":0},"title":"Miksin Sonunda Yap\u0131lmas\u0131 ve Yap\u0131lmamas\u0131 Gerekenler","date":"December 22, 2016","format":false,"excerpt":"\u00a0 Miksin sonunda prod\u00fcksiyon zincirinde son halka olan mastering i\u015flemini g\u00f6z \u00f6n\u00fcne almak gerekir. Bir st\u00fcdyoya g\u00f6nderecek de olsan\u0131z, kendiniz yapacak da olsan\u0131z baz\u0131 i\u015fler mastering a\u015famas\u0131na b\u0131rak\u0131lmal\u0131d\u0131r. Benim tecr\u00fcbelerime ve fikirlerime g\u00f6re miksin sonunda yap\u0131lmas\u0131 ve yap\u0131lmamas\u0131 gerekenler \u015f\u00f6yle... \u00a0 Fade Out Miksi bounce ya da export ederken par\u00e7an\u0131n\u2026","rel":"","context":"In &quot;Ses ve M\u00fczik Teknolojileri&quot;","img":{"alt_text":"","src":"https:\/\/i0.wp.com\/www.ufukonen.com\/tr\/wp-content\/uploads\/Miks_Sonunda.jpg?resize=350%2C200&ssl=1","width":350,"height":200},"classes":[]},{"id":4234,"url":"https:\/\/www.ufukonen.com\/tr\/vokal-kaydi-birkac-tavsiye.html","url_meta":{"origin":3112,"position":1},"title":"Vokal Kayd\u0131: Birka\u00e7 Tavsiye","date":"October 8, 2018","format":false,"excerpt":"Bu yaz\u0131mda vokal kayd\u0131 ile ilgili birka\u00e7 tavsiyede bulunmak istiyorum. Ses Kay\u0131t ve M\u00fczik Teknolojileri (SKMT) adl\u0131 kitab\u0131mda vokal kayd\u0131 ile daha detayl\u0131 bilgiler bulabilirsiniz. Yine konu ile ilgili olarak, \"Bruce Swedien ile Vokal Kayd\u0131 \u00dczerine\" ba\u015fl\u0131kl\u0131 blog yaz\u0131m\u0131 okuyabilirsiniz. Mikrofon Se\u00e7imi Vokal kay\u0131tlar\u0131 i\u00e7in mikrofon se\u00e7erken ilk tercih genelde\u2026","rel":"","context":"In &quot;M\u00fczik Prod\u00fcksiyonu&quot;","img":{"alt_text":"","src":"https:\/\/i0.wp.com\/www.ufukonen.com\/tr\/wp-content\/uploads\/Vokal_Kaydi_Birkac_Tavsiye.jpg?resize=350%2C200&ssl=1","width":350,"height":200},"classes":[]},{"id":3013,"url":"https:\/\/www.ufukonen.com\/tr\/miks-dosyalarini-isimlendirme.html","url_meta":{"origin":3112,"position":2},"title":"Miks Dosyalar\u0131n\u0131 \u0130simlendirme","date":"April 28, 2017","format":false,"excerpt":"Miksi tamamlay\u0131p stereo olarak bir ses dosyas\u0131na bounce ya da export ederken kullanaca\u011f\u0131n\u0131z isim veya isimlendirme sistemi b\u00fcy\u00fck \u00f6nem ta\u015f\u0131r. Eskiden mikslerin genelde bir ya da iki versiyonu olurdu. G\u00fcn\u00fcm\u00fczde ise biten ya da bitti\u011fi d\u00fc\u015f\u00fcn\u00fclen miksler \u00fczerinde bir\u00e7ok revizyon yap\u0131l\u0131yor. E\u011fer bu dosyalar\u0131 belirli bir sistematik dahilinde isimlendirmezseniz ipin\u2026","rel":"","context":"In &quot;Ses ve M\u00fczik Teknolojileri&quot;","img":{"alt_text":"","src":"https:\/\/i0.wp.com\/www.ufukonen.com\/tr\/wp-content\/uploads\/Miks_Dosyalarini_Is\u0131mlendirme_2021_rfs.jpg?resize=350%2C200&ssl=1","width":350,"height":200},"classes":[]},{"id":5130,"url":"https:\/\/www.ufukonen.com\/tr\/eq-kullanimi-birkac-tavsiye-3.html","url_meta":{"origin":3112,"position":3},"title":"EQ Kullan\u0131m\u0131: Birka\u00e7 Tavsiye (3. B\u00f6l\u00fcm)","date":"October 28, 2019","format":false,"excerpt":"Ge\u00e7ti\u011fimiz y\u0131l yay\u0131mlad\u0131\u011f\u0131m \"EQ Kullan\u0131m\u0131: Birka\u00e7 Tavsiye\" ba\u015fl\u0131kl\u0131 yaz\u0131 baya\u011f\u0131 bir ilgi g\u00f6rd\u00fc. Ard\u0131ndan EQ ile ilgili \u00e7e\u015fitli sorular geldi. Ben de o sorular\u0131 da g\u00f6z \u00f6n\u00fcne alarak bu ba\u015fl\u0131\u011f\u0131 bir yaz\u0131 dizisine \u00e7evirme karar\u0131 ald\u0131m. \u00dc\u00e7\u00fcnc\u00fc b\u00f6l\u00fcm ile devam ediyorum. Birinci ve ikinci b\u00f6l\u00fcmlere a\u015fa\u011f\u0131daki linklerden ula\u015fabilirsiniz: Birinci b\u00f6l\u00fcm\u2026","rel":"","context":"In &quot;M\u00fczik Prod\u00fcksiyonu&quot;","img":{"alt_text":"","src":"https:\/\/i0.wp.com\/www.ufukonen.com\/tr\/wp-content\/uploads\/EQ_Kullanimi_Birkac_Tavsiye_1080.jpg?resize=350%2C200&ssl=1","width":350,"height":200},"classes":[]},{"id":6447,"url":"https:\/\/www.ufukonen.com\/tr\/vokal-miksi-rehber-2.html","url_meta":{"origin":3112,"position":4},"title":"Vokal Miksi i\u00e7in Mini Rehber (2. B\u00f6l\u00fcm)","date":"March 22, 2021","format":false,"excerpt":"Bu yaz\u0131mda vokal miksi i\u00e7in kullanabilece\u011finiz sekiz ba\u015fl\u0131ktan olu\u015fan bir mini rehber haz\u0131rlad\u0131m. Her ba\u015fl\u0131\u011f\u0131n alt\u0131nda ilgili yaz\u0131lar\u0131n linklerini ekledim. \u0130lk olarak 22 Mart 2021'de yay\u0131nlanm\u0131\u015f olan bu mini rehber, 8 A\u011fustos 2022, 28 Kas\u0131m 2022, 20 Mart 2023 ve 7 A\u011fustos 2025 tarihlerinde g\u00fcncellenmi\u015ftir. Filtre ve EQKompres\u00f6rEQDe-esserSidechain Kompres\u00f6r Kullan\u0131m\u0131Saturation,\u2026","rel":"","context":"In &quot;M\u00fczik Prod\u00fcksiyonu&quot;","img":{"alt_text":"","src":"https:\/\/i0.wp.com\/www.ufukonen.com\/tr\/wp-content\/uploads\/Vokal_Miksi_Mini_Rehber_00_Header.jpg?resize=350%2C200&ssl=1","width":350,"height":200},"classes":[]},{"id":6445,"url":"https:\/\/www.ufukonen.com\/tr\/vokal-miksi-rehber-1.html","url_meta":{"origin":3112,"position":5},"title":"Vokal Miksi i\u00e7in Mini Rehber (1. B\u00f6l\u00fcm)","date":"March 15, 2021","format":false,"excerpt":"Bu yaz\u0131mda vokal miksi i\u00e7in kullanabilece\u011finiz sekiz ba\u015fl\u0131ktan olu\u015fan bir mini rehber haz\u0131rlad\u0131m. Her ba\u015fl\u0131\u011f\u0131n alt\u0131nda ilgili yaz\u0131lar\u0131n linklerini ekledim. \u0130lk olarak 22 Mart 2021'de yay\u0131nlanm\u0131\u015f olan bu mini rehber, 8 A\u011fustos 2022, 28 Kas\u0131m 2022, 20 Mart 2023 ve 7 A\u011fustos 2025 tarihlerinde g\u00fcncellenmi\u015ftir. Filtre ve EQKompres\u00f6rEQDe-esserSidechain Kompres\u00f6r Kullan\u0131m\u0131Saturation,\u2026","rel":"","context":"In &quot;M\u00fczik Prod\u00fcksiyonu&quot;","img":{"alt_text":"","src":"https:\/\/i0.wp.com\/www.ufukonen.com\/tr\/wp-content\/uploads\/Vokal_Miksi_Mini_Rehber_00_Header.jpg?resize=350%2C200&ssl=1","width":350,"height":200},"classes":[]}],"_links":{"self":[{"href":"https:\/\/www.ufukonen.com\/tr\/wp-json\/wp\/v2\/posts\/3112"}],"collection":[{"href":"https:\/\/www.ufukonen.com\/tr\/wp-json\/wp\/v2\/posts"}],"about":[{"href":"https:\/\/www.ufukonen.com\/tr\/wp-json\/wp\/v2\/types\/post"}],"author":[{"embeddable":true,"href":"https:\/\/www.ufukonen.com\/tr\/wp-json\/wp\/v2\/users\/2"}],"replies":[{"embeddable":true,"href":"https:\/\/www.ufukonen.com\/tr\/wp-json\/wp\/v2\/comments?post=3112"}],"version-history":[{"count":6,"href":"https:\/\/www.ufukonen.com\/tr\/wp-json\/wp\/v2\/posts\/3112\/revisions"}],"predecessor-version":[{"id":3139,"href":"https:\/\/www.ufukonen.com\/tr\/wp-json\/wp\/v2\/posts\/3112\/revisions\/3139"}],"wp:featuredmedia":[{"embeddable":true,"href":"https:\/\/www.ufukonen.com\/tr\/wp-json\/wp\/v2\/media\/3116"}],"wp:attachment":[{"href":"https:\/\/www.ufukonen.com\/tr\/wp-json\/wp\/v2\/media?parent=3112"}],"wp:term":[{"taxonomy":"category","embeddable":true,"href":"https:\/\/www.ufukonen.com\/tr\/wp-json\/wp\/v2\/categories?post=3112"},{"taxonomy":"post_tag","embeddable":true,"href":"https:\/\/www.ufukonen.com\/tr\/wp-json\/wp\/v2\/tags?post=3112"}],"curies":[{"name":"wp","href":"https:\/\/api.w.org\/{rel}","templated":true}]}}