{"id":3120,"date":"2017-07-10T01:00:26","date_gmt":"2017-07-09T22:00:26","guid":{"rendered":"http:\/\/www.ufukonen.com\/tr\/?p=3120"},"modified":"2018-05-21T01:06:04","modified_gmt":"2018-05-20T22:06:04","slug":"muzik-endustrisine-bakis-5","status":"publish","type":"post","link":"https:\/\/www.ufukonen.com\/tr\/muzik-endustrisine-bakis-5.html","title":{"rendered":"M\u00fczik End\u00fcstrisine Bak\u0131\u015f (5. B\u00f6l\u00fcm)"},"content":{"rendered":"<p style=\"text-align: center;\"><img loading=\"lazy\" class=\"aligncenter wp-image-3144\" src=\"http:\/\/www.ufukonen.com\/tr\/wp-content\/uploads\/Muzik_Endustrisine_Bakis_5_Alt_w.jpg\" alt=\"\" width=\"500\" height=\"294\" srcset=\"https:\/\/www.ufukonen.com\/tr\/wp-content\/uploads\/Muzik_Endustrisine_Bakis_5_Alt_w.jpg 640w, https:\/\/www.ufukonen.com\/tr\/wp-content\/uploads\/Muzik_Endustrisine_Bakis_5_Alt_w-300x176.jpg 300w\" sizes=\"(max-width: 500px) 100vw, 500px\" \/><\/p>\n<p style=\"text-align: center;\">Birinci b\u00f6l\u00fcm i\u00e7in <a href=\"http:\/\/www.ufukonen.com\/tr\/muzik-endustrisine-bakis-1.html\">t\u0131klay\u0131n\u0131z<\/a> &#8211; \u0130kinci b\u00f6l\u00fcm i\u00e7in <a href=\"http:\/\/www.ufukonen.com\/tr\/muzik-endustrisine-bakis-2.html\">t\u0131klay\u0131n\u0131z<\/a><\/p>\n<p style=\"text-align: center;\">\u00dc\u00e7\u00fcnc\u00fc b\u00f6l\u00fcm i\u00e7in <a href=\"http:\/\/www.ufukonen.com\/tr\/muzik-endustrisine-bakis-3.html\">t\u0131klay\u0131n\u0131z<\/a>\u00a0&#8211; D\u00f6rd\u00fcnc\u00fc\u00a0b\u00f6l\u00fcm i\u00e7in <a href=\"http:\/\/www.ufukonen.com\/tr\/muzik-endustrisine-bakis-4.html\">t\u0131klay\u0131n\u0131z<\/a><\/p>\n<p>&#8220;M\u00fczik End\u00fcstrisine Bak\u0131\u015f&#8221; adl\u0131 yaz\u0131 dizimin 20 May\u0131s 2016 tarihinde yay\u0131mlad\u0131\u011f\u0131m d\u00f6rd\u00fcnc\u00fc b\u00f6l\u00fcm\u00fcnde, streaming gelirlerinin 2013 y\u0131l\u0131ndan itibaren t\u00fcm d\u00fcnyada artmaya ba\u015flad\u0131\u011f\u0131ndan bahsetmi\u015ftim. Bu b\u00f6l\u00fcmde IFPI (International Federation of the Phonographic Industry) 2017 Global M\u00fczik Raporu&#8217;ndaki 2016 y\u0131l\u0131 verilerini inceleyip, 2014 ve 2015 y\u0131llar\u0131n\u0131n verileri ile kar\u015f\u0131la\u015ft\u0131raca\u011f\u0131m.<\/p>\n<p>&nbsp;<\/p>\n<h3>Global Gelirler<\/h3>\n<p>1999 y\u0131l\u0131ndan beri s\u00fcrekli d\u00fc\u015f\u00fc\u015f g\u00f6steren global m\u00fczik gelirleri y\u0131llar sonra ilk defa, 2015 y\u0131l\u0131nda, az da olsa bir art\u0131\u015f sergilemi\u015fti. A\u015fa\u011f\u0131daki grafikte de g\u00f6rebilece\u011finiz gibi 1999 y\u0131l\u0131nda 23.8 milyar dolar olan global m\u00fczik gelirleri 2014 y\u0131l\u0131nda 14.3 milyar dolara kadar d\u00fc\u015fm\u00fc\u015ft\u00fc. 2015 y\u0131l\u0131nda ufak bir hareketlenme olmu\u015f ve gelirler 14.8 milyar dolara \u00e7\u0131km\u0131\u015ft\u0131. 2016 y\u0131l\u0131nda bu hareketlenme biraz daha artt\u0131 ve global gelirler 15.7 milyar dolar\u0131 buldu. Eskiye g\u00f6re k\u0131yaslad\u0131\u011f\u0131m\u0131zda bu say\u0131lar k\u00fc\u00e7\u00fck kal\u0131yor ama d\u00fc\u015fmenin durup, az da olsa bir y\u00fckselmenin ba\u015flam\u0131\u015f olmas\u0131 genel olarak umut verici olarak yorumlan\u0131yor.<\/p>\n<div id=\"attachment_3128\" style=\"width: 510px\" class=\"wp-caption aligncenter\"><a href=\"http:\/\/www.ufukonen.com\/tr\/wp-content\/uploads\/music_industry_revenues_1999-2016.png\" target=\"_blank\" rel=\"noopener noreferrer\"><img aria-describedby=\"caption-attachment-3128\" loading=\"lazy\" class=\"wp-image-3128\" src=\"http:\/\/www.ufukonen.com\/tr\/wp-content\/uploads\/music_industry_revenues_1999-2016-1024x543.png\" alt=\"\" width=\"500\" height=\"265\" srcset=\"https:\/\/www.ufukonen.com\/tr\/wp-content\/uploads\/music_industry_revenues_1999-2016-1024x543.png 1024w, https:\/\/www.ufukonen.com\/tr\/wp-content\/uploads\/music_industry_revenues_1999-2016-300x159.png 300w, https:\/\/www.ufukonen.com\/tr\/wp-content\/uploads\/music_industry_revenues_1999-2016-768x408.png 768w\" sizes=\"(max-width: 500px) 100vw, 500px\" \/><\/a><p id=\"caption-attachment-3128\" class=\"wp-caption-text\">1999-2016 M\u00fczik End\u00fcstrisi Global Gelirler<\/p><\/div>\n<p>&nbsp;<\/p>\n<p>Global gelirler d\u00f6rt kalemden olu\u015fuyor: &#8216;Physical&#8217;, &#8216;digital&#8217;, &#8216;performance rights&#8217; ve &#8216;synchronization&#8217;.<\/p>\n<ul>\n<li>&#8216;Physical&#8217;, plak ve CD sat\u0131\u015flar\u0131ndan elde edilen gelirleri;<\/li>\n<li>&#8216;digital&#8217;, download ve streaming gelirlerini;<\/li>\n<li>&#8216;performance rights&#8217;, m\u00fcziklerin radyo, televizyon ve benzeri kanallarda yay\u0131nlanmas\u0131 (umuma iletim) veya bar, otel gibi halka a\u00e7\u0131k yerlerde \u00e7al\u0131nmas\u0131 yoluyla elde edilen gelirleri;<\/li>\n<li>&#8216;synchronization&#8217; ise m\u00fcziklerin reklam, televizyon program\u0131, film ve benzeri ticari i\u015flerde kullan\u0131lmas\u0131 yoluyla elde edilen gelirleri kaps\u0131yor.<\/li>\n<\/ul>\n<p>&nbsp;<\/p>\n<h3>Gelirlerin Da\u011f\u0131l\u0131m\u0131<\/h3>\n<p>IFPI&#8217;nin (2016 y\u0131l\u0131n\u0131n verilerini kapsayan) 2017 Global M\u00fczik Raporu&#8217;nda gelirlerin da\u011f\u0131l\u0131m\u0131 \u015fu \u015fekilde:<\/p>\n<ul>\n<li>&#8216;Physical&#8217; (CD ve plak) %34<\/li>\n<li>&#8216;Digital&#8217;\u00a0 (download + streaming) %50<\/li>\n<li>&#8216;Performance rights&#8217; (umuma iletim + halka a\u00e7\u0131k mekanlarda \u00e7al\u0131nma) %14<\/li>\n<li>&#8216;Synchronization&#8217;\u00a0 (film, TV, reklam senkronizasyon) %2<\/li>\n<\/ul>\n<p>Plak ve CD sat\u0131\u015flar\u0131 her ne kadar d\u00fc\u015f\u00fc\u015fte olsa da fiziksel sat\u0131\u015flar h\u00e2l\u00e2 \u00f6nemli bir y\u00fczdeye sahip. 2016 y\u0131l\u0131nda fiziksel sat\u0131\u015flar, toplam gelirin %34&#8217;\u00fcn\u00fc olu\u015fturmu\u015f. Tabii unutmamak laz\u0131m ki bunlar global sonu\u00e7lar. \u00dclkeler aras\u0131nda b\u00fcy\u00fck farkl\u0131l\u0131klar olabiliyor. \u00d6rnek olarak CD, Norve\u00e7&#8217;te art\u0131k neredeyse yok olmu\u015f bir format. Di\u011fer yandan Japonya ve Almanya gibi iki \u00f6nemli pazarda CD sat\u0131\u015flar\u0131n\u0131n b\u00fcy\u00fck miktarlarda devam ediyor olmas\u0131 global sonu\u00e7lar\u0131 ve y\u00fczdeleri etkiliyor.<\/p>\n<p>Download ve streaming gelirlerini kapsayan dijtal toplam gelirler 2016&#8217;da \u00f6nemli bir art\u0131\u015fla toplam gelirin %50&#8217;sini olu\u015fturmu\u015f. Burada streaming&#8217;in rol\u00fc b\u00fcy\u00fck. Dijital gelirlerin kendi i\u00e7inde da\u011f\u0131l\u0131m\u0131 ise streaming %59, download %41 \u015feklinde.<\/p>\n<p>&#8216;Performance right&#8217; ve &#8216;synchronization&#8217; gelirlerinin toplam\u0131, t\u00fcm gelirlerin %16&#8217;s\u0131n\u0131 olu\u015fturuyor.<\/p>\n<p>&nbsp;<\/p>\n<h3>2014 ve 2015 ile Kar\u015f\u0131la\u015ft\u0131rma<\/h3>\n<p>2014 m\u00fczik end\u00fcstrisi a\u00e7\u0131s\u0131ndan \u00f6nemli de\u011fi\u015fimlerin sinyalini veren bir y\u0131ld\u0131 \u00e7\u00fcnk\u00fc ilk defa bu y\u0131lda dijital ve fiziksel gelirler e\u015fit hale geldi. 2015 y\u0131l\u0131nda beklenen oldu ve dijital gelirler fiziksel gelirlerin \u00f6n\u00fcne ge\u00e7ti.<\/p>\n<p><a href=\"http:\/\/www.ufukonen.com\/tr\/wp-content\/uploads\/muzik_endustrisi_streaming_2014-2016_01.png\" target=\"_blank\" rel=\"noopener noreferrer\"><img loading=\"lazy\" class=\"aligncenter wp-image-3131\" src=\"http:\/\/www.ufukonen.com\/tr\/wp-content\/uploads\/muzik_endustrisi_streaming_2014-2016_01.png\" alt=\"\" width=\"450\" height=\"178\" srcset=\"https:\/\/www.ufukonen.com\/tr\/wp-content\/uploads\/muzik_endustrisi_streaming_2014-2016_01.png 958w, https:\/\/www.ufukonen.com\/tr\/wp-content\/uploads\/muzik_endustrisi_streaming_2014-2016_01-300x119.png 300w, https:\/\/www.ufukonen.com\/tr\/wp-content\/uploads\/muzik_endustrisi_streaming_2014-2016_01-768x304.png 768w\" sizes=\"(max-width: 450px) 100vw, 450px\" \/><\/a><\/p>\n<p>2014, 2015 ve 2016 verilerinin bulundu\u011fu tabloya bakt\u0131\u011f\u0131m\u0131zda fiziksel gelirlerin sert bir \u015fekilde d\u00fc\u015f\u00fc\u015fte oldu\u011funu g\u00f6r\u00fcyoruz. 2014 y\u0131l\u0131nda toplam gelirin %42&#8217;sini olu\u015fturan fiziksel sat\u0131\u015flar, 2015 y\u0131l\u0131nda %39, 2016 y\u0131l\u0131nda ise %34&#8217;e gerilemi\u015f. Di\u011fer yandan 2014 y\u0131l\u0131nda toplam gelirin %42&#8217;sini olu\u015fturan dijital gelirler, 2015 y\u0131l\u0131nda %45, 2016 y\u0131l\u0131nda ise %50&#8217;ye \u00e7\u0131km\u0131\u015f. &#8216;Performance rights&#8217; ve &#8216;synchronization&#8217; gelirlerinin da\u011f\u0131l\u0131m\u0131nda son \u00fc\u00e7 y\u0131lda herhangi bir de\u011fi\u015fiklik g\u00f6rm\u00fcyoruz. 2014, 2015 ve 2016 y\u0131llar\u0131nda &#8216;performance rights&#8217; toplam gelir i\u00e7inde %14, synchronization ise %2&#8217;lik paya sahip.<\/p>\n<p><a href=\"http:\/\/www.ufukonen.com\/tr\/wp-content\/uploads\/muzik_endustrisi_streaming_2014-2016_02.png\" target=\"_blank\" rel=\"noopener noreferrer\"><img loading=\"lazy\" class=\"aligncenter wp-image-3132\" src=\"http:\/\/www.ufukonen.com\/tr\/wp-content\/uploads\/muzik_endustrisi_streaming_2014-2016_02.png\" alt=\"\" width=\"450\" height=\"138\" srcset=\"https:\/\/www.ufukonen.com\/tr\/wp-content\/uploads\/muzik_endustrisi_streaming_2014-2016_02.png 930w, https:\/\/www.ufukonen.com\/tr\/wp-content\/uploads\/muzik_endustrisi_streaming_2014-2016_02-300x92.png 300w, https:\/\/www.ufukonen.com\/tr\/wp-content\/uploads\/muzik_endustrisi_streaming_2014-2016_02-768x235.png 768w\" sizes=\"(max-width: 450px) 100vw, 450px\" \/><\/a><\/p>\n<p>Streaming, 2014 y\u0131l\u0131nda dijital gelirlerin %32&#8217;sini olu\u015fturuyordu, di\u011fer bir deyi\u015fle download gelirleri, streaming gelirlerinin iki kat\u0131ndan fazlayd\u0131. Streaming gelirleri 2015 y\u0131l\u0131nda art\u0131\u015fa ge\u00e7ti ve 2016 y\u0131l\u0131nda dijital gelirlerin %59&#8217;unu olu\u015fturdu. \u0130ki y\u0131l i\u00e7indeki bu art\u0131\u015f ger\u00e7ekten \u00e7ok dikkat \u00e7ekici.<\/p>\n<p>Download&#8217;un yan\u0131 s\u0131ra fiziksel sat\u0131\u015flarda da ya\u015fanan d\u00fc\u015f\u00fc\u015fle birlikte streaming&#8217;in genel tablo i\u00e7indeki pay\u0131 ciddi bir \u015fekilde artt\u0131. 2014 y\u0131l\u0131nda toplam gelir i\u00e7inde %13.5&#8217;lik bir dilime sahip olan streaming&#8217;in 2016 y\u0131l\u0131ndaki pay\u0131 %29.5&#8217;e ula\u015ft\u0131.<\/p>\n<p>2014 y\u0131l\u0131nda 1.95 milyar dolar, 2015 y\u0131l\u0131nda 2.88 milyar dolar, 2016 y\u0131l\u0131nda ise 4.60 milyar dolar olan streaming gelirlerinin Vivendi taraf\u0131ndan haz\u0131rlanan bir raporda 2020 y\u0131l\u0131nda 16.5 milyar dolar, MIDIa Research taraf\u0131ndan haz\u0131rlanan ba\u015fka bir raporda ise 2025 y\u0131l\u0131nda 20 milyar dolar olmas\u0131 tahmin ediliyor.<\/p>\n<p>&nbsp;<\/p>\n<h3>Streaming Servisleri ve \u00dccretli Kullan\u0131c\u0131lar<\/h3>\n<p>Streaming&#8217;in b\u00f6ylesine ciddi bir y\u00fckseli\u015fte olmas\u0131 streaming servislerini \u00fccretli olarak kullanan abonelerin say\u0131s\u0131 ile do\u011fru orant\u0131l\u0131. 2014 y\u0131l\u0131nda 4 milyon olan \u00fccretli abone say\u0131s\u0131, 2015&#8217;te 68 milyon, 2016&#8217;da ise 97 milyona \u00e7\u0131kt\u0131. Aile abonelikleri ile birlikte 2016 sonunda t\u00fcm d\u00fcnyada toplam 112 milyon \u00fccretli streaming kullan\u0131c\u0131s\u0131 oldu\u011fu tahmin ediliyor.<\/p>\n<p>Streaming pazar\u0131nda en b\u00fcy\u00fck pay 50 milyon \u00fccretli kullan\u0131c\u0131 ile Spotify&#8217;\u0131n. Onu hemen arkas\u0131ndan 27 milyon ile Apple Music takip ediyor.<\/p>\n<p><img loading=\"lazy\" class=\"aligncenter wp-image-3135\" src=\"http:\/\/www.ufukonen.com\/tr\/wp-content\/uploads\/man-iphone-headphone_800.jpeg\" alt=\"\" width=\"400\" height=\"267\" srcset=\"https:\/\/www.ufukonen.com\/tr\/wp-content\/uploads\/man-iphone-headphone_800.jpeg 800w, https:\/\/www.ufukonen.com\/tr\/wp-content\/uploads\/man-iphone-headphone_800-300x200.jpeg 300w, https:\/\/www.ufukonen.com\/tr\/wp-content\/uploads\/man-iphone-headphone_800-768x512.jpeg 768w\" sizes=\"(max-width: 400px) 100vw, 400px\" \/><\/p>\n<p>&gt; <a href=\"http:\/\/www.ufukonen.com\/tr\/muzik-endustrisine-bakis-6.html\">Alt\u0131nc\u0131 b\u00f6l\u00fcm i\u00e7in t\u0131klay\u0131n\u0131z<\/a><\/p>\n<p>&nbsp;<\/p>\n<p>Kaynaklar: IFPI 2015, 2016, 2017 Global Music Report.<\/p>\n<p>Benzer payla\u015f\u0131mlar i\u00e7in beni <a href=\"https:\/\/www.facebook.com\/ufukonen.skmt\/\" target=\"_blank\" rel=\"noopener noreferrer\">Facebook<\/a> ve <a href=\"https:\/\/twitter.com\/UfukOnen\" target=\"_blank\" rel=\"noopener noreferrer\">Twitter<\/a>&#8216;da takip edebilir, haberler i\u00e7in <a href=\"http:\/\/ufukonen.com\/tr\/ses-kayit-muzik-teknolojisi-terimler-sozluk.html\" target=\"_blank\" rel=\"noopener noreferrer\">mesaj listeme \u00fcye olabilirsiniz<\/a>. Te\u015fekk\u00fcrler.<\/p>\n<p>Foto\u011fraf: Rare Groove\u00a0<a href=\"https:\/\/en.wikipedia.org\/wiki\/Rare_groove#\/media\/File:33_Umin.jpg\" target=\"_blank\" rel=\"noopener noreferrer\">Bryan<\/a>\u00a0&amp; Pexels<\/p>\n<p>\u00a9 2017 Ufuk \u00d6nen. Her hakk\u0131 sakl\u0131d\u0131r. \u0130zinsiz kullan\u0131lamaz.<\/p>\n","protected":false},"excerpt":{"rendered":"<p class=\"post-excerpt\">Birinci b\u00f6l\u00fcm i\u00e7in t\u0131klay\u0131n\u0131z &#8211; \u0130kinci b\u00f6l\u00fcm i\u00e7in t\u0131klay\u0131n\u0131z \u00dc\u00e7\u00fcnc\u00fc b\u00f6l\u00fcm i\u00e7in t\u0131klay\u0131n\u0131z\u00a0&#8211; D\u00f6rd\u00fcnc\u00fc\u00a0b\u00f6l\u00fcm i\u00e7in t\u0131klay\u0131n\u0131z &#8220;M\u00fczik End\u00fcstrisine Bak\u0131\u015f&#8221; adl\u0131&#8230;<\/p>\n","protected":false},"author":2,"featured_media":3144,"comment_status":"closed","ping_status":"open","sticky":false,"template":"","format":"standard","meta":{"_mi_skip_tracking":false,"spay_email":"","jetpack_publicize_message":"","jetpack_is_tweetstorm":false,"jetpack_publicize_feature_enabled":true},"categories":[17],"tags":[],"jetpack_featured_media_url":"https:\/\/www.ufukonen.com\/tr\/wp-content\/uploads\/Muzik_Endustrisine_Bakis_5_Alt_w.jpg","jetpack_publicize_connections":[],"jetpack_shortlink":"https:\/\/wp.me\/p3rjsG-Ok","jetpack_sharing_enabled":true,"jetpack-related-posts":[{"id":3905,"url":"https:\/\/www.ufukonen.com\/tr\/muzik-endustrisine-bakis-6.html","url_meta":{"origin":3120,"position":0},"title":"M\u00fczik End\u00fcstrisine Bak\u0131\u015f (6. B\u00f6l\u00fcm)","date":"May 21, 2018","format":false,"excerpt":"Birinci b\u00f6l\u00fcm i\u00e7in t\u0131klay\u0131n\u0131z - \u0130kinci b\u00f6l\u00fcm i\u00e7in t\u0131klay\u0131n\u0131z \u00dc\u00e7\u00fcnc\u00fc b\u00f6l\u00fcm i\u00e7in t\u0131klay\u0131n\u0131z\u00a0- D\u00f6rd\u00fcnc\u00fc\u00a0b\u00f6l\u00fcm i\u00e7in t\u0131klay\u0131n\u0131z Be\u015finci b\u00f6l\u00fcm i\u00e7in t\u0131klay\u0131n\u0131z \"M\u00fczik End\u00fcstrisine Bak\u0131\u015f\"\u00a0adl\u0131 yaz\u0131 dizimin bu b\u00f6l\u00fcm\u00fcnde IFPI (International Federation of the Phonographic Industry) 2018 Global M\u00fczik Raporu\u2019ndaki 2017 y\u0131l\u0131 verilerini inceleyip, 2014, 2015 ve 2016 y\u0131llar\u0131n\u0131n verileri ile kar\u015f\u0131la\u015ft\u0131raca\u011f\u0131m.\u2026","rel":"","context":"In &quot;M\u00fczik End\u00fcstrisi&quot;","img":{"alt_text":"","src":"https:\/\/i0.wp.com\/www.ufukonen.com\/tr\/wp-content\/uploads\/Muzik_Endustrisine_Bakis_6.jpg?resize=350%2C200&ssl=1","width":350,"height":200},"classes":[]},{"id":5000,"url":"https:\/\/www.ufukonen.com\/tr\/muzik-endustrisine-bakis-7.html","url_meta":{"origin":3120,"position":1},"title":"M\u00fczik End\u00fcstrisine Bak\u0131\u015f (7. B\u00f6l\u00fcm)","date":"September 2, 2019","format":false,"excerpt":"Birinci b\u00f6l\u00fcm i\u00e7in t\u0131klay\u0131n\u0131z - \u0130kinci b\u00f6l\u00fcm i\u00e7in t\u0131klay\u0131n\u0131z \u00dc\u00e7\u00fcnc\u00fc b\u00f6l\u00fcm i\u00e7in t\u0131klay\u0131n\u0131z\u00a0- D\u00f6rd\u00fcnc\u00fc\u00a0b\u00f6l\u00fcm i\u00e7in t\u0131klay\u0131n\u0131z Be\u015finci b\u00f6l\u00fcm i\u00e7in t\u0131klay\u0131n\u0131z -\u00a0Alt\u0131nc\u0131 b\u00f6l\u00fcm i\u00e7in t\u0131klay\u0131n\u0131z \"M\u00fczik End\u00fcstrisine Bak\u0131\u015f\"\u00a0adl\u0131 yaz\u0131 dizimin yedinci b\u00f6l\u00fcm\u00fcnde IFPI (International Federation of the Phonographic Industry) 2019 Global M\u00fczik Raporu\u2019ndaki 2018 y\u0131l\u0131 verilerini inceleyip, ge\u00e7mi\u015f y\u0131llar\u0131n verileri ile\u2026","rel":"","context":"In &quot;M\u00fczik End\u00fcstrisi&quot;","img":{"alt_text":"","src":"https:\/\/i0.wp.com\/www.ufukonen.com\/tr\/wp-content\/uploads\/Muzik_Endustrisine_Bakis_7_720.jpg?resize=350%2C200&ssl=1","width":350,"height":200},"classes":[]},{"id":2516,"url":"https:\/\/www.ufukonen.com\/tr\/muzik-endustrisine-bakis-3.html","url_meta":{"origin":3120,"position":2},"title":"M\u00fczik End\u00fcstrisine Bak\u0131\u015f (3. B\u00f6l\u00fcm)","date":"May 13, 2016","format":false,"excerpt":"Birinci b\u00f6l\u00fcm i\u00e7in t\u0131klay\u0131n\u0131z - \u0130kinci b\u00f6l\u00fcm i\u00e7in t\u0131klay\u0131n\u0131z \u00a0 M\u00fczik 2.0: Internet \u00c7a\u011f\u0131 Owsinki, 2.0'\u0131n ba\u015flang\u0131\u00e7\u0131n\u0131n 1994, yani mp3 dosyalar\u0131n\u0131n ilk payla\u015f\u0131ld\u0131\u011f\u0131 y\u0131l oldu\u011funu s\u00f6yl\u00fcyor. M\u00fczik CD'leri i\u00e7in kullan\u0131lan s\u0131k\u0131\u015ft\u0131r\u0131lmam\u0131\u015f dijital dosya format\u0131nda bir dakikal\u0131k mono ses kayd\u0131 5 MB, bir dakikal\u0131k stereo ses kayd\u0131 ise 10 MB yer\u2026","rel":"","context":"In &quot;M\u00fczik End\u00fcstrisi&quot;","img":{"alt_text":"","src":"https:\/\/i0.wp.com\/www.ufukonen.com\/tr\/wp-content\/uploads\/Muzik_Endustrisine_Bakis_3_alt_2.png?resize=350%2C200&ssl=1","width":350,"height":200},"classes":[]},{"id":8554,"url":"https:\/\/www.ufukonen.com\/tr\/mikrofon-hocalarda-2025.html","url_meta":{"origin":3120,"position":3},"title":"Kay\u0131tta m\u0131s\u0131n? &#8211; Mikrofon Hocalarda (YouTube Serisi)","date":"July 15, 2025","format":false,"excerpt":"Bir YouTube serisine ba\u015flad\u0131m: KAYITTA MISIN? Bu serinin ilk sezonunun ad\u0131 M\u0130KROFON HOCALARDA. T\u00fcrkiye\u2019deki \u00e7e\u015fitli \u00fcniversitelerin m\u00fczik teknolojisi b\u00f6l\u00fcmlerinden hocalarla sohbet ediyorum. Her b\u00f6l\u00fcmde \u015fu konulara de\u011finiyoruz: B\u00f6l\u00fcm yap\u0131lar\u0131E\u011fitim i\u00e7erikleriGiri\u015f s\u0131navlar\u0131Adaylarda aranan \u00f6zellikler Yeni b\u00f6l\u00fcmler geldik\u00e7e bu sayfaya ekleyece\u011fim. Takipte kal\u0131n! Ses Kay\u0131t ve M\u00fczik Teknolojileri E\u011fitim Program\u0131'n\u0131n yeni d\u00f6nemi\u2026","rel":"","context":"In &quot;Ses ve M\u00fczik Teknolojileri&quot;","img":{"alt_text":"","src":"https:\/\/i0.wp.com\/www.ufukonen.com\/tr\/wp-content\/uploads\/Mikrofon-Hocalarda-YouTube-Thumbnail-YTU-1080-Compressed.jpg?resize=350%2C200&ssl=1","width":350,"height":200},"classes":[]},{"id":2536,"url":"https:\/\/www.ufukonen.com\/tr\/muzik-endustrisine-bakis-4.html","url_meta":{"origin":3120,"position":4},"title":"M\u00fczik End\u00fcstrisine Bak\u0131\u015f (4. B\u00f6l\u00fcm)","date":"May 20, 2016","format":false,"excerpt":"Birinci b\u00f6l\u00fcm i\u00e7in t\u0131klay\u0131n\u0131z - \u0130kinci b\u00f6l\u00fcm i\u00e7in t\u0131klay\u0131n\u0131z\u00a0- \u00dc\u00e7\u00fcnc\u00fc b\u00f6l\u00fcm i\u00e7in t\u0131klay\u0131n\u0131z \u00a0 M\u00fczik 3.0: Arac\u0131n\u0131n Ortadan Kalkmas\u0131 M\u00fczik 1.0 modelinde sanat\u00e7\u0131 sadece plak \u015firketi ile ba\u011flant\u0131l\u0131yd\u0131, dinleyici ile (imza g\u00fcnleri ve benzeri etkinlikleri saymazsak) do\u011frudan ileti\u015fimi yoktu. Plak \u015firketi satmak istedikleri \u00fcr\u00fcnlerin (alb\u00fcm ve single'lar\u0131n) tan\u0131t\u0131m\u0131n\u0131 radyo, televizyon\u2026","rel":"","context":"In &quot;M\u00fczik End\u00fcstrisi&quot;","img":{"alt_text":"","src":"https:\/\/i0.wp.com\/www.ufukonen.com\/tr\/wp-content\/uploads\/Muzik_Endustrisine_Bakis_4_alt_3.png?resize=350%2C200&ssl=1","width":350,"height":200},"classes":[]},{"id":5834,"url":"https:\/\/www.ufukonen.com\/tr\/muzik-endustrisine-bakis-8.html","url_meta":{"origin":3120,"position":5},"title":"M\u00fczik End\u00fcstrisine Bak\u0131\u015f (8. B\u00f6l\u00fcm)","date":"June 1, 2020","format":false,"excerpt":"\u201cM\u00fczik End\u00fcstrisine Bak\u0131\u015f\u201d adl\u0131 yaz\u0131 dizimin sekizinci b\u00f6l\u00fcm\u00fcnde IFPI (International Federation of the Phonographic Industry) taraf\u0131ndan 2020 May\u0131s ay\u0131 i\u00e7inde yay\u0131nlanan IFPI Global Music Report 2020: The Industry in 2019 ba\u015fl\u0131kl\u0131 global m\u00fczik raporundaki 2019 y\u0131l\u0131 verilerini inceleyip, ge\u00e7mi\u015f y\u0131llar\u0131n verileri ile kar\u015f\u0131la\u015ft\u0131raca\u011f\u0131m. Yaz\u0131 dizisinin \u00f6nceki b\u00f6l\u00fcmlerini okumak i\u00e7in t\u0131klay\u0131n\u0131z:\u2026","rel":"","context":"In &quot;M\u00fczik End\u00fcstrisi&quot;","img":{"alt_text":"","src":"https:\/\/i0.wp.com\/www.ufukonen.com\/tr\/wp-content\/uploads\/muzik_endustrisi_08_header_rfs.jpg?resize=350%2C200&ssl=1","width":350,"height":200},"classes":[]}],"_links":{"self":[{"href":"https:\/\/www.ufukonen.com\/tr\/wp-json\/wp\/v2\/posts\/3120"}],"collection":[{"href":"https:\/\/www.ufukonen.com\/tr\/wp-json\/wp\/v2\/posts"}],"about":[{"href":"https:\/\/www.ufukonen.com\/tr\/wp-json\/wp\/v2\/types\/post"}],"author":[{"embeddable":true,"href":"https:\/\/www.ufukonen.com\/tr\/wp-json\/wp\/v2\/users\/2"}],"replies":[{"embeddable":true,"href":"https:\/\/www.ufukonen.com\/tr\/wp-json\/wp\/v2\/comments?post=3120"}],"version-history":[{"count":15,"href":"https:\/\/www.ufukonen.com\/tr\/wp-json\/wp\/v2\/posts\/3120\/revisions"}],"predecessor-version":[{"id":3929,"href":"https:\/\/www.ufukonen.com\/tr\/wp-json\/wp\/v2\/posts\/3120\/revisions\/3929"}],"wp:featuredmedia":[{"embeddable":true,"href":"https:\/\/www.ufukonen.com\/tr\/wp-json\/wp\/v2\/media\/3144"}],"wp:attachment":[{"href":"https:\/\/www.ufukonen.com\/tr\/wp-json\/wp\/v2\/media?parent=3120"}],"wp:term":[{"taxonomy":"category","embeddable":true,"href":"https:\/\/www.ufukonen.com\/tr\/wp-json\/wp\/v2\/categories?post=3120"},{"taxonomy":"post_tag","embeddable":true,"href":"https:\/\/www.ufukonen.com\/tr\/wp-json\/wp\/v2\/tags?post=3120"}],"curies":[{"name":"wp","href":"https:\/\/api.w.org\/{rel}","templated":true}]}}