{"id":3149,"date":"2017-07-17T01:00:49","date_gmt":"2017-07-16T22:00:49","guid":{"rendered":"http:\/\/www.ufukonen.com\/tr\/?p=3149"},"modified":"2017-08-26T19:26:38","modified_gmt":"2017-08-26T16:26:38","slug":"nirvana-smells-like-teen-spirit-sadece-kurt-cobainin-sesi-ile","status":"publish","type":"post","link":"https:\/\/www.ufukonen.com\/tr\/nirvana-smells-like-teen-spirit-sadece-kurt-cobainin-sesi-ile.html","title":{"rendered":"Nirvana &#8220;Smells Like Teen Spirit&#8221;&#8230; Sadece Kurt Cobain&#8217;in Sesi ile&#8230;"},"content":{"rendered":"<p><img loading=\"lazy\" class=\"aligncenter wp-image-3151\" src=\"http:\/\/www.ufukonen.com\/tr\/wp-content\/uploads\/Nirvana_Smells_Like_Teen_Spirit_Kurt_Cobain-1024x576.jpg\" alt=\"\" width=\"550\" height=\"309\" srcset=\"https:\/\/www.ufukonen.com\/tr\/wp-content\/uploads\/Nirvana_Smells_Like_Teen_Spirit_Kurt_Cobain-1024x576.jpg 1024w, https:\/\/www.ufukonen.com\/tr\/wp-content\/uploads\/Nirvana_Smells_Like_Teen_Spirit_Kurt_Cobain-300x169.jpg 300w, https:\/\/www.ufukonen.com\/tr\/wp-content\/uploads\/Nirvana_Smells_Like_Teen_Spirit_Kurt_Cobain-768x432.jpg 768w, https:\/\/www.ufukonen.com\/tr\/wp-content\/uploads\/Nirvana_Smells_Like_Teen_Spirit_Kurt_Cobain.jpg 1280w\" sizes=\"(max-width: 550px) 100vw, 550px\" \/><\/p>\n<p>&#8220;Smells Like Teen Spirit&#8221;, Eyl\u00fcl 1991&#8217;de, <em>Nevermind<\/em> alb\u00fcm\u00fcn\u00fcn \u00e7\u0131k\u0131\u015f\u0131ndan hemen \u00f6nce, alb\u00fcm\u00fcn ilk single&#8217;\u0131 olarak yay\u0131nlanm\u0131\u015ft\u0131. Alternatif rock ve grunge&#8217;\u0131n b\u00fcy\u00fck kitlelere ula\u015fmas\u0131nda b\u00fcy\u00fck rol\u00fc olan <em>Nevermind<\/em>, o d\u00f6nem \u00e7\u0131km\u0131\u015f olan alb\u00fcmlere g\u00f6re (istemli olarak) daha az i\u015flenmi\u015f ve daha &#8220;\u00e7i\u011f&#8221; bir sound&#8217;a sahipti. Alb\u00fcm, Los Angeles&#8217;ta, Fleetwood Mac, Tom Petty and the Heartbreakers, Red Hot Chili Peppers, Dio, Foreigner gibi bir\u00e7ok \u00f6nemli sanat\u00e7\u0131 ve gruba ev sahipli\u011fi yapm\u0131\u015f Sound City Studios&#8217;ta kaydedilmi\u015fti.<\/p>\n<p>Y\u0131llar sonra Nirvana&#8217;n\u0131n davulcusu Dave Grohl, <a href=\"http:\/\/www.imdb.com\/title\/tt2306745\/\" target=\"_blank\" rel=\"noopener\"><em>Sound City<\/em> (2013)<\/a> ad\u0131nda, Sound City Studios ve st\u00fcdyodaki Neve 8028 kay\u0131t mikseri ile ilgili bir belgesel yapt\u0131. Sayfan\u0131n sonuna belgeselin fragman\u0131n\u0131 ekliyorum, bir g\u00f6z at\u0131n bence.<\/p>\n<div class=\"embed-vimeo\" style=\"text-align: center;\"><iframe loading=\"lazy\" src=\"https:\/\/player.vimeo.com\/video\/225105218\" width=\"700\" height=\"394\" frameborder=\"0\" webkitallowfullscreen mozallowfullscreen allowfullscreen><\/iframe><\/div>\n<p>Yukar\u0131daki videoda Kurt Cobain&#8217;in &#8220;Smells Like Teen Spirit&#8221; par\u00e7as\u0131n\u0131n vokal kanallar\u0131n\u0131 dinleyebilirsiniz.<\/p>\n<p>Vokallerin \u00fcst frekanslar\u0131 EQ ile biraz desteklenmi\u015f. Reverb olarak genelde tercih edilen hall ya da plate yerine delay\/ambiance kar\u0131\u015f\u0131m\u0131 kullan\u0131lm\u0131\u015f.<\/p>\n<p>Vokaller tek ba\u015f\u0131na \u00e7ok cazip sound etmese de par\u00e7ada miksin i\u00e7ine \u00e7ok ba\u015far\u0131l\u0131 bir \u015fekilde oturuyor. <a href=\"http:\/\/www.ufukonen.com\/tr\/muzik-produksiyonlarinda-miks-teknikleri.html\" target=\"_blank\" rel=\"noopener\">Miks \u00dczerine: M\u00fczik Prod\u00fcksiyonlar\u0131nda Miks Teknikleri ve \u00c7e\u015fitli Yakla\u015f\u0131mlar<\/a> adl\u0131 kitab\u0131mda ve &#8220;<a href=\"http:\/\/www.ufukonen.com\/tr\/miks-tamamlandiktan-sonra.html\">Miks Tamamland\u0131ktan Sonra<\/a>&#8221; ba\u015fl\u0131kl\u0131 blog yaz\u0131mda da belirtti\u011fim gibi, miksin bir b\u00fct\u00fcn oldu\u011funu, i\u00e7indeki seslerin tek ba\u015flar\u0131na de\u011fil, bu b\u00fct\u00fcn i\u00e7inde nas\u0131l duyulduklar\u0131n\u0131n \u00f6nemli oldu\u011funu ve bu b\u00fct\u00fcn\u00fcn\u00fcn de par\u00e7aya, di\u011fer bir deyi\u015fle m\u00fczi\u011fe hizmet etmesi gerekti\u011fini hi\u00e7bir zaman unutmamal\u0131y\u0131z.<\/p>\n<p>&nbsp;<\/p>\n<p><span class=\"embed-youtube\" style=\"text-align:center; display: block;\"><iframe loading=\"lazy\" class=\"youtube-player\" width=\"700\" height=\"394\" src=\"https:\/\/www.youtube.com\/embed\/HQoOfiLz1G4?version=3&#038;rel=1&#038;showsearch=0&#038;showinfo=1&#038;iv_load_policy=1&#038;fs=1&#038;hl=en-US&#038;autohide=2&#038;wmode=transparent\" allowfullscreen=\"true\" style=\"border:0;\" sandbox=\"allow-scripts allow-same-origin allow-popups allow-presentation\"><\/iframe><\/span><\/p>\n<p style=\"text-align: center;\"><em>Sound City<\/em> (belgesel fragman)<\/p>\n<p>&nbsp;<\/p>\n<p>Teknik terimler i\u00e7in <a href=\"http:\/\/www.ufukonen.com\/tr\/ses-kayit-muzik-teknolojisi-terimler-sozluk.html\">m\u00fczik teknolojisi, m\u00fczik prod\u00fcksiyonu ve ses kay\u0131t terimleri s\u00f6zl\u00fc\u011f\u00fcne<\/a> g\u00f6z atabilirsiniz.<\/p>\n<p>Benzer payla\u015f\u0131mlar i\u00e7in beni <a href=\"https:\/\/www.facebook.com\/ufukonen.skmt\/\" target=\"_blank\" rel=\"noopener\">Facebook<\/a> ve <a href=\"https:\/\/twitter.com\/UfukOnen\" target=\"_blank\" rel=\"noopener\">Twitter<\/a>&#8216;da takip edebilir, haberler i\u00e7in <a href=\"http:\/\/ufukonen.com\/tr\/ses-kayit-muzik-teknolojisi-terimler-sozluk.html\" target=\"_blank\" rel=\"noopener\">mesaj listeme \u00fcye olabilirsiniz<\/a>. Te\u015fekk\u00fcrler.<\/p>\n<p>\u00a9 2017 Ufuk \u00d6nen. Her hakk\u0131 sakl\u0131d\u0131r. \u0130zinsiz kullan\u0131lamaz.<\/p>\n","protected":false},"excerpt":{"rendered":"<p class=\"post-excerpt\">&#8220;Smells Like Teen Spirit&#8221;, Eyl\u00fcl 1991&#8217;de, Nevermind alb\u00fcm\u00fcn\u00fcn \u00e7\u0131k\u0131\u015f\u0131ndan hemen \u00f6nce, alb\u00fcm\u00fcn ilk single&#8217;\u0131 olarak yay\u0131nlanm\u0131\u015ft\u0131. Alternatif rock ve grunge&#8217;\u0131n&#8230;<\/p>\n","protected":false},"author":2,"featured_media":3151,"comment_status":"closed","ping_status":"open","sticky":false,"template":"","format":"standard","meta":{"_mi_skip_tracking":false,"spay_email":"","jetpack_publicize_message":"","jetpack_is_tweetstorm":false,"jetpack_publicize_feature_enabled":true},"categories":[20,16],"tags":[],"jetpack_featured_media_url":"https:\/\/www.ufukonen.com\/tr\/wp-content\/uploads\/Nirvana_Smells_Like_Teen_Spirit_Kurt_Cobain.jpg","jetpack_publicize_connections":[],"jetpack_shortlink":"https:\/\/wp.me\/p3rjsG-ON","jetpack_sharing_enabled":true,"jetpack-related-posts":[{"id":7152,"url":"https:\/\/www.ufukonen.com\/tr\/ilk-mikrofonunu-alacaklar-tavsiye.html","url_meta":{"origin":3149,"position":0},"title":"\u0130lk Mikrofonunu Alacaklar \u0130\u00e7in Tavsiye","date":"January 17, 2022","format":false,"excerpt":"\"\u0130lk mikrofonumu alaca\u011f\u0131m, ne tavsiye edersiniz?\" \"Mikrofon al\u0131rken hangi \u00f6zelliklere dikkat etmeliyim?\" \"Bu i\u015fe yeni ba\u015fl\u0131yorum, nas\u0131l bir mikrofon almal\u0131y\u0131m?\" Bug\u00fcne kadar bir\u00e7ok ki\u015fi e-posta ve sosyal medya arac\u0131l\u0131\u011f\u0131 ile ya da y\u00fcz y\u00fcze g\u00f6r\u00fc\u015ft\u00fc\u011f\u00fcm\u00fczde s\u00f6zl\u00fc olarak bana bu sorular\u0131 sordular. \u0130lk mikrofonunu alacaklara bug\u00fcne kadar gerek yaz\u0131l\u0131 gerek s\u00f6zl\u00fc\u2026","rel":"","context":"In &quot;Ses ve M\u00fczik Teknolojileri&quot;","img":{"alt_text":"","src":"https:\/\/i0.wp.com\/www.ufukonen.com\/tr\/wp-content\/uploads\/Ilk_Mikrofon_00_Header.jpg?resize=350%2C200&ssl=1","width":350,"height":200},"classes":[]},{"id":2483,"url":"https:\/\/www.ufukonen.com\/tr\/muzik-endustrisine-bakis-2.html","url_meta":{"origin":3149,"position":1},"title":"M\u00fczik End\u00fcstrisine Bak\u0131\u015f (2. B\u00f6l\u00fcm)","date":"April 29, 2016","format":false,"excerpt":"Yaz\u0131 dizisinin birinci b\u00f6l\u00fcm\u00fcne buradan ula\u015fabilirsiniz: Giri\u015f \/ M\u00fczik 0.5: Ba\u015flang\u0131\u00e7 \/ M\u00fczik 1.0: \"Klasik\" Model M\u00fczik 1.5: MTV, CD ve B\u00fcy\u00fck Sermaye 1980'lerin ba\u015f\u0131ndan 1990'lar\u0131n ortas\u0131na kadar uzanan 1.5, m\u00fczik end\u00fcstrisinin alt\u0131n \u00e7a\u011f\u0131 olarak kabul edilebilir. Bu s\u00fcre zarf\u0131nda olduk\u00e7a b\u00fcy\u00fck de\u011fi\u015fimler oldu ve ba\u015fta plak \u015firketleri olmak \u00fczere\u2026","rel":"","context":"In &quot;M\u00fczik End\u00fcstrisi&quot;","img":{"alt_text":"","src":"https:\/\/i0.wp.com\/www.ufukonen.com\/tr\/wp-content\/uploads\/Muzik_Endustrisine_Bakis_2.jpg?resize=350%2C200&ssl=1","width":350,"height":200},"classes":[]},{"id":5042,"url":"https:\/\/www.ufukonen.com\/tr\/mono-uyumlulugu-onemli-mi.html","url_meta":{"origin":3149,"position":2},"title":"Mono Uyumlulu\u011fu Ger\u00e7ekten \u00d6nemli mi?","date":"September 9, 2019","format":false,"excerpt":"\"Mono uyumlulu\u011fu ger\u00e7ekten \u00f6nemli mi?\" Bu soru m\u00fczik prod\u00fcksiyonu alan\u0131nda \u00e7al\u0131\u015fanlar aras\u0131nda \u00f6zellikle 2000'li y\u0131llar\u0131n ba\u015f\u0131nda s\u0131k s\u0131k sorulmaya ve sorgulanmaya ba\u015flanm\u0131\u015ft\u0131. \u00d6ncesinde mono uyumlulu\u011fu herkesin dikkat etti\u011fi bir konuydu \u00e7\u00fcnk\u00fc televizyonlar\u0131n b\u00fcy\u00fck bir k\u0131sm\u0131 monoydu. Televizyon kanallar\u0131 mono yay\u0131n yap\u0131yordu. Stereo yay\u0131n yapan kanallar da vard\u0131 ancak evlerdeki televizyonlar\u0131n\u2026","rel":"","context":"In &quot;M\u00fczik Prod\u00fcksiyonu&quot;","img":{"alt_text":"","src":"https:\/\/i0.wp.com\/www.ufukonen.com\/tr\/wp-content\/uploads\/Mono_Uyumlulugu_720.jpg?resize=350%2C200&ssl=1","width":350,"height":200},"classes":[]},{"id":2464,"url":"https:\/\/www.ufukonen.com\/tr\/muzik-endustrisine-bakis-1.html","url_meta":{"origin":3149,"position":3},"title":"M\u00fczik End\u00fcstrisine Bak\u0131\u015f (1. B\u00f6l\u00fcm)","date":"April 22, 2016","format":false,"excerpt":"\"M\u00fczik Prod\u00fcksiyonu i\u00e7in Alternatif Y\u00f6ntemler ve Amanda Palmer \u00d6rne\u011fi\" ba\u015fl\u0131kl\u0131 yaz\u0131m olduk\u00e7a ilgi toplam\u0131\u015ft\u0131. Anla\u015f\u0131lan o ki m\u00fczik prod\u00fcksiyonu, finansman, da\u011f\u0131t\u0131m ve benzeri konularda yeni ve alternatif y\u00f6ntemler bir\u00e7ok m\u00fczisyenin ve m\u00fczik prod\u00fckt\u00f6r\u00fcn\u00fcn ilgisini \u00e7ekiyor. Ba\u015flang\u0131c\u0131ndan sonra uzun y\u0131llar ayn\u0131 \u015fekilde devam edem m\u00fczik end\u00fcstrisinde son 10-15 y\u0131lda b\u00fcy\u00fck de\u011fi\u015fimler\u2026","rel":"","context":"In &quot;M\u00fczik End\u00fcstrisi&quot;","img":{"alt_text":"","src":"https:\/\/i0.wp.com\/www.ufukonen.com\/tr\/wp-content\/uploads\/Muzik_Endustrisine_Bakis_1.jpg?resize=350%2C200&ssl=1","width":350,"height":200},"classes":[]},{"id":5285,"url":"https:\/\/www.ufukonen.com\/tr\/2019u-kapatirken.html","url_meta":{"origin":3149,"position":4},"title":"2019&#8217;u Kapat\u0131rken&#8230;","date":"December 30, 2019","format":false,"excerpt":"2019'u kapat\u0131rken bir yandan y\u0131l i\u00e7inde yapt\u0131\u011f\u0131m i\u015flerin bir \u00f6zetini sizlerle payla\u015fmak, di\u011fer yandan da yeni y\u0131l\u0131n\u0131z\u0131 kutlamak istedim. \u00d6ncelikle, blog yaz\u0131lar\u0131ma g\u00f6sterdi\u011finiz ilgiden dolay\u0131 \u00e7ok te\u015fekk\u00fcr ederim! 2012 y\u0131l\u0131nda a\u00e7t\u0131\u011f\u0131m bu blogda 2017 Temmuz ay\u0131ndan bu yana her Pazartesi ses ve m\u00fczik teknolojileri \u00fczerine yeni bir yaz\u0131 payla\u015f\u0131yorum. Yaz\u0131lar\u0131n\u2026","rel":"","context":"In &quot;M\u00fczik End\u00fcstrisi&quot;","img":{"alt_text":"","src":"https:\/\/i0.wp.com\/www.ufukonen.com\/tr\/wp-content\/uploads\/DSCF5114cr_alt_framing_1280x720_16-9.jpg?resize=350%2C200&ssl=1","width":350,"height":200},"classes":[]},{"id":82,"url":"https:\/\/www.ufukonen.com\/tr\/referans-monitorleri-ve-subwoofer.html","url_meta":{"origin":3149,"position":5},"title":"Referans Monit\u00f6rleri ve Subwoofer","date":"June 2, 2012","format":false,"excerpt":"\"Yak\u0131n\/Uzak Alan Referans Monit\u00f6rleri ve Hi-Fi Hoparl\u00f6rler\" ba\u015fl\u0131kl\u0131 yaz\u0131mda yak\u0131n ve uzak alan monit\u00f6rler ile referans monit\u00f6rleri ve hi-fi hoparl\u00f6rler konular\u0131na de\u011findim. Bu yaz\u0131da subwoofer kullan\u0131m\u0131 ile devam ediyorum... Referans Monit\u00f6rleri ve Subwoofer Son 10-15 y\u0131l i\u00e7inde \u0130ngilizcede 'home theater' ad\u0131 verilen ev sinema sistemleri ve bunun yan\u0131 s\u0131ra, yine\u2026","rel":"","context":"In &quot;Ses ve M\u00fczik Teknolojileri&quot;","img":{"alt_text":"","src":"https:\/\/i0.wp.com\/www.ufukonen.com\/tr\/wp-content\/uploads\/SpeakerCloseUp2-500x367.jpg?resize=350%2C200&ssl=1","width":350,"height":200},"classes":[]}],"_links":{"self":[{"href":"https:\/\/www.ufukonen.com\/tr\/wp-json\/wp\/v2\/posts\/3149"}],"collection":[{"href":"https:\/\/www.ufukonen.com\/tr\/wp-json\/wp\/v2\/posts"}],"about":[{"href":"https:\/\/www.ufukonen.com\/tr\/wp-json\/wp\/v2\/types\/post"}],"author":[{"embeddable":true,"href":"https:\/\/www.ufukonen.com\/tr\/wp-json\/wp\/v2\/users\/2"}],"replies":[{"embeddable":true,"href":"https:\/\/www.ufukonen.com\/tr\/wp-json\/wp\/v2\/comments?post=3149"}],"version-history":[{"count":10,"href":"https:\/\/www.ufukonen.com\/tr\/wp-json\/wp\/v2\/posts\/3149\/revisions"}],"predecessor-version":[{"id":3160,"href":"https:\/\/www.ufukonen.com\/tr\/wp-json\/wp\/v2\/posts\/3149\/revisions\/3160"}],"wp:featuredmedia":[{"embeddable":true,"href":"https:\/\/www.ufukonen.com\/tr\/wp-json\/wp\/v2\/media\/3151"}],"wp:attachment":[{"href":"https:\/\/www.ufukonen.com\/tr\/wp-json\/wp\/v2\/media?parent=3149"}],"wp:term":[{"taxonomy":"category","embeddable":true,"href":"https:\/\/www.ufukonen.com\/tr\/wp-json\/wp\/v2\/categories?post=3149"},{"taxonomy":"post_tag","embeddable":true,"href":"https:\/\/www.ufukonen.com\/tr\/wp-json\/wp\/v2\/tags?post=3149"}],"curies":[{"name":"wp","href":"https:\/\/api.w.org\/{rel}","templated":true}]}}