{"id":3195,"date":"2017-08-14T05:00:12","date_gmt":"2017-08-14T02:00:12","guid":{"rendered":"http:\/\/www.ufukonen.com\/tr\/?p=3195"},"modified":"2022-08-12T00:27:17","modified_gmt":"2022-08-11T21:27:17","slug":"aux-send-pre-fader-ve-post-fader-konumu","status":"publish","type":"post","link":"https:\/\/www.ufukonen.com\/tr\/aux-send-pre-fader-ve-post-fader-konumu.html","title":{"rendered":"Aux Send: Pre-Fader ve Post-Fader Konumu"},"content":{"rendered":"<p>Analog, dijital ya da DAW i\u00e7indeki mikserlerde, kanaldaki sinyali d\u0131\u015far\u0131 g\u00f6ndermek i\u00e7in auxiliary, k\u0131saca &#8216;aux&#8217; (send) kullan\u0131r\u0131z. Aux kullan\u0131rken \u00f6n\u00fcm\u00fczde iki se\u00e7enek bulunur: pre-fader ve post-fader.<\/p>\n<p>Pre \u201c\u00f6nce\u201d, post \u201csonra\u201d anlam\u0131na gelir. Pre-fader, fader\u2019dan \u00f6nce; post-fader ise fader\u2019dan sonra demektir.<\/p>\n<p>Sinyal ak\u0131\u015f \u015femas\u0131nda da g\u00f6rebilece\u011finiz gibi, pre-fader konumunda sinyal fader&#8217;dan \u00f6nce, post-fader konumunda ise fader&#8217;dan sonra al\u0131n\u0131p kanal d\u0131\u015f\u0131na g\u00f6nderilir.<\/p>\n<p><a href=\"http:\/\/www.ufukonen.com\/tr\/wp-content\/uploads\/Sinyal_Akis_Semasi_PrePostEmphasisBranded.jpg\" target=\"_blank\" rel=\"noopener\"><img loading=\"lazy\" class=\"aligncenter wp-image-3202\" src=\"http:\/\/www.ufukonen.com\/tr\/wp-content\/uploads\/Sinyal_Akis_Semasi_PrePostEmphasis-674x1024.jpg\" alt=\"\" width=\"350\" height=\"532\" srcset=\"https:\/\/www.ufukonen.com\/tr\/wp-content\/uploads\/Sinyal_Akis_Semasi_PrePostEmphasis-674x1024.jpg 674w, https:\/\/www.ufukonen.com\/tr\/wp-content\/uploads\/Sinyal_Akis_Semasi_PrePostEmphasis-197x300.jpg 197w, https:\/\/www.ufukonen.com\/tr\/wp-content\/uploads\/Sinyal_Akis_Semasi_PrePostEmphasis.jpg 722w\" sizes=\"(max-width: 350px) 100vw, 350px\" \/><\/a><\/p>\n<p>Aux pre konumundayken kanal\u0131n fader&#8217;\u0131 ile yapt\u0131\u011f\u0131m\u0131z seviye de\u011fi\u015fiklikleri aux\u2019tan g\u00f6nderilen sinyalin seviyesini etkilemez. Kulakl\u0131k miksleri i\u00e7in genelde pre konumu kullan\u0131l\u0131r b\u00f6ylelikle kanal kay\u0131t s\u0131ras\u0131nda monit\u00f6r odas\u0131nda kanal vol\u00fcmlerini fader\u2019larla de\u011fi\u015ftirseniz bile kulakl\u0131ktaki miks de\u011fi\u015fmez. Daha basit bir dille anlatacak olursak, auxiliary pre konumundayken, aux \u00fczerinden kulakl\u0131klara giden miks ile sizin monit\u00f6r odas\u0131nda dinledi\u011finiz miks birbirinden tamamen ba\u011f\u0131ms\u0131z olur.<\/p>\n<p>Aux \u00fczerinden efektlere sinyal g\u00f6nderirken genelde post se\u00e7ene\u011fi tercih edilir. Post konumundayken fader\u2019la vol\u00fcm\u00fc azaltt\u0131\u011f\u0131n\u0131zda efekte giden sinyalin seviyesi de azal\u0131r. Bu sayede, kuru ve efektli sinyal aras\u0131ndaki denge (dry\/wet dengesi) korunmu\u015f olur.<\/p>\n<p style=\"text-align: left;\">K\u0131saca \u00f6zetleyecek olursak:<\/p>\n<ul>\n<li style=\"text-align: left;\">Pre-fader: kulakl\u0131k miksi<\/li>\n<li style=\"text-align: left;\">Post-fader: efektler<\/li>\n<\/ul>\n<p>Baz\u0131 mikserlerde aux send&#8217;ler pre ya da post konumuna sabit olarak ayarlanm\u0131\u015ft\u0131r. Di\u011ferlerinde ise (\u00f6zellikle dijital ve DAW i\u00e7inde bulunan mikserler ile b\u00fcy\u00fck analog mikserlerde) kullan\u0131c\u0131ya &#8220;pre\/post switch&#8221; ad\u0131 verilen bir d\u00fc\u011fme arac\u0131l\u0131\u011f\u0131 pre\/post kullan\u0131m se\u00e7ene\u011fi tan\u0131n\u0131r.<\/p>\n<div id=\"attachment_3205\" style=\"width: 195px\" class=\"wp-caption aligncenter\"><img aria-describedby=\"caption-attachment-3205\" loading=\"lazy\" class=\"wp-image-3205\" src=\"http:\/\/www.ufukonen.com\/tr\/wp-content\/uploads\/X2442USB_preswitch.jpg\" alt=\"\" width=\"185\" height=\"450\" srcset=\"https:\/\/www.ufukonen.com\/tr\/wp-content\/uploads\/X2442USB_preswitch.jpg 226w, https:\/\/www.ufukonen.com\/tr\/wp-content\/uploads\/X2442USB_preswitch-123x300.jpg 123w\" sizes=\"(max-width: 185px) 100vw, 185px\" \/><p id=\"caption-attachment-3205\" class=\"wp-caption-text\">Behringer X2442USB<\/p><\/div>\n<div id=\"attachment_3206\" style=\"width: 95px\" class=\"wp-caption aligncenter\"><img aria-describedby=\"caption-attachment-3206\" loading=\"lazy\" class=\"wp-image-3206\" src=\"http:\/\/www.ufukonen.com\/tr\/wp-content\/uploads\/ProToolsSend-194x1024.jpg\" alt=\"\" width=\"85\" height=\"450\" srcset=\"https:\/\/www.ufukonen.com\/tr\/wp-content\/uploads\/ProToolsSend-194x1024.jpg 194w, https:\/\/www.ufukonen.com\/tr\/wp-content\/uploads\/ProToolsSend.jpg 227w\" sizes=\"(max-width: 85px) 100vw, 85px\" \/><p id=\"caption-attachment-3206\" class=\"wp-caption-text\">Avid Pro Tools<\/p><\/div>\n<p>Teknik terimler i\u00e7in <a href=\"http:\/\/www.ufukonen.com\/tr\/ses-kayit-muzik-teknolojisi-terimler-sozluk.html\">m\u00fczik teknolojisi, m\u00fczik prod\u00fcksiyonu ve ses kay\u0131t terimleri s\u00f6zl\u00fc\u011f\u00fcne<\/a> g\u00f6z atabilirsiniz.<\/p>\n<p>Benzer payla\u015f\u0131mlar i\u00e7in beni <a href=\"https:\/\/www.facebook.com\/ufukonen.skmt\/\" target=\"_blank\" rel=\"noopener\">Facebook<\/a> ve <a href=\"https:\/\/twitter.com\/UfukOnen\" target=\"_blank\" rel=\"noopener\">Twitter<\/a>&#8216;da takip edebilir, haberler i\u00e7in <a href=\"http:\/\/ufukonen.com\/tr\/ses-kayit-muzik-teknolojisi-terimler-sozluk.html\" target=\"_blank\" rel=\"noopener\">mesaj listeme \u00fcye olabilirsiniz<\/a>. Te\u015fekk\u00fcrler.<\/p>\n<p>Sinyal ak\u0131\u015f \u015femas\u0131 <a href=\"http:\/\/www.ufukonen.com\/tr\/ses-kayit-ve-muzik-teknolojileri.html\" target=\"_blank\" rel=\"noopener\">Ses Kay\u0131t ve M\u00fczik Teknolojileri<\/a> adl\u0131 kitab\u0131mdan al\u0131nm\u0131\u015ft\u0131r.<\/p>\n<p>Mikser foto\u011fraf\u0131: <a href=\"http:\/\/www.music-group.com\" target=\"_blank\" rel=\"noopener\">Music-Group<\/a> Behringer X2442USB<\/p>\n<p>Ba\u015fl\u0131k foto\u011fraf\u0131: <a href=\"https:\/\/pixabay.com\" target=\"_blank\" rel=\"noopener\">Pixabay<\/a><\/p>\n<p>\u00a9 2017 Ufuk \u00d6nen. Her hakk\u0131 sakl\u0131d\u0131r. \u0130zinsiz kullan\u0131lamaz.<\/p>\n","protected":false},"excerpt":{"rendered":"<p class=\"post-excerpt\">Analog, dijital ya da DAW i\u00e7indeki mikserlerde, kanaldaki sinyali d\u0131\u015far\u0131 g\u00f6ndermek i\u00e7in auxiliary, k\u0131saca &#8216;aux&#8217; (send) kullan\u0131r\u0131z. Aux kullan\u0131rken \u00f6n\u00fcm\u00fczde&#8230;<\/p>\n","protected":false},"author":2,"featured_media":3199,"comment_status":"closed","ping_status":"open","sticky":false,"template":"","format":"standard","meta":{"_mi_skip_tracking":false,"spay_email":"","jetpack_publicize_message":"","jetpack_is_tweetstorm":false,"jetpack_publicize_feature_enabled":true},"categories":[18],"tags":[],"jetpack_featured_media_url":"https:\/\/www.ufukonen.com\/tr\/wp-content\/uploads\/Aux_Send_PrePost_Feature.jpg","jetpack_publicize_connections":[],"jetpack_shortlink":"https:\/\/wp.me\/p3rjsG-Px","jetpack_sharing_enabled":true,"jetpack-related-posts":[{"id":5232,"url":"https:\/\/www.ufukonen.com\/tr\/riding-the-fader-2.html","url_meta":{"origin":3195,"position":0},"title":"Riding the Fader ve Kompres\u00f6r Kullan\u0131m\u0131 (2. B\u00f6l\u00fcm)","date":"December 9, 2019","format":false,"excerpt":"Yaz\u0131n\u0131n ilk b\u00f6l\u00fcm\u00fcn\u00fc okumak i\u00e7in buraya t\u0131klay\u0131n\u0131z Yaz\u0131n\u0131n \u00fc\u00e7\u00fcnc\u00fc b\u00f6l\u00fcm\u00fcn\u00fc okumak i\u00e7in buraya t\u0131klay\u0131n\u0131z S\u0131k\u00e7a Kullan\u0131lan: Kompres\u00f6r -> Riding the Fader Yukar\u0131da vokal \u00fczerinden \u00f6rneklendirdi\u011fim kullan\u0131m \u015feklinde sinyal ilk \u00f6nce kompres\u00f6re giriyor, kompres\u00f6rden sonra fader'a ula\u015f\u0131yor. Bunun sebebi, hemen hemen t\u00fcm mikserlerde insert noktas\u0131n\u0131n fader'dan \u00f6nce gelmesi. \"Aux Send: Pre-Fader\u2026","rel":"","context":"In &quot;M\u00fczik Prod\u00fcksiyonu&quot;","img":{"alt_text":"","src":"https:\/\/i0.wp.com\/www.ufukonen.com\/tr\/wp-content\/uploads\/Riding_the_Fader_Header_2_720.jpg?resize=350%2C200&ssl=1","width":350,"height":200},"classes":[]},{"id":4574,"url":"https:\/\/www.ufukonen.com\/tr\/solo-modlari-ve-secenekleri.html","url_meta":{"origin":3195,"position":1},"title":"Solo Modlar\u0131 ve Se\u00e7enekleri","date":"March 4, 2019","format":false,"excerpt":"DAW ve kay\u0131t konsollar\u0131 farkl\u0131 solo modlar\u0131 ve se\u00e7enekleri sunuyor. Bu yaz\u0131mda bu modlardan ve se\u00e7eneklerden bahsetmek istiyorum. Solo Modlar\u0131 Temel olarak \u00fc\u00e7 farkl\u0131 solo modu bulunuyor: PFL (Pre Fader Listen), AFL (After Fader Listen) ve SIP (Solo in Place). PFL PFL (Pre Fader Listen) konumunda solo butonuna bast\u0131\u011f\u0131n\u0131zda kanaldaki\u2026","rel":"","context":"In &quot;Ses ve M\u00fczik Teknolojileri&quot;","img":{"alt_text":"","src":"https:\/\/i0.wp.com\/www.ufukonen.com\/tr\/wp-content\/uploads\/Solo_Modlari_01_Header.jpg?resize=350%2C200&ssl=1","width":350,"height":200},"classes":[]},{"id":4162,"url":"https:\/\/www.ufukonen.com\/tr\/vca-subgroup-fark.html","url_meta":{"origin":3195,"position":2},"title":"VCA ile Subgroup Aras\u0131ndaki Fark","date":"September 10, 2018","format":false,"excerpt":"\u00a0 VCA (Voltage Controlled Amplifier) ve subgroup \u00e7o\u011fu zaman birbirleri ile kar\u0131\u015ft\u0131r\u0131l\u0131yor. Hatta bazen ikisinin ayn\u0131 \u015fey oldu\u011fu d\u00fc\u015f\u00fcn\u00fcl\u00fcyor. Yapt\u0131klar\u0131 i\u015f benzer ama \u00e7al\u0131\u015fma prensipleri farkl\u0131 ve bu farkl\u0131l\u0131k bazen kullan\u0131m a\u00e7\u0131s\u0131ndan \u00f6nemli olabiliyor. \u00a0 VCA VCA, se\u00e7ti\u011finiz bir grup kanal\u0131n seviyesini tek bir fader ile azaltmak veya art\u0131rmak i\u00e7in\u2026","rel":"","context":"In &quot;Ses ve M\u00fczik Teknolojileri&quot;","img":{"alt_text":"","src":"https:\/\/i0.wp.com\/www.ufukonen.com\/tr\/wp-content\/uploads\/VCA_Subgroup_Fark.jpg?resize=350%2C200&ssl=1","width":350,"height":200},"classes":[]},{"id":7400,"url":"https:\/\/www.ufukonen.com\/tr\/master-fader-otomasyon.html","url_meta":{"origin":3195,"position":3},"title":"Master Fader ve Otomasyon","date":"May 16, 2022","format":false,"excerpt":"Bu yaz\u0131mda sizlerle master fader ve otomasyon ile ilgili bir t\u00fcyo payla\u015fmak istiyorum. Payla\u015faca\u011f\u0131m bu t\u00fcyo, benim ve daha bir\u00e7ok ses profesyonelinin eskiden beri kulland\u0131\u011f\u0131 bir teknik. A\u00e7\u0131k\u00e7as\u0131 ben bu tekni\u011fin hemen hemen herkes taraf\u0131ndan bilindi\u011fini ve kullan\u0131ld\u0131\u011f\u0131n\u0131 san\u0131yordum ama son zamanlarda \u00f6yle olmad\u0131\u011f\u0131n\u0131 fark ettim. Bu sebepten dolay\u0131 basit\u2026","rel":"","context":"In &quot;M\u00fczik Prod\u00fcksiyonu&quot;","img":{"alt_text":"","src":"https:\/\/i0.wp.com\/www.ufukonen.com\/tr\/wp-content\/uploads\/Master_Fader_ve_Otomasyon_00_Header.jpg?resize=350%2C200&ssl=1","width":350,"height":200},"classes":[]},{"id":5235,"url":"https:\/\/www.ufukonen.com\/tr\/riding-the-fader-3.html","url_meta":{"origin":3195,"position":4},"title":"Riding the Fader ve Kompres\u00f6r Kullan\u0131m\u0131 (3. B\u00f6l\u00fcm)","date":"December 16, 2019","format":false,"excerpt":"Bu yaz\u0131 dizisi \u00fc\u00e7 b\u00f6l\u00fcmden olu\u015fmaktad\u0131r. Birinci b\u00f6l\u00fcm i\u00e7in t\u0131klay\u0131n\u0131z. \u0130kinci b\u00f6l\u00fcm i\u00e7in t\u0131klay\u0131n\u0131z. Aradaki Fark Yayg\u0131n kullan\u0131m \u015fekliyle kompres\u00f6r\u00fc fader \u00f6ncesine yerle\u015ftirdi\u011finizde asl\u0131nda riding the fader ile yapt\u0131\u011f\u0131n\u0131z i\u015fi daha kolayla\u015ft\u0131rm\u0131\u015f oluyorsunuz \u00e7\u00fcnk\u00fc seviye ayarlamalar\u0131n\u0131n bir k\u0131sm\u0131n\u0131, hatta belki b\u00fcy\u00fck bir k\u0131sm\u0131n\u0131, kompres\u00f6r yap\u0131yor oluyor. Di\u011fer yandan, bu \u015fekilde\u2026","rel":"","context":"In &quot;M\u00fczik Prod\u00fcksiyonu&quot;","img":{"alt_text":"","src":"https:\/\/i0.wp.com\/www.ufukonen.com\/tr\/wp-content\/uploads\/Riding_the_Fader_Header_3_720.jpg?resize=350%2C200&ssl=1","width":350,"height":200},"classes":[]},{"id":7735,"url":"https:\/\/www.ufukonen.com\/tr\/vokali-miksin-icine-nasil-oturtabiliriz.html","url_meta":{"origin":3195,"position":5},"title":"Vokali Miksin \u0130\u00e7ine Nas\u0131l Oturtabiliriz?","date":"November 21, 2022","format":false,"excerpt":"Mikste vokalin seviyesini ayarl\u0131yoruz, genel olarak kula\u011fa iyi geliyor ama yer yer d\u00fc\u015f\u00fck kal\u0131yor veya zaman zaman y\u00fcksek geliyor ve miksin d\u0131\u015f\u0131na \u00e7\u0131k\u0131yormu\u015f gibi duyuluyor... \u00dcstelik bu durum kompres\u00f6r kulland\u0131\u011f\u0131m\u0131z halde oluyor... Kompres\u00f6r\u00fcn amac\u0131 zaten bu seviye farklar\u0131n\u0131 ortadan kald\u0131rmak de\u011fil miydi? B\u00f6yle bir durumda ne yapmam\u0131z gerekiyor? Vokali miksin\u2026","rel":"","context":"With 3 comments","img":{"alt_text":"","src":"https:\/\/i0.wp.com\/www.ufukonen.com\/tr\/wp-content\/uploads\/Vokali_Miksin_Icine_Nasil_Oturtabiliriz_00_Header-2.jpg?resize=350%2C200&ssl=1","width":350,"height":200},"classes":[]}],"_links":{"self":[{"href":"https:\/\/www.ufukonen.com\/tr\/wp-json\/wp\/v2\/posts\/3195"}],"collection":[{"href":"https:\/\/www.ufukonen.com\/tr\/wp-json\/wp\/v2\/posts"}],"about":[{"href":"https:\/\/www.ufukonen.com\/tr\/wp-json\/wp\/v2\/types\/post"}],"author":[{"embeddable":true,"href":"https:\/\/www.ufukonen.com\/tr\/wp-json\/wp\/v2\/users\/2"}],"replies":[{"embeddable":true,"href":"https:\/\/www.ufukonen.com\/tr\/wp-json\/wp\/v2\/comments?post=3195"}],"version-history":[{"count":9,"href":"https:\/\/www.ufukonen.com\/tr\/wp-json\/wp\/v2\/posts\/3195\/revisions"}],"predecessor-version":[{"id":7575,"href":"https:\/\/www.ufukonen.com\/tr\/wp-json\/wp\/v2\/posts\/3195\/revisions\/7575"}],"wp:featuredmedia":[{"embeddable":true,"href":"https:\/\/www.ufukonen.com\/tr\/wp-json\/wp\/v2\/media\/3199"}],"wp:attachment":[{"href":"https:\/\/www.ufukonen.com\/tr\/wp-json\/wp\/v2\/media?parent=3195"}],"wp:term":[{"taxonomy":"category","embeddable":true,"href":"https:\/\/www.ufukonen.com\/tr\/wp-json\/wp\/v2\/categories?post=3195"},{"taxonomy":"post_tag","embeddable":true,"href":"https:\/\/www.ufukonen.com\/tr\/wp-json\/wp\/v2\/tags?post=3195"}],"curies":[{"name":"wp","href":"https:\/\/api.w.org\/{rel}","templated":true}]}}