{"id":331,"date":"2013-06-15T22:35:22","date_gmt":"2013-06-15T19:35:22","guid":{"rendered":"http:\/\/blog.ufukonen.com\/?p=331"},"modified":"2014-06-03T18:50:59","modified_gmt":"2014-06-03T15:50:59","slug":"bir-otopark-ses-tasarim-projesi","status":"publish","type":"post","link":"https:\/\/www.ufukonen.com\/tr\/bir-otopark-ses-tasarim-projesi.html","title":{"rendered":"Ankara&#8217;da Bir Otopark ve Ses Tasar\u0131m Projesi"},"content":{"rendered":"<p style=\"text-align: center;\">\u00a0<img loading=\"lazy\" class=\"aligncenter  wp-image-1036\" alt=\"Gordion_Header_600px\" src=\"http:\/\/ufukonen.com\/tr\/wp-content\/uploads\/Gordion_Header_600px.png\" width=\"540\" height=\"239\" srcset=\"https:\/\/www.ufukonen.com\/tr\/wp-content\/uploads\/Gordion_Header_600px.png 600w, https:\/\/www.ufukonen.com\/tr\/wp-content\/uploads\/Gordion_Header_600px-300x133.png 300w\" sizes=\"(max-width: 540px) 100vw, 540px\" \/><\/p>\n<p>Bu yaz\u0131mda size her zaman kar\u015f\u0131la\u015fmad\u0131\u011f\u0131m\u0131z bir projeden bahsetmek istiyorum. Proje, bir ses tasar\u0131m projesi. Projede teknik olarak \u00e7ok \u015fa\u015f\u0131rt\u0131c\u0131 bir durum yok belki ama bence esas \u015fa\u015f\u0131rt\u0131c\u0131 veya ilgin\u00e7 olan bu projenin bir al\u0131\u015fveri\u015f merkezinin otopark\u0131nda sergileniyor olmas\u0131. Bahsetti\u011fim yer Ankara&#8217;da Gordion Al\u0131\u015fveri\u015f Merkezi. Asl\u0131nda sergileniyor demek ne kadar do\u011fru bilemiyorum \u00e7\u00fcnk\u00fc otopark\u0131n i\u00e7inde veya d\u0131\u015f\u0131nda bunun bir proje oldu\u011funu ya da bir sergi oldu\u011funu belirten herhangi bir yaz\u0131, i\u015faret, tabela veya benzeri bir \u015fey yok. Otopark bir ses tasar\u0131m projesine d\u00f6n\u00fc\u015ft\u00fcr\u00fclm\u00fc\u015f dersem belki daha do\u011fru bir ifade olabilir.<\/p>\n<p>Projeyi k\u0131saca \u00f6zetleyeyim&#8230; Otopark\u0131n i\u00e7indeki s\u00fctunlarda \u00e7e\u015fitli hayvan resimleri var. Resimlere yakla\u015ft\u0131\u011f\u0131n\u0131zda bir sens\u00f6r hareketi alg\u0131l\u0131yor ve yakla\u015ft\u0131\u011f\u0131n\u0131z resim ile ilgili ses dosyas\u0131n\u0131 tetikliyor. \u00d6rnek olarak k\u00f6pek resmi as\u0131l\u0131 bir s\u00fctuna yakla\u015ft\u0131\u011f\u0131n\u0131zda ya da bu s\u00fctunun yan\u0131ndan ge\u00e7ti\u011finizde k\u00f6pek havlamas\u0131 duyuyorsunuz. E\u011fer yanl\u0131\u015f saymad\u0131ysam alt\u0131 farkl\u0131 hayvan var.<\/p>\n<p>Proje, insanlar\u0131n arabalar\u0131n\u0131 park ettikleri yerleri rahat\u00e7a bulmalar\u0131 amac\u0131yla geli\u015ftirilmi\u015f. 1A, 2A, 3A gibi numara ve harf dizileri kolayl\u0131kla unutulabiliyor. &#8220;Arabay\u0131 k\u00f6pekli yere b\u0131rakm\u0131\u015ft\u0131k&#8221; diyerek park etti\u011finiz yeri hat\u0131rlamak daha kolay.<\/p>\n<p>\u0130lgin\u00e7 olaylar da ya\u015fanm\u0131\u015f tabii. Mesela otoparkta kedi ya\u015fad\u0131\u011f\u0131n\u0131 d\u00fc\u015f\u00fcnen bir m\u00fc\u015fteri bir kap s\u00fct b\u0131rakm\u0131\u015f&#8230;<\/p>\n<p>Yaz\u0131m\u0131n ba\u015f\u0131nda otopark\u0131n bir ses projesine d\u00f6n\u00fc\u015ft\u00fcr\u00fclm\u00fc\u015f oldu\u011fu \u015feklinde bir ifade kullanm\u0131\u015ft\u0131m. Asl\u0131dan bu projeyi bir &#8220;sound installation&#8221; (&#8220;ses enstalasyonu&#8221; ya da &#8220;ses yerle\u015ftirmesi&#8221;) olarak da d\u00fc\u015f\u00fcnebiliriz. Bir mekana \u00f6zg\u00fc olarak veya bir mekan\u0131n \u00f6zelliklerini kullanarak i\u015fin bir par\u00e7as\u0131 haline getiren sanat eserleri &#8220;installation&#8221; (&#8220;yerle\u015ftirme&#8221;) olarak adland\u0131r\u0131l\u0131yor. 1970&#8217;lerde \u00f6nem kazanmaya ve daha yayg\u0131n olarak kabul g\u00f6rmeye ba\u015flayan ba\u015flayan yerle\u015ftirme sanat\u0131n\u0131n temelleri Marcel Duchamp (1887-1968) ve Kurt Schwitters 1887-1948) gibi sanat\u00e7\u0131lar\u0131n eserlerine dayanmaktad\u0131r. Ses yerle\u015ftirmelerinde, di\u011fer yerle\u015ftirme sanat dallar\u0131ndan farkl\u0131 olarak &#8216;zaman&#8217; \u00f6gesi de i\u015fin i\u00e7ine girmektedir \u00e7\u00fcnk\u00fc belli bir ses, ancak belli bir zaman dilimi i\u00e7inde dinlenebilmektedir. Ses yerle\u015ftirmelerinde mekan i\u00e7ine yerle\u015ftirilmi\u015f farkl\u0131 say\u0131da hoparl\u00f6rler, akustik veya dijital enstr\u00fcman ve ses \u00fcrete\u00e7leri ile yerle\u015ftirmeyi interaktif hale getirebilecek sens\u00f6r gibi \u00e7e\u015fitli elektronik ve dijital ara\u00e7-gere\u00e7ler de kullan\u0131lmaktad\u0131r. T\u00fcm bunlar\u0131 d\u00fc\u015f\u00fcnd\u00fc\u011f\u00fcm\u00fczde Gordion Al\u0131\u015fveri\u015f Merkezi&#8217;nin otopark\u0131ndaki ses tasar\u0131m projesini bir ses yerle\u015ftirmesi olarak d\u00fc\u015f\u00fcnmek yanl\u0131\u015f olmaz san\u0131r\u0131m.<\/p>\n<p>\u00c7ekti\u011fim k\u0131sa videoyu a\u015fa\u011f\u0131ya ekledim.<\/p>\n<p>Projeyi hayata ge\u00e7iren Gordion Al\u0131\u015fveri\u015f Merkezi pazarlama ekibini tebrik ediyorum. Gordion\u2019a ayr\u0131ca bir tebrik de bir\u00e7ok al\u0131\u015fveri\u015f merkezinin giri\u015fine g\u00f6stermelik olarak konan ve insan\u0131 irite eden dedekt\u00f6r, x-ray ve benzeri cihazlar\u0131 kullanmad\u0131klar\u0131 i\u00e7in&#8230;<\/p>\n<p><span class=\"embed-youtube\" style=\"text-align:center; display: block;\"><iframe loading=\"lazy\" class=\"youtube-player\" width=\"700\" height=\"394\" src=\"https:\/\/www.youtube.com\/embed\/xEr5omgXS0E?version=3&#038;rel=1&#038;showsearch=0&#038;showinfo=1&#038;iv_load_policy=1&#038;fs=1&#038;hl=en-US&#038;autohide=2&#038;wmode=transparent\" allowfullscreen=\"true\" style=\"border:0;\" sandbox=\"allow-scripts allow-same-origin allow-popups allow-presentation\"><\/iframe><\/span><\/p>\n<p>&nbsp;<\/p>\n<div>\n<p><a href=\"https:\/\/twitter.com\/UfukOnen\" target=\"_blank\"><img loading=\"lazy\" class=\"alignleft\" alt=\"@UfukOnen (Twitter)\" src=\"http:\/\/ufukonen.com\/tr\/wp-content\/uploads\/twitter.png\" width=\"39\" height=\"39\" \/><\/a>Ses tasar\u0131m ve m\u00fczik prod\u00fcksiyonu, teknolojisi ve end\u00fcstrisi ile ilgili haber ve payla\u015f\u0131mlar i\u00e7in beni Twitter&#8217;da takip edebilirsiniz:\u00a0<a href=\"https:\/\/twitter.com\/UfukOnen\" target=\"_blank\">twitter.com\/ufukonen<\/a><\/p>\n<p>&nbsp;<\/p>\n<\/div>\n<div><img loading=\"lazy\" class=\"alignleft  wp-image-1039\" alt=\"Sound_2013_06_Haziran\" src=\"http:\/\/ufukonen.com\/tr\/wp-content\/uploads\/Sound_2013_06_Haziran-223x300.jpg\" width=\"107\" height=\"144\" srcset=\"https:\/\/www.ufukonen.com\/tr\/wp-content\/uploads\/Sound_2013_06_Haziran-223x300.jpg 223w, https:\/\/www.ufukonen.com\/tr\/wp-content\/uploads\/Sound_2013_06_Haziran.jpg 716w\" sizes=\"(max-width: 107px) 100vw, 107px\" \/>Bu yaz\u0131 ilk \u00f6nce web sitemde, ard\u0131ndan geni\u015fletilerek Sound dergisinin Haziran 2013 say\u0131s\u0131nda yay\u0131nlanm\u0131\u015ft\u0131r.\u00a0\u00a9 2013 Ufuk \u00d6nen. Bu yaz\u0131n\u0131n t\u00fcm haklar\u0131 sakl\u0131d\u0131r. \u0130zinsiz olarak kullan\u0131lamaz, kaynak g\u00f6sterilmeden ve link verilmeden al\u0131nt\u0131 yap\u0131lamaz.<\/div>\n","protected":false},"excerpt":{"rendered":"<p class=\"post-excerpt\">\u00a0 Bu yaz\u0131mda size her zaman kar\u015f\u0131la\u015fmad\u0131\u011f\u0131m\u0131z bir projeden bahsetmek istiyorum. Proje, bir ses tasar\u0131m projesi. Projede teknik olarak \u00e7ok&#8230;<\/p>\n","protected":false},"author":2,"featured_media":499,"comment_status":"closed","ping_status":"open","sticky":false,"template":"","format":"standard","meta":{"_mi_skip_tracking":false,"spay_email":"","jetpack_publicize_message":"","jetpack_is_tweetstorm":false,"jetpack_publicize_feature_enabled":true},"categories":[19],"tags":[],"jetpack_featured_media_url":"https:\/\/www.ufukonen.com\/tr\/wp-content\/uploads\/Gordion_Sound_Design.jpg","jetpack_publicize_connections":[],"jetpack_shortlink":"https:\/\/wp.me\/p3rjsG-5l","jetpack_sharing_enabled":true,"jetpack-related-posts":[{"id":7623,"url":"https:\/\/www.ufukonen.com\/tr\/pultec-eq-sihirli-dokunus.html","url_meta":{"origin":331,"position":0},"title":"Pultec EQ ve Sihirli Dokunu\u015f","date":"October 3, 2022","format":false,"excerpt":"Pultec EQ, 70 y\u0131l boyunca bir\u00e7ok prod\u00fcksiyonda kullan\u0131ld\u0131, kullan\u0131lmaya da devam ediyor. E\u011fer Pultec EQ'yu duyduysan\u0131z muhtemelen \"sihirli dokunu\u015fu\" oldu\u011funu da duymu\u015fsunuzdur. Nedir bu Pultec EQ? \u00c7al\u0131\u015fma prensibi nas\u0131ld\u0131r? Neden sihirli dokunu\u015fu oldu\u011fu s\u00f6ylenir? Bu yaz\u0131mda bu sorular\u0131n cevaplar\u0131na de\u011finmek istiyorum. K\u0131sa Tarih\u00e7e Pultec EQ'nun hikayesinin ba\u015flang\u0131c\u0131 olduk\u00e7a eskiye dayan\u0131yor.\u2026","rel":"","context":"In &quot;Ses ve M\u00fczik Teknolojileri&quot;","img":{"alt_text":"","src":"https:\/\/i0.wp.com\/www.ufukonen.com\/tr\/wp-content\/uploads\/Pultec_EQ_00_Header.jpg?resize=350%2C200&ssl=1","width":350,"height":200},"classes":[]},{"id":969,"url":"https:\/\/www.ufukonen.com\/tr\/muzik-produksiyonlari-icin-alternatif-yontemler-ve-amanda-palmer-ornegi.html","url_meta":{"origin":331,"position":1},"title":"M\u00fczik Prod\u00fcksiyonlar\u0131 i\u00e7in Alternatif Y\u00f6ntemler ve Amanda Palmer \u00d6rne\u011fi","date":"February 1, 2013","format":false,"excerpt":"\u00a0Eskiden alb\u00fcm yapmak i\u00e7in izlenecek yol belliydi. E\u011fer herhangi bir plak \u015firketine ba\u011fl\u0131 de\u011filseniz ilk \u00f6nce bir demo yap\u0131p sizinle anla\u015fma imzalayacak bir firma arard\u0131n\u0131z. Plak \u015firketi bulup anla\u015fma imzalad\u0131ktan sonra (ya da zaten anla\u015fman\u0131z varsa) firma size bir prod\u00fckt\u00f6r bulur, st\u00fcdyoyu ayarlar, siz de alb\u00fcm\u00fcn\u00fcz\u00fc kaydederdiniz. Daha sonra plak\u2026","rel":"","context":"In &quot;M\u00fczik End\u00fcstrisi&quot;","img":{"alt_text":"","src":"https:\/\/i0.wp.com\/www.ufukonen.com\/tr\/wp-content\/uploads\/Amanda_Palmer_We-Are-The-Media.jpg?resize=350%2C200&ssl=1","width":350,"height":200},"classes":[]},{"id":164,"url":"https:\/\/www.ufukonen.com\/tr\/atmm-2012-muzik-ve-medya-icin-ses-teknolojileri-konferansi.html","url_meta":{"origin":331,"position":2},"title":"&#8220;ATMM 2012: M\u00fczik ve Medya i\u00e7in Ses Teknolojileri Konferans\u0131&#8221;","date":"June 17, 2012","format":false,"excerpt":"1-2 Kas\u0131m 2012 tarihlerinde Ankara, Bilkent \u00dcniversitesi'nde, \u0130leti\u015fim ve Tasar\u0131m B\u00f6l\u00fcm\u00fc'n\u00fcn (COMD) ev sahipli\u011finde ger\u00e7ekle\u015ftirilen Audio Technologies for Music and Media (ATMM) konferans\u0131 ile ilgili olarak yazd\u0131\u011f\u0131m ve Sound dergisinin 2012 May\u0131s say\u0131s\u0131nda yay\u0131nlanan\u00a0\"ATMM 2012: M\u00fczik ve Medya i\u00e7in Ses Teknolojileri Konferans\u0131\" ba\u015fl\u0131kl\u0131 yaz\u0131m... \u00a0 ATMM 2012: M\u00fczik ve Medya\u2026","rel":"","context":"In &quot;ATMM&quot;","img":{"alt_text":"","src":"https:\/\/i0.wp.com\/www.ufukonen.com\/tr\/wp-content\/uploads\/ATMM-AD_20121015.jpg?resize=350%2C200&ssl=1","width":350,"height":200},"classes":[]},{"id":7446,"url":"https:\/\/www.ufukonen.com\/tr\/kompresor-mini-rehber.html","url_meta":{"origin":331,"position":3},"title":"Kompres\u00f6r: Mini Rehber","date":"June 27, 2022","format":false,"excerpt":"Kompres\u00f6r \u00fczerine daha \u00f6nce yazd\u0131\u011f\u0131m yaz\u0131lar\u0131 tek bir \u00e7at\u0131 alt\u0131nda toplay\u0131p bir mini rehber olu\u015fturdum. Linkleri ve a\u00e7\u0131klamalar\u0131 a\u015fa\u011f\u0131ya ekliyorum. Kompres\u00f6r\u00fcn \u00e7al\u0131\u015fma prensibi, \u00fczerindeki parametrelerin i\u015flevleri gibi temel bilgileri Ses Kay\u0131t ve M\u00fczik Teknolojileri adl\u0131 kitab\u0131mda bulabilirsiniz. \u0130yi okumalar! Kompres\u00f6r Attack S\u00fcresinin Sese Etkisini G\u00f6rselle\u015ftirecek Olursak\u2026 Attack s\u00fcresi, kompres\u00f6r \u00fczerindeki\u2026","rel":"","context":"In &quot;M\u00fczik Prod\u00fcksiyonu&quot;","img":{"alt_text":"","src":"https:\/\/i0.wp.com\/www.ufukonen.com\/tr\/wp-content\/uploads\/Kompresor_Mini_Rehber_00_Header.jpg?resize=350%2C200&ssl=1","width":350,"height":200},"classes":[]},{"id":8136,"url":"https:\/\/www.ufukonen.com\/tr\/kompresor-kullaniminda-yapilan-7-yanlis.html","url_meta":{"origin":331,"position":4},"title":"Kompres\u00f6r Kullan\u0131m\u0131nda Yap\u0131lan 7 Yanl\u0131\u015f","date":"November 13, 2023","format":false,"excerpt":"Bu yaz\u0131mda sizlerle \u00f6zellikle m\u00fczik prod\u00fcksiyonuna yeni ba\u015flayanlar\u0131n kompres\u00f6r kullan\u0131m\u0131nda s\u0131kl\u0131kla yapt\u0131\u011f\u0131 yedi yanl\u0131\u015f\u0131 payla\u015faca\u011f\u0131m. Bu yanl\u0131\u015flardan birini veya birka\u00e7\u0131n\u0131 siz de yap\u0131yor olabilirsiniz. Yap\u0131yorsan\u0131z sorun de\u011fil. Yanl\u0131\u015flar\u0131 d\u00fczeltmek o kadar da zor de\u011fil. \u00d6nemli olan yanl\u0131\u015f\u0131n yanl\u0131\u015f oldu\u011funu tespit edebilmek.\u00a0 Hemen ba\u015flayal\u0131m... 1. Ezberden veya Otomatik Olarak Kompres\u00f6r Kullanmak\u00a0\u2026","rel":"","context":"In &quot;M\u00fczik Prod\u00fcksiyonu&quot;","img":{"alt_text":"","src":"https:\/\/i0.wp.com\/www.ufukonen.com\/tr\/wp-content\/uploads\/Kompresor_Kullanirken_Yapilan_7_Yanlis_00_Header.jpg?resize=350%2C200&ssl=1","width":350,"height":200},"classes":[]},{"id":4249,"url":"https:\/\/www.ufukonen.com\/tr\/daw-proje-arsiv-yontemler.html","url_meta":{"origin":331,"position":5},"title":"DAW \u0130\u00e7indeki \u00c7ok Kanall\u0131 Projelerinizi Ar\u015fivlemek \u0130\u00e7in Y\u00f6ntemler","date":"October 15, 2018","format":false,"excerpt":"DAW i\u00e7indeki \u00e7ok kanall\u0131 projelerinizi ar\u015fivlemek farkl\u0131 y\u00f6ntemler mevcut. Benim kulland\u0131\u011f\u0131m metotlar\u0131 k\u0131saca ba\u015fl\u0131klar halinde listeleyecek olursam: Session dosyas\u0131 ve klas\u00f6r\u00fc olarak \u0130\u015flenmemi\u015f kanallar olarak \u0130\u015flenmi\u015f, otomasyon uygulanm\u0131\u015f ve efekt eklenmi\u015f kanallar olarak \u015eimdi bu \u00fc\u00e7 y\u00f6ntemi biraz daha detayl\u0131 bir \u015fekilde sizlere aktaray\u0131m. \u00a0 1- Session Dosyas\u0131 ve Klas\u00f6r\u00fc\u2026","rel":"","context":"In &quot;Ses ve M\u00fczik Teknolojileri&quot;","img":{"alt_text":"","src":"https:\/\/i0.wp.com\/www.ufukonen.com\/tr\/wp-content\/uploads\/DAW_Proje_Arsiv.jpg?resize=350%2C200&ssl=1","width":350,"height":200},"classes":[]}],"_links":{"self":[{"href":"https:\/\/www.ufukonen.com\/tr\/wp-json\/wp\/v2\/posts\/331"}],"collection":[{"href":"https:\/\/www.ufukonen.com\/tr\/wp-json\/wp\/v2\/posts"}],"about":[{"href":"https:\/\/www.ufukonen.com\/tr\/wp-json\/wp\/v2\/types\/post"}],"author":[{"embeddable":true,"href":"https:\/\/www.ufukonen.com\/tr\/wp-json\/wp\/v2\/users\/2"}],"replies":[{"embeddable":true,"href":"https:\/\/www.ufukonen.com\/tr\/wp-json\/wp\/v2\/comments?post=331"}],"version-history":[{"count":16,"href":"https:\/\/www.ufukonen.com\/tr\/wp-json\/wp\/v2\/posts\/331\/revisions"}],"predecessor-version":[{"id":1041,"href":"https:\/\/www.ufukonen.com\/tr\/wp-json\/wp\/v2\/posts\/331\/revisions\/1041"}],"wp:featuredmedia":[{"embeddable":true,"href":"https:\/\/www.ufukonen.com\/tr\/wp-json\/wp\/v2\/media\/499"}],"wp:attachment":[{"href":"https:\/\/www.ufukonen.com\/tr\/wp-json\/wp\/v2\/media?parent=331"}],"wp:term":[{"taxonomy":"category","embeddable":true,"href":"https:\/\/www.ufukonen.com\/tr\/wp-json\/wp\/v2\/categories?post=331"},{"taxonomy":"post_tag","embeddable":true,"href":"https:\/\/www.ufukonen.com\/tr\/wp-json\/wp\/v2\/tags?post=331"}],"curies":[{"name":"wp","href":"https:\/\/api.w.org\/{rel}","templated":true}]}}