{"id":3315,"date":"2017-10-02T01:00:27","date_gmt":"2017-10-01T22:00:27","guid":{"rendered":"http:\/\/www.ufukonen.com\/tr\/?p=3315"},"modified":"2022-10-23T21:47:39","modified_gmt":"2022-10-23T18:47:39","slug":"sylvia-massy-ve-tursu-deneyi","status":"publish","type":"post","link":"https:\/\/www.ufukonen.com\/tr\/sylvia-massy-ve-tursu-deneyi.html","title":{"rendered":"Sylvia Massy ve Tur\u015fu Deneyi!"},"content":{"rendered":"<p>Sylvia Massy ger\u00e7ekten m\u00fcthi\u015f bir diskografiye sahip bir prod\u00fckt\u00f6r ve ses m\u00fchendisi. Birlikte \u00e7al\u0131\u015ft\u0131\u011f\u0131 sanat\u00e7\u0131 ve gruplar aras\u0131nda Aerosmith, Joe Satriani, Johhny Cash, Prince, Red Hot Chili Peppers, Skunk Anansie, Sonic Youth ve Tool gibi m\u00fczik d\u00fcnyas\u0131nda \u00f6nemli yerleri olan isimler var. Massy&#8217;nin 25 tane alt\u0131n ve platin plak \u00f6d\u00fcl\u00fc bulunuyor.<\/p>\n<p>Massy, &#8220;normal&#8221; m\u00fczik \u00e7al\u0131\u015fmalar\u0131n\u0131n yan\u0131 s\u0131ra deneysel y\u00f6n\u00fc ile de tan\u0131nan bir isim. Massy, sinyal zinciri aras\u0131na \u00e7e\u015fitli yiyecekler ve mutfak cihazlar\u0131 yerle\u015ftirerek deneyler yapmay\u0131 seviyor. \u00d6rnek olarak gitar sololar\u0131 i\u00e7in gitar amplifikat\u00f6r\u00fc ve kabin aras\u0131na matkap yerle\u015ftirip, \u00e7e\u015fitli notalarla tetiklenen matkab\u0131n sesini kayda eklemi\u015fli\u011fi var.<\/p>\n<p>Massy, sinyal zinciri i\u00e7ine yerle\u015ftirdi\u011fi bir\u00e7ok g\u0131da ile de deneyler yapm\u0131\u015f. Patatesin \u00fcst frekanslarda azalmaya sebep oldu\u011funu s\u00f6yl\u00fcyor. Elma, muz, havu\u00e7 ve portakal ise a\u011f\u0131rl\u0131klar\u0131 oran\u0131nda \u00fcst frekanslarda azaltmaya sebep oluyormu\u015f. Sosisli sandvi\u00e7in ise olduk\u00e7a d\u00fcz bir frekans cevab\u0131na sahip oldu\u011funu g\u00f6zlemlemi\u015f.<\/p>\n<p>A\u015fa\u011f\u0131daki videoda Massy&#8217;in tur\u015fu ile yapt\u0131\u011f\u0131 deneyin sonucunu hem g\u00f6rebilir hem de duyabilirsiniz. Tur\u015fu tuzlu oldu\u011fundan ve tuz da iyi bir iletken oldu\u011fundan dolay\u0131 tur\u015fu olduk\u00e7a iyi bir se\u00e7im olmu\u015f.<\/p>\n<p>Videodan \u00f6nce Massy&#8217;nin bu deney i\u00e7in kulland\u0131\u011f\u0131 sinyal zincirinden biraz bahsetmek istiyorum.<\/p>\n<p><img loading=\"lazy\" class=\"aligncenter wp-image-3324\" src=\"http:\/\/www.ufukonen.com\/tr\/wp-content\/uploads\/SylviaMassy_TursuSinyalAkisi-1024x640.jpg\" alt=\"\" width=\"400\" height=\"250\" srcset=\"https:\/\/www.ufukonen.com\/tr\/wp-content\/uploads\/SylviaMassy_TursuSinyalAkisi-1024x640.jpg 1024w, https:\/\/www.ufukonen.com\/tr\/wp-content\/uploads\/SylviaMassy_TursuSinyalAkisi-300x188.jpg 300w, https:\/\/www.ufukonen.com\/tr\/wp-content\/uploads\/SylviaMassy_TursuSinyalAkisi-768x480.jpg 768w, https:\/\/www.ufukonen.com\/tr\/wp-content\/uploads\/SylviaMassy_TursuSinyalAkisi.jpg 1046w\" sizes=\"(max-width: 400px) 100vw, 400px\" \/><\/p>\n<p>Massy, bu deney i\u00e7in ilk \u00f6nce bir test sinyalini Crest marka bir g\u00fc\u00e7 amplifikat\u00f6r\u00fcne g\u00f6nderiyor.<\/p>\n<p>Amplifikat\u00f6r taraf\u0131ndan y\u00fckseltilen sinyal daha sonra tur\u015fuya ba\u011flan\u0131yor. Asl\u0131nda iki tur\u015fu var: pozitif tur\u015fu (k\u0131rm\u0131z\u0131 tabaktaki) ve negatif tur\u015fu (mavi tabaktaki)!<\/p>\n<p>Tur\u015fudan \u00e7\u0131kan sinyal Power Soak adl\u0131 \u00fcniteye giriyor. Power Soak, Boston grubundan tan\u0131d\u0131\u011f\u0131m\u0131z Tom Scholz taraf\u0131ndan tasarlanm\u0131\u015f, seviye azalt\u0131c\u0131 bir \u00fcnite (attenuator). Amplifikat\u00f6r ve hoparl\u00f6r aras\u0131nda kullan\u0131l\u0131yor. Gitar amplifikat\u00f6rlerinin tonu, ses seviyeleri ile birlikte de\u011fi\u015fir ve genelde iyi ton y\u00fcksek sesle elde edilir. Power Soak, amplifikat\u00f6r\u00fcn y\u00fcksek seviyeli \u00e7\u0131k\u0131\u015fla \u00e7al\u0131\u015fmas\u0131n\u0131 ancak hoparl\u00f6re giden sinyalin seviyesinin ton bozulmadan azalt\u0131lmas\u0131n\u0131 sa\u011fl\u0131yor.<\/p>\n<p>Power Soak arac\u0131l\u0131\u011f\u0131 ile azalt\u0131lan sinyal daha sonra Tone Tubby markal\u0131 gitar hoparl\u00f6r\u00fcne gidiyor.<\/p>\n<p><img loading=\"lazy\" class=\"aligncenter wp-image-3328\" src=\"http:\/\/www.ufukonen.com\/tr\/wp-content\/uploads\/PowerSoak.jpg\" alt=\"\" width=\"400\" height=\"159\" srcset=\"https:\/\/www.ufukonen.com\/tr\/wp-content\/uploads\/PowerSoak.jpg 800w, https:\/\/www.ufukonen.com\/tr\/wp-content\/uploads\/PowerSoak-300x119.jpg 300w, https:\/\/www.ufukonen.com\/tr\/wp-content\/uploads\/PowerSoak-768x304.jpg 768w\" sizes=\"(max-width: 400px) 100vw, 400px\" \/><\/p>\n<p><span class=\"embed-youtube\" style=\"text-align:center; display: block;\"><iframe loading=\"lazy\" class=\"youtube-player\" width=\"700\" height=\"394\" src=\"https:\/\/www.youtube.com\/embed\/ZFtiYdV898Y?version=3&#038;rel=1&#038;showsearch=0&#038;showinfo=1&#038;iv_load_policy=1&#038;fs=1&#038;hl=en-US&#038;autohide=2&#038;wmode=transparent\" allowfullscreen=\"true\" style=\"border:0;\" sandbox=\"allow-scripts allow-same-origin allow-popups allow-presentation\"><\/iframe><\/span><\/p>\n<p>Massy&#8217;nin di\u011fer videolar\u0131n\u0131 <a href=\"https:\/\/www.youtube.com\/channel\/UCQV1RLrqmHDICg5HK4okuWA\/videos\" target=\"_blank\" rel=\"noopener\">YouTube kanal\u0131ndan<\/a> izleyebilirsiniz.<\/p>\n<p>Sylvia Massy&#8217;nin <em>Recording Unhinged: Creative and Unconventional Music Recording Techniques<\/em> adl\u0131 bir kitab\u0131 ve il\u00fcstrasyonlar\u0131n\u0131 kendi yapt\u0131\u011f\u0131 iki tane de boyama kitab\u0131 buluyor (<a href=\"http:\/\/www.sylviamassy.com\/book\/\" target=\"_blank\" rel=\"noopener\">linkler i\u00e7in t\u0131klay\u0131n\u0131z<\/a>).<\/p>\n<p>Ba\u015fl\u0131k foto\u011fraf\u0131 <a href=\"http:\/\/www.sylviamassy.com\" target=\"_blank\" rel=\"noopener\">Sylvia Massy&#8217;nin web sitesinden<\/a> al\u0131nm\u0131\u015ft\u0131r.<\/p>\n<p>Teknik terimler i\u00e7in <a href=\"http:\/\/www.ufukonen.com\/tr\/ses-kayit-muzik-teknolojisi-terimler-sozluk.html\">m\u00fczik teknolojisi, m\u00fczik prod\u00fcksiyonu ve ses kay\u0131t terimleri s\u00f6zl\u00fc\u011f\u00fcne<\/a> g\u00f6z atabilirsiniz.<\/p>\n<p>Benzer payla\u015f\u0131mlar i\u00e7in beni <a href=\"https:\/\/www.facebook.com\/ufukonen.skmt\/\" target=\"_blank\" rel=\"noopener\">Facebook<\/a> ve <a href=\"https:\/\/twitter.com\/UfukOnen\" target=\"_blank\" rel=\"noopener\">Twitter<\/a>&#8216;da takip edebilir, haberler i\u00e7in <a href=\"http:\/\/ufukonen.com\/tr\/ses-kayit-muzik-teknolojisi-terimler-sozluk.html\" target=\"_blank\" rel=\"noopener\">mesaj listeme \u00fcye olabilirsiniz<\/a>. Te\u015fekk\u00fcrler.<\/p>\n<p>\u00a9 2017 Ufuk \u00d6nen. Her hakk\u0131 sakl\u0131d\u0131r. \u0130zinsiz kullan\u0131lamaz.<\/p>\n","protected":false},"excerpt":{"rendered":"<p class=\"post-excerpt\">Sylvia Massy ger\u00e7ekten m\u00fcthi\u015f bir diskografiye sahip bir prod\u00fckt\u00f6r ve ses m\u00fchendisi. Birlikte \u00e7al\u0131\u015ft\u0131\u011f\u0131 sanat\u00e7\u0131 ve gruplar aras\u0131nda Aerosmith, Joe&#8230;<\/p>\n","protected":false},"author":2,"featured_media":3317,"comment_status":"closed","ping_status":"open","sticky":false,"template":"","format":"standard","meta":{"_mi_skip_tracking":false,"spay_email":"","jetpack_publicize_message":"","jetpack_is_tweetstorm":false,"jetpack_publicize_feature_enabled":true},"categories":[18],"tags":[],"jetpack_featured_media_url":"https:\/\/www.ufukonen.com\/tr\/wp-content\/uploads\/SylviaMassy_720.jpg","jetpack_publicize_connections":[],"jetpack_shortlink":"https:\/\/wp.me\/p3rjsG-Rt","jetpack_sharing_enabled":true,"jetpack-related-posts":[{"id":3575,"url":"https:\/\/www.ufukonen.com\/tr\/2017-daw-anketi-sonuclari.html","url_meta":{"origin":3315,"position":0},"title":"2017 DAW Anketi Sonu\u00e7lar\u0131","date":"January 1, 2018","format":false,"excerpt":"\u00a0 Bu y\u0131l ikincisini d\u00fczenledi\u011fim DAW (Digital Audio Workstation) anketinin sonu\u00e7lar\u0131 belli oldu. 4-31 Aral\u0131k 2017 tarihleri aras\u0131nda a\u00e7\u0131k kalan ankete 1009 ki\u015fi kat\u0131ld\u0131. \u00a0 Birinci Soru: \"Kullanmakta Oldu\u011funuz DAW\" Anketin galibi 185 oy ile t\u00fcm oylar\u0131n %18.33'\u00fcn\u00fc alan Cubase (Steinberg) oldu. Onu hemen arkas\u0131ndan \u00e7ok az bir farkla Logic\u2026","rel":"","context":"In &quot;Ses ve M\u00fczik Teknolojileri&quot;","img":{"alt_text":"","src":"https:\/\/i0.wp.com\/www.ufukonen.com\/tr\/wp-content\/uploads\/2017_DAW_Anketi_1024x768.jpg?resize=350%2C200&ssl=1","width":350,"height":200},"classes":[]},{"id":254,"url":"https:\/\/www.ufukonen.com\/tr\/plug-inlerin-insert-ve-send-olarak-kullanimlari.html","url_meta":{"origin":3315,"position":1},"title":"Plug-in&#8217;lerin &#8216;Insert&#8217; ve &#8216;Send&#8217; Olarak Kullan\u0131mlar\u0131","date":"November 16, 2012","format":false,"excerpt":"Analog mikserler ve \u0130ngilizce'de 'outboard gear' olarak adland\u0131r\u0131lan 'hardware' ses i\u015flemci ve efekt \u00fcniteleri i\u00e7in \u015f\u00f6yle bir prensip vard\u0131r: Kompres\u00f6r, equalizer, noise gate gibi ses i\u015flemciler mikserde herhangi bir kanala 'insert' noktas\u0131 arac\u0131l\u0131\u011f\u0131 ile ba\u011flan\u0131r; reverb, delay gibi efektler i\u00e7in ise 'send' y\u00f6ntemi kullan\u0131l\u0131r. Kompres\u00f6r ve equalizer gibi sinyal i\u015flemciler\u2026","rel":"","context":"In &quot;M\u00fczik Prod\u00fcksiyonu&quot;","img":{"alt_text":"","src":"https:\/\/i0.wp.com\/www.ufukonen.com\/tr\/wp-content\/uploads\/Onen-Send-Insert-Sekil-07.jpg?resize=350%2C200&ssl=1","width":350,"height":200},"classes":[]},{"id":5594,"url":"https:\/\/www.ufukonen.com\/tr\/overdrive-distortion-fuzz.html","url_meta":{"origin":3315,"position":2},"title":"Overdrive, Distortion ve Fuzz","date":"April 20, 2020","format":false,"excerpt":"G\u00fcn\u00fcm\u00fczde \"kirli\", \"g\u00fcr\u00fclt\u00fcl\u00fc\" ve \"sert\" gitar tonlar\u0131n\u0131 ifade etmek i\u00e7in genel bir terim olarak 'distortion'; \"distortion tonu\" elde etmek i\u00e7in ise overdrive, distortion ve fuzz pedallar\u0131 kullan\u0131l\u0131yor. Bazen overdrive, distortion ve fuzz pedallar\u0131n\u0131n ayn\u0131 \u015fey oldu\u011fu d\u00fc\u015f\u00fcn\u00fcl\u00fcyor. Asl\u0131nda i\u015fin temeline inecek olursa bunun yanl\u0131\u015f oldu\u011funu s\u00f6yleyemeyiz. Bu \u00fc\u00e7 pedal da\u2026","rel":"","context":"In &quot;Ses ve M\u00fczik Teknolojileri&quot;","img":{"alt_text":"","src":"https:\/\/i0.wp.com\/www.ufukonen.com\/tr\/wp-content\/uploads\/Overdrive_Distortion_Fuzz_00_Header.jpg?resize=350%2C200&ssl=1","width":350,"height":200},"classes":[]},{"id":3252,"url":"https:\/\/www.ufukonen.com\/tr\/phaser.html","url_meta":{"origin":3315,"position":3},"title":"Phaser (Yaz\u0131 ve Video)","date":"September 11, 2017","format":false,"excerpt":"\u00a0 Phaser, 1970'li y\u0131llarda pop\u00fcler hale gelmi\u015f bir efekt \u00fcnitesidir. Phaser denilince akla ilk olarak gitar ve klavye gelse de bu efekt farkl\u0131 enstr\u00fcmanlar i\u00e7in de kullan\u0131lmaktad\u0131r. \u00a0 Sinyal \u0130\u015fleme \u015eekli Phaser, giri\u015fteki sinyalin bir kopyas\u0131n\u0131 \u00e7\u0131kart\u0131r ve \"all-pass\" olarak adland\u0131r\u0131lan bir dizi filtreden ge\u00e7irir. B\u00f6ylelikle iki ayr\u0131 sinyal elde\u2026","rel":"","context":"In &quot;Ses ve M\u00fczik Teknolojileri&quot;","img":{"alt_text":"","src":"https:\/\/i0.wp.com\/www.ufukonen.com\/tr\/wp-content\/uploads\/Phaser_Header_720x405.jpg?resize=350%2C200&ssl=1","width":350,"height":200},"classes":[]},{"id":4913,"url":"https:\/\/www.ufukonen.com\/tr\/reverb-delay-birlikte-kullanirken.html","url_meta":{"origin":3315,"position":4},"title":"Reverb ve Delay Efektlerini Birlikte Kullan\u0131rken&#8230;","date":"July 15, 2019","format":false,"excerpt":"Reverb ve delay, m\u00fczik prod\u00fcksiyonunda s\u00fcrekli kulland\u0131\u011f\u0131m\u0131z iki efekt. Yerine g\u00f6re, baz\u0131 enstr\u00fcmanlar i\u00e7in sadece reverb, baz\u0131 enstr\u00fcmanlar i\u00e7in sadece delay, di\u011ferleri i\u00e7in ise ayn\u0131 anda hem reverb hem de delay kullan\u0131yoruz. Reverb ve delay'i birlikte kullan\u0131rken tercih etti\u011fimiz sinyal ak\u0131\u015f\u0131n\u0131n ald\u0131\u011f\u0131m\u0131z sonu\u00e7 \u00fczerinde bir etkisi oluyor. Bu etki bazen\u2026","rel":"","context":"In &quot;M\u00fczik Prod\u00fcksiyonu&quot;","img":{"alt_text":"","src":"https:\/\/i0.wp.com\/www.ufukonen.com\/tr\/wp-content\/uploads\/Reverb_Delay_Birlikte_Kullanirken_1280x720.jpg?resize=350%2C200&ssl=1","width":350,"height":200},"classes":[]},{"id":5069,"url":"https:\/\/www.ufukonen.com\/tr\/korelasyon-gostergesi.html","url_meta":{"origin":3315,"position":5},"title":"Korelasyon G\u00f6stergesi Nedir ve \u00dczerindeki De\u011ferler Ne \u0130fade Etmektedir?","date":"September 30, 2019","format":false,"excerpt":"Bu yaz\u0131mda korelasyon g\u00f6stergesinin (correlation meter) ne oldu\u011fundan, ne i\u015fe yarad\u0131\u011f\u0131ndan ve \u00fczerindeki de\u011ferlerin ne ifade etti\u011finden bahsedece\u011fim. Ondan \u00f6nce, tabii e\u011fer okumad\u0131ysan\u0131z, ilk \u00f6nce \"Mono Uyumlulu\u011fu Ger\u00e7ekten \u00d6nemli mi?\" ve sonra da \"Mono Uyumlulu\u011funu Nas\u0131l Kontrol Ederiz?\" ba\u015fl\u0131kl\u0131 yaz\u0131lar\u0131m\u0131 okuman\u0131z\u0131 tavsiye ederim. Korelasyon g\u00f6stergelerinin ilk kullan\u0131m\u0131 plak zamanlar\u0131na dayan\u0131yor.\u2026","rel":"","context":"In &quot;Ses ve M\u00fczik Teknolojileri&quot;","img":{"alt_text":"","src":"https:\/\/i0.wp.com\/www.ufukonen.com\/tr\/wp-content\/uploads\/Korelasyon_Gostergesi_720.jpg?resize=350%2C200&ssl=1","width":350,"height":200},"classes":[]}],"_links":{"self":[{"href":"https:\/\/www.ufukonen.com\/tr\/wp-json\/wp\/v2\/posts\/3315"}],"collection":[{"href":"https:\/\/www.ufukonen.com\/tr\/wp-json\/wp\/v2\/posts"}],"about":[{"href":"https:\/\/www.ufukonen.com\/tr\/wp-json\/wp\/v2\/types\/post"}],"author":[{"embeddable":true,"href":"https:\/\/www.ufukonen.com\/tr\/wp-json\/wp\/v2\/users\/2"}],"replies":[{"embeddable":true,"href":"https:\/\/www.ufukonen.com\/tr\/wp-json\/wp\/v2\/comments?post=3315"}],"version-history":[{"count":11,"href":"https:\/\/www.ufukonen.com\/tr\/wp-json\/wp\/v2\/posts\/3315\/revisions"}],"predecessor-version":[{"id":7696,"href":"https:\/\/www.ufukonen.com\/tr\/wp-json\/wp\/v2\/posts\/3315\/revisions\/7696"}],"wp:featuredmedia":[{"embeddable":true,"href":"https:\/\/www.ufukonen.com\/tr\/wp-json\/wp\/v2\/media\/3317"}],"wp:attachment":[{"href":"https:\/\/www.ufukonen.com\/tr\/wp-json\/wp\/v2\/media?parent=3315"}],"wp:term":[{"taxonomy":"category","embeddable":true,"href":"https:\/\/www.ufukonen.com\/tr\/wp-json\/wp\/v2\/categories?post=3315"},{"taxonomy":"post_tag","embeddable":true,"href":"https:\/\/www.ufukonen.com\/tr\/wp-json\/wp\/v2\/tags?post=3315"}],"curies":[{"name":"wp","href":"https:\/\/api.w.org\/{rel}","templated":true}]}}