{"id":3420,"date":"2017-10-30T01:00:04","date_gmt":"2017-10-29T22:00:04","guid":{"rendered":"http:\/\/www.ufukonen.com\/tr\/?p=3420"},"modified":"2017-10-28T19:39:57","modified_gmt":"2017-10-28T16:39:57","slug":"kuba-amerikali-diplomat-sonik-saldiri","status":"publish","type":"post","link":"https:\/\/www.ufukonen.com\/tr\/kuba-amerikali-diplomat-sonik-saldiri.html","title":{"rendered":"K\u00fcba&#8217;daki Amerikal\u0131 Diplomatlara Y\u00f6nelik Sonik Sald\u0131r\u0131 \u0130ddialar\u0131 Sonras\u0131nda Kaydedilen &#8216;Tehlikeli&#8217; Sesi Dinleyin!"},"content":{"rendered":"<p><img loading=\"lazy\" class=\"aligncenter wp-image-3425\" src=\"http:\/\/www.ufukonen.com\/tr\/wp-content\/uploads\/Kuba_Tehlikeli_Ses.jpeg\" alt=\"\" width=\"570\" height=\"321\" srcset=\"https:\/\/www.ufukonen.com\/tr\/wp-content\/uploads\/Kuba_Tehlikeli_Ses.jpeg 720w, https:\/\/www.ufukonen.com\/tr\/wp-content\/uploads\/Kuba_Tehlikeli_Ses-300x169.jpeg 300w\" sizes=\"(max-width: 570px) 100vw, 570px\" \/><\/p>\n<p>Ge\u00e7ti\u011fimiz aylarda, bas\u0131nda, K\u00fcba&#8217;da bulunan Amerikal\u0131 diplomatlar ile ilgili haberler \u00e7\u0131km\u0131\u015ft\u0131. Bu haberlerde baz\u0131 diplomatlar\u0131n kendilerinde ve ailelerinde gizemli bir \u015fekilde i\u015fitme kayb\u0131, mide bulant\u0131s\u0131, ba\u015f d\u00f6nmesi ve hafif \u015fiddette beyin travmas\u0131 g\u00f6r\u00fcld\u00fc\u011f\u00fc bildirilmi\u015fti. Bu sa\u011fl\u0131k sorunlar\u0131n\u0131 ya\u015fayan diplomatlar ile yap\u0131lan g\u00f6r\u00fc\u015fmeler sonucunda hepsinin ince bir ses duydu\u011fu ancak buna \u00e7ok \u00f6nem vermedikleri ve \u00fczerinde durmad\u0131klar\u0131 anla\u015f\u0131lm\u0131\u015ft\u0131.<\/p>\n<p>Bunun ard\u0131ndan Amerikal\u0131 yetkililer K\u00fcba&#8217;n\u0131n &#8220;sonik silah&#8221; kulland\u0131\u011f\u0131ndan s\u00fcphelenmi\u015f, diplomatlar\u0131n\u0131 \u00fclkelerine geri \u00e7a\u011f\u0131rm\u0131\u015f ve Amerikadaki iki K\u00fcbal\u0131 diplomat\u0131 s\u0131n\u0131rd\u0131\u015f\u0131 etmi\u015fti. Amerikal\u0131 diplomatlar\u0131n yan\u0131 s\u0131ra baz\u0131 Kanadal\u0131 diplomatlar da benzer sorunlar ya\u015fam\u0131\u015ft\u0131.<\/p>\n<p>\u0130lgili haberlere \u015fu linklerden ula\u015fabilirsiniz: <a href=\"http:\/\/www.bbc.com\/turkce\/haberler-dunya-40886518\" target=\"_blank\" rel=\"noopener\">BBC T\u00fcrk\u00e7e<\/a> | <a href=\"https:\/\/www.amerikaninsesi.com\/a\/amerika-kubadaki-buyukelciligini-kapatabilir\/4033597.html\" target=\"_blank\" rel=\"noopener\">Amerika&#8217;n\u0131n Sesi<\/a> | <a href=\"http:\/\/www.hurriyet.com.tr\/kubadaki-bazi-amerikali-diplomatlarda-gizemli-isitme-kaybi-40546092\" target=\"_blank\" rel=\"noopener\">H\u00fcrriyet<\/a> | <a href=\"https:\/\/www.ntv.com.tr\/dunya\/kubadaki-diplomatlara-sonik-silah-saldirisi,Yw-ifH9bS0K-dlxN5SQAPQ\" target=\"_blank\" rel=\"noopener\">NTV<\/a> | <a href=\"https:\/\/www.theguardian.com\/world\/2017\/sep\/14\/mystery-of-sonic-weapon-attacks-at-us-embassy-in-cuba-deepens\" target=\"_blank\" rel=\"noopener\">The Guardian (\u0130ngilizce)<\/a><\/p>\n<p>K\u00fcba, Amerika&#8217;n\u0131n sonik silah iddialar\u0131n\u0131 yalanlam\u0131\u015f, bu konuyla ilgili herhangi bir ilgilerinin ya da bilgilerinin olmad\u0131\u011f\u0131n\u0131 a\u00e7\u0131klam\u0131\u015ft\u0131. Hatta iyi niyet g\u00f6stergesi olarak FBI&#8217;\u0131n K\u00fcba&#8217;ya girip ara\u015ft\u0131rma yapmas\u0131na izin bile vermi\u015fti.<\/p>\n<div id=\"attachment_3426\" style=\"width: 510px\" class=\"wp-caption aligncenter\"><img aria-describedby=\"caption-attachment-3426\" loading=\"lazy\" class=\"wp-image-3426\" src=\"http:\/\/www.ufukonen.com\/tr\/wp-content\/uploads\/Kuba_Havana.jpg\" alt=\"\" width=\"500\" height=\"281\" srcset=\"https:\/\/www.ufukonen.com\/tr\/wp-content\/uploads\/Kuba_Havana.jpg 720w, https:\/\/www.ufukonen.com\/tr\/wp-content\/uploads\/Kuba_Havana-300x169.jpg 300w\" sizes=\"(max-width: 500px) 100vw, 500px\" \/><p id=\"caption-attachment-3426\" class=\"wp-caption-text\">Havana, K\u00fcba<\/p><\/div>\n<p>&nbsp;<\/p>\n<p>\u00c7\u0131kan haberlere g\u00f6re Amerikal\u0131 yetkililer bu i\u015fin arkas\u0131nda kimin oldu\u011funu hen\u00fcz bulamam\u0131\u015f ancak diplomatlar\u0131n sa\u011fl\u0131k sorunlar\u0131na sebep olan sesi kaydetmeyi ba\u015farm\u0131\u015f.\u00a0Sesin Amerikal\u0131 ve Kanadal\u0131 diplomatlara nas\u0131l ve hangi cihaz ile dinletildi\u011fi, bahsi ge\u00e7en sa\u011fl\u0131k sorunlar\u0131na tam olarak nas\u0131l yol a\u00e7t\u0131\u011f\u0131 hen\u00fcz netle\u015fmi\u015f de\u011fil.<\/p>\n<p>Associated Press, kaydedilen bu sesin k\u0131sa bir \u00f6rne\u011fini ge\u00e7ti\u011fimiz g\u00fcnlerde bas\u0131na da\u011f\u0131tt\u0131. 7 kHz civar\u0131nda yo\u011funla\u015fan \u00fcst perdeli bu sesi, Business Insider&#8217;\u0131n YouTube kanal\u0131nda yay\u0131nlad\u0131\u011f\u0131 a\u015fa\u011f\u0131daki videodan dinleyebilirsiniz. Uzmanlar sesin k\u0131sa s\u00fcreli olarak dinledi\u011finde zarars\u0131z oldu\u011funu s\u00f6yl\u00fcyorlar ancak yine de dikkatli olmakta fayda var!<\/p>\n<p><span class=\"embed-youtube\" style=\"text-align:center; display: block;\"><iframe loading=\"lazy\" class=\"youtube-player\" width=\"700\" height=\"394\" src=\"https:\/\/www.youtube.com\/embed\/eWr910Fr_Oo?version=3&#038;rel=1&#038;showsearch=0&#038;showinfo=1&#038;iv_load_policy=1&#038;fs=1&#038;hl=en-US&#038;autohide=2&#038;wmode=transparent\" allowfullscreen=\"true\" style=\"border:0;\" sandbox=\"allow-scripts allow-same-origin allow-popups allow-presentation\"><\/iframe><\/span><\/p>\n<p>&nbsp;<\/p>\n<p>Teknik terimler i\u00e7in <a href=\"http:\/\/www.ufukonen.com\/tr\/ses-kayit-muzik-teknolojisi-terimler-sozluk.html\">m\u00fczik teknolojisi, m\u00fczik prod\u00fcksiyonu ve ses kay\u0131t terimleri s\u00f6zl\u00fc\u011f\u00fcne<\/a> g\u00f6z atabilirsiniz.<\/p>\n<p>Benzer payla\u015f\u0131mlar i\u00e7in beni <a href=\"https:\/\/www.facebook.com\/ufukonen.skmt\/\" target=\"_blank\" rel=\"noopener\">Facebook<\/a> ve <a href=\"https:\/\/twitter.com\/UfukOnen\" target=\"_blank\" rel=\"noopener\">Twitter<\/a>&#8216;da takip edebilir, haberler i\u00e7in <a href=\"http:\/\/ufukonen.com\/tr\/ses-kayit-muzik-teknolojisi-terimler-sozluk.html\" target=\"_blank\" rel=\"noopener\">mesaj listeme \u00fcye olabilirsiniz<\/a>. Te\u015fekk\u00fcrler.<\/p>\n<p>\u00a9 2017 Ufuk \u00d6nen. Her hakk\u0131 sakl\u0131d\u0131r. \u0130zinsiz kullan\u0131lamaz.<\/p>\n","protected":false},"excerpt":{"rendered":"<p class=\"post-excerpt\">Ge\u00e7ti\u011fimiz aylarda, bas\u0131nda, K\u00fcba&#8217;da bulunan Amerikal\u0131 diplomatlar ile ilgili haberler \u00e7\u0131km\u0131\u015ft\u0131. Bu haberlerde baz\u0131 diplomatlar\u0131n kendilerinde ve ailelerinde gizemli bir&#8230;<\/p>\n","protected":false},"author":2,"featured_media":3425,"comment_status":"closed","ping_status":"open","sticky":false,"template":"","format":"standard","meta":{"_mi_skip_tracking":false,"spay_email":"","jetpack_publicize_message":"","jetpack_is_tweetstorm":false,"jetpack_publicize_feature_enabled":true},"categories":[18],"tags":[],"jetpack_featured_media_url":"https:\/\/www.ufukonen.com\/tr\/wp-content\/uploads\/Kuba_Tehlikeli_Ses.jpeg","jetpack_publicize_connections":[],"jetpack_shortlink":"https:\/\/wp.me\/p3rjsG-Ta","jetpack_sharing_enabled":true,"jetpack-related-posts":[{"id":3575,"url":"https:\/\/www.ufukonen.com\/tr\/2017-daw-anketi-sonuclari.html","url_meta":{"origin":3420,"position":0},"title":"2017 DAW Anketi Sonu\u00e7lar\u0131","date":"January 1, 2018","format":false,"excerpt":"\u00a0 Bu y\u0131l ikincisini d\u00fczenledi\u011fim DAW (Digital Audio Workstation) anketinin sonu\u00e7lar\u0131 belli oldu. 4-31 Aral\u0131k 2017 tarihleri aras\u0131nda a\u00e7\u0131k kalan ankete 1009 ki\u015fi kat\u0131ld\u0131. \u00a0 Birinci Soru: \"Kullanmakta Oldu\u011funuz DAW\" Anketin galibi 185 oy ile t\u00fcm oylar\u0131n %18.33'\u00fcn\u00fc alan Cubase (Steinberg) oldu. Onu hemen arkas\u0131ndan \u00e7ok az bir farkla Logic\u2026","rel":"","context":"In &quot;Ses ve M\u00fczik Teknolojileri&quot;","img":{"alt_text":"","src":"https:\/\/i0.wp.com\/www.ufukonen.com\/tr\/wp-content\/uploads\/2017_DAW_Anketi_1024x768.jpg?resize=350%2C200&ssl=1","width":350,"height":200},"classes":[]},{"id":5068,"url":"https:\/\/www.ufukonen.com\/tr\/mono-uyumluluk-kontrol.html","url_meta":{"origin":3420,"position":1},"title":"Mono Uyumlulu\u011funu Nas\u0131l Kontrol Ederiz?","date":"September 23, 2019","format":false,"excerpt":"\"Mono Uyumlulu\u011fu Ger\u00e7ekten \u00d6nemli mi?\" ba\u015fl\u0131kl\u0131 yaz\u0131mda bu konudaki fikirlerimi aktarm\u0131\u015ft\u0131m. Yaz\u0131da da belirtti\u011fim \u00fczere, cep telefonu ve tablet gibi cihazlarla kablosuz ba\u011flant\u0131 y\u00f6ntemi ile kullan\u0131lan hoparl\u00f6rler son y\u0131llarda m\u00fcthi\u015f derece pop\u00fcler hale geldi. Hatta IKEA bile Sonos ile i\u015f birli\u011fi yap\u0131p kitap raf\u0131 ve masa lambas\u0131 gibi \u015fekillerde kablosuz\u2026","rel":"","context":"In &quot;Ses ve M\u00fczik Teknolojileri&quot;","img":{"alt_text":"","src":"https:\/\/i0.wp.com\/www.ufukonen.com\/tr\/wp-content\/uploads\/Mono_Kontrol_720.jpg?resize=350%2C200&ssl=1","width":350,"height":200},"classes":[]},{"id":969,"url":"https:\/\/www.ufukonen.com\/tr\/muzik-produksiyonlari-icin-alternatif-yontemler-ve-amanda-palmer-ornegi.html","url_meta":{"origin":3420,"position":2},"title":"M\u00fczik Prod\u00fcksiyonlar\u0131 i\u00e7in Alternatif Y\u00f6ntemler ve Amanda Palmer \u00d6rne\u011fi","date":"February 1, 2013","format":false,"excerpt":"\u00a0Eskiden alb\u00fcm yapmak i\u00e7in izlenecek yol belliydi. E\u011fer herhangi bir plak \u015firketine ba\u011fl\u0131 de\u011filseniz ilk \u00f6nce bir demo yap\u0131p sizinle anla\u015fma imzalayacak bir firma arard\u0131n\u0131z. Plak \u015firketi bulup anla\u015fma imzalad\u0131ktan sonra (ya da zaten anla\u015fman\u0131z varsa) firma size bir prod\u00fckt\u00f6r bulur, st\u00fcdyoyu ayarlar, siz de alb\u00fcm\u00fcn\u00fcz\u00fc kaydederdiniz. Daha sonra plak\u2026","rel":"","context":"In &quot;M\u00fczik End\u00fcstrisi&quot;","img":{"alt_text":"","src":"https:\/\/i0.wp.com\/www.ufukonen.com\/tr\/wp-content\/uploads\/Amanda_Palmer_We-Are-The-Media.jpg?resize=350%2C200&ssl=1","width":350,"height":200},"classes":[]},{"id":8136,"url":"https:\/\/www.ufukonen.com\/tr\/kompresor-kullaniminda-yapilan-7-yanlis.html","url_meta":{"origin":3420,"position":3},"title":"Kompres\u00f6r Kullan\u0131m\u0131nda Yap\u0131lan 7 Yanl\u0131\u015f","date":"November 13, 2023","format":false,"excerpt":"Bu yaz\u0131mda sizlerle \u00f6zellikle m\u00fczik prod\u00fcksiyonuna yeni ba\u015flayanlar\u0131n kompres\u00f6r kullan\u0131m\u0131nda s\u0131kl\u0131kla yapt\u0131\u011f\u0131 yedi yanl\u0131\u015f\u0131 payla\u015faca\u011f\u0131m. Bu yanl\u0131\u015flardan birini veya birka\u00e7\u0131n\u0131 siz de yap\u0131yor olabilirsiniz. Yap\u0131yorsan\u0131z sorun de\u011fil. Yanl\u0131\u015flar\u0131 d\u00fczeltmek o kadar da zor de\u011fil. \u00d6nemli olan yanl\u0131\u015f\u0131n yanl\u0131\u015f oldu\u011funu tespit edebilmek.\u00a0 Hemen ba\u015flayal\u0131m... 1. Ezberden veya Otomatik Olarak Kompres\u00f6r Kullanmak\u00a0\u2026","rel":"","context":"In &quot;M\u00fczik Prod\u00fcksiyonu&quot;","img":{"alt_text":"","src":"https:\/\/i0.wp.com\/www.ufukonen.com\/tr\/wp-content\/uploads\/Kompresor_Kullanirken_Yapilan_7_Yanlis_00_Header.jpg?resize=350%2C200&ssl=1","width":350,"height":200},"classes":[]},{"id":6719,"url":"https:\/\/www.ufukonen.com\/tr\/bob-clearmountain-stem.html","url_meta":{"origin":3420,"position":4},"title":"Bob Clearmountain &#8216;Stem&#8217; Teriminin Yanl\u0131\u015f Kullan\u0131m\u0131ndan \u015eikayet\u00e7i!","date":"July 5, 2021","format":false,"excerpt":"The Rolling Stones, Bruce Springsteen, Bryan Adams, Toto ve Bon Jovi gibi sanat\u00e7\u0131 ve gruplar\u0131n alb\u00fcm ve par\u00e7alar\u0131nda prod\u00fckt\u00f6r ve kay\u0131t\/miks m\u00fchendisi olarak imzas\u0131 bulunan Bob Clearmountain, Instagram hesab\u0131ndan 'stem' terimi ile ilgili bir video payla\u015ft\u0131. Clearmountain bu videoda stem teriminin son g\u00fcnlerde baz\u0131 m\u00fczisyenler ve st\u00fcdyo profesyonelleri taraf\u0131ndan yanl\u0131\u015f\u2026","rel":"","context":"In &quot;Ses ve M\u00fczik Teknolojileri&quot;","img":{"alt_text":"","src":"https:\/\/i0.wp.com\/www.ufukonen.com\/tr\/wp-content\/uploads\/Bob_Clearmountain_Stem_00_Header.jpg?resize=350%2C200&ssl=1","width":350,"height":200},"classes":[]},{"id":6112,"url":"https:\/\/www.ufukonen.com\/tr\/daw-stereo-pan-kontrol.html","url_meta":{"origin":3420,"position":5},"title":"Cubase, Studio One ve Logic \u0130\u00e7in &#8220;Ger\u00e7ek&#8221; Stereo Pan Kontrol\u00fc","date":"October 26, 2020","format":false,"excerpt":"Baz\u0131 DAW mikserlerinde stereo kanallar i\u00e7in tek bir pan kontrol\u00fc bulunuyor ve bu kontrol \"ger\u00e7ek\" stereo pan de\u011fil de stereo denge ayar\u0131 i\u00e7in kullan\u0131l\u0131yor. Stereo pan ve stereo denge (stereo balance) aras\u0131ndaki farkl\u0131 \"Stereo Pan ve Stereo Denge Kontrol\u00fc Aras\u0131ndaki Fark\" ba\u015fl\u0131kl\u0131 yaz\u0131mda detayl\u0131 olarak a\u00e7\u0131klam\u0131\u015ft\u0131m. Cubase, Studio One ve\u2026","rel":"","context":"In &quot;Ses ve M\u00fczik Teknolojileri&quot;","img":{"alt_text":"","src":"https:\/\/i0.wp.com\/www.ufukonen.com\/tr\/wp-content\/uploads\/DAW_Gercek_Pan_Kontrol_00_Header.jpg?resize=350%2C200&ssl=1","width":350,"height":200},"classes":[]}],"_links":{"self":[{"href":"https:\/\/www.ufukonen.com\/tr\/wp-json\/wp\/v2\/posts\/3420"}],"collection":[{"href":"https:\/\/www.ufukonen.com\/tr\/wp-json\/wp\/v2\/posts"}],"about":[{"href":"https:\/\/www.ufukonen.com\/tr\/wp-json\/wp\/v2\/types\/post"}],"author":[{"embeddable":true,"href":"https:\/\/www.ufukonen.com\/tr\/wp-json\/wp\/v2\/users\/2"}],"replies":[{"embeddable":true,"href":"https:\/\/www.ufukonen.com\/tr\/wp-json\/wp\/v2\/comments?post=3420"}],"version-history":[{"count":9,"href":"https:\/\/www.ufukonen.com\/tr\/wp-json\/wp\/v2\/posts\/3420\/revisions"}],"predecessor-version":[{"id":3431,"href":"https:\/\/www.ufukonen.com\/tr\/wp-json\/wp\/v2\/posts\/3420\/revisions\/3431"}],"wp:featuredmedia":[{"embeddable":true,"href":"https:\/\/www.ufukonen.com\/tr\/wp-json\/wp\/v2\/media\/3425"}],"wp:attachment":[{"href":"https:\/\/www.ufukonen.com\/tr\/wp-json\/wp\/v2\/media?parent=3420"}],"wp:term":[{"taxonomy":"category","embeddable":true,"href":"https:\/\/www.ufukonen.com\/tr\/wp-json\/wp\/v2\/categories?post=3420"},{"taxonomy":"post_tag","embeddable":true,"href":"https:\/\/www.ufukonen.com\/tr\/wp-json\/wp\/v2\/tags?post=3420"}],"curies":[{"name":"wp","href":"https:\/\/api.w.org\/{rel}","templated":true}]}}