{"id":3450,"date":"2017-11-20T01:00:57","date_gmt":"2017-11-19T22:00:57","guid":{"rendered":"http:\/\/www.ufukonen.com\/tr\/?p=3450"},"modified":"2017-11-20T22:42:39","modified_gmt":"2017-11-20T19:42:39","slug":"bu-isi-evde-nasil-yaparim-eskisehir-etkinligi-ve-imza-gunu","status":"publish","type":"post","link":"https:\/\/www.ufukonen.com\/tr\/bu-isi-evde-nasil-yaparim-eskisehir-etkinligi-ve-imza-gunu.html","title":{"rendered":"&#8220;Bu \u0130\u015fi Evde Nas\u0131l Yapar\u0131m?&#8221;: Eski\u015fehir Etkinli\u011fi ve \u0130mza G\u00fcn\u00fc"},"content":{"rendered":"<p><img loading=\"lazy\" class=\"aligncenter wp-image-3456\" src=\"http:\/\/www.ufukonen.com\/tr\/wp-content\/uploads\/Eskisehir_171111_01-1024x576.jpg\" alt=\"\" width=\"575\" height=\"323\" srcset=\"https:\/\/www.ufukonen.com\/tr\/wp-content\/uploads\/Eskisehir_171111_01-1024x576.jpg 1024w, https:\/\/www.ufukonen.com\/tr\/wp-content\/uploads\/Eskisehir_171111_01-300x169.jpg 300w, https:\/\/www.ufukonen.com\/tr\/wp-content\/uploads\/Eskisehir_171111_01-768x432.jpg 768w, https:\/\/www.ufukonen.com\/tr\/wp-content\/uploads\/Eskisehir_171111_01.jpg 1920w\" sizes=\"(max-width: 575px) 100vw, 575px\" \/><\/p>\n<p>90&#8217;lar\u0131n ilk yar\u0131s\u0131nda grubum <a href=\"http:\/\/www.ufukonen.com\/tr\/hazy-hill.html\" target=\"_blank\" rel=\"noopener\">Hazy Hill<\/a> ile m\u00fczik \u00e7al\u0131\u015fmalar\u0131m\u0131z\u0131 \u00e7ok h\u0131zl\u0131 bir \u015fekilde s\u00fcrd\u00fcr\u00fcyorduk. Bir yandan par\u00e7alar yap\u0131yor ve st\u00fcdyolarda bu par\u00e7alar\u0131 kaydedip yay\u0131nl\u0131yor, di\u011fer yandan da s\u00fcrekli konserler veriyorduk. Yanl\u0131\u015f hat\u0131rlam\u0131yorsam 1993 y\u0131l\u0131n\u0131n ba\u015f\u0131yd\u0131, Eski\u015fehir&#8217;deki ilk konserimiz i\u00e7in trenle yola \u00e7\u0131kt\u0131k. Olduk\u00e7a heyecanl\u0131yd\u0131k. Eski\u015fehir bir \u00fcniversite \u015fehri oldu\u011fu i\u00e7in gen\u00e7 ve dinamik bir kitlesi oldu\u011funu biliyorduk. Soundcheck i\u00e7in konser salonuna girdi\u011fimizde do\u011frusunu s\u00f6ylemek gerekirse moralimiz baya\u011f\u0131 bozuldu \u00e7\u00fcnk\u00fc ses sistemi \u00e7ok k\u00f6t\u00fc &#8220;g\u00f6r\u00fcn\u00fcyordu&#8221;.<\/p>\n<p>Kitab\u0131 kapa\u011f\u0131na g\u00f6re de\u011ferlendirmenin yanl\u0131\u015f oldu\u011fu s\u00f6ylenir&#8230; Bizim Eski\u015fehir&#8217;de kar\u015f\u0131la\u015ft\u0131\u011f\u0131m\u0131z durum da aynen \u00f6yle oldu. Kitab\u0131 kapa\u011f\u0131na g\u00f6re yani ses sistemini g\u00f6r\u00fcn\u00fcm\u00fcne g\u00f6re de\u011ferlendirdik ve (neyse ki) yanl\u0131\u015f \u00e7\u0131kt\u0131k. Konserden sonra salon i\u00e7inde sesin gayet dengeli ve iyi oldu\u011funu s\u00f6ylediler. \u00d6yledir muhtemelen. Beni en \u00e7ok \u015fa\u015f\u0131rtan ise sahne i\u00e7indeki ses oldu. Monit\u00f6r miksi o kadar dengeli ve temizdi ki&#8230; O g\u00fcne kadar sahne i\u00e7inde davulu, bas gitar\u0131, gitar\u0131 ve kendi vokalimi hi\u00e7 bu kadar net ve tane tane ay\u0131rt edilebilen bir \u015fekilde duymam\u0131\u015ft\u0131m. Yurtd\u0131\u015f\u0131ndakiler de dahil olmak \u00fczere Hazy Hill ile \u00e7\u0131kt\u0131\u011f\u0131m hi\u00e7bir konserde bir daha hi\u00e7 o kadar temiz bir monit\u00f6r miksine denk gelmedim. Bu da Eski\u015fehir ile ilgili unutamad\u0131\u011f\u0131m bir an\u0131md\u0131r.<\/p>\n<p>O konserden neredeyse 25 y\u0131l sonra, 11 Kas\u0131m 2017&#8217;de, yine trenle Eski\u015fehir&#8217;e do\u011fru yola \u00e7\u0131kt\u0131m. Bu seferki ziyaretimin sebebi konser vermek de\u011fil, &#8220;Bu \u0130\u015fi Evde Nas\u0131l Yapar\u0131m?&#8221; adl\u0131, m\u00fczik prod\u00fcksiyon ile ilgili bir sunum yapmakt\u0131. &#8220;Bu \u0130\u015fi Evde Nas\u0131l yapar\u0131m?&#8221; asl\u0131nda 2016 y\u0131l\u0131nda Tanerman ile birlikte olu\u015fturdu\u011fumuz bir konseptti. Bu konsept \u00fczerine Ankara ve \u0130stanbul&#8217;da bir dizi workshop d\u00fczenlemi\u015ftik. Bu workshoplarla ilgili yaz\u0131m\u0131 <a href=\"http:\/\/www.ufukonen.com\/tr\/ufuk-onen-tanerman-workshop.html\" target=\"_blank\" rel=\"noopener\">buradaki linkte<\/a> bulabilirsiniz. 11 Kas\u0131m 2017 tarihli Eski\u015fehir etkinli\u011fini ise tek ba\u015f\u0131ma ger\u00e7ekle\u015ftirdim.<\/p>\n<p><img loading=\"lazy\" class=\"aligncenter wp-image-3457\" src=\"http:\/\/www.ufukonen.com\/tr\/wp-content\/uploads\/Eskisehir_171111_02-1024x576.jpg\" alt=\"\" width=\"575\" height=\"323\" srcset=\"https:\/\/www.ufukonen.com\/tr\/wp-content\/uploads\/Eskisehir_171111_02-1024x576.jpg 1024w, https:\/\/www.ufukonen.com\/tr\/wp-content\/uploads\/Eskisehir_171111_02-300x169.jpg 300w, https:\/\/www.ufukonen.com\/tr\/wp-content\/uploads\/Eskisehir_171111_02-768x432.jpg 768w, https:\/\/www.ufukonen.com\/tr\/wp-content\/uploads\/Eskisehir_171111_02.jpg 1920w\" sizes=\"(max-width: 575px) 100vw, 575px\" \/><\/p>\n<p>Sunum ile birlikte imza g\u00fcn\u00fc de i\u00e7eren Eski\u015fehir etkinli\u011fini <a href=\"http:\/\/www.musicoffice.com.tr\" target=\"_blank\" rel=\"noopener\">Music Office<\/a> ve <a href=\"https:\/\/www.facebook.com\/publictube\" target=\"_blank\" rel=\"noopener\">Public Tube Performance Hall<\/a> ev sahipli\u011finde \u00d6zcan Yap\u0131c\u0131 ve Umur Sa\u011fd\u0131\u00e7 organize etti. Yakla\u015f\u0131k 75 dakika s\u00fcren sunumumda ilk \u00f6nce m\u00fczik prod\u00fcksiyonu ile ilgili olarak son 30 y\u0131lda ya\u015fanan de\u011fi\u015fiklikler \u00fczerine konu\u015ftum ve kendi tecr\u00fcbelerim \u00fczerinden g\u00f6zlemlerimi payla\u015ft\u0131m. Daha sonra evde m\u00fczik prod\u00fcksiyonu yapmak i\u00e7in gereken donan\u0131m ve yaz\u0131l\u0131m \u00fczerine yine kendi tecr\u00fcbelerime dayanarak \u00f6nerilerde bulundum. Bir sonraki ad\u0131mda ise bu i\u015fi \u00f6\u011frenmek ve ilerletmek i\u00e7in neler yap\u0131labilece\u011fi ve nas\u0131l hareket edilmesi konusunda tavsiyelerde bulundum. Son olarak, ses teknolojileri \u00fczerine \u00e7al\u0131\u015f\u0131rken tek alan\u0131n m\u00fczik prod\u00fcksiyon olmad\u0131\u011f\u0131n\u0131 vurgulad\u0131m ve di\u011fer alanlar hakk\u0131nda bilgiler verdim. Sunumdan sonra sorular\u0131 cevaplad\u0131m, etkinli\u011fe kat\u0131lanlarla tan\u0131\u015ft\u0131m ve kitaplar\u0131m\u0131 imzalad\u0131m.<\/p>\n<p>\u00d6zcan Yap\u0131c\u0131, Umur Sa\u011fd\u0131\u00e7, Music Office ve Public Tube Performance Hall ba\u015fta olmak \u00fczere etkinlikte eme\u011fi ge\u00e7en herkese ve t\u00fcm kat\u0131l\u0131mc\u0131lara \u00e7ok te\u015fekk\u00fcr ediyorum. Sayelerinde 25 y\u0131l sonra Eski\u015fehir ile ilgili tekrar \u00e7ok g\u00fczel bir an\u0131m oldu. Umar\u0131m yak\u0131n zamanda ba\u015fka etkinlikler yapma f\u0131rsat\u0131n\u0131 da yakalar\u0131z.<\/p>\n<p><img loading=\"lazy\" class=\"aligncenter wp-image-3458\" src=\"http:\/\/www.ufukonen.com\/tr\/wp-content\/uploads\/Eskisehir_171111_03-1024x576.jpg\" alt=\"\" width=\"500\" height=\"281\" srcset=\"https:\/\/www.ufukonen.com\/tr\/wp-content\/uploads\/Eskisehir_171111_03-1024x576.jpg 1024w, https:\/\/www.ufukonen.com\/tr\/wp-content\/uploads\/Eskisehir_171111_03-300x169.jpg 300w, https:\/\/www.ufukonen.com\/tr\/wp-content\/uploads\/Eskisehir_171111_03-768x432.jpg 768w, https:\/\/www.ufukonen.com\/tr\/wp-content\/uploads\/Eskisehir_171111_03.jpg 1920w\" sizes=\"(max-width: 500px) 100vw, 500px\" \/><\/p>\n<p><img loading=\"lazy\" class=\"aligncenter wp-image-3459\" src=\"http:\/\/www.ufukonen.com\/tr\/wp-content\/uploads\/Eskisehir_171111_04-1024x576.jpg\" alt=\"\" width=\"500\" height=\"281\" srcset=\"https:\/\/www.ufukonen.com\/tr\/wp-content\/uploads\/Eskisehir_171111_04-1024x576.jpg 1024w, https:\/\/www.ufukonen.com\/tr\/wp-content\/uploads\/Eskisehir_171111_04-300x169.jpg 300w, https:\/\/www.ufukonen.com\/tr\/wp-content\/uploads\/Eskisehir_171111_04-768x432.jpg 768w, https:\/\/www.ufukonen.com\/tr\/wp-content\/uploads\/Eskisehir_171111_04.jpg 1920w\" sizes=\"(max-width: 500px) 100vw, 500px\" \/><\/p>\n<p><img loading=\"lazy\" class=\"aligncenter wp-image-3460\" src=\"http:\/\/www.ufukonen.com\/tr\/wp-content\/uploads\/Eskisehir_171111_05-1024x576.jpg\" alt=\"\" width=\"500\" height=\"281\" srcset=\"https:\/\/www.ufukonen.com\/tr\/wp-content\/uploads\/Eskisehir_171111_05-1024x576.jpg 1024w, https:\/\/www.ufukonen.com\/tr\/wp-content\/uploads\/Eskisehir_171111_05-300x169.jpg 300w, https:\/\/www.ufukonen.com\/tr\/wp-content\/uploads\/Eskisehir_171111_05-768x432.jpg 768w, https:\/\/www.ufukonen.com\/tr\/wp-content\/uploads\/Eskisehir_171111_05.jpg 1920w\" sizes=\"(max-width: 500px) 100vw, 500px\" \/> <img loading=\"lazy\" class=\"aligncenter wp-image-3461\" src=\"http:\/\/www.ufukonen.com\/tr\/wp-content\/uploads\/Eskisehir_171111_Poster-704x1024.jpg\" alt=\"\" width=\"500\" height=\"727\" srcset=\"https:\/\/www.ufukonen.com\/tr\/wp-content\/uploads\/Eskisehir_171111_Poster-704x1024.jpg 704w, https:\/\/www.ufukonen.com\/tr\/wp-content\/uploads\/Eskisehir_171111_Poster-206x300.jpg 206w, https:\/\/www.ufukonen.com\/tr\/wp-content\/uploads\/Eskisehir_171111_Poster.jpg 743w\" sizes=\"(max-width: 500px) 100vw, 500px\" \/><\/p>\n<p>Teknik terimler i\u00e7in <a href=\"http:\/\/www.ufukonen.com\/tr\/ses-kayit-muzik-teknolojisi-terimler-sozluk.html\">m\u00fczik teknolojisi, m\u00fczik prod\u00fcksiyonu ve ses kay\u0131t terimleri s\u00f6zl\u00fc\u011f\u00fcne<\/a> g\u00f6z atabilirsiniz.<\/p>\n<p>Benzer payla\u015f\u0131mlar i\u00e7in beni <a href=\"https:\/\/www.facebook.com\/ufukonen.skmt\/\" target=\"_blank\" rel=\"noopener\">Facebook<\/a> ve <a href=\"https:\/\/twitter.com\/UfukOnen\" target=\"_blank\" rel=\"noopener\">Twitter<\/a>&#8216;da takip edebilir, haberler i\u00e7in <a href=\"http:\/\/ufukonen.com\/tr\/ses-kayit-muzik-teknolojisi-terimler-sozluk.html\" target=\"_blank\" rel=\"noopener\">mesaj listeme \u00fcye olabilirsiniz<\/a>. Te\u015fekk\u00fcrler.<\/p>\n<p>Etkinlik foto\u011fraflar\u0131: Kadir Kartal<\/p>\n<p>\u00a9 2017 Ufuk \u00d6nen. Her hakk\u0131 sakl\u0131d\u0131r. \u0130zinsiz kullan\u0131lamaz.<\/p>\n","protected":false},"excerpt":{"rendered":"<p class=\"post-excerpt\">90&#8217;lar\u0131n ilk yar\u0131s\u0131nda grubum Hazy Hill ile m\u00fczik \u00e7al\u0131\u015fmalar\u0131m\u0131z\u0131 \u00e7ok h\u0131zl\u0131 bir \u015fekilde s\u00fcrd\u00fcr\u00fcyorduk. Bir yandan par\u00e7alar yap\u0131yor ve st\u00fcdyolarda&#8230;<\/p>\n","protected":false},"author":2,"featured_media":3456,"comment_status":"closed","ping_status":"open","sticky":false,"template":"","format":"standard","meta":{"_mi_skip_tracking":false,"spay_email":"","jetpack_publicize_message":"","jetpack_is_tweetstorm":false,"jetpack_publicize_feature_enabled":true},"categories":[4],"tags":[],"jetpack_featured_media_url":"https:\/\/www.ufukonen.com\/tr\/wp-content\/uploads\/Eskisehir_171111_01.jpg","jetpack_publicize_connections":[],"jetpack_shortlink":"https:\/\/wp.me\/p3rjsG-TE","jetpack_sharing_enabled":true,"jetpack-related-posts":[{"id":5096,"url":"https:\/\/www.ufukonen.com\/tr\/foley-filmler-icin-ses-efektleri.html","url_meta":{"origin":3450,"position":0},"title":"Foley: S\u0131radan Objelerle Filmler \u0130\u00e7in Ses Efektleri Yapma Sanat\u0131","date":"October 7, 2019","format":false,"excerpt":"Ayak sesleri, \u00e7e\u015fitli objelerin masaya veya yere konuldu\u011funda \u00e7\u0131kartt\u0131\u011f\u0131 sesler, sandalye g\u0131c\u0131rt\u0131lar\u0131, ka\u011f\u0131t h\u0131\u015f\u0131rt\u0131lar\u0131, s\u00fcrt\u00fcnd\u00fck\u00e7e giysilerden \u00e7\u0131kan sesler, k\u0131saca film \u00e7ekimi s\u0131ras\u0131nda kaydedilemeyen veya kaydedilmi\u015f olsa bile kalite olarak yeterli bulunmayan t\u00fcm bu sesler post prod\u00fcksiyon a\u015famas\u0131nda st\u00fcdyoda tekrar kaydedilip g\u00f6r\u00fcnt\u00fcye eklenir. Bu tekni\u011fe foley ad\u0131 verilir. Foley ad\u0131 Hollywood\u2019da\u2026","rel":"","context":"In &quot;Ses Tasar\u0131m\u0131&quot;","img":{"alt_text":"","src":"https:\/\/i0.wp.com\/www.ufukonen.com\/tr\/wp-content\/uploads\/Foley_1280x720_processed_compressed.jpg?resize=350%2C200&ssl=1","width":350,"height":200},"classes":[]},{"id":7203,"url":"https:\/\/www.ufukonen.com\/tr\/gunumuzde-muzik-uretimi.html","url_meta":{"origin":3450,"position":1},"title":"G\u00fcn\u00fcm\u00fczde M\u00fczik \u00dcretimi Eskiye G\u00f6re Neden Daha \u0130yi, Neden Daha K\u00f6t\u00fc?","date":"January 31, 2022","format":false,"excerpt":"De\u011ferli dostum Bobby Owsinski \"5 Reasons Why Music Creation Today Is Better Than Ever, And 5 Reasons Why It's Not\" ba\u015fl\u0131kl\u0131 bir yaz\u0131 yay\u0131mlad\u0131. Bobby, bu yaz\u0131s\u0131nda, g\u00fcn\u00fcm\u00fczde m\u00fczik \u00fcretimi ile ilgili eskiye g\u00f6re daha iyi ve daha k\u00f6t\u00fc oldu\u011funu d\u00fc\u015f\u00fcnd\u00fc\u011f\u00fc on maddeyi okuyucular\u0131 ile payla\u015f\u0131yor. Ben de bu yaz\u0131mda,\u2026","rel":"","context":"In &quot;M\u00fczik&quot;","img":{"alt_text":"","src":"https:\/\/i0.wp.com\/www.ufukonen.com\/tr\/wp-content\/uploads\/Gunumuzde_Muzik_Uretimi_00_Header.jpg?resize=350%2C200&ssl=1","width":350,"height":200},"classes":[]},{"id":8136,"url":"https:\/\/www.ufukonen.com\/tr\/kompresor-kullaniminda-yapilan-7-yanlis.html","url_meta":{"origin":3450,"position":2},"title":"Kompres\u00f6r Kullan\u0131m\u0131nda Yap\u0131lan 7 Yanl\u0131\u015f","date":"November 13, 2023","format":false,"excerpt":"Bu yaz\u0131mda sizlerle \u00f6zellikle m\u00fczik prod\u00fcksiyonuna yeni ba\u015flayanlar\u0131n kompres\u00f6r kullan\u0131m\u0131nda s\u0131kl\u0131kla yapt\u0131\u011f\u0131 yedi yanl\u0131\u015f\u0131 payla\u015faca\u011f\u0131m. Bu yanl\u0131\u015flardan birini veya birka\u00e7\u0131n\u0131 siz de yap\u0131yor olabilirsiniz. Yap\u0131yorsan\u0131z sorun de\u011fil. Yanl\u0131\u015flar\u0131 d\u00fczeltmek o kadar da zor de\u011fil. \u00d6nemli olan yanl\u0131\u015f\u0131n yanl\u0131\u015f oldu\u011funu tespit edebilmek.\u00a0 Hemen ba\u015flayal\u0131m... 1. Ezberden veya Otomatik Olarak Kompres\u00f6r Kullanmak\u00a0\u2026","rel":"","context":"In &quot;M\u00fczik Prod\u00fcksiyonu&quot;","img":{"alt_text":"","src":"https:\/\/i0.wp.com\/www.ufukonen.com\/tr\/wp-content\/uploads\/Kompresor_Kullanirken_Yapilan_7_Yanlis_00_Header.jpg?resize=350%2C200&ssl=1","width":350,"height":200},"classes":[]},{"id":5594,"url":"https:\/\/www.ufukonen.com\/tr\/overdrive-distortion-fuzz.html","url_meta":{"origin":3450,"position":3},"title":"Overdrive, Distortion ve Fuzz","date":"April 20, 2020","format":false,"excerpt":"G\u00fcn\u00fcm\u00fczde \"kirli\", \"g\u00fcr\u00fclt\u00fcl\u00fc\" ve \"sert\" gitar tonlar\u0131n\u0131 ifade etmek i\u00e7in genel bir terim olarak 'distortion'; \"distortion tonu\" elde etmek i\u00e7in ise overdrive, distortion ve fuzz pedallar\u0131 kullan\u0131l\u0131yor. Bazen overdrive, distortion ve fuzz pedallar\u0131n\u0131n ayn\u0131 \u015fey oldu\u011fu d\u00fc\u015f\u00fcn\u00fcl\u00fcyor. Asl\u0131nda i\u015fin temeline inecek olursa bunun yanl\u0131\u015f oldu\u011funu s\u00f6yleyemeyiz. Bu \u00fc\u00e7 pedal da\u2026","rel":"","context":"In &quot;Ses ve M\u00fczik Teknolojileri&quot;","img":{"alt_text":"","src":"https:\/\/i0.wp.com\/www.ufukonen.com\/tr\/wp-content\/uploads\/Overdrive_Distortion_Fuzz_00_Header.jpg?resize=350%2C200&ssl=1","width":350,"height":200},"classes":[]},{"id":4726,"url":"https:\/\/www.ufukonen.com\/tr\/muzik-produksiyonlarinda-miks-teknikleri-2.html","url_meta":{"origin":3450,"position":4},"title":"Miks \u00dczerine-2: M\u00fczik Prod\u00fcksiyonlar\u0131nda Miks Teknikleri ve \u00c7e\u015fitli Yakla\u015f\u0131mlar","date":"April 19, 2019","format":false,"excerpt":"\u0130nternet \u00fczerinden sat\u0131n almak i\u00e7in: G\u00f6r\u00fcnmez Adam Trendyol - Shopier (imzal\u0131) (kargo bedava) D&R | KitapYurdu 2016 y\u0131l\u0131nda, Miks \u00dczerine: M\u00fczik Prod\u00fcksiyonlar\u0131nda Miks Teknikleri ve \u00c7e\u015fitli Yakla\u015f\u0131mlar'\u0131n birinci kitab\u0131 \u00fczerinde \u00e7al\u0131\u015f\u0131rken kitab\u0131n tamamlanmas\u0131na yak\u0131n i\u00e7imi garip bir heyecan kaplam\u0131\u015ft\u0131. Her yeni kitapta ya da kitaplar\u0131m\u0131n her yeni bask\u0131s\u0131nda ger\u00e7ekten \u00e7ok\u2026","rel":"","context":"In &quot;Kitap&quot;","img":{"alt_text":"","src":"https:\/\/i0.wp.com\/www.ufukonen.com\/tr\/wp-content\/uploads\/Onen_MPMT-2_2020_color_1280x720.jpg?resize=350%2C200&ssl=1","width":350,"height":200},"classes":[]},{"id":4683,"url":"https:\/\/www.ufukonen.com\/tr\/fletcher-ve-munson-egrileri.html","url_meta":{"origin":3450,"position":5},"title":"Fletcher ve Munson E\u011frileri","date":"April 8, 2019","format":false,"excerpt":"Fletcher ve Munson, insan kula\u011f\u0131n\u0131n hangi frekanslara daha \u00e7ok, hangi frekanslara daha az duyarl\u0131 oldu\u011fu \u00fczerinde ara\u015ft\u0131rmalar yapm\u0131\u015f olan iki bilim insan\u0131n\u0131n soyadlar\u0131d\u0131r. Yapt\u0131klar\u0131 ara\u015ft\u0131rmalar ve \u00e7al\u0131\u015fmalar sonucunda 'equal loudness contours' ad\u0131 verilen bir \u00e7izelge geli\u015ftirmi\u015flerdir. Bunun ne oldu\u011funu a\u015fa\u011f\u0131da a\u00e7\u0131klayaca\u011f\u0131m ancak \u015fimdilik \"e\u015fit alg\u0131lanan ses seviyeleri \u00e7izgileri\" veya \"e\u011frileri\"\u2026","rel":"","context":"In &quot;Ses ve M\u00fczik Teknolojileri&quot;","img":{"alt_text":"","src":"https:\/\/i0.wp.com\/www.ufukonen.com\/tr\/wp-content\/uploads\/Fletcher_Munson_Header.jpg?resize=350%2C200&ssl=1","width":350,"height":200},"classes":[]}],"_links":{"self":[{"href":"https:\/\/www.ufukonen.com\/tr\/wp-json\/wp\/v2\/posts\/3450"}],"collection":[{"href":"https:\/\/www.ufukonen.com\/tr\/wp-json\/wp\/v2\/posts"}],"about":[{"href":"https:\/\/www.ufukonen.com\/tr\/wp-json\/wp\/v2\/types\/post"}],"author":[{"embeddable":true,"href":"https:\/\/www.ufukonen.com\/tr\/wp-json\/wp\/v2\/users\/2"}],"replies":[{"embeddable":true,"href":"https:\/\/www.ufukonen.com\/tr\/wp-json\/wp\/v2\/comments?post=3450"}],"version-history":[{"count":12,"href":"https:\/\/www.ufukonen.com\/tr\/wp-json\/wp\/v2\/posts\/3450\/revisions"}],"predecessor-version":[{"id":3471,"href":"https:\/\/www.ufukonen.com\/tr\/wp-json\/wp\/v2\/posts\/3450\/revisions\/3471"}],"wp:featuredmedia":[{"embeddable":true,"href":"https:\/\/www.ufukonen.com\/tr\/wp-json\/wp\/v2\/media\/3456"}],"wp:attachment":[{"href":"https:\/\/www.ufukonen.com\/tr\/wp-json\/wp\/v2\/media?parent=3450"}],"wp:term":[{"taxonomy":"category","embeddable":true,"href":"https:\/\/www.ufukonen.com\/tr\/wp-json\/wp\/v2\/categories?post=3450"},{"taxonomy":"post_tag","embeddable":true,"href":"https:\/\/www.ufukonen.com\/tr\/wp-json\/wp\/v2\/tags?post=3450"}],"curies":[{"name":"wp","href":"https:\/\/api.w.org\/{rel}","templated":true}]}}