{"id":3545,"date":"2017-12-18T01:00:58","date_gmt":"2017-12-17T22:00:58","guid":{"rendered":"http:\/\/www.ufukonen.com\/tr\/?p=3545"},"modified":"2017-12-17T23:48:24","modified_gmt":"2017-12-17T20:48:24","slug":"kanallar-ve-stereo-cikis-seviyeleri","status":"publish","type":"post","link":"https:\/\/www.ufukonen.com\/tr\/kanallar-ve-stereo-cikis-seviyeleri.html","title":{"rendered":"Kanallar ve Stereo \u00c7\u0131k\u0131\u015f Seviyeleri"},"content":{"rendered":"<p><img loading=\"lazy\" class=\"aligncenter wp-image-3548\" src=\"http:\/\/www.ufukonen.com\/tr\/wp-content\/uploads\/Kanallar_ve_Stereo_Cikis_Seviyeleri_1024x576-1024x576.jpg\" alt=\"\" width=\"575\" height=\"323\" srcset=\"https:\/\/www.ufukonen.com\/tr\/wp-content\/uploads\/Kanallar_ve_Stereo_Cikis_Seviyeleri_1024x576.jpg 1024w, https:\/\/www.ufukonen.com\/tr\/wp-content\/uploads\/Kanallar_ve_Stereo_Cikis_Seviyeleri_1024x576-300x169.jpg 300w, https:\/\/www.ufukonen.com\/tr\/wp-content\/uploads\/Kanallar_ve_Stereo_Cikis_Seviyeleri_1024x576-768x432.jpg 768w\" sizes=\"(max-width: 575px) 100vw, 575px\" \/><\/p>\n<p>Miks yapmaya yeni ba\u015flayanlar\u0131n en s\u0131k kar\u015f\u0131la\u015ft\u0131\u011f\u0131 sorunlardan birisi stereo \u00e7\u0131k\u0131\u015f\u0131n \u00e7ok y\u00fcksek seviyelere ula\u015f\u0131p, sinyal metre \u00fczerindeki k\u0131rm\u0131z\u0131 uyar\u0131 \u0131\u015f\u0131klar\u0131n\u0131n yanmas\u0131d\u0131r.<\/p>\n<p>Mikse ba\u015flarken kanal seviyelerini y\u00fcksek tutarsan\u0131z di\u011fer enstr\u00fcmanlar\u0131 veya kanallar\u0131 ekledik\u00e7e stereo \u00e7\u0131k\u0131\u015f \u00fczerindeki seviye \u00e7ok y\u00fckselecek ve sinyal bozulmaya ba\u015flayacakt\u0131r. Eskiden analog bantlarla \u00e7al\u0131\u015f\u0131rken zaman zaman sinyali y\u00fcksek tutard\u0131k \u00e7\u00fcnk\u00fc analog sistemlerde karar\u0131nda distortion baz\u0131 m\u00fczik t\u00fcrleri i\u00e7in istedi\u011fimiz bir \u015feydi. Di\u011fer yandan dijital sistemlerde 0 dBFS s\u0131n\u0131r\u0131n\u0131 a\u015ft\u0131\u011f\u0131m\u0131zda olu\u015fan distortion hi\u00e7bir m\u00fczik t\u00fcr\u00fc i\u00e7in hi\u00e7 istemedi\u011fimiz bir \u015fey.<\/p>\n<p>Bu sebepten dolay\u0131 mikse ba\u015flarken kanallar\u0131n seviyesini d\u00fc\u015f\u00fck tutmakta fayda vard\u0131r. Bunun di\u011fer bir avantaj\u0131 da miks ilerledik\u00e7e stereo \u00e7\u0131k\u0131\u015f veya kanallarda ihtiya\u00e7 duyulabiliecek headroom&#8217;u sa\u011flamakt\u0131r.<\/p>\n<p>Peki ama kanal seviyelerini ne kadar d\u00fc\u015f\u00fck tutaca\u011f\u0131z?<\/p>\n<p>A\u015fa\u011f\u0131daki tabloda farkl\u0131 kanal say\u0131lar\u0131 ve farkl\u0131 sinyal seviyeleri stereo \u00e7\u0131k\u0131\u015f \u00fczerinde al\u0131nan sonu\u00e7lar\u0131 bulabilirsiniz.<\/p>\n<p><a href=\"http:\/\/www.ufukonen.com\/tr\/wp-content\/uploads\/UfukOnen_Kanallar_ve_Seviyeler.png\" target=\"_blank\" rel=\"noopener\"><img loading=\"lazy\" class=\"aligncenter wp-image-3549\" src=\"http:\/\/www.ufukonen.com\/tr\/wp-content\/uploads\/UfukOnen_Kanallar_ve_Seviyeler-575x1024.png\" alt=\"\" width=\"450\" height=\"802\" srcset=\"https:\/\/www.ufukonen.com\/tr\/wp-content\/uploads\/UfukOnen_Kanallar_ve_Seviyeler-575x1024.png 575w, https:\/\/www.ufukonen.com\/tr\/wp-content\/uploads\/UfukOnen_Kanallar_ve_Seviyeler-168x300.png 168w, https:\/\/www.ufukonen.com\/tr\/wp-content\/uploads\/UfukOnen_Kanallar_ve_Seviyeler-768x1369.png 768w, https:\/\/www.ufukonen.com\/tr\/wp-content\/uploads\/UfukOnen_Kanallar_ve_Seviyeler.png 1323w\" sizes=\"(max-width: 450px) 100vw, 450px\" \/><\/a><\/p>\n<p>\u00d6l\u00e7\u00fcmleri Pro Tools 12.8 ile yapt\u0131m. Test sinyali olarak pink noise kulland\u0131m. Kanallar\u0131n hepsinin pan kontrolleri orta noktada. Pan kural\u0131 (ya da Pro Tools i\u00e7inde kullan\u0131lan terminolojiye g\u00f6re &#8216;pan depth&#8217;) -3 dB&#8217;ye ayarl\u0131.<\/p>\n<p>Pan kural\u0131 toplam seviyeyi etkiledi\u011fi i\u00e7in bunu \u00f6zellikle belirttim. <a href=\"http:\/\/www.ufukonen.com\/tr\/pan-kurallari.html\">Pan kurallar\u0131 ile ilgili yaz\u0131m\u0131 okumak isterseniz buraya t\u0131klayabilirsiniz<\/a>.<\/p>\n<div id=\"attachment_3551\" style=\"width: 460px\" class=\"wp-caption aligncenter\"><img aria-describedby=\"caption-attachment-3551\" loading=\"lazy\" class=\"wp-image-3551\" src=\"http:\/\/www.ufukonen.com\/tr\/wp-content\/uploads\/ProTools_PanDepth-1024x423.png\" alt=\"\" width=\"450\" height=\"186\" srcset=\"https:\/\/www.ufukonen.com\/tr\/wp-content\/uploads\/ProTools_PanDepth-1024x423.png 1024w, https:\/\/www.ufukonen.com\/tr\/wp-content\/uploads\/ProTools_PanDepth-300x124.png 300w, https:\/\/www.ufukonen.com\/tr\/wp-content\/uploads\/ProTools_PanDepth-768x318.png 768w, https:\/\/www.ufukonen.com\/tr\/wp-content\/uploads\/ProTools_PanDepth.png 1294w\" sizes=\"(max-width: 450px) 100vw, 450px\" \/><p id=\"caption-attachment-3551\" class=\"wp-caption-text\">Pro Tools &#8211; pan depth ayar\u0131<\/p><\/div>\n<p>&nbsp;<\/p>\n<p>Teknik terimler i\u00e7in <a href=\"http:\/\/www.ufukonen.com\/tr\/ses-kayit-muzik-teknolojisi-terimler-sozluk.html\">m\u00fczik teknolojisi, m\u00fczik prod\u00fcksiyonu ve ses kay\u0131t terimleri s\u00f6zl\u00fc\u011f\u00fcne<\/a> g\u00f6z atabilirsiniz.<\/p>\n<p>Benzer payla\u015f\u0131mlar i\u00e7in beni <a href=\"https:\/\/www.facebook.com\/ufukonen.skmt\/\" target=\"_blank\" rel=\"noopener\">Facebook<\/a> ve <a href=\"https:\/\/twitter.com\/UfukOnen\" target=\"_blank\" rel=\"noopener\">Twitter<\/a>&#8216;da takip edebilir, haberler i\u00e7in <a href=\"http:\/\/ufukonen.com\/tr\/ses-kayit-muzik-teknolojisi-terimler-sozluk.html\" target=\"_blank\" rel=\"noopener\">mesaj listeme \u00fcye olabilirsiniz<\/a>. Te\u015fekk\u00fcrler.<\/p>\n<p>Ba\u015fl\u0131k foto\u011fraf\u0131:\u00a0<a href=\"https:\/\/unsplash.com\/photos\/N1I6IgDOGJs?utm_source=unsplash&amp;utm_medium=referral&amp;utm_content=creditCopyText\" target=\"_blank\" rel=\"noopener\">Vania Shows &#8211; Unsplash<\/a><\/p>\n<p>\u00a9 2017 Ufuk \u00d6nen. Her hakk\u0131 sakl\u0131d\u0131r. \u0130zinsiz kullan\u0131lamaz.<\/p>\n","protected":false},"excerpt":{"rendered":"<p class=\"post-excerpt\">Miks yapmaya yeni ba\u015flayanlar\u0131n en s\u0131k kar\u015f\u0131la\u015ft\u0131\u011f\u0131 sorunlardan birisi stereo \u00e7\u0131k\u0131\u015f\u0131n \u00e7ok y\u00fcksek seviyelere ula\u015f\u0131p, sinyal metre \u00fczerindeki k\u0131rm\u0131z\u0131 uyar\u0131&#8230;<\/p>\n","protected":false},"author":2,"featured_media":3548,"comment_status":"closed","ping_status":"open","sticky":false,"template":"","format":"standard","meta":{"_mi_skip_tracking":false,"spay_email":"","jetpack_publicize_message":"","jetpack_is_tweetstorm":false,"jetpack_publicize_feature_enabled":true},"categories":[18],"tags":[],"jetpack_featured_media_url":"https:\/\/www.ufukonen.com\/tr\/wp-content\/uploads\/Kanallar_ve_Stereo_Cikis_Seviyeleri_1024x576.jpg","jetpack_publicize_connections":[],"jetpack_shortlink":"https:\/\/wp.me\/p3rjsG-Vb","jetpack_sharing_enabled":true,"jetpack-related-posts":[{"id":4061,"url":"https:\/\/www.ufukonen.com\/tr\/stereo-cikis-uzerinde-sinyal-islemci.html","url_meta":{"origin":3545,"position":0},"title":"Stereo \u00c7\u0131k\u0131\u015f (Master Bus) \u00dczerinde Sinyal \u0130\u015flemci Kullan\u0131l\u0131r m\u0131?","date":"July 30, 2018","format":false,"excerpt":"Bu yaz\u0131mda sizinle 'mix bus' veya di\u011fer ad\u0131yla 'master bus' yani stereo \u00e7\u0131k\u0131\u015f \u00fczerinde plug-in ve hardware sinyal i\u015flemci kullan\u0131m\u0131 ile ilgili g\u00f6r\u00fc\u015flerimi payla\u015fmak ve birka\u00e7 tavsiyede bulunmak istiyorum. Yaz\u0131ya \u015fu soru ile ba\u015flamak hi\u00e7 fena bir fikir olmaz san\u0131r\u0131m: \"Stereo \u00e7\u0131k\u0131\u015fta plug-in veya hardware i\u015flemci kullan\u0131l\u0131r m\u0131?\" Bu soru\u2026","rel":"","context":"In &quot;M\u00fczik Prod\u00fcksiyonu&quot;","img":{"alt_text":"","src":"https:\/\/i0.wp.com\/www.ufukonen.com\/tr\/wp-content\/uploads\/Stereo_Cikis_Sinyal_\u0130slemci.jpg?resize=350%2C200&ssl=1","width":350,"height":200},"classes":[]},{"id":3845,"url":"https:\/\/www.ufukonen.com\/tr\/andrew-scheps-ve-rear-buss-teknigi.html","url_meta":{"origin":3545,"position":1},"title":"Andrew Scheps ve Rear Buss Tekni\u011fi","date":"April 23, 2018","format":false,"excerpt":"\u00a0 'Rear buss', Andrew Scheps taraf\u0131ndan kullan\u0131lan bir paralel kompresyon tekni\u011fi. Scheps bu tekni\u011fi analog cihazlarla \u00e7al\u0131\u015f\u0131rken st\u00fcdyosundaki Neve kay\u0131t mikseri \u00fczerinde uygulamaya ba\u015flam\u0131\u015f. Tekni\u011fin ad\u0131n\u0131n 'rear buss' olmas\u0131n\u0131n sebebi Scheps'in bu teknik i\u00e7in quadrofonik ses \u00f6zelli\u011fine sahip olan Neve mikseri \u00fczerindeki ikinci stereo buss'\u0131 kullanm\u0131\u015f olmas\u0131. Quadrofonik sistemlerde \u00f6n\u2026","rel":"","context":"In &quot;M\u00fczik Prod\u00fcksiyonu&quot;","img":{"alt_text":"","src":"https:\/\/i0.wp.com\/www.ufukonen.com\/tr\/wp-content\/uploads\/Andrew_Scheps_1280x720.jpg?resize=350%2C200&ssl=1","width":350,"height":200},"classes":[]},{"id":5594,"url":"https:\/\/www.ufukonen.com\/tr\/overdrive-distortion-fuzz.html","url_meta":{"origin":3545,"position":2},"title":"Overdrive, Distortion ve Fuzz","date":"April 20, 2020","format":false,"excerpt":"G\u00fcn\u00fcm\u00fczde \"kirli\", \"g\u00fcr\u00fclt\u00fcl\u00fc\" ve \"sert\" gitar tonlar\u0131n\u0131 ifade etmek i\u00e7in genel bir terim olarak 'distortion'; \"distortion tonu\" elde etmek i\u00e7in ise overdrive, distortion ve fuzz pedallar\u0131 kullan\u0131l\u0131yor. Bazen overdrive, distortion ve fuzz pedallar\u0131n\u0131n ayn\u0131 \u015fey oldu\u011fu d\u00fc\u015f\u00fcn\u00fcl\u00fcyor. Asl\u0131nda i\u015fin temeline inecek olursa bunun yanl\u0131\u015f oldu\u011funu s\u00f6yleyemeyiz. Bu \u00fc\u00e7 pedal da\u2026","rel":"","context":"In &quot;Ses ve M\u00fczik Teknolojileri&quot;","img":{"alt_text":"","src":"https:\/\/i0.wp.com\/www.ufukonen.com\/tr\/wp-content\/uploads\/Overdrive_Distortion_Fuzz_00_Header.jpg?resize=350%2C200&ssl=1","width":350,"height":200},"classes":[]},{"id":3990,"url":"https:\/\/www.ufukonen.com\/tr\/guc-amplifikatorleri-ve-baglanti-sekilleri.html","url_meta":{"origin":3545,"position":3},"title":"G\u00fc\u00e7 Amplifikat\u00f6rleri ve Ba\u011flant\u0131 \u015eekilleri","date":"June 25, 2018","format":false,"excerpt":"G\u00fcn\u00fcm\u00fczde kulland\u0131\u011f\u0131m\u0131z referans monit\u00f6rlerinin \u00e7o\u011fu art\u0131k aktif. Hatta seslendirme hoparl\u00f6rlerinin bile bir k\u0131sm\u0131 aktif olarak tasarlan\u0131p \u00fcretiliyor. Yine de g\u00fc\u00e7 amplifikat\u00f6rleri hala var ve bir s\u00fcre daha da kullan\u0131lmaya devam edecek gibi g\u00f6r\u00fcn\u00fcyor. Bu sebepten dolay\u0131 g\u00fc\u00e7 amplifikat\u00f6rlerinin ba\u011flant\u0131 \u015fekillerini bilmekte fayda var diye d\u00fc\u015f\u00fcn\u00fcyorum. \u0130ki kanall\u0131 amplifikat\u00f6rler i\u00e7in \u00fc\u00e7\u2026","rel":"","context":"In &quot;Ses ve M\u00fczik Teknolojileri&quot;","img":{"alt_text":"","src":"https:\/\/i0.wp.com\/www.ufukonen.com\/tr\/wp-content\/uploads\/Guc_Amplifikatorleri_Baglanti_Sekilleri.jpg?resize=350%2C200&ssl=1","width":350,"height":200},"classes":[]},{"id":87,"url":"https:\/\/www.ufukonen.com\/tr\/monitor-sistemine-subwoofer-eklerken-nelere-dikkat-etmeliyiz.html","url_meta":{"origin":3545,"position":4},"title":"Monit\u00f6r Sistemine Subwoofer Eklerken Nelere Dikkat Etmeliyiz?","date":"June 2, 2012","format":false,"excerpt":"\"Referans Monit\u00f6rleri ve Subwoofer\" ba\u015fl\u0131kl\u0131 yaz\u0131mda\u00a0monit\u00f6r sistemimize subwoofer ekleme karar\u0131 almadan \u00f6nce dikkat etmemiz gereken iki \u00f6nemli nokta oldu\u011fundan bahsetmi\u015ftim. Bunlardan birincisi, kullan\u0131lan yak\u0131n alan monit\u00f6rlerin frekans \u00fcretme aral\u0131klar\u0131yd\u0131. Kulland\u0131\u011f\u0131m\u0131z referans monit\u00f6rler bas sesleri, di\u011fer bir deyi\u015fle alt frekanslar\u0131, yeterince \u00fcretebiliyor mu, \u00fcretemiyor mu? \"Yeterince\", asl\u0131nda, dinleme seviyemize (vol\u00fcm y\u00fcksekli\u011fine)\u2026","rel":"","context":"In &quot;Ses ve M\u00fczik Teknolojileri&quot;","img":{"alt_text":"","src":"https:\/\/i0.wp.com\/www.ufukonen.com\/tr\/wp-content\/uploads\/JBLLSR4312SP-.jpg?resize=350%2C200&ssl=1","width":350,"height":200},"classes":[]},{"id":7400,"url":"https:\/\/www.ufukonen.com\/tr\/master-fader-otomasyon.html","url_meta":{"origin":3545,"position":5},"title":"Master Fader ve Otomasyon","date":"May 16, 2022","format":false,"excerpt":"Bu yaz\u0131mda sizlerle master fader ve otomasyon ile ilgili bir t\u00fcyo payla\u015fmak istiyorum. Payla\u015faca\u011f\u0131m bu t\u00fcyo, benim ve daha bir\u00e7ok ses profesyonelinin eskiden beri kulland\u0131\u011f\u0131 bir teknik. A\u00e7\u0131k\u00e7as\u0131 ben bu tekni\u011fin hemen hemen herkes taraf\u0131ndan bilindi\u011fini ve kullan\u0131ld\u0131\u011f\u0131n\u0131 san\u0131yordum ama son zamanlarda \u00f6yle olmad\u0131\u011f\u0131n\u0131 fark ettim. Bu sebepten dolay\u0131 basit\u2026","rel":"","context":"In &quot;M\u00fczik Prod\u00fcksiyonu&quot;","img":{"alt_text":"","src":"https:\/\/i0.wp.com\/www.ufukonen.com\/tr\/wp-content\/uploads\/Master_Fader_ve_Otomasyon_00_Header.jpg?resize=350%2C200&ssl=1","width":350,"height":200},"classes":[]}],"_links":{"self":[{"href":"https:\/\/www.ufukonen.com\/tr\/wp-json\/wp\/v2\/posts\/3545"}],"collection":[{"href":"https:\/\/www.ufukonen.com\/tr\/wp-json\/wp\/v2\/posts"}],"about":[{"href":"https:\/\/www.ufukonen.com\/tr\/wp-json\/wp\/v2\/types\/post"}],"author":[{"embeddable":true,"href":"https:\/\/www.ufukonen.com\/tr\/wp-json\/wp\/v2\/users\/2"}],"replies":[{"embeddable":true,"href":"https:\/\/www.ufukonen.com\/tr\/wp-json\/wp\/v2\/comments?post=3545"}],"version-history":[{"count":7,"href":"https:\/\/www.ufukonen.com\/tr\/wp-json\/wp\/v2\/posts\/3545\/revisions"}],"predecessor-version":[{"id":3558,"href":"https:\/\/www.ufukonen.com\/tr\/wp-json\/wp\/v2\/posts\/3545\/revisions\/3558"}],"wp:featuredmedia":[{"embeddable":true,"href":"https:\/\/www.ufukonen.com\/tr\/wp-json\/wp\/v2\/media\/3548"}],"wp:attachment":[{"href":"https:\/\/www.ufukonen.com\/tr\/wp-json\/wp\/v2\/media?parent=3545"}],"wp:term":[{"taxonomy":"category","embeddable":true,"href":"https:\/\/www.ufukonen.com\/tr\/wp-json\/wp\/v2\/categories?post=3545"},{"taxonomy":"post_tag","embeddable":true,"href":"https:\/\/www.ufukonen.com\/tr\/wp-json\/wp\/v2\/tags?post=3545"}],"curies":[{"name":"wp","href":"https:\/\/api.w.org\/{rel}","templated":true}]}}