{"id":3563,"date":"2017-12-25T01:00:05","date_gmt":"2017-12-24T22:00:05","guid":{"rendered":"http:\/\/www.ufukonen.com\/tr\/?p=3563"},"modified":"2017-12-24T16:34:53","modified_gmt":"2017-12-24T13:34:53","slug":"projelerinizi-ses-dosyalarinizi-ve-diger-verilerinizi-yedekliyor-musunuz","status":"publish","type":"post","link":"https:\/\/www.ufukonen.com\/tr\/projelerinizi-ses-dosyalarinizi-ve-diger-verilerinizi-yedekliyor-musunuz.html","title":{"rendered":"Projelerinizi, Ses Dosyalar\u0131n\u0131z\u0131 ve Di\u011fer Verilerinizi Yedekliyor musunuz?"},"content":{"rendered":"<p><img loading=\"lazy\" class=\"aligncenter wp-image-3565\" src=\"http:\/\/www.ufukonen.com\/tr\/wp-content\/uploads\/proje_yedek_baslik_1280x720-1024x576.jpg\" alt=\"\" width=\"575\" height=\"323\" srcset=\"https:\/\/www.ufukonen.com\/tr\/wp-content\/uploads\/proje_yedek_baslik_1280x720-1024x576.jpg 1024w, https:\/\/www.ufukonen.com\/tr\/wp-content\/uploads\/proje_yedek_baslik_1280x720-300x169.jpg 300w, https:\/\/www.ufukonen.com\/tr\/wp-content\/uploads\/proje_yedek_baslik_1280x720-768x432.jpg 768w, https:\/\/www.ufukonen.com\/tr\/wp-content\/uploads\/proje_yedek_baslik_1280x720.jpg 1281w\" sizes=\"(max-width: 575px) 100vw, 575px\" \/><\/p>\n<p>Bilgisayar ile ilgili olarak hem \u015fahsi hem de profesyonel i\u015flerim i\u00e7in en dikkat etti\u011fim noktalardan biri yedekleme yapmak ve yedekleri s\u00fcrekli olarak g\u00fcncel tutmakt\u0131r.<\/p>\n<p>\u015e\u00f6yle bir ger\u00e7ek var: her disk bozulur! Soru, diskin bozulup bozulmayaca\u011f\u0131 de\u011fil, ne zaman bozulaca\u011f\u0131d\u0131r. Baz\u0131 diskler y\u0131llarca sorunsuz \u00e7al\u0131\u015f\u0131r, baz\u0131lar\u0131 ise daha yeniyken bozulur&#8230; Ama dedi\u011fim, er ya da ge\u00e7 t\u00fcm diskler bozulur.<\/p>\n<p>Bu sebepten dolay\u0131 verilerimizi s\u00fcrekli olarak yedeklemeliyiz. Di\u011fer bir deyi\u015fle verilerimizi yedeklemeli ve yedeklerimizi de her zaman g\u00fcncel tutmal\u0131y\u0131z.<\/p>\n<p>\u00dczerinde durulmas\u0131 gereken bir nokta daha var&#8230; Yede\u011fimiz ne kadar g\u00fcvenli?<\/p>\n<p>Diyeceksiniz ki hem orijinal diskin hem de yedek diskin ayn\u0131 anda bozulmas\u0131 pek olas\u0131 de\u011fil.<\/p>\n<p>Peki ya evinize, ofisinize veya st\u00fcdyonuza h\u0131rs\u0131z girerse ve bilgisayar\u0131n\u0131z ile birlikte yedek diskinizi de al\u0131p giderse? Ya da evinizde, ofisinizde veya st\u00fcdyonuzda yang\u0131n \u00e7\u0131karsa? Sigorta \u015firketi cihazlar\u0131n kayb\u0131n\u0131 maddi olarak tazmin edebilir ancak disklerin i\u00e7indeki verileri geri getiremez.<\/p>\n<p>&nbsp;<\/p>\n<h3>Yedekleme Y\u00f6ntemleri<\/h3>\n<p>Yedekleme ile ilgili olarak profesyoneller aras\u0131nda ortak kabul g\u00f6ren iki farkl\u0131 uygulama vard\u0131r:<\/p>\n<p style=\"text-align: center;\"><strong>I\/ \u00dc\u00e7 kopya: Orijinal disk + 1. yedek disk + 2. yedek disk (farkl\u0131 bir yerde)<\/strong><\/p>\n<p style=\"text-align: center;\"><strong>II\/ D\u00f6rt kopya: Orijinal disk + 1. yedek disk + 2. yedek disk farkl\u0131 bir yerde) + 3 . yedek (bulutta)<\/strong><\/p>\n<p>I. se\u00e7enekte orijinal disk ve 1. yedek disk h\u0131rs\u0131zl\u0131k ya da yang\u0131n gibi bir sebepten dolay\u0131 elinizden giderse farkl\u0131 bir yerde tuttu\u011funuz 2. yedek disk imdad\u0131n\u0131za yeti\u015fecektir. Tabii farkl\u0131 yer derken ayn\u0131 daire ya da ayn\u0131 ofis i\u00e7inde farkl\u0131 bir odadan de\u011fil, en az\u0131ndan farkl\u0131 bir binadan bahsediyorum. Diskler hi\u00e7bir zaman ayn\u0131 binada birlikte saklanmamal\u0131, k\u0131sa s\u00fcreli olarak bile bir araya getirilmemelidir.<\/p>\n<p>II. se\u00e7enek en g\u00fcvenlisi \u00e7\u00fcnk\u00fc bu se\u00e7enekte 3. yedek tamamen farkl\u0131 bir yerde (ba\u015fka bir \u015fehirde, ba\u015fka bir \u00fclkede hatta ba\u015fka bir k\u0131tada) ve bulut hizmeti ald\u0131\u011f\u0131n\u0131z firman\u0131n g\u00fcvencesi ile saklan\u0131yor. E\u011fer imkan\u0131n\u0131z varsa bu se\u00e7ene\u011fi \u015fiddetle tavsiye ederim. Tabii bu se\u00e7enek \u00f6zellikle bizim alanlarda \u00e7al\u0131\u015fanlar i\u00e7in maalesef her zaman m\u00fcmk\u00fcn olam\u0131yor. Word, Excel gibi dosyalar \u00e7ok az yer kapl\u0131yor, bunlar\u0131 bulutta saklamak kolay. Di\u011fer yandan bizim \u00e7al\u0131\u015ft\u0131\u011f\u0131m\u0131z ses ve video dosyalar\u0131n\u0131n boyutlar\u0131 \u00e7ok b\u00fcy\u00fck, bulutta \u00e7ok yer kapl\u0131yor. Yer kaplamas\u0131n\u0131 da ge\u00e7tim, T\u00fcrkiye&#8217;de internet hizmeti veren firmalar\u0131n y\u00fckleme (upload) h\u0131zlar\u0131 \u00e7ok \u00e7ok yava\u015f! B\u00fcy\u00fck boyutlu dosyalar\u0131 buluta y\u00fcklemek \u00e7ok uzun zaman gerektiriyor. Yine de, dedi\u011fim gibi, imkan varsa yedekleme sistemi olarak bu II. se\u00e7ene\u011fi tavsiye ederim.<\/p>\n<p>&nbsp;<\/p>\n<h3>Mac i\u00e7in Yedekleme Programlar\u0131<\/h3>\n<p>Mac i\u00e7in yedekleme program\u0131 olarak pop\u00fcler se\u00e7enekler aras\u0131nda \u015funlar\u0131 sayabiliriz:<\/p>\n<ul>\n<li><a href=\"https:\/\/www.apple.com\" target=\"_blank\" rel=\"noopener\">Time Machine<\/a> (Apple)<\/li>\n<li><a href=\"https:\/\/www.shirt-pocket.com\/SuperDuper\/SuperDuperDescription.html\" target=\"_blank\" rel=\"noopener\">SuperDuper<\/a> (Shirt Pocket)<\/li>\n<li><a href=\"https:\/\/bombich.com\" target=\"_blank\" rel=\"noopener\">Carbon Copy Cloner<\/a> (Bombich Software)<\/li>\n<li><a href=\"https:\/\/www.belightsoft.com\/products\/getbackup\/\" target=\"_blank\" rel=\"noopener\">Get Backup Pro<\/a> (Belight Software)<\/li>\n<li><a href=\"https:\/\/www.prosofteng.com\/data-backup-software\/\" target=\"_blank\" rel=\"noopener\">Data Backup Mac<\/a> (Prosoft Engineering)<\/li>\n<li><a href=\"https:\/\/www.econtechnologies.com\/chronosync\/overview.html\" target=\"_blank\" rel=\"noopener\">ChronoSync<\/a> (Econ Technologies)<\/li>\n<li><a href=\"https:\/\/www.acronis.com\/en-us\/personal\/computer-backup\/\" target=\"_blank\" rel=\"noopener\">True Image<\/a> (Acronis)<\/li>\n<\/ul>\n<p>Benim \u015fahsi tercihim y\u0131llardan beri SuperDuper. Hem g\u00fcvenilir, hem kullan\u0131m\u0131 \u00e7ok pratik ve kolay.<\/p>\n<p><a href=\"https:\/\/www.shirt-pocket.com\/SuperDuper\/SuperDuperDescription.html\" target=\"_blank\" rel=\"noopener\"><img loading=\"lazy\" class=\"aligncenter wp-image-3569\" src=\"http:\/\/www.ufukonen.com\/tr\/wp-content\/uploads\/SuperDuperScreenshot.jpg\" alt=\"\" width=\"400\" height=\"414\" srcset=\"https:\/\/www.ufukonen.com\/tr\/wp-content\/uploads\/SuperDuperScreenshot.jpg 800w, https:\/\/www.ufukonen.com\/tr\/wp-content\/uploads\/SuperDuperScreenshot-290x300.jpg 290w, https:\/\/www.ufukonen.com\/tr\/wp-content\/uploads\/SuperDuperScreenshot-768x796.jpg 768w\" sizes=\"(max-width: 400px) 100vw, 400px\" \/><\/a><\/p>\n<p>&nbsp;<\/p>\n<h3>Windows i\u00e7in Yedekleme Programlar\u0131<\/h3>\n<p>Mac i\u00e7in oldu\u011fu gibi Windows i\u00e7in de bir\u00e7ok yedekleme program\u0131 bulunuyor. Tavsiyeler i\u00e7in \u015fu listelere g\u00f6z atabilirsiniz:<\/p>\n<ul>\n<li><a href=\"https:\/\/www.lifewire.com\/best-commercial-backup-software-programs-2624711\" target=\"_blank\" rel=\"noopener\">Lifewire<\/a><\/li>\n<li><a href=\"https:\/\/www.pcworld.com\/article\/3201971\/software\/best-windows-backup-software.html\" target=\"_blank\" rel=\"noopener\">PC World<\/a><\/li>\n<li><a href=\"https:\/\/www.pcmag.com\/article2\/0,2817,2278661,00.asp\" target=\"_blank\" rel=\"noopener\">PC Mag<\/a><\/li>\n<li><a href=\"http:\/\/www.techradar.com\/news\/the-best-free-pc-backup-software\" target=\"_blank\" rel=\"noopener\">TechRadar\u00a0<\/a><\/li>\n<li><a href=\"https:\/\/www.techadvisor.co.uk\/test-centre\/software\/best-backup-software-3647678\/\" target=\"_blank\" rel=\"noopener\">Tech Advisor<\/a><\/li>\n<\/ul>\n<p>&nbsp;<\/p>\n<p><img loading=\"lazy\" class=\"aligncenter wp-image-3566\" src=\"http:\/\/www.ufukonen.com\/tr\/wp-content\/uploads\/proje_yedek__1280x569-1024x455.jpg\" alt=\"\" width=\"550\" height=\"244\" srcset=\"https:\/\/www.ufukonen.com\/tr\/wp-content\/uploads\/proje_yedek__1280x569-1024x455.jpg 1024w, https:\/\/www.ufukonen.com\/tr\/wp-content\/uploads\/proje_yedek__1280x569-300x133.jpg 300w, https:\/\/www.ufukonen.com\/tr\/wp-content\/uploads\/proje_yedek__1280x569-768x341.jpg 768w, https:\/\/www.ufukonen.com\/tr\/wp-content\/uploads\/proje_yedek__1280x569.jpg 1280w\" sizes=\"(max-width: 550px) 100vw, 550px\" \/><\/p>\n<h3><\/h3>\n<p>&nbsp;<\/p>\n<h3>Bulut (Cloud) Servisleri<\/h3>\n<p>Bulut (cloud) teknolojisi ile \u00e7al\u0131\u015f\u0131rken \u00f6ncelikle &#8216;sync&#8217; ve &#8216;backup&#8217; servisleri aras\u0131ndaki fark\u0131 iyi anlamak gerekir.<\/p>\n<p>Sync servislerde bilgisayar\u0131n\u0131zdaki se\u00e7mi\u015f oldu\u011funuz klas\u00f6rler buluttaki sunucularla senkron halinde \u00e7al\u0131\u015f\u0131r. Bilgisayar\u0131n\u0131zda bulunan bir dosya \u00fczerinde yapt\u0131\u011f\u0131n\u0131z de\u011fi\u015fiklik buluttaki sunucuya aktar\u0131l\u0131r. Ayn\u0131 dosya bulut ile senkron \u00e7al\u0131\u015fan di\u011fer t\u00fcm bilgisayarlarda da g\u00fcncellenir. \u00d6rnek olarak masa\u00fcst\u00fc bilgisayar\u0131n\u0131zda bulunan bir dosya \u00fczerinde de\u011fi\u015fiklik yapt\u0131\u011f\u0131n\u0131zda bu de\u011fi\u015fiklik hemen buluta yans\u0131t\u0131l\u0131r. Bu de\u011fi\u015fiklik ayn\u0131 zamanda buluta senkron olarak \u00e7al\u0131\u015fan diz\u00fcst\u00fc bilgisayar\u0131n\u0131za da yans\u0131t\u0131l\u0131r. E\u011fer bulut \u00fczerinden bir dosyay\u0131 silerseniz o dosya buluta ba\u011fl\u0131 \u00e7al\u0131\u015fan t\u00fcm bilgisayarlardan silinir. Sync servisleri bir yandan farkl\u0131 bilgisayarlar \u00fczerindeki klas\u00f6r ve dosyalar\u0131 senkron halde tutmak, di\u011fer yandan da kolayca dosya payla\u015f\u0131m\u0131nda bulunmak i\u00e7in idealdir.<\/p>\n<p>Backup servislerde ise bilgisayar\u0131n\u0131zdaki se\u00e7mi\u015f oldu\u011funuz klas\u00f6rler bulut \u00fczerinde yedeklenir. Bu servisleri bilgisayar\u0131n\u0131z tak\u0131l\u0131 d\u0131\u015f bir hard disk olarak d\u00fc\u015f\u00fcnebilirsiniz. Tek fark hard diskin bilgisayar\u0131n\u0131za kablo ile de\u011fil internet \u00fczerinden ba\u011fl\u0131 olmas\u0131d\u0131r.<\/p>\n<p>Sync servislerini (her ne kadar o i\u015f i\u00e7in yap\u0131lm\u0131\u015f olmasalar da) backup i\u00e7in kullanmak m\u00fcmk\u00fcn olabiliyor ama tersi ge\u00e7erli de\u011fil.<\/p>\n<p>Hem sync hem de backup i\u00e7in bir\u00e7ok farkl\u0131 servis var.<\/p>\n<p>Bence sync i\u00e7in en iyi servis <a href=\"https:\/\/www.dropbox.com\" target=\"_blank\" rel=\"noopener\">Dropbox<\/a>. Ben 2011&#8217;den beri Dropbox kullan\u0131c\u0131s\u0131y\u0131m ve Dropbox&#8217;\u0131n hayat\u0131m\u0131 ger\u00e7ekten kolayla\u015ft\u0131rd\u0131\u011f\u0131n\u0131 s\u00f6yleyebilirim.<\/p>\n<p>Backup i\u00e7in <a href=\"https:\/\/www.crashplan.com\" target=\"_blank\" rel=\"noopener\">CrashPlan<\/a>, <a href=\"https:\/\/www.carbonite.com\" target=\"_blank\" rel=\"noopener\">Carbonite<\/a> ve <a href=\"https:\/\/www.idrive.com\" target=\"_blank\" rel=\"noopener\">iDrive<\/a> \u00f6ne \u00e7\u0131kan servisler aras\u0131nda ancak benim \u015fahsi tercihim <a href=\"https:\/\/www.backblaze.com\" target=\"_blank\" rel=\"noopener\">Backblaze<\/a>.<\/p>\n<p>&nbsp;<\/p>\n<h3>Yedekleme Hafife Al\u0131nabilecek Bir \u0130\u015f De\u011fil!<\/h3>\n<p>Yaz\u0131m\u0131n ba\u015f\u0131nda da belirtti\u011fim gibi, soru, diskin bozulup bozulmayaca\u011f\u0131 de\u011fil, ne zaman bozulaca\u011f\u0131d\u0131r. Bu sebepten dolay\u0131 yedekleme hafife al\u0131nabilecek bir i\u015f de\u011fil! E\u011fer yedekleme i\u00e7in bir y\u00f6ntem ve stratejiniz yoksa en k\u0131sa s\u00fcrede (hatta hemen) harekete ge\u00e7melisiniz.<\/p>\n<p>&nbsp;<\/p>\n<p>Teknik terimler i\u00e7in <a href=\"http:\/\/www.ufukonen.com\/tr\/ses-kayit-muzik-teknolojisi-terimler-sozluk.html\">m\u00fczik teknolojisi, m\u00fczik prod\u00fcksiyonu ve ses kay\u0131t terimleri s\u00f6zl\u00fc\u011f\u00fcne<\/a> g\u00f6z atabilirsiniz.<\/p>\n<p>Benzer payla\u015f\u0131mlar i\u00e7in beni <a href=\"https:\/\/www.facebook.com\/ufukonen.skmt\/\" target=\"_blank\" rel=\"noopener\">Facebook<\/a> ve <a href=\"https:\/\/twitter.com\/UfukOnen\" target=\"_blank\" rel=\"noopener\">Twitter<\/a>&#8216;da takip edebilir, haberler i\u00e7in <a href=\"http:\/\/ufukonen.com\/tr\/ses-kayit-muzik-teknolojisi-terimler-sozluk.html\" target=\"_blank\" rel=\"noopener\">mesaj listeme \u00fcye olabilirsiniz<\/a>. Te\u015fekk\u00fcrler.<\/p>\n<p>Ba\u015fl\u0131k foto\u011fraf\u0131: <a href=\"https:\/\/pixabay.com\/en\/cloud-monitor-apple-cloud-computing-2570256\/\" target=\"_blank\" rel=\"noopener\">Geralt<\/a> | Pixabay<\/p>\n<p>Ara foto\u011fraf: <a href=\"https:\/\/pixabay.com\/en\/cloud-finger-touch-cloud-computing-2570257\/\" target=\"_blank\" rel=\"noopener\">Geralt<\/a> | Pixabay<\/p>\n<p>\u00a9 2017 Ufuk \u00d6nen. Her hakk\u0131 sakl\u0131d\u0131r. \u0130zinsiz kullan\u0131lamaz.<\/p>\n","protected":false},"excerpt":{"rendered":"<p class=\"post-excerpt\">Bilgisayar ile ilgili olarak hem \u015fahsi hem de profesyonel i\u015flerim i\u00e7in en dikkat etti\u011fim noktalardan biri yedekleme yapmak ve yedekleri&#8230;<\/p>\n","protected":false},"author":2,"featured_media":3565,"comment_status":"closed","ping_status":"open","sticky":false,"template":"","format":"standard","meta":{"_mi_skip_tracking":false,"spay_email":"","jetpack_publicize_message":"","jetpack_is_tweetstorm":false,"jetpack_publicize_feature_enabled":true},"categories":[18],"tags":[],"jetpack_featured_media_url":"https:\/\/www.ufukonen.com\/tr\/wp-content\/uploads\/proje_yedek_baslik_1280x720.jpg","jetpack_publicize_connections":[],"jetpack_shortlink":"https:\/\/wp.me\/p3rjsG-Vt","jetpack_sharing_enabled":true,"jetpack-related-posts":[{"id":7203,"url":"https:\/\/www.ufukonen.com\/tr\/gunumuzde-muzik-uretimi.html","url_meta":{"origin":3563,"position":0},"title":"G\u00fcn\u00fcm\u00fczde M\u00fczik \u00dcretimi Eskiye G\u00f6re Neden Daha \u0130yi, Neden Daha K\u00f6t\u00fc?","date":"January 31, 2022","format":false,"excerpt":"De\u011ferli dostum Bobby Owsinski \"5 Reasons Why Music Creation Today Is Better Than Ever, And 5 Reasons Why It's Not\" ba\u015fl\u0131kl\u0131 bir yaz\u0131 yay\u0131mlad\u0131. Bobby, bu yaz\u0131s\u0131nda, g\u00fcn\u00fcm\u00fczde m\u00fczik \u00fcretimi ile ilgili eskiye g\u00f6re daha iyi ve daha k\u00f6t\u00fc oldu\u011funu d\u00fc\u015f\u00fcnd\u00fc\u011f\u00fc on maddeyi okuyucular\u0131 ile payla\u015f\u0131yor. Ben de bu yaz\u0131mda,\u2026","rel":"","context":"In &quot;M\u00fczik&quot;","img":{"alt_text":"","src":"https:\/\/i0.wp.com\/www.ufukonen.com\/tr\/wp-content\/uploads\/Gunumuzde_Muzik_Uretimi_00_Header.jpg?resize=350%2C200&ssl=1","width":350,"height":200},"classes":[]},{"id":6336,"url":"https:\/\/www.ufukonen.com\/tr\/desibel-nedir-karmasasi.html","url_meta":{"origin":3563,"position":1},"title":"Desibel Karma\u015fas\u0131","date":"January 11, 2021","format":false,"excerpt":"Desibel (dB), bir\u00e7ok ki\u015fi i\u00e7in karma\u015f\u0131k bir kavram. \"Desibel nedir?\" diye soruldu\u011funda baz\u0131lar\u0131 \"ne oldu\u011funu biliyorum ama do\u011frusunu istersen tam olarak da bilmiyorum\" \u015feklinde cevaplar veriyorlar. Asl\u0131nda \u00e7ok da hakl\u0131lar \u00e7\u00fcnk\u00fc desibel ger\u00e7ekten karma\u015f\u0131k bir kavram... Karma\u015f\u0131k olmas\u0131n\u0131n bence \u00fc\u00e7 sebebi var. Bu sebeplere ge\u00e7meden \u00f6nce, e\u011fer okumad\u0131ysan\u0131z \"7 Maddede\u2026","rel":"","context":"In &quot;Ses ve M\u00fczik Teknolojileri&quot;","img":{"alt_text":"","src":"https:\/\/i0.wp.com\/www.ufukonen.com\/tr\/wp-content\/uploads\/Desibel_Karmasasi_00_Header.jpg?resize=350%2C200&ssl=1","width":350,"height":200},"classes":[]},{"id":4683,"url":"https:\/\/www.ufukonen.com\/tr\/fletcher-ve-munson-egrileri.html","url_meta":{"origin":3563,"position":2},"title":"Fletcher ve Munson E\u011frileri","date":"April 8, 2019","format":false,"excerpt":"Fletcher ve Munson, insan kula\u011f\u0131n\u0131n hangi frekanslara daha \u00e7ok, hangi frekanslara daha az duyarl\u0131 oldu\u011fu \u00fczerinde ara\u015ft\u0131rmalar yapm\u0131\u015f olan iki bilim insan\u0131n\u0131n soyadlar\u0131d\u0131r. Yapt\u0131klar\u0131 ara\u015ft\u0131rmalar ve \u00e7al\u0131\u015fmalar sonucunda 'equal loudness contours' ad\u0131 verilen bir \u00e7izelge geli\u015ftirmi\u015flerdir. Bunun ne oldu\u011funu a\u015fa\u011f\u0131da a\u00e7\u0131klayaca\u011f\u0131m ancak \u015fimdilik \"e\u015fit alg\u0131lanan ses seviyeleri \u00e7izgileri\" veya \"e\u011frileri\"\u2026","rel":"","context":"In &quot;Ses ve M\u00fczik Teknolojileri&quot;","img":{"alt_text":"","src":"https:\/\/i0.wp.com\/www.ufukonen.com\/tr\/wp-content\/uploads\/Fletcher_Munson_Header.jpg?resize=350%2C200&ssl=1","width":350,"height":200},"classes":[]},{"id":3931,"url":"https:\/\/www.ufukonen.com\/tr\/dunkirk-ve-shepard-tonu.html","url_meta":{"origin":3563,"position":3},"title":"Dunkirk ve Shepard Tonu","date":"May 28, 2018","format":false,"excerpt":"Christopher Nolan zaman kavram\u0131 \u00fczerine oynamay\u0131 seven bir y\u00f6netmen. T\u0131pk\u0131 Inception'da oldu\u011fu gibi Dunkirk'te de farkl\u0131 zaman \u00e7izgileri var: Bir haftaya yay\u0131lm\u0131\u015f kumsaldan ka\u00e7\u0131\u015f hikayesi, bir g\u00fcne yay\u0131lm\u0131\u015f yard\u0131m i\u00e7in giden teknenin hikayesi ve bir saate yay\u0131lm\u0131\u015f pilotlar\u0131n hikayesi. Bunlar bir noktada birle\u015fiyor. Bu komplike i\u00e7erik ve anlat\u0131m bi\u00e7imi Hans\u2026","rel":"","context":"In &quot;M\u00fczik Prod\u00fcksiyonu&quot;","img":{"alt_text":"","src":"https:\/\/i0.wp.com\/www.ufukonen.com\/tr\/wp-content\/uploads\/Dunkirk_poster_vertical_1280x720.jpg?resize=350%2C200&ssl=1","width":350,"height":200},"classes":[]},{"id":4741,"url":"https:\/\/www.ufukonen.com\/tr\/aktif-pasif-di-box-arasindaki-fark.html","url_meta":{"origin":3563,"position":4},"title":"Aktif ve Pasif DI Box Aras\u0131ndaki Fark","date":"April 22, 2019","format":false,"excerpt":"DI box dedi\u011fimizde akl\u0131m\u0131za dengesiz sinyali dengeli sinyale, y\u00fcksek empedansa sahip bir kayna\u011f\u0131 d\u00fc\u015f\u00fck empedansa veya 'line' seviyesindeki bir sinyali mikrofon seviyesine \u00e7evirmek i\u00e7in kulland\u0131\u011f\u0131m\u0131z, boyutu hemen hemen gitar pedal\u0131na yak\u0131n k\u00fc\u00e7\u00fck bir kutu geliyor. B\u00fct\u00fcn DI box'lar bu i\u015fleri yap\u0131yor. Her ne kadar hepsi ayn\u0131 i\u015fi yapsa da b\u00fct\u00fcn\u2026","rel":"","context":"In &quot;Ses ve M\u00fczik Teknolojileri&quot;","img":{"alt_text":"","src":"https:\/\/i0.wp.com\/www.ufukonen.com\/tr\/wp-content\/uploads\/DI_Box_Takoz_1280x720.jpg?resize=350%2C200&ssl=1","width":350,"height":200},"classes":[]},{"id":5042,"url":"https:\/\/www.ufukonen.com\/tr\/mono-uyumlulugu-onemli-mi.html","url_meta":{"origin":3563,"position":5},"title":"Mono Uyumlulu\u011fu Ger\u00e7ekten \u00d6nemli mi?","date":"September 9, 2019","format":false,"excerpt":"\"Mono uyumlulu\u011fu ger\u00e7ekten \u00f6nemli mi?\" Bu soru m\u00fczik prod\u00fcksiyonu alan\u0131nda \u00e7al\u0131\u015fanlar aras\u0131nda \u00f6zellikle 2000'li y\u0131llar\u0131n ba\u015f\u0131nda s\u0131k s\u0131k sorulmaya ve sorgulanmaya ba\u015flanm\u0131\u015ft\u0131. \u00d6ncesinde mono uyumlulu\u011fu herkesin dikkat etti\u011fi bir konuydu \u00e7\u00fcnk\u00fc televizyonlar\u0131n b\u00fcy\u00fck bir k\u0131sm\u0131 monoydu. Televizyon kanallar\u0131 mono yay\u0131n yap\u0131yordu. Stereo yay\u0131n yapan kanallar da vard\u0131 ancak evlerdeki televizyonlar\u0131n\u2026","rel":"","context":"In &quot;M\u00fczik Prod\u00fcksiyonu&quot;","img":{"alt_text":"","src":"https:\/\/i0.wp.com\/www.ufukonen.com\/tr\/wp-content\/uploads\/Mono_Uyumlulugu_720.jpg?resize=350%2C200&ssl=1","width":350,"height":200},"classes":[]}],"_links":{"self":[{"href":"https:\/\/www.ufukonen.com\/tr\/wp-json\/wp\/v2\/posts\/3563"}],"collection":[{"href":"https:\/\/www.ufukonen.com\/tr\/wp-json\/wp\/v2\/posts"}],"about":[{"href":"https:\/\/www.ufukonen.com\/tr\/wp-json\/wp\/v2\/types\/post"}],"author":[{"embeddable":true,"href":"https:\/\/www.ufukonen.com\/tr\/wp-json\/wp\/v2\/users\/2"}],"replies":[{"embeddable":true,"href":"https:\/\/www.ufukonen.com\/tr\/wp-json\/wp\/v2\/comments?post=3563"}],"version-history":[{"count":8,"href":"https:\/\/www.ufukonen.com\/tr\/wp-json\/wp\/v2\/posts\/3563\/revisions"}],"predecessor-version":[{"id":3574,"href":"https:\/\/www.ufukonen.com\/tr\/wp-json\/wp\/v2\/posts\/3563\/revisions\/3574"}],"wp:featuredmedia":[{"embeddable":true,"href":"https:\/\/www.ufukonen.com\/tr\/wp-json\/wp\/v2\/media\/3565"}],"wp:attachment":[{"href":"https:\/\/www.ufukonen.com\/tr\/wp-json\/wp\/v2\/media?parent=3563"}],"wp:term":[{"taxonomy":"category","embeddable":true,"href":"https:\/\/www.ufukonen.com\/tr\/wp-json\/wp\/v2\/categories?post=3563"},{"taxonomy":"post_tag","embeddable":true,"href":"https:\/\/www.ufukonen.com\/tr\/wp-json\/wp\/v2\/tags?post=3563"}],"curies":[{"name":"wp","href":"https:\/\/api.w.org\/{rel}","templated":true}]}}