{"id":3575,"date":"2018-01-01T14:51:44","date_gmt":"2018-01-01T11:51:44","guid":{"rendered":"http:\/\/www.ufukonen.com\/tr\/?p=3575"},"modified":"2018-01-01T15:15:25","modified_gmt":"2018-01-01T12:15:25","slug":"2017-daw-anketi-sonuclari","status":"publish","type":"post","link":"https:\/\/www.ufukonen.com\/tr\/2017-daw-anketi-sonuclari.html","title":{"rendered":"2017 DAW Anketi Sonu\u00e7lar\u0131"},"content":{"rendered":"<p><img loading=\"lazy\" class=\"aligncenter wp-image-3534\" src=\"http:\/\/www.ufukonen.com\/tr\/wp-content\/uploads\/2017_DAW_Anketi_1024x768-1024x768.jpg\" alt=\"\" width=\"575\" height=\"431\" srcset=\"https:\/\/www.ufukonen.com\/tr\/wp-content\/uploads\/2017_DAW_Anketi_1024x768.jpg 1024w, https:\/\/www.ufukonen.com\/tr\/wp-content\/uploads\/2017_DAW_Anketi_1024x768-300x225.jpg 300w, https:\/\/www.ufukonen.com\/tr\/wp-content\/uploads\/2017_DAW_Anketi_1024x768-768x576.jpg 768w\" sizes=\"(max-width: 575px) 100vw, 575px\" \/><\/p>\n<p>&nbsp;<\/p>\n<p>Bu y\u0131l ikincisini d\u00fczenledi\u011fim DAW (Digital Audio Workstation) anketinin sonu\u00e7lar\u0131 belli oldu. 4-31 Aral\u0131k 2017 tarihleri aras\u0131nda a\u00e7\u0131k kalan ankete 1009 ki\u015fi kat\u0131ld\u0131.<\/p>\n<p>&nbsp;<\/p>\n<h4>Birinci Soru: &#8220;Kullanmakta Oldu\u011funuz DAW&#8221;<\/h4>\n<p>Anketin galibi 185 oy ile t\u00fcm oylar\u0131n %18.33&#8217;\u00fcn\u00fc alan Cubase (Steinberg) oldu. Onu hemen arkas\u0131ndan \u00e7ok az bir farkla Logic Pro (Apple) takip etti. Logic Pro, 180 oy ile t\u00fcm oylar\u0131n %17.87&#8217;\u00fcn\u00fc ald\u0131. Bu sonu\u00e7lar bir \u00f6nceki anket ile neredeyse t\u0131pat\u0131p ayn\u0131. Ge\u00e7ti\u011fimiz y\u0131l (2016 anketinde) Cubase %18.35 ile birinci, Logic Pro ise %17.54 ile aynen bu sene oldu\u011fu gibi ikinci olmu\u015ftu.<\/p>\n<p>Bu y\u0131l\u0131n \u00fc\u00e7\u00fcnc\u00fcs\u00fc oylar\u0131n %15.76&#8217;s\u0131n\u0131 alan Studio One (Presonus) oldu. Presonus bir \u00f6nceki y\u0131l %11.33 ile 6. s\u0131rada yer alm\u0131\u015ft\u0131.<\/p>\n<p>D\u00f6rd\u00fcnc\u00fc s\u0131rada oylar\u0131n %15.26&#8217;s\u0131n\u0131 alan FL Studio (Image-Line) var. Ge\u00e7ti\u011fimiz y\u0131l 5. s\u0131rada yer alan FL Studio bir basamak yukar\u0131 \u00e7\u0131km\u0131\u015f oldu.<\/p>\n<p>Be\u015finci s\u0131rada oylar\u0131n %11.50&#8217;sini alan Live (Ableton) var. Live, ge\u00e7ti\u011fimiz y\u0131l 4. s\u0131radayd\u0131, bu y\u0131l FL Studio ile yer de\u011fi\u015ftirmi\u015f oldu.<\/p>\n<p>Benim de tercihim olan Pro Tools bu sene oylar\u0131n sadece %11.20&#8217;sini alabildi ve 6. s\u0131raya geriledi. Pro Tools bir \u00f6nceki sene 3. s\u0131radayd\u0131.<\/p>\n<p>Yedinci s\u0131rada Reaper (Cockos) var. Bu s\u0131ra listede kopuklu\u011fun ba\u015flad\u0131\u011f\u0131 s\u0131ra. Reaper oylar\u0131n %4.06&#8217;s\u0131n\u0131 alabilmi\u015f, bir \u00fcst s\u0131rada yer alan Pro Tools ile aralar\u0131nda ciddi bir fark var.<\/p>\n<p>\u00d6zet olarak 2017&#8217;de en pop\u00fcler DAW&#8217;lar\u0131n Cubase ve Logic Pro oldu\u011funu, Studio One&#8217;\u0131n y\u00fckseli\u015fte, Pro Tools&#8217;un ise d\u00fc\u015f\u00fc\u015fte oldu\u011funu s\u00f6yleyebiliriz.<\/p>\n<p>Detayl\u0131 sonu\u00e7lar i\u00e7in a\u015fa\u011f\u0131daki g\u00f6rseli inceleyebilirsiniz (b\u00fcy\u00fctmek i\u00e7in g\u00f6rsele t\u0131klayabilirsiniz). Bir \u00f6nceki y\u0131l\u0131n (2016 anketinin) sonu\u00e7lar\u0131n\u0131 incelemek i\u00e7in <a href=\"http:\/\/www.ufukonen.com\/tr\/2016-daw-tercihiniz-anket.html\">buraya t\u0131klayabilirsiniz<\/a>.<\/p>\n<p><a href=\"http:\/\/www.ufukonen.com\/tr\/wp-content\/uploads\/2017_DAW_Anketi_Sonuclar_01.jpg\" target=\"_blank\" rel=\"noopener\"><img loading=\"lazy\" class=\"aligncenter wp-image-3601\" src=\"http:\/\/www.ufukonen.com\/tr\/wp-content\/uploads\/2017_DAW_Anketi_Sonuclar_01-1024x918.jpg\" alt=\"\" width=\"500\" height=\"448\" srcset=\"https:\/\/www.ufukonen.com\/tr\/wp-content\/uploads\/2017_DAW_Anketi_Sonuclar_01-1024x918.jpg 1024w, https:\/\/www.ufukonen.com\/tr\/wp-content\/uploads\/2017_DAW_Anketi_Sonuclar_01-300x269.jpg 300w, https:\/\/www.ufukonen.com\/tr\/wp-content\/uploads\/2017_DAW_Anketi_Sonuclar_01-768x688.jpg 768w, https:\/\/www.ufukonen.com\/tr\/wp-content\/uploads\/2017_DAW_Anketi_Sonuclar_01.jpg 2000w\" sizes=\"(max-width: 500px) 100vw, 500px\" \/><\/a><\/p>\n<p>&nbsp;<\/p>\n<h4>\u0130kinci Soru: &#8220;Kullanmakta Oldu\u011funuz DAW&#8217;\u0131 2018 \u0130\u00e7inde De\u011fi\u015ftirmeyi D\u00fc\u015f\u00fcn\u00fcyor musunuz?&#8221;<\/h4>\n<p>Ankete kat\u0131lanlardan %84.54&#8217;\u00fc bu soruya &#8220;hay\u0131r&#8221; cevab\u0131n\u0131 vermi\u015f. DAW tercihinin biraz da al\u0131\u015fkanl\u0131k oldu\u011funu g\u00f6z \u00f6n\u00fcne ald\u0131\u011f\u0131m\u0131zda bu \u015fa\u015f\u0131rt\u0131c\u0131 bir cevap de\u011fil. Ge\u00e7ti\u011fimiz y\u0131l da bu sorunun sonucu %86.33 olarak &#8220;hay\u0131r&#8221; olmu\u015ftu. Hem ge\u00e7en sene hem de bu sene bu soruya ben de &#8220;hay\u0131r&#8221; diyenler aras\u0131ndayd\u0131m.<\/p>\n<p><a href=\"http:\/\/www.ufukonen.com\/tr\/wp-content\/uploads\/2017_DAW_Anketi_Sonuclar_02.jpg\" target=\"_blank\" rel=\"noopener\"><img loading=\"lazy\" class=\"aligncenter wp-image-3602\" src=\"http:\/\/www.ufukonen.com\/tr\/wp-content\/uploads\/2017_DAW_Anketi_Sonuclar_02-1024x180.jpg\" alt=\"\" width=\"500\" height=\"88\" srcset=\"https:\/\/www.ufukonen.com\/tr\/wp-content\/uploads\/2017_DAW_Anketi_Sonuclar_02-1024x180.jpg 1024w, https:\/\/www.ufukonen.com\/tr\/wp-content\/uploads\/2017_DAW_Anketi_Sonuclar_02-300x53.jpg 300w, https:\/\/www.ufukonen.com\/tr\/wp-content\/uploads\/2017_DAW_Anketi_Sonuclar_02-768x135.jpg 768w, https:\/\/www.ufukonen.com\/tr\/wp-content\/uploads\/2017_DAW_Anketi_Sonuclar_02.jpg 2000w\" sizes=\"(max-width: 500px) 100vw, 500px\" \/><\/a><\/p>\n<p>&nbsp;<\/p>\n<p id=\"top15\">Ankete kat\u0131lan herkese \u00e7ok te\u015fekk\u00fcr ederim!<\/p>\n<p>&nbsp;<\/p>\n<p>&nbsp;<\/p>\n<h3 style=\"text-align: center;\">2017 YILINDA EN \u00c7OK OKUNAN BLOG YAZILARIM<\/h3>\n<p>&nbsp;<\/p>\n<p style=\"text-align: center;\"><a href=\"http:\/\/www.ufukonen.com\/tr\/studyo-mikrofonlari-neden-ters-asilir.html\" target=\"_blank\" rel=\"noopener\"><img loading=\"lazy\" class=\"aligncenter wp-image-3214 size-medium\" src=\"http:\/\/www.ufukonen.com\/tr\/wp-content\/uploads\/mikrofon_ters_800x934-257x300.jpg\" alt=\"\" width=\"257\" height=\"300\" srcset=\"https:\/\/www.ufukonen.com\/tr\/wp-content\/uploads\/mikrofon_ters_800x934-257x300.jpg 257w, https:\/\/www.ufukonen.com\/tr\/wp-content\/uploads\/mikrofon_ters_800x934-768x897.jpg 768w, https:\/\/www.ufukonen.com\/tr\/wp-content\/uploads\/mikrofon_ters_800x934.jpg 800w\" sizes=\"(max-width: 257px) 100vw, 257px\" \/><\/a><\/p>\n<p style=\"text-align: center;\">[01] <a href=\"http:\/\/www.ufukonen.com\/tr\/studyo-mikrofonlari-neden-ters-asilir.html\" target=\"_blank\" rel=\"noopener\">St\u00fcdyo Mikrofonlar\u0131 Neden Ters As\u0131l\u0131r?<\/a><\/p>\n<p>&nbsp;<\/p>\n<p style=\"text-align: center;\"><a href=\"http:\/\/www.ufukonen.com\/tr\/7-maddede-desibel.html\" target=\"_blank\" rel=\"noopener\"><img loading=\"lazy\" class=\"aligncenter wp-image-3285 size-medium\" src=\"http:\/\/www.ufukonen.com\/tr\/wp-content\/uploads\/7_maddede_desibel-300x169.jpg\" alt=\"\" width=\"300\" height=\"169\" srcset=\"https:\/\/www.ufukonen.com\/tr\/wp-content\/uploads\/7_maddede_desibel-300x169.jpg 300w, https:\/\/www.ufukonen.com\/tr\/wp-content\/uploads\/7_maddede_desibel-768x432.jpg 768w, https:\/\/www.ufukonen.com\/tr\/wp-content\/uploads\/7_maddede_desibel-1024x576.jpg 1024w, https:\/\/www.ufukonen.com\/tr\/wp-content\/uploads\/7_maddede_desibel.jpg 1280w\" sizes=\"(max-width: 300px) 100vw, 300px\" \/><\/a><\/p>\n<p style=\"text-align: center;\">[02] <a href=\"http:\/\/www.ufukonen.com\/tr\/7-maddede-desibel.html\" target=\"_blank\" rel=\"noopener\">7 Maddede Desibel<\/a><\/p>\n<p>&nbsp;<\/p>\n<p style=\"text-align: center;\"><a href=\"http:\/\/www.ufukonen.com\/tr\/miksin-sonunda-yapilmasi-ve-yapilmamasi-gerekenler.html\" target=\"_blank\" rel=\"noopener\"><img loading=\"lazy\" class=\"aligncenter wp-image-2882 size-medium\" src=\"http:\/\/www.ufukonen.com\/tr\/wp-content\/uploads\/Miks_Sonunda-300x169.jpg\" alt=\"\" width=\"300\" height=\"169\" srcset=\"https:\/\/www.ufukonen.com\/tr\/wp-content\/uploads\/Miks_Sonunda-300x169.jpg 300w, https:\/\/www.ufukonen.com\/tr\/wp-content\/uploads\/Miks_Sonunda-768x432.jpg 768w, https:\/\/www.ufukonen.com\/tr\/wp-content\/uploads\/Miks_Sonunda-1024x576.jpg 1024w, https:\/\/www.ufukonen.com\/tr\/wp-content\/uploads\/Miks_Sonunda.jpg 1280w\" sizes=\"(max-width: 300px) 100vw, 300px\" \/><\/a><\/p>\n<p style=\"text-align: center;\">[03] <a href=\"http:\/\/www.ufukonen.com\/tr\/miksin-sonunda-yapilmasi-ve-yapilmamasi-gerekenler.html\" target=\"_blank\" rel=\"noopener\">Miksin Sonunda Yap\u0131lmas\u0131 ve Yap\u0131lmamas\u0131 Gerekenler<\/a><\/p>\n<p>&nbsp;<\/p>\n<p><a href=\"http:\/\/www.ufukonen.com\/tr\/frekans-araliklari.html\" target=\"_blank\" rel=\"noopener\"><img loading=\"lazy\" class=\"aligncenter wp-image-3362 size-medium\" src=\"http:\/\/www.ufukonen.com\/tr\/wp-content\/uploads\/frekans_araliklari_720-300x169.jpg\" alt=\"\" width=\"300\" height=\"169\" srcset=\"https:\/\/www.ufukonen.com\/tr\/wp-content\/uploads\/frekans_araliklari_720-300x169.jpg 300w, https:\/\/www.ufukonen.com\/tr\/wp-content\/uploads\/frekans_araliklari_720.jpg 720w\" sizes=\"(max-width: 300px) 100vw, 300px\" \/><\/a><\/p>\n<p style=\"text-align: center;\">[04] <a href=\"http:\/\/www.ufukonen.com\/tr\/frekans-araliklari.html\" target=\"_blank\" rel=\"noopener\">Frekans Aral\u0131klar\u0131 (yaz\u0131 + video)<\/a><\/p>\n<p>&nbsp;<\/p>\n<p style=\"text-align: center;\"><a href=\"http:\/\/www.ufukonen.com\/tr\/dinamik-eq.html\" target=\"_blank\" rel=\"noopener\"><img loading=\"lazy\" class=\"aligncenter wp-image-3068 size-medium\" src=\"http:\/\/www.ufukonen.com\/tr\/wp-content\/uploads\/DynamicEQ_Onen_1280px-300x225.jpg\" alt=\"\" width=\"300\" height=\"225\" srcset=\"https:\/\/www.ufukonen.com\/tr\/wp-content\/uploads\/DynamicEQ_Onen_1280px-300x225.jpg 300w, https:\/\/www.ufukonen.com\/tr\/wp-content\/uploads\/DynamicEQ_Onen_1280px-768x576.jpg 768w, https:\/\/www.ufukonen.com\/tr\/wp-content\/uploads\/DynamicEQ_Onen_1280px-1024x768.jpg 1024w, https:\/\/www.ufukonen.com\/tr\/wp-content\/uploads\/DynamicEQ_Onen_1280px.jpg 1280w\" sizes=\"(max-width: 300px) 100vw, 300px\" \/><\/a><\/p>\n<p style=\"text-align: center;\">[05] <a href=\"http:\/\/www.ufukonen.com\/tr\/dinamik-eq.html\" target=\"_blank\" rel=\"noopener\">Dinamik EQ<\/a><\/p>\n<p>&nbsp;<\/p>\n<p style=\"text-align: center;\"><a href=\"http:\/\/www.ufukonen.com\/tr\/dengeli-sinyal.html\" target=\"_blank\" rel=\"noopener\"><img loading=\"lazy\" class=\"aligncenter wp-image-2953 size-medium\" src=\"http:\/\/www.ufukonen.com\/tr\/wp-content\/uploads\/Dengeli_Sinyal_Feat_Img-300x222.jpg\" alt=\"\" width=\"300\" height=\"222\" srcset=\"https:\/\/www.ufukonen.com\/tr\/wp-content\/uploads\/Dengeli_Sinyal_Feat_Img-300x222.jpg 300w, https:\/\/www.ufukonen.com\/tr\/wp-content\/uploads\/Dengeli_Sinyal_Feat_Img-768x568.jpg 768w, https:\/\/www.ufukonen.com\/tr\/wp-content\/uploads\/Dengeli_Sinyal_Feat_Img-1024x757.jpg 1024w, https:\/\/www.ufukonen.com\/tr\/wp-content\/uploads\/Dengeli_Sinyal_Feat_Img.jpg 1234w\" sizes=\"(max-width: 300px) 100vw, 300px\" \/><\/a><\/p>\n<p style=\"text-align: center;\">[06] <a href=\"http:\/\/www.ufukonen.com\/tr\/dengeli-sinyal.html\" target=\"_blank\" rel=\"noopener\">Dengeli Sinyal<\/a><\/p>\n<p>&nbsp;<\/p>\n<p style=\"text-align: center;\"><a href=\"http:\/\/www.ufukonen.com\/tr\/1_4-ve-xlr-konnektorler-hangisi-ne-icin-kullanilir.html\" target=\"_blank\" rel=\"noopener\"><img loading=\"lazy\" class=\"aligncenter wp-image-2950 size-medium\" src=\"http:\/\/www.ufukonen.com\/tr\/wp-content\/uploads\/Konnektor_feat_1920_nonemetalhasel_devine-300x169.jpg\" alt=\"\" width=\"300\" height=\"169\" srcset=\"https:\/\/www.ufukonen.com\/tr\/wp-content\/uploads\/Konnektor_feat_1920_nonemetalhasel_devine-300x169.jpg 300w, https:\/\/www.ufukonen.com\/tr\/wp-content\/uploads\/Konnektor_feat_1920_nonemetalhasel_devine-768x432.jpg 768w, https:\/\/www.ufukonen.com\/tr\/wp-content\/uploads\/Konnektor_feat_1920_nonemetalhasel_devine-1024x576.jpg 1024w, https:\/\/www.ufukonen.com\/tr\/wp-content\/uploads\/Konnektor_feat_1920_nonemetalhasel_devine.jpg 1920w\" sizes=\"(max-width: 300px) 100vw, 300px\" \/><\/a><\/p>\n<p style=\"text-align: center;\">[07] <a href=\"http:\/\/www.ufukonen.com\/tr\/1_4-ve-xlr-konnektorler-hangisi-ne-icin-kullanilir.html\" target=\"_blank\" rel=\"noopener\">1\/4&#8243; ve XLR Konnekt\u00f6rler: Hangisi Ne \u0130\u00e7in Kullan\u0131l\u0131r?<\/a><\/p>\n<p>&nbsp;<\/p>\n<p style=\"text-align: center;\"><a href=\"http:\/\/www.ufukonen.com\/tr\/billboard-dergisine-gore-2017nin-en-iyi-studyolari.html\" target=\"_blank\" rel=\"noopener\"><img loading=\"lazy\" class=\"aligncenter wp-image-3443 size-medium\" src=\"http:\/\/www.ufukonen.com\/tr\/wp-content\/uploads\/Billboard_2017_Neve_VR-72_720-300x169.jpg\" alt=\"\" width=\"300\" height=\"169\" srcset=\"https:\/\/www.ufukonen.com\/tr\/wp-content\/uploads\/Billboard_2017_Neve_VR-72_720-300x169.jpg 300w, https:\/\/www.ufukonen.com\/tr\/wp-content\/uploads\/Billboard_2017_Neve_VR-72_720.jpg 720w\" sizes=\"(max-width: 300px) 100vw, 300px\" \/><\/a><\/p>\n<p style=\"text-align: center;\">[08] <a href=\"http:\/\/www.ufukonen.com\/tr\/billboard-dergisine-gore-2017nin-en-iyi-studyolari.html\" target=\"_blank\" rel=\"noopener\">Billboard Dergisine G\u00f6re 2017&#8217;nin En \u0130yi St\u00fcdyolar\u0131<\/a><\/p>\n<p>&nbsp;<\/p>\n<p style=\"text-align: center;\"><a href=\"http:\/\/www.ufukonen.com\/tr\/pan-kurallari.html\"><img loading=\"lazy\" class=\"aligncenter size-medium wp-image-3542\" src=\"http:\/\/www.ufukonen.com\/tr\/wp-content\/uploads\/Pan_Kurallari_1024x576-300x169.jpg\" alt=\"\" width=\"300\" height=\"169\" srcset=\"https:\/\/www.ufukonen.com\/tr\/wp-content\/uploads\/Pan_Kurallari_1024x576-300x169.jpg 300w, https:\/\/www.ufukonen.com\/tr\/wp-content\/uploads\/Pan_Kurallari_1024x576-768x432.jpg 768w, https:\/\/www.ufukonen.com\/tr\/wp-content\/uploads\/Pan_Kurallari_1024x576.jpg 1024w\" sizes=\"(max-width: 300px) 100vw, 300px\" \/><\/a><\/p>\n<p style=\"text-align: center;\">[09] <a href=\"http:\/\/www.ufukonen.com\/tr\/pan-kurallari.html\" target=\"_blank\" rel=\"noopener\">Pan Kurallar\u0131<\/a><\/p>\n<p>&nbsp;<\/p>\n<p style=\"text-align: center;\"><a href=\"http:\/\/www.ufukonen.com\/tr\/sylvia-massy-ve-tursu-deneyi.html\" target=\"_blank\" rel=\"noopener\"><img loading=\"lazy\" class=\"aligncenter wp-image-3317 size-medium\" src=\"http:\/\/www.ufukonen.com\/tr\/wp-content\/uploads\/SylviaMassy_720-300x164.jpg\" alt=\"\" width=\"300\" height=\"164\" srcset=\"https:\/\/www.ufukonen.com\/tr\/wp-content\/uploads\/SylviaMassy_720-300x164.jpg 300w, https:\/\/www.ufukonen.com\/tr\/wp-content\/uploads\/SylviaMassy_720.jpg 720w\" sizes=\"(max-width: 300px) 100vw, 300px\" \/><\/a><\/p>\n<p style=\"text-align: center;\">[10] <a href=\"http:\/\/www.ufukonen.com\/tr\/sylvia-massy-ve-tursu-deneyi.html\" target=\"_blank\" rel=\"noopener\">Sylvia Massy ve Tur\u015fu Deneyi!<\/a><\/p>\n<p>&nbsp;<\/p>\n<p style=\"text-align: center;\"><a href=\"http:\/\/www.ufukonen.com\/tr\/miks-tamamlandiktan-sonra.html\" target=\"_blank\" rel=\"noopener\"><img loading=\"lazy\" class=\"aligncenter wp-image-3116 size-medium\" src=\"http:\/\/www.ufukonen.com\/tr\/wp-content\/uploads\/Miks_Tamamlandiktan_Sonra-300x169.jpg\" alt=\"\" width=\"300\" height=\"169\" srcset=\"https:\/\/www.ufukonen.com\/tr\/wp-content\/uploads\/Miks_Tamamlandiktan_Sonra-300x169.jpg 300w, https:\/\/www.ufukonen.com\/tr\/wp-content\/uploads\/Miks_Tamamlandiktan_Sonra-768x432.jpg 768w, https:\/\/www.ufukonen.com\/tr\/wp-content\/uploads\/Miks_Tamamlandiktan_Sonra-1024x576.jpg 1024w, https:\/\/www.ufukonen.com\/tr\/wp-content\/uploads\/Miks_Tamamlandiktan_Sonra.jpg 1280w\" sizes=\"(max-width: 300px) 100vw, 300px\" \/><\/a><\/p>\n<p style=\"text-align: center;\">[11] <a href=\"http:\/\/www.ufukonen.com\/tr\/miks-tamamlandiktan-sonra.html\" target=\"_blank\" rel=\"noopener\">Miks Tamamland\u0131ktan Sonra<\/a><\/p>\n<p>&nbsp;<\/p>\n<p style=\"text-align: center;\"><a href=\"http:\/\/www.ufukonen.com\/tr\/kuba-amerikali-diplomat-sonik-saldiri.html\" target=\"_blank\" rel=\"noopener\"><img loading=\"lazy\" class=\"aligncenter wp-image-3425 size-medium\" src=\"http:\/\/www.ufukonen.com\/tr\/wp-content\/uploads\/Kuba_Tehlikeli_Ses-300x169.jpeg\" alt=\"\" width=\"300\" height=\"169\" srcset=\"https:\/\/www.ufukonen.com\/tr\/wp-content\/uploads\/Kuba_Tehlikeli_Ses-300x169.jpeg 300w, https:\/\/www.ufukonen.com\/tr\/wp-content\/uploads\/Kuba_Tehlikeli_Ses.jpeg 720w\" sizes=\"(max-width: 300px) 100vw, 300px\" \/><\/a><\/p>\n<p style=\"text-align: center;\">[12] <a href=\"http:\/\/www.ufukonen.com\/tr\/kuba-amerikali-diplomat-sonik-saldiri.html\" target=\"_blank\" rel=\"noopener\">K\u00fcba&#8217;daki Amerikal\u0131 Diplomatlara Y\u00f6nelik Sonik Sald\u0131r\u0131 \u0130ddialar\u0131 Sonras\u0131nda Kaydedilen &#8216;Tehlikeli&#8217; Sesi Dinleyin<\/a><\/p>\n<p>&nbsp;<\/p>\n<p style=\"text-align: center;\"><a href=\"http:\/\/www.ufukonen.com\/tr\/aux-send-pre-fader-ve-post-fader-konumu.html\" target=\"_blank\" rel=\"noopener\"><img loading=\"lazy\" class=\"aligncenter wp-image-3199 size-medium\" src=\"http:\/\/www.ufukonen.com\/tr\/wp-content\/uploads\/Aux_Send_PrePost_Feature-300x169.jpg\" alt=\"\" width=\"300\" height=\"169\" srcset=\"https:\/\/www.ufukonen.com\/tr\/wp-content\/uploads\/Aux_Send_PrePost_Feature-300x169.jpg 300w, https:\/\/www.ufukonen.com\/tr\/wp-content\/uploads\/Aux_Send_PrePost_Feature-768x432.jpg 768w, https:\/\/www.ufukonen.com\/tr\/wp-content\/uploads\/Aux_Send_PrePost_Feature-1024x576.jpg 1024w, https:\/\/www.ufukonen.com\/tr\/wp-content\/uploads\/Aux_Send_PrePost_Feature.jpg 1920w\" sizes=\"(max-width: 300px) 100vw, 300px\" \/><\/a><\/p>\n<p style=\"text-align: center;\">[13] <a href=\"http:\/\/www.ufukonen.com\/tr\/aux-send-pre-fader-ve-post-fader-konumu.html\" target=\"_blank\" rel=\"noopener\">Aux Send: Pre-Fader ve Post-Fader Konumu<\/a><\/p>\n<p>&nbsp;<\/p>\n<p style=\"text-align: center;\"><a href=\"http:\/\/www.ufukonen.com\/tr\/sarki-sozlerindeki-tekrarlar-ile-ticari-basari-arasindaki-iliski.html\" target=\"_blank\" rel=\"noopener\"><img loading=\"lazy\" class=\"aligncenter wp-image-3344 size-medium\" src=\"http:\/\/www.ufukonen.com\/tr\/wp-content\/uploads\/people-2569551_720-300x169.jpg\" alt=\"\" width=\"300\" height=\"169\" srcset=\"https:\/\/www.ufukonen.com\/tr\/wp-content\/uploads\/people-2569551_720-300x169.jpg 300w, https:\/\/www.ufukonen.com\/tr\/wp-content\/uploads\/people-2569551_720.jpg 720w\" sizes=\"(max-width: 300px) 100vw, 300px\" \/><\/a><\/p>\n<p style=\"text-align: center;\">[14] <a href=\"http:\/\/www.ufukonen.com\/tr\/sarki-sozlerindeki-tekrarlar-ile-ticari-basari-arasindaki-iliski.html\" target=\"_blank\" rel=\"noopener\">\u015eark\u0131 S\u00f6zlerindeki Tekrarlar ile Ticari Ba\u015far\u0131 Aras\u0131ndaki \u0130li\u015fki<\/a><\/p>\n<p>&nbsp;<\/p>\n<p style=\"text-align: center;\"><a href=\"http:\/\/www.ufukonen.com\/tr\/multiband-kompresor.html\" target=\"_blank\" rel=\"noopener\"><img loading=\"lazy\" class=\"aligncenter wp-image-3058 size-medium\" src=\"http:\/\/www.ufukonen.com\/tr\/wp-content\/uploads\/Multiband_Kompresor_800px-300x160.jpg\" alt=\"\" width=\"300\" height=\"160\" srcset=\"https:\/\/www.ufukonen.com\/tr\/wp-content\/uploads\/Multiband_Kompresor_800px-300x160.jpg 300w, https:\/\/www.ufukonen.com\/tr\/wp-content\/uploads\/Multiband_Kompresor_800px-768x409.jpg 768w, https:\/\/www.ufukonen.com\/tr\/wp-content\/uploads\/Multiband_Kompresor_800px.jpg 800w\" sizes=\"(max-width: 300px) 100vw, 300px\" \/><\/a><\/p>\n<p style=\"text-align: center;\">[15] <a href=\"http:\/\/www.ufukonen.com\/tr\/multiband-kompresor.html\" target=\"_blank\" rel=\"noopener\">Multiband Kompres\u00f6r<\/a><\/p>\n<p>&nbsp;<\/p>\n<p>Teknik terimler i\u00e7in <a href=\"http:\/\/www.ufukonen.com\/tr\/ses-kayit-muzik-teknolojisi-terimler-sozluk.html\">m\u00fczik teknolojisi, m\u00fczik prod\u00fcksiyonu ve ses kay\u0131t terimleri s\u00f6zl\u00fc\u011f\u00fcne<\/a> g\u00f6z atabilirsiniz.<\/p>\n<p>Benzer payla\u015f\u0131mlar i\u00e7in beni <a href=\"https:\/\/www.facebook.com\/ufukonen.skmt\/\" target=\"_blank\" rel=\"noopener\">Facebook<\/a> ve <a href=\"https:\/\/twitter.com\/UfukOnen\" target=\"_blank\" rel=\"noopener\">Twitter<\/a>&#8216;da takip edebilir, haberler i\u00e7in <a href=\"http:\/\/ufukonen.com\/tr\/ses-kayit-muzik-teknolojisi-terimler-sozluk.html\" target=\"_blank\" rel=\"noopener\">mesaj listeme \u00fcye olabilirsiniz<\/a>. Te\u015fekk\u00fcrler.<\/p>\n<p>\u00a9 2018 Ufuk \u00d6nen. Her hakk\u0131 sakl\u0131d\u0131r. \u0130zinsiz kullan\u0131lamaz.<\/p>\n","protected":false},"excerpt":{"rendered":"<p class=\"post-excerpt\">&nbsp; Bu y\u0131l ikincisini d\u00fczenledi\u011fim DAW (Digital Audio Workstation) anketinin sonu\u00e7lar\u0131 belli oldu. 4-31 Aral\u0131k 2017 tarihleri aras\u0131nda a\u00e7\u0131k kalan&#8230;<\/p>\n","protected":false},"author":2,"featured_media":3534,"comment_status":"closed","ping_status":"open","sticky":false,"template":"","format":"standard","meta":{"_mi_skip_tracking":false,"spay_email":"","jetpack_publicize_message":"","jetpack_is_tweetstorm":false,"jetpack_publicize_feature_enabled":true},"categories":[18],"tags":[],"jetpack_featured_media_url":"https:\/\/www.ufukonen.com\/tr\/wp-content\/uploads\/2017_DAW_Anketi_1024x768.jpg","jetpack_publicize_connections":[],"jetpack_shortlink":"https:\/\/wp.me\/p3rjsG-VF","jetpack_sharing_enabled":true,"jetpack-related-posts":[{"id":6311,"url":"https:\/\/www.ufukonen.com\/tr\/2020-daw-anketi-sonuclari.html","url_meta":{"origin":3575,"position":0},"title":"2020 DAW Anketi Sonu\u00e7lar\u0131","date":"January 4, 2021","format":false,"excerpt":"Bu y\u0131l be\u015fincisini d\u00fczenledi\u011fim DAW anketinin sonu\u00e7lar\u0131 belli oldu! Bu sene birinci olan DAW sadece bir oy farkla (evet, do\u011fru okudunuz, sadece bir oy farkla) birinci oldu. Bu ilgin\u00e7 bir nokta. Bu y\u0131l sonu\u00e7lar\u0131 analiz ederken t\u00fcm oylar\u0131n yan\u0131 s\u0131ra ses teknolojileri ile profesyonel ve hobi olarak ilgilenen kat\u0131l\u0131mc\u0131lar\u0131n oylar\u0131n\u0131\u2026","rel":"","context":"In &quot;M\u00fczik Prod\u00fcksiyonu&quot;","img":{"alt_text":"","src":"https:\/\/i0.wp.com\/www.ufukonen.com\/tr\/wp-content\/uploads\/2019_DAW_Anketi_1280x853_rfs.jpg?resize=350%2C200&ssl=1","width":350,"height":200},"classes":[]},{"id":7109,"url":"https:\/\/www.ufukonen.com\/tr\/2021-daw-anketi-sonuclari.html","url_meta":{"origin":3575,"position":1},"title":"2021 DAW Anketi Sonu\u00e7lar\u0131","date":"January 10, 2022","format":false,"excerpt":"Bu y\u0131l alt\u0131nc\u0131s\u0131n\u0131 d\u00fczenledi\u011fim DAW anketinin sonu\u00e7lar\u0131 belli oldu! 15 Kas\u0131m 2021 ile 5 Ocak 2022 tarihleri aras\u0131nda a\u00e7\u0131k kalan 2021 DAW anketine 1579 ki\u015fi kat\u0131ld\u0131. Bu sene ankete yeni eklenen sorular da vard\u0131. Sonu\u00e7lar\u0131 a\u015fa\u011f\u0131da detayl\u0131 bir \u015fekilde sizlere aktaraca\u011f\u0131m. Ondan \u00f6nce, e\u011fer incelemek isterseniz ge\u00e7mi\u015f y\u0131llar\u0131n anket sonu\u00e7lar\u0131na\u2026","rel":"","context":"In &quot;Ses ve M\u00fczik Teknolojileri&quot;","img":{"alt_text":"","src":"https:\/\/i0.wp.com\/www.ufukonen.com\/tr\/wp-content\/uploads\/2021_DAW_Anketi.jpg?resize=350%2C200&ssl=1","width":350,"height":200},"classes":[]},{"id":7882,"url":"https:\/\/www.ufukonen.com\/tr\/2022-daw-anketi-sonuclari.html","url_meta":{"origin":3575,"position":2},"title":"2022 DAW Anketi Sonu\u00e7lar\u0131","date":"January 9, 2023","format":false,"excerpt":"Bu y\u0131l yedincisini d\u00fczenledi\u011fim DAW anketinin sonu\u00e7lar\u0131 belli oldu! 7 Kas\u0131m 2022 ile 4 Ocak 2023 tarihleri aras\u0131nda a\u00e7\u0131k kalan 2022 DAW anketine 1271 ki\u015fi kat\u0131ld\u0131. Bu sene ankete yeni eklenen bir kategori vard\u0131: Post-prod\u00fcksiyon (g\u00f6r\u00fcnt\u00fcl\u00fc medya i\u00e7in ses). Ge\u00e7ti\u011fimiz y\u0131llarda anketimiz \u015fu soruyla a\u00e7\u0131l\u0131yordu: \u201cM\u00fczik ve ses teknolojileri ile\u2026","rel":"","context":"In &quot;Ses ve M\u00fczik Teknolojileri&quot;","img":{"alt_text":"","src":"https:\/\/i0.wp.com\/www.ufukonen.com\/tr\/wp-content\/uploads\/2022_DAW_Anketi.jpg?resize=350%2C200&ssl=1","width":350,"height":200},"classes":[]},{"id":5363,"url":"https:\/\/www.ufukonen.com\/tr\/2019-daw-anketi-sonuclari.html","url_meta":{"origin":3575,"position":3},"title":"2019 DAW Anketi Sonu\u00e7lar\u0131","date":"January 6, 2020","format":false,"excerpt":"2019 DAW anketinin sonu\u00e7lar\u0131 belli oldu. Bu y\u0131l d\u00f6rd\u00fcnc\u00fcs\u00fcn\u00fc d\u00fczenledi\u011fim anket\u00a011 Kas\u0131m 2019 ile 2 Ocak 2020 aras\u0131nda a\u00e7\u0131k kald\u0131. Kat\u0131l\u0131m \u00f6nceki y\u0131llara g\u00f6re daha fazla oldu.\u00a02016'da 1112 ki\u015fi, 2017'de 1009 ki\u015fi, 2018'de ise 1186 ki\u015fi kat\u0131lm\u0131\u015ft\u0131. Bu y\u0131l kat\u0131lan ki\u015fi say\u0131s\u0131 1524 oldu!\u00a0 Eski anketlerin sonu\u00e7lar\u0131na \u015fu linklerden ula\u015fabilirsiniz:\u2026","rel":"","context":"In &quot;Ses ve M\u00fczik Teknolojileri&quot;","img":{"alt_text":"","src":"https:\/\/i0.wp.com\/www.ufukonen.com\/tr\/wp-content\/uploads\/2019_DAW_Anketi_1280x853_rfs.jpg?resize=350%2C200&ssl=1","width":350,"height":200},"classes":[]},{"id":8431,"url":"https:\/\/www.ufukonen.com\/tr\/2024-daw-anketi-sonuclari.html","url_meta":{"origin":3575,"position":4},"title":"2024 DAW Anketi Sonu\u00e7lar\u0131","date":"January 20, 2025","format":false,"excerpt":"Bu y\u0131l dokuzuncusunu d\u00fczenledi\u011fim DAW anketinin sonu\u00e7lar\u0131 belli oldu! 18 Kas\u0131m 2024 ile 16 Ocak 2025 tarihleri aras\u0131nda a\u00e7\u0131k kalan 2024 DAW anketine 1247 ki\u015fi kat\u0131ld\u0131. 2024 anketinin sonu\u00e7lar\u0131 \u00f6nceki anketlerin sonu\u00e7lar\u0131na g\u00f6re daha farkl\u0131 (ve bence olduk\u00e7a da ilgin\u00e7)! Anketin sonu\u00e7lar\u0131n\u0131 detayl\u0131 bir \u015fekilde aktaraca\u011f\u0131m ve d\u00fc\u015f\u00fcncelerimi sizlerle payla\u015faca\u011f\u0131m.\u2026","rel":"","context":"In &quot;M\u00fczik Prod\u00fcksiyonu&quot;","img":{"alt_text":"","src":"https:\/\/i0.wp.com\/www.ufukonen.com\/tr\/wp-content\/uploads\/2024_DAW_Anketi_Sonuclari.jpg?resize=350%2C200&ssl=1","width":350,"height":200},"classes":[]},{"id":8657,"url":"https:\/\/www.ufukonen.com\/tr\/2025-daw-anketi-sonuclari.html","url_meta":{"origin":3575,"position":5},"title":"2025 DAW Anketi Sonu\u00e7lar\u0131","date":"February 5, 2026","format":false,"excerpt":"Onuncusunu d\u00fczenledi\u011fim DAW anketinin sonu\u00e7lar\u0131 belli oldu! 23 Kas\u0131m 2025 ile 18 Ocak 2026 tarihleri aras\u0131nda a\u00e7\u0131k kalan 2025 DAW anketine 1266 ki\u015fi kat\u0131ld\u0131. 2025 anketinin sonu\u00e7lar\u0131n\u0131 detayl\u0131 bir \u015fekilde aktaraca\u011f\u0131m ve d\u00fc\u015f\u00fcncelerimi sizlerle payla\u015faca\u011f\u0131m. Ondan \u00f6nce, e\u011fer incelemek isterseniz, ge\u00e7mi\u015f y\u0131llar\u0131n anket sonu\u00e7lar\u0131na a\u015fa\u011f\u0131daki linklerden ula\u015fabilirsiniz: 2024 DAW Anketi\u2026","rel":"","context":"In &quot;M\u00fczik Prod\u00fcksiyonu&quot;","img":{"alt_text":"","src":"https:\/\/i0.wp.com\/www.ufukonen.com\/tr\/wp-content\/uploads\/2025_DAW_Anketi_Sonuclar.jpg?resize=350%2C200&ssl=1","width":350,"height":200},"classes":[]}],"_links":{"self":[{"href":"https:\/\/www.ufukonen.com\/tr\/wp-json\/wp\/v2\/posts\/3575"}],"collection":[{"href":"https:\/\/www.ufukonen.com\/tr\/wp-json\/wp\/v2\/posts"}],"about":[{"href":"https:\/\/www.ufukonen.com\/tr\/wp-json\/wp\/v2\/types\/post"}],"author":[{"embeddable":true,"href":"https:\/\/www.ufukonen.com\/tr\/wp-json\/wp\/v2\/users\/2"}],"replies":[{"embeddable":true,"href":"https:\/\/www.ufukonen.com\/tr\/wp-json\/wp\/v2\/comments?post=3575"}],"version-history":[{"count":27,"href":"https:\/\/www.ufukonen.com\/tr\/wp-json\/wp\/v2\/posts\/3575\/revisions"}],"predecessor-version":[{"id":3606,"href":"https:\/\/www.ufukonen.com\/tr\/wp-json\/wp\/v2\/posts\/3575\/revisions\/3606"}],"wp:featuredmedia":[{"embeddable":true,"href":"https:\/\/www.ufukonen.com\/tr\/wp-json\/wp\/v2\/media\/3534"}],"wp:attachment":[{"href":"https:\/\/www.ufukonen.com\/tr\/wp-json\/wp\/v2\/media?parent=3575"}],"wp:term":[{"taxonomy":"category","embeddable":true,"href":"https:\/\/www.ufukonen.com\/tr\/wp-json\/wp\/v2\/categories?post=3575"},{"taxonomy":"post_tag","embeddable":true,"href":"https:\/\/www.ufukonen.com\/tr\/wp-json\/wp\/v2\/tags?post=3575"}],"curies":[{"name":"wp","href":"https:\/\/api.w.org\/{rel}","templated":true}]}}