{"id":3609,"date":"2018-01-08T01:00:40","date_gmt":"2018-01-07T22:00:40","guid":{"rendered":"http:\/\/www.ufukonen.com\/tr\/?p=3609"},"modified":"2018-01-05T18:57:25","modified_gmt":"2018-01-05T15:57:25","slug":"gated-reverb","status":"publish","type":"post","link":"https:\/\/www.ufukonen.com\/tr\/gated-reverb.html","title":{"rendered":"Gated Reverb: Yanl\u0131\u015fl\u0131kla Bulunan ve 80&#8217;lere Damgas\u0131n\u0131 Vuran Efekt!"},"content":{"rendered":"<p><img loading=\"lazy\" class=\"aligncenter wp-image-3612\" src=\"http:\/\/www.ufukonen.com\/tr\/wp-content\/uploads\/Gated_Reverb_1280x720-1024x576.jpg\" alt=\"\" width=\"575\" height=\"323\" srcset=\"https:\/\/www.ufukonen.com\/tr\/wp-content\/uploads\/Gated_Reverb_1280x720-1024x576.jpg 1024w, https:\/\/www.ufukonen.com\/tr\/wp-content\/uploads\/Gated_Reverb_1280x720-300x169.jpg 300w, https:\/\/www.ufukonen.com\/tr\/wp-content\/uploads\/Gated_Reverb_1280x720-768x432.jpg 768w, https:\/\/www.ufukonen.com\/tr\/wp-content\/uploads\/Gated_Reverb_1280x720.jpg 1280w\" sizes=\"(max-width: 575px) 100vw, 575px\" \/><\/p>\n<p>Gated reverb, 80&#8217;lerde yap\u0131lm\u0131\u015f y\u00fczlerce hatta binlerce hit ve pop\u00fcler par\u00e7an\u0131n drum sound&#8217;unda kullan\u0131lm\u0131\u015f, o d\u00f6neme adeta damgas\u0131n\u0131 vurmu\u015f bir efekttir. 80&#8217;lerde &#8220;olmazsa olmaz&#8221; durumdayken 90&#8217;lara geldi\u011fimizde bir anda ortadan kaybolmu\u015ftu.<\/p>\n<p>Bir\u00e7ok \u015feyde oldu\u011fu gibi gated reverb de y\u0131llar sonra geri d\u00f6n\u00fc\u015f yapt\u0131 ve g\u00fcn\u00fcm\u00fcz\u00fcn pop\u00fcler par\u00e7alar\u0131nda kullan\u0131lmaya ba\u015flad\u0131. \u00d6rneklerine son y\u0131llarda \u00e7\u0131kan &#8220;I Wish You Would&#8221; (Taylor Swift), &#8220;Don&#8217;t Take the Money&#8221; (Bleachers) ve &#8220;Supercut&#8221; (Lorde) gibi par\u00e7alarda denk gelebilirsiniz.<\/p>\n<p>Peki, gated reverb efektinin yanl\u0131\u015fl\u0131kla bulundu\u011funu biliyor muydunuz?<\/p>\n<p>Hugh Padgham, 1979 y\u0131l\u0131nda \u0130ngiltere&#8217;deki Townhouse st\u00fcdyolar\u0131nda Peter Gabriel&#8217;\u0131n \u00fc\u00e7\u00fcnc\u00fc solo alb\u00fcm\u00fcn\u00fc kaydederken kontrol odas\u0131ndan cam\u0131n di\u011fer taraf\u0131ndaki m\u00fczisyenlerle konu\u015fmak i\u00e7in SSL 4000 kay\u0131t mikseri \u00fczerindeki &#8220;Listen mic&#8221; \u00f6zelli\u011fini kullan\u0131yormu\u015f. Listen Mic, konu\u015fmalar\u0131n daha rahat anla\u015f\u0131labilmesi i\u00e7in \u00fczerinde kompres\u00f6r ve gate bulunan bir talkback sistemi. Talkback sistemi a\u00e7\u0131kken Phil Collins davulu \u00e7almaya ba\u015flay\u0131nca gated reverb davul sound&#8217;u ke\u015ffedilmi\u015f olmu\u015f.<\/p>\n<p><img loading=\"lazy\" class=\"aligncenter size-medium wp-image-3614\" src=\"http:\/\/www.ufukonen.com\/tr\/wp-content\/uploads\/Peter_Gabriel_Melt-300x300.jpg\" alt=\"\" width=\"300\" height=\"300\" srcset=\"https:\/\/www.ufukonen.com\/tr\/wp-content\/uploads\/Peter_Gabriel_Melt-300x300.jpg 300w, https:\/\/www.ufukonen.com\/tr\/wp-content\/uploads\/Peter_Gabriel_Melt-150x150.jpg 150w, https:\/\/www.ufukonen.com\/tr\/wp-content\/uploads\/Peter_Gabriel_Melt-768x768.jpg 768w, https:\/\/www.ufukonen.com\/tr\/wp-content\/uploads\/Peter_Gabriel_Melt.jpg 920w\" sizes=\"(max-width: 300px) 100vw, 300px\" \/><\/p>\n<p>&nbsp;<\/p>\n<p>Gated reverb daha sonra Phil Collins&#8217;in 1981&#8217;de \u00e7\u0131kan &#8220;In the Air Tonight&#8221; adl\u0131 par\u00e7as\u0131n\u0131n pop\u00fclerli\u011fi sayesinde 80&#8217;lerin sound&#8217;unu \u015fekillendiren bir efekt haline gelmi\u015f.<\/p>\n<p><img loading=\"lazy\" class=\"aligncenter size-full wp-image-3615\" src=\"http:\/\/www.ufukonen.com\/tr\/wp-content\/uploads\/Phil_Collins_In_the_Air_Tonight.jpg\" alt=\"\" width=\"300\" height=\"300\" srcset=\"https:\/\/www.ufukonen.com\/tr\/wp-content\/uploads\/Phil_Collins_In_the_Air_Tonight.jpg 300w, https:\/\/www.ufukonen.com\/tr\/wp-content\/uploads\/Phil_Collins_In_the_Air_Tonight-150x150.jpg 150w\" sizes=\"(max-width: 300px) 100vw, 300px\" \/><\/p>\n<p>&nbsp;<\/p>\n<p>Vox taraf\u0131ndan haz\u0131rlanan a\u015fa\u011f\u0131daki muhte\u015fem videoda gated reverb efektinin k\u0131sa bir tarih\u00e7esini ve 80&#8217;ler sound&#8217;unu nas\u0131l etkilendi\u011fini bulabilirsiniz.<\/p>\n<p><span class=\"embed-youtube\" style=\"text-align:center; display: block;\"><iframe loading=\"lazy\" class=\"youtube-player\" width=\"700\" height=\"394\" src=\"https:\/\/www.youtube.com\/embed\/Bxz6jShW-3E?version=3&#038;rel=1&#038;showsearch=0&#038;showinfo=1&#038;iv_load_policy=1&#038;fs=1&#038;hl=en-US&#038;autohide=2&#038;wmode=transparent\" allowfullscreen=\"true\" style=\"border:0;\" sandbox=\"allow-scripts allow-same-origin allow-popups allow-presentation\"><\/iframe><\/span><\/p>\n<p>&nbsp;<\/p>\n<p>Teknik terimler i\u00e7in <a href=\"http:\/\/www.ufukonen.com\/tr\/ses-kayit-muzik-teknolojisi-terimler-sozluk.html\">m\u00fczik teknolojisi, m\u00fczik prod\u00fcksiyonu ve ses kay\u0131t terimleri s\u00f6zl\u00fc\u011f\u00fcne<\/a> g\u00f6z atabilirsiniz.<\/p>\n<p>Benzer payla\u015f\u0131mlar i\u00e7in beni <a href=\"https:\/\/www.facebook.com\/ufukonen.skmt\/\" target=\"_blank\" rel=\"noopener\">Facebook<\/a> ve <a href=\"https:\/\/twitter.com\/UfukOnen\" target=\"_blank\" rel=\"noopener\">Twitter<\/a>&#8216;da takip edebilir, haberler i\u00e7in <a href=\"http:\/\/ufukonen.com\/tr\/ses-kayit-muzik-teknolojisi-terimler-sozluk.html\" target=\"_blank\" rel=\"noopener\">mesaj listeme \u00fcye olabilirsiniz<\/a>. Te\u015fekk\u00fcrler.<\/p>\n<p>\u00a9 2018 Ufuk \u00d6nen. Her hakk\u0131 sakl\u0131d\u0131r. \u0130zinsiz kullan\u0131lamaz.<\/p>\n","protected":false},"excerpt":{"rendered":"<p class=\"post-excerpt\">Gated reverb, 80&#8217;lerde yap\u0131lm\u0131\u015f y\u00fczlerce hatta binlerce hit ve pop\u00fcler par\u00e7an\u0131n drum sound&#8217;unda kullan\u0131lm\u0131\u015f, o d\u00f6neme adeta damgas\u0131n\u0131 vurmu\u015f bir&#8230;<\/p>\n","protected":false},"author":2,"featured_media":3612,"comment_status":"closed","ping_status":"open","sticky":false,"template":"","format":"standard","meta":{"_mi_skip_tracking":false,"spay_email":"","jetpack_publicize_message":"","jetpack_is_tweetstorm":false,"jetpack_publicize_feature_enabled":true},"categories":[16],"tags":[],"jetpack_featured_media_url":"https:\/\/www.ufukonen.com\/tr\/wp-content\/uploads\/Gated_Reverb_1280x720.jpg","jetpack_publicize_connections":[],"jetpack_shortlink":"https:\/\/wp.me\/p3rjsG-Wd","jetpack_sharing_enabled":true,"jetpack-related-posts":[{"id":4913,"url":"https:\/\/www.ufukonen.com\/tr\/reverb-delay-birlikte-kullanirken.html","url_meta":{"origin":3609,"position":0},"title":"Reverb ve Delay Efektlerini Birlikte Kullan\u0131rken&#8230;","date":"July 15, 2019","format":false,"excerpt":"Reverb ve delay, m\u00fczik prod\u00fcksiyonunda s\u00fcrekli kulland\u0131\u011f\u0131m\u0131z iki efekt. Yerine g\u00f6re, baz\u0131 enstr\u00fcmanlar i\u00e7in sadece reverb, baz\u0131 enstr\u00fcmanlar i\u00e7in sadece delay, di\u011ferleri i\u00e7in ise ayn\u0131 anda hem reverb hem de delay kullan\u0131yoruz. Reverb ve delay'i birlikte kullan\u0131rken tercih etti\u011fimiz sinyal ak\u0131\u015f\u0131n\u0131n ald\u0131\u011f\u0131m\u0131z sonu\u00e7 \u00fczerinde bir etkisi oluyor. Bu etki bazen\u2026","rel":"","context":"In &quot;M\u00fczik Prod\u00fcksiyonu&quot;","img":{"alt_text":"","src":"https:\/\/i0.wp.com\/www.ufukonen.com\/tr\/wp-content\/uploads\/Reverb_Delay_Birlikte_Kullanirken_1280x720.jpg?resize=350%2C200&ssl=1","width":350,"height":200},"classes":[]},{"id":4452,"url":"https:\/\/www.ufukonen.com\/tr\/2018i-kapatirken.html","url_meta":{"origin":3609,"position":1},"title":"2018&#8217;i Kapat\u0131rken&#8230;","date":"December 31, 2018","format":false,"excerpt":"2018'i kapat\u0131rken bir yandan y\u0131l i\u00e7indeki projelerin ve geli\u015fmelerin bir \u00f6zetini sizlerle payla\u015fmak, di\u011fer yandan da yeni y\u0131l\u0131n\u0131z\u0131 kutlamak istedim. \u00d6ncelikle, blog yaz\u0131lar\u0131ma g\u00f6sterdi\u011finiz ilgiden dolay\u0131 \u00e7ok te\u015fekk\u00fcr ederim! 2012 y\u0131l\u0131nda bu adreste ara s\u0131ra yaz\u0131lar payla\u015fmaya ba\u015flam\u0131\u015ft\u0131m. 2017 Temmuz ay\u0131ndan bu yana ise her Pazartesi ses ve m\u00fczik teknolojileri\u2026","rel":"","context":"In &quot;Ders &amp; Workshop&quot;","img":{"alt_text":"","src":"https:\/\/i0.wp.com\/www.ufukonen.com\/tr\/wp-content\/uploads\/2018_Kapatirken_1280x720.jpg?resize=350%2C200&ssl=1","width":350,"height":200},"classes":[]},{"id":4583,"url":"https:\/\/www.ufukonen.com\/tr\/ters-reverb-efekti.html","url_meta":{"origin":3609,"position":2},"title":"Ters Reverb Efekti","date":"February 25, 2019","format":false,"excerpt":"Ters (reverse) reverb efektini san\u0131r\u0131m herkes duymu\u015ftur. Y\u0131llardan beri ba\u015fta vokal olmak \u00fczere bir\u00e7ok seste, enstr\u00fcmanda kullan\u0131l\u0131r. Bu efekt a\u015f\u0131r\u0131 kullan\u0131lm\u0131\u015f olsa da bir\u00e7ok insan h\u00e2l\u00e2 \u00e7ok sever. Buna ben de dahilim! \"Ters reverb efektini nas\u0131l elde edebiliriz\" diye bazen soranlar oluyor. Eskiden, analog bantlarla \u00e7al\u0131\u015ft\u0131\u011f\u0131m\u0131z d\u00f6nemde, bu efekti yapmak\u2026","rel":"","context":"In &quot;M\u00fczik Prod\u00fcksiyonu&quot;","img":{"alt_text":"","src":"https:\/\/i0.wp.com\/www.ufukonen.com\/tr\/wp-content\/uploads\/Ters_Reverb_Efekti_Header.jpg?resize=350%2C200&ssl=1","width":350,"height":200},"classes":[]},{"id":5216,"url":"https:\/\/www.ufukonen.com\/tr\/convolution-reverb-onerileri.html","url_meta":{"origin":3609,"position":3},"title":"Convolution Reverb Plug-in \u00d6nerileri","date":"November 25, 2019","format":false,"excerpt":"\u0130lk yay\u0131n tarihi 25 Kas\u0131m 2019 olan bu yaz\u0131 29 Mart 2021 tarihinde g\u00fcncellenmi\u015ftir. Bu yaz\u0131mda be\u011fendi\u011fim ve kulland\u0131\u011f\u0131m convolution reverb plug-in'lerini sizlerle payla\u015fmak istiyorum. Altiverb (Audio Ease) Convolution reverb dedi\u011fimizde benim akl\u0131ma gelen ilk isimlerden biri Audio Ease firmas\u0131 taraf\u0131ndan geli\u015ftirilen Altiverb. Audio Ease, 2000'li y\u0131llar\u0131n ba\u015f\u0131ndan beri d\u00fcnyan\u0131n\u2026","rel":"","context":"In &quot;Ses ve M\u00fczik Teknolojileri&quot;","img":{"alt_text":"","src":"https:\/\/i0.wp.com\/www.ufukonen.com\/tr\/wp-content\/uploads\/Convolution_Reverb_Plugin_Onerileri_720.jpg?resize=350%2C200&ssl=1","width":350,"height":200},"classes":[]},{"id":3637,"url":"https:\/\/www.ufukonen.com\/tr\/muzik-produksiyonlarinda-reverb-kullanimi.html","url_meta":{"origin":3609,"position":4},"title":"M\u00fczik Prod\u00fcksiyonlar\u0131nda Reverb Kullan\u0131m\u0131","date":"January 22, 2018","format":false,"excerpt":"\u00a0 M\u00fczik prod\u00fcksiyonlarda reverb kullan\u0131m\u0131n\u0131 be\u015f farkl\u0131 ama\u00e7 alt\u0131nda ele alabiliriz. \u00a0 1- Kay\u0131tl\u0131 sesi belirli bir akustik ortamdaym\u0131\u015f gibi duyurmak amac\u0131yla. Kay\u0131t yaparken enstr\u00fcman\u0131n veya ses kayna\u011f\u0131n\u0131n bulundu\u011fu mekan\u0131n akusti\u011fi yeteri kadar iyi olmayabilir veya akustik, hedeflenen ses i\u00e7in uygun olmayabilir. Bu sebeplerden dolay\u0131 miks s\u0131ras\u0131nda mekan akusti\u011fi, reverb\u2026","rel":"","context":"In &quot;M\u00fczik Prod\u00fcksiyonu&quot;","img":{"alt_text":"","src":"https:\/\/i0.wp.com\/www.ufukonen.com\/tr\/wp-content\/uploads\/Muzik_Produksiyonlarinda_Reverb.jpg?resize=350%2C200&ssl=1","width":350,"height":200},"classes":[]},{"id":6435,"url":"https:\/\/www.ufukonen.com\/tr\/cift-reverb-kullanimi.html","url_meta":{"origin":3609,"position":5},"title":"\u00c7ift Reverb Kullan\u0131m\u0131: Bir T\u00fcyo","date":"March 8, 2021","format":false,"excerpt":"Bu yaz\u0131mda sizlerle \u00e7ift reverb kullan\u0131m\u0131 ile ilgili bir t\u00fcyo payla\u015fmak istiyorum. Bu, daha \u00e7ok hem d\u00fczenleme hem de tempo a\u00e7\u0131s\u0131ndan bo\u015f alan bulunan par\u00e7alarda kullan\u0131labilecek bir t\u00fcyo. Herhangi bir sese stereo reverb ekledi\u011fimizde geni\u015f bir etki elde ediyoruz. A\u015fa\u011f\u0131daki \u00f6rnekte trampete Pro Tools'un stok plug-in'i D-Verb ile reverb ekledim.\u2026","rel":"","context":"In &quot;M\u00fczik Prod\u00fcksiyonu&quot;","img":{"alt_text":"","src":"https:\/\/i0.wp.com\/www.ufukonen.com\/tr\/wp-content\/uploads\/Cift_Reverb_Kullanimi_Bir_Tuyo_00_Header.jpg?resize=350%2C200&ssl=1","width":350,"height":200},"classes":[]}],"_links":{"self":[{"href":"https:\/\/www.ufukonen.com\/tr\/wp-json\/wp\/v2\/posts\/3609"}],"collection":[{"href":"https:\/\/www.ufukonen.com\/tr\/wp-json\/wp\/v2\/posts"}],"about":[{"href":"https:\/\/www.ufukonen.com\/tr\/wp-json\/wp\/v2\/types\/post"}],"author":[{"embeddable":true,"href":"https:\/\/www.ufukonen.com\/tr\/wp-json\/wp\/v2\/users\/2"}],"replies":[{"embeddable":true,"href":"https:\/\/www.ufukonen.com\/tr\/wp-json\/wp\/v2\/comments?post=3609"}],"version-history":[{"count":5,"href":"https:\/\/www.ufukonen.com\/tr\/wp-json\/wp\/v2\/posts\/3609\/revisions"}],"predecessor-version":[{"id":3617,"href":"https:\/\/www.ufukonen.com\/tr\/wp-json\/wp\/v2\/posts\/3609\/revisions\/3617"}],"wp:featuredmedia":[{"embeddable":true,"href":"https:\/\/www.ufukonen.com\/tr\/wp-json\/wp\/v2\/media\/3612"}],"wp:attachment":[{"href":"https:\/\/www.ufukonen.com\/tr\/wp-json\/wp\/v2\/media?parent=3609"}],"wp:term":[{"taxonomy":"category","embeddable":true,"href":"https:\/\/www.ufukonen.com\/tr\/wp-json\/wp\/v2\/categories?post=3609"},{"taxonomy":"post_tag","embeddable":true,"href":"https:\/\/www.ufukonen.com\/tr\/wp-json\/wp\/v2\/tags?post=3609"}],"curies":[{"name":"wp","href":"https:\/\/api.w.org\/{rel}","templated":true}]}}