{"id":3637,"date":"2018-01-22T01:00:22","date_gmt":"2018-01-21T22:00:22","guid":{"rendered":"http:\/\/www.ufukonen.com\/tr\/?p=3637"},"modified":"2018-01-13T23:26:33","modified_gmt":"2018-01-13T20:26:33","slug":"muzik-produksiyonlarinda-reverb-kullanimi","status":"publish","type":"post","link":"https:\/\/www.ufukonen.com\/tr\/muzik-produksiyonlarinda-reverb-kullanimi.html","title":{"rendered":"M\u00fczik Prod\u00fcksiyonlar\u0131nda Reverb Kullan\u0131m\u0131"},"content":{"rendered":"<p><img loading=\"lazy\" class=\"aligncenter wp-image-3647\" src=\"http:\/\/www.ufukonen.com\/tr\/wp-content\/uploads\/Muzik_Produksiyonlarinda_Reverb-1024x576.jpg\" alt=\"\" width=\"575\" height=\"323\" srcset=\"https:\/\/www.ufukonen.com\/tr\/wp-content\/uploads\/Muzik_Produksiyonlarinda_Reverb-1024x576.jpg 1024w, https:\/\/www.ufukonen.com\/tr\/wp-content\/uploads\/Muzik_Produksiyonlarinda_Reverb-300x169.jpg 300w, https:\/\/www.ufukonen.com\/tr\/wp-content\/uploads\/Muzik_Produksiyonlarinda_Reverb-768x432.jpg 768w, https:\/\/www.ufukonen.com\/tr\/wp-content\/uploads\/Muzik_Produksiyonlarinda_Reverb.jpg 1920w\" sizes=\"(max-width: 575px) 100vw, 575px\" \/><\/p>\n<p>&nbsp;<\/p>\n<p>M\u00fczik prod\u00fcksiyonlarda reverb kullan\u0131m\u0131n\u0131 be\u015f farkl\u0131 ama\u00e7 alt\u0131nda ele alabiliriz.<\/p>\n<p>&nbsp;<\/p>\n<h3>1- Kay\u0131tl\u0131 sesi belirli bir akustik ortamdaym\u0131\u015f gibi duyurmak amac\u0131yla.<\/h3>\n<p>Kay\u0131t yaparken enstr\u00fcman\u0131n veya ses kayna\u011f\u0131n\u0131n bulundu\u011fu mekan\u0131n akusti\u011fi yeteri kadar iyi olmayabilir veya akustik, hedeflenen ses i\u00e7in uygun olmayabilir. Bu sebeplerden dolay\u0131 miks s\u0131ras\u0131nda mekan akusti\u011fi, reverb kullan\u0131larak kay\u0131tl\u0131 sesin \u00fczerine eklenir.<\/p>\n<p>&nbsp;<\/p>\n<h3>2- Birden fazla farkl\u0131 sesi ayn\u0131 akustik ortamdaym\u0131\u015f gibi duyurmak amac\u0131yla.<\/h3>\n<p>Miks s\u0131ras\u0131nda bazen farkl\u0131 seslerin ayn\u0131 odan\u0131n i\u00e7inde ve yan yanaym\u0131\u015f gibi duyulmas\u0131 isteriz. Bunu elde etmek i\u00e7in kullan\u0131lan tekniklerden biri bu enstr\u00fcmanlar\u0131 &#8216;send&#8217; yoluyla ayn\u0131 reverb \u00fcnitesine g\u00f6ndermektir. Bu konu ile ilgili olarak &#8220;<a href=\"http:\/\/www.ufukonen.com\/tr\/plug-inlerin-insert-ve-send-olarak-kullanimlari.html\" target=\"_blank\" rel=\"noopener\">Plug-in\u2019lerin \u2018Insert\u2019 ve \u2018Send\u2019 Olarak Kullan\u0131mlar\u0131<\/a>&#8221; ba\u015fl\u0131kl\u0131 yaz\u0131m\u0131 okuyabilirsiniz.<\/p>\n<p>&nbsp;<\/p>\n<h3>3- Sese renk katmak, sesi ilgi \u00e7ekici hale getirmek amac\u0131yla.<\/h3>\n<p>Derinlik ve ambiyans i\u00e7in reverb kullan\u0131rken s\u0131k\u00e7a yap\u0131lan yanl\u0131\u015flardan biri reverb\u2019\u00fc gerekti\u011finden fazla miktarda duyurmaya \u00e7al\u0131\u015fmak ve bunu yaparken de reverb\u2019\u00fcn s\u00fcresini uzatmak ve seviyesini art\u0131rmakt\u0131r. E\u011fer reverb\u2019\u00fc ilgi \u00e7eken bir \u015fekilde de\u011fil de sadece derinlik ve ambiyans ama\u00e7l\u0131 olarak kullan\u0131yorsan\u0131z bu durumda reverb\u2019\u00fc duyurmaktan \u00e7ok dinleyiciye hissettirmeniz laz\u0131m; ba\u015fka bir deyi\u015fle reverb varken varl\u0131\u011f\u0131 belli olmayacak fakat kapatt\u0131\u011f\u0131n\u0131zda yoklu\u011fu belli olacak \u015fekilde kullan\u0131lmal\u0131d\u0131r. Di\u011fer yandan, reverb&#8217;\u00fc derinlik ve ambiyans i\u00e7in de\u011fil de sese renk katmak ya da sesi ilgi \u00e7ekici hale getirmek i\u00e7in de kullanmak m\u00fcmk\u00fcnd\u00fcr. B\u00f6yle bir kullan\u0131mda efekti kula\u011f\u0131n\u0131za iyi gelen ve dinleyicinin ilgisini \u00e7ekecek herhangi bir \u015fekilde kullanabilirsiniz.<\/p>\n<p>&nbsp;<\/p>\n<h3>4- Sesi daha geni\u015f ya da oldu\u011fundan daha b\u00fcy\u00fck duyurmak amac\u0131yla.<\/h3>\n<p>Bir enstr\u00fcman\u0131 veya sesi daha geni\u015f ya da oldu\u011fundan daha b\u00fcy\u00fck duyurmak i\u00e7in k\u0131sa reverb kullanmal\u0131s\u0131n\u0131z. Genelde 1 saniye (1000 milisaniye) alt\u0131ndaki reverb programlar\u0131 bu i\u015f i\u00e7in idealdir. \u00d6rnek olarak bir enstr\u00fcman\u0131 biraz sa\u011fa yat\u0131r\u0131p, k\u0131sa bir reverb\u2019e g\u00f6nderip reverb\u2019\u00fcn d\u00f6n\u00fc\u015f\u00fcn\u00fc de biraz sola yat\u0131rabilirsiniz.<\/p>\n<p>&nbsp;<\/p>\n<h3>5- Sesleri yak\u0131nla\u015ft\u0131rmak veya uzakla\u015ft\u0131rmak amac\u0131yla.<\/h3>\n<p>1 saniye \u00fczerindeki uzun reverb programlar\u0131 sesi uzakla\u015ft\u0131r\u0131r. Farkl\u0131 uzunlukta reverb programlar\u0131 kullanarak mikste enstr\u00fcmanlar\u0131 derinlik (uzakl\u0131k &#8211; yak\u0131nl\u0131k) olarak farkl\u0131 noktalara yerle\u015ftirmek m\u00fcmk\u00fcnd\u00fcr. \u00d6rnek olarak mikste trampeti gitar\u0131n \u00f6n\u00fcne yerle\u015ftirmek i\u00e7in trampeti kuru b\u0131rak\u0131p ya da k\u0131sa bir reverb kullan\u0131p, gitarda daha y\u00fcksek seviyeli ve daha uzun decay s\u00fcresine sahip bir reverb kullanabiliriz. E\u011fer tam tersine gitar\u0131 \u00f6ne \u00e7\u0131kartmak istersek bu durumda gitar\u0131 kuru b\u0131rak\u0131p ya da k\u0131sa bir reverb kullan\u0131p, trampette seviye olarak y\u00fcksek, uzun bir reverb kullanabiliriz.<\/p>\n<p>&nbsp;<\/p>\n<p>Teknik terimler i\u00e7in <a href=\"http:\/\/www.ufukonen.com\/tr\/ses-kayit-muzik-teknolojisi-terimler-sozluk.html\">m\u00fczik teknolojisi, m\u00fczik prod\u00fcksiyonu ve ses kay\u0131t terimleri s\u00f6zl\u00fc\u011f\u00fcne<\/a> g\u00f6z atabilirsiniz.<\/p>\n<p>Benzer payla\u015f\u0131mlar i\u00e7in beni <a href=\"https:\/\/www.facebook.com\/ufukonen.skmt\/\" target=\"_blank\" rel=\"noopener\">Facebook<\/a> ve <a href=\"https:\/\/twitter.com\/UfukOnen\" target=\"_blank\" rel=\"noopener\">Twitter<\/a>&#8216;da takip edebilir, haberler i\u00e7in <a href=\"http:\/\/ufukonen.com\/tr\/ses-kayit-muzik-teknolojisi-terimler-sozluk.html\" target=\"_blank\" rel=\"noopener\">mesaj listeme \u00fcye olabilirsiniz<\/a>. Te\u015fekk\u00fcrler.<\/p>\n<p>Ba\u015fl\u0131k foto\u011fraf\u0131:\u00a0<a href=\"https:\/\/unsplash.com\/photos\/xxgkYSD-ekE?utm_source=unsplash&amp;utm_medium=referral&amp;utm_content=creditCopyText\" target=\"_blank\" rel=\"noopener\">John Hult<\/a> | <a href=\"https:\/\/unsplash.com\" target=\"_blank\" rel=\"noopener\">Unsplash<\/a><\/p>\n<p>\u00a9 2018 Ufuk \u00d6nen. Her hakk\u0131 sakl\u0131d\u0131r. \u0130zinsiz kullan\u0131lamaz.<\/p>\n","protected":false},"excerpt":{"rendered":"<p class=\"post-excerpt\">&nbsp; M\u00fczik prod\u00fcksiyonlarda reverb kullan\u0131m\u0131n\u0131 be\u015f farkl\u0131 ama\u00e7 alt\u0131nda ele alabiliriz. &nbsp; 1- Kay\u0131tl\u0131 sesi belirli bir akustik ortamdaym\u0131\u015f gibi&#8230;<\/p>\n","protected":false},"author":2,"featured_media":3647,"comment_status":"closed","ping_status":"open","sticky":false,"template":"","format":"standard","meta":{"_mi_skip_tracking":false,"spay_email":"","jetpack_publicize_message":"","jetpack_is_tweetstorm":false,"jetpack_publicize_feature_enabled":true},"categories":[16],"tags":[],"jetpack_featured_media_url":"https:\/\/www.ufukonen.com\/tr\/wp-content\/uploads\/Muzik_Produksiyonlarinda_Reverb.jpg","jetpack_publicize_connections":[],"jetpack_shortlink":"https:\/\/wp.me\/p3rjsG-WF","jetpack_sharing_enabled":true,"jetpack-related-posts":[{"id":2240,"url":"https:\/\/www.ufukonen.com\/tr\/mekanlarin-akustik-ozelliklerinin-sese-etkisi-video.html","url_meta":{"origin":3637,"position":0},"title":"Mekanlar\u0131n Akustik \u00d6zelliklerinin Sese Etkisi (video)","date":"December 20, 2015","format":false,"excerpt":"Reverberation (T\u00fcrk\u00e7edeki kar\u015f\u0131l\u0131\u011f\u0131 ile 'yans\u0131ma', 'yank\u0131lanma', '\u00e7\u0131nlama', 'aksetme'), hayat\u0131m\u0131zda hemen hemen her saniye kar\u015f\u0131la\u015ft\u0131\u011f\u0131m\u0131z, duydu\u011fumuz bir akustik olu\u015fumdur.\u00a0Reverberation, sesin bir mekandaki binlerce tekrar\u0131 ve rastgele olu\u015fan yans\u0131malardan meydana gelir. Akustik olarak bunu \u00fc\u00e7e b\u00f6lebiliriz: [1] sesin kendisi (ses kayna\u011f\u0131ndan do\u011frudan gelen ses dalgalar\u0131); [2] \u0130ngilizcede early reflections olarak adland\u0131r\u0131lan ilk\u2026","rel":"","context":"In &quot;Ses ve M\u00fczik Teknolojileri&quot;","img":{"alt_text":"","src":"https:\/\/i0.wp.com\/www.ufukonen.com\/tr\/wp-content\/uploads\/IETR_Lab_Rennes_Manuamador_800x533.jpg?resize=350%2C200&ssl=1","width":350,"height":200},"classes":[]},{"id":8272,"url":"https:\/\/www.ufukonen.com\/tr\/miks-referans-parca-karsilastirirken.html","url_meta":{"origin":3637,"position":1},"title":"Miksinizi Referans Par\u00e7a \u0130le Kar\u015f\u0131la\u015ft\u0131r\u0131rken Dikkat Etmeniz Gereken 4 Nokta","date":"February 5, 2024","format":false,"excerpt":"Yapt\u0131\u011f\u0131m\u0131z miksi referans ald\u0131\u011f\u0131m\u0131z bir par\u00e7a ile kar\u015f\u0131la\u015ft\u0131rmak hepimizin s\u0131kl\u0131kla uygulad\u0131\u011f\u0131 bir y\u00f6ntem. Peki, bunu yaparken nelere dikkat etmeliyiz? Bu yaz\u0131mda miksinizi referans par\u00e7a ile kar\u015f\u0131la\u015ft\u0131r\u0131rken dikkat etmeniz gereken d\u00f6rt noktay\u0131 sizlerle payla\u015fmak istiyorum. 1- Vokal Amat\u00f6r ve profesyonel miksleri birbirlerinden ay\u0131ran en belirgin farklardan biri vokalin miksteki yeridir. Amat\u00f6r\u2026","rel":"","context":"In &quot;M\u00fczik Prod\u00fcksiyonu&quot;","img":{"alt_text":"","src":"https:\/\/i0.wp.com\/www.ufukonen.com\/tr\/wp-content\/uploads\/Miks_Referans_Parca_Karsilastirirken_00_Header.jpg?resize=350%2C200&ssl=1","width":350,"height":200},"classes":[]},{"id":3759,"url":"https:\/\/www.ufukonen.com\/tr\/mikste-stereo-panorama-ile-ilgili-birkac-not-2-bolum.html","url_meta":{"origin":3637,"position":2},"title":"Mikste Stereo Panorama \u0130le \u0130lgili Birka\u00e7 Not (2. B\u00f6l\u00fcm)","date":"March 26, 2018","format":false,"excerpt":"Yaz\u0131n\u0131n ilk b\u00f6l\u00fcm\u00fcnde modern mikslerin hemen hemen hepsinde kick, trampet, bas gitar ve ana vokallerin stereo panorama i\u00e7inde orta noktaya yerle\u015ftirildi\u011fini s\u00f6ylemi\u015f daha sonra vokal ile bas gitar ve alt frekans a\u011f\u0131rl\u0131kl\u0131 enstr\u00fcmanlar hakk\u0131nda baz\u0131 g\u00f6r\u00fc\u015fler payla\u015fm\u0131\u015ft\u0131m (birinci b\u00f6l\u00fcme buraya t\u0131klayarak ula\u015fabilirsiniz). Yaz\u0131n\u0131n ikinci ve son b\u00f6l\u00fcm\u00fcnde davul, stereo \u00e7\u0131k\u0131\u015fl\u0131\u2026","rel":"","context":"In &quot;M\u00fczik Prod\u00fcksiyonu&quot;","img":{"alt_text":"","src":"https:\/\/i0.wp.com\/www.ufukonen.com\/tr\/wp-content\/uploads\/Mikste_Stereo_Panorama_02.jpg?resize=350%2C200&ssl=1","width":350,"height":200},"classes":[]},{"id":5929,"url":"https:\/\/www.ufukonen.com\/tr\/kulaklik-miks-eksiklik.html","url_meta":{"origin":3637,"position":3},"title":"Kulakl\u0131kla Miks Yaparken Eksikli\u011fini Duydu\u011fum \u0130ki Nokta","date":"July 13, 2020","format":false,"excerpt":"Kulakl\u0131kla miks yapmak \u00e7ok tart\u0131\u015f\u0131lan bir konu. Baz\u0131lar\u0131 kulakl\u0131kla miks yapmaya sert bir bi\u00e7imde kar\u015f\u0131 \u00e7\u0131k\u0131yor, baz\u0131lar\u0131 ise kulakl\u0131k ile gayet iyi miksler \u00e7\u0131kt\u0131\u011f\u0131n\u0131 savunuyor. Benim bu yaz\u0131da bu tart\u0131\u015fmaya kat\u0131lmak veya bu tart\u0131\u015fmada bir taraf olmak gibi bir amac\u0131m yok ancak kulakl\u0131kla \u00e7al\u0131\u015f\u0131rken \u015fahsi olarak eksik kald\u0131\u011f\u0131n\u0131 d\u00fc\u015f\u00fcnd\u00fc\u011f\u00fcm iki\u2026","rel":"","context":"In &quot;Ses ve M\u00fczik Teknolojileri&quot;","img":{"alt_text":"","src":"https:\/\/i0.wp.com\/www.ufukonen.com\/tr\/wp-content\/uploads\/Kulaklik_Miks_Header_Filter_Crop.jpg?resize=350%2C200&ssl=1","width":350,"height":200},"classes":[]},{"id":6447,"url":"https:\/\/www.ufukonen.com\/tr\/vokal-miksi-rehber-2.html","url_meta":{"origin":3637,"position":4},"title":"Vokal Miksi i\u00e7in Mini Rehber (2. B\u00f6l\u00fcm)","date":"March 22, 2021","format":false,"excerpt":"Bu yaz\u0131mda vokal miksi i\u00e7in kullanabilece\u011finiz sekiz ba\u015fl\u0131ktan olu\u015fan bir mini rehber haz\u0131rlad\u0131m. Her ba\u015fl\u0131\u011f\u0131n alt\u0131nda ilgili yaz\u0131lar\u0131n linklerini ekledim. \u0130lk olarak 22 Mart 2021'de yay\u0131nlanm\u0131\u015f olan bu mini rehber, 8 A\u011fustos 2022, 28 Kas\u0131m 2022, 20 Mart 2023 ve 7 A\u011fustos 2025 tarihlerinde g\u00fcncellenmi\u015ftir. Filtre ve EQKompres\u00f6rEQDe-esserSidechain Kompres\u00f6r Kullan\u0131m\u0131Saturation,\u2026","rel":"","context":"In &quot;M\u00fczik Prod\u00fcksiyonu&quot;","img":{"alt_text":"","src":"https:\/\/i0.wp.com\/www.ufukonen.com\/tr\/wp-content\/uploads\/Vokal_Miksi_Mini_Rehber_00_Header.jpg?resize=350%2C200&ssl=1","width":350,"height":200},"classes":[]},{"id":254,"url":"https:\/\/www.ufukonen.com\/tr\/plug-inlerin-insert-ve-send-olarak-kullanimlari.html","url_meta":{"origin":3637,"position":5},"title":"Plug-in&#8217;lerin &#8216;Insert&#8217; ve &#8216;Send&#8217; Olarak Kullan\u0131mlar\u0131","date":"November 16, 2012","format":false,"excerpt":"Analog mikserler ve \u0130ngilizce'de 'outboard gear' olarak adland\u0131r\u0131lan 'hardware' ses i\u015flemci ve efekt \u00fcniteleri i\u00e7in \u015f\u00f6yle bir prensip vard\u0131r: Kompres\u00f6r, equalizer, noise gate gibi ses i\u015flemciler mikserde herhangi bir kanala 'insert' noktas\u0131 arac\u0131l\u0131\u011f\u0131 ile ba\u011flan\u0131r; reverb, delay gibi efektler i\u00e7in ise 'send' y\u00f6ntemi kullan\u0131l\u0131r. Kompres\u00f6r ve equalizer gibi sinyal i\u015flemciler\u2026","rel":"","context":"In &quot;M\u00fczik Prod\u00fcksiyonu&quot;","img":{"alt_text":"","src":"https:\/\/i0.wp.com\/www.ufukonen.com\/tr\/wp-content\/uploads\/Onen-Send-Insert-Sekil-07.jpg?resize=350%2C200&ssl=1","width":350,"height":200},"classes":[]}],"_links":{"self":[{"href":"https:\/\/www.ufukonen.com\/tr\/wp-json\/wp\/v2\/posts\/3637"}],"collection":[{"href":"https:\/\/www.ufukonen.com\/tr\/wp-json\/wp\/v2\/posts"}],"about":[{"href":"https:\/\/www.ufukonen.com\/tr\/wp-json\/wp\/v2\/types\/post"}],"author":[{"embeddable":true,"href":"https:\/\/www.ufukonen.com\/tr\/wp-json\/wp\/v2\/users\/2"}],"replies":[{"embeddable":true,"href":"https:\/\/www.ufukonen.com\/tr\/wp-json\/wp\/v2\/comments?post=3637"}],"version-history":[{"count":3,"href":"https:\/\/www.ufukonen.com\/tr\/wp-json\/wp\/v2\/posts\/3637\/revisions"}],"predecessor-version":[{"id":3649,"href":"https:\/\/www.ufukonen.com\/tr\/wp-json\/wp\/v2\/posts\/3637\/revisions\/3649"}],"wp:featuredmedia":[{"embeddable":true,"href":"https:\/\/www.ufukonen.com\/tr\/wp-json\/wp\/v2\/media\/3647"}],"wp:attachment":[{"href":"https:\/\/www.ufukonen.com\/tr\/wp-json\/wp\/v2\/media?parent=3637"}],"wp:term":[{"taxonomy":"category","embeddable":true,"href":"https:\/\/www.ufukonen.com\/tr\/wp-json\/wp\/v2\/categories?post=3637"},{"taxonomy":"post_tag","embeddable":true,"href":"https:\/\/www.ufukonen.com\/tr\/wp-json\/wp\/v2\/tags?post=3637"}],"curies":[{"name":"wp","href":"https:\/\/api.w.org\/{rel}","templated":true}]}}