{"id":3700,"date":"2018-02-19T01:00:37","date_gmt":"2018-02-18T22:00:37","guid":{"rendered":"http:\/\/www.ufukonen.com\/tr\/?p=3700"},"modified":"2018-02-11T18:13:59","modified_gmt":"2018-02-11T15:13:59","slug":"headroom-nedir-ve-neden-onemlidir","status":"publish","type":"post","link":"https:\/\/www.ufukonen.com\/tr\/headroom-nedir-ve-neden-onemlidir.html","title":{"rendered":"Headroom Nedir ve Neden \u00d6nemlidir?"},"content":{"rendered":"<p><img loading=\"lazy\" class=\"aligncenter wp-image-3705\" src=\"http:\/\/www.ufukonen.com\/tr\/wp-content\/uploads\/headroom_1280x720-1024x576.jpg\" alt=\"\" width=\"575\" height=\"323\" srcset=\"https:\/\/www.ufukonen.com\/tr\/wp-content\/uploads\/headroom_1280x720-1024x576.jpg 1024w, https:\/\/www.ufukonen.com\/tr\/wp-content\/uploads\/headroom_1280x720-300x169.jpg 300w, https:\/\/www.ufukonen.com\/tr\/wp-content\/uploads\/headroom_1280x720-768x432.jpg 768w, https:\/\/www.ufukonen.com\/tr\/wp-content\/uploads\/headroom_1280x720.jpg 1280w\" sizes=\"(max-width: 575px) 100vw, 575px\" \/><\/p>\n<p>&nbsp;<\/p>\n<p>&#8220;Headroom nedir?&#8221; &#8220;Headroom neden \u00f6nemlidir?&#8221; Bu sorular\u0131 cevaplamadan \u00f6nce dinamik alan\u0131n (dynamic range) ne oldu\u011funu iyi anlamak gerekir.<\/p>\n<p>&nbsp;<\/p>\n<h3>Dinamik Alan<\/h3>\n<p>Dinamik alan, sinyalde g\u00fcr\u00fclt\u00fc e\u015fi\u011fi ile bozulma (distortion) noktas\u0131 aras\u0131nda kalan aland\u0131r. Daha basit bir anlat\u0131mla, dinamik alan, sinyalde m\u00fcmk\u00fcn olan en d\u00fc\u015f\u00fck ve en y\u00fcksek seviyeler aras\u0131ndaki farkt\u0131r. En d\u00fc\u015f\u00fck seviye sinyalin dip sese kar\u0131\u015ft\u0131\u011f\u0131, dip ses i\u00e7inde kaybolmaya ba\u015flad\u0131\u011f\u0131 noktad\u0131r. En y\u00fcksek seviye ise sinyalin bozulmadan (sinyalde distortion olmadan) \u00e7\u0131kabilece\u011fi en \u00fcst noktad\u0131r. Dinamik alan, dB cinsinden ifade edilir.<\/p>\n<p>&nbsp;<\/p>\n<h3>Normal \u00c7al\u0131\u015fma Seviyesi<\/h3>\n<p>G\u00fcr\u00fclt\u00fc e\u015fi\u011fi ve bozulma noktas\u0131na ek olarak bir de \u0130ngilizcede &#8220;nominal operating level&#8221; olarak adland\u0131r\u0131lan normal (ya da ideal) \u00e7al\u0131\u015fma seviyesi vard\u0131r.<\/p>\n<p>Analog sistemlerde 0 VU normal \u00e7al\u0131\u015fma seviyesi olarak kabul edilir. 0 VU de\u011feri profesyonel cihazlarda +4 dBm (1.228 Volt), yar\u0131-profesyonel ve ev tipi cihazlar\u0131n bir \u00e7o\u011funda ise -10 dBV (0.316) de\u011ferine g\u00f6re kalibre edilir. Profesyonel analog cihazlar\u0131n \u00e7o\u011funda \u00fcst nokta (bozulma olmadan \u00e7\u0131k\u0131labilecek en y\u00fcksek seviye) +24 dBm civar\u0131ndad\u0131r.<\/p>\n<div id=\"attachment_3701\" style=\"width: 410px\" class=\"wp-caption aligncenter\"><img aria-describedby=\"caption-attachment-3701\" loading=\"lazy\" class=\"wp-image-3701\" src=\"http:\/\/www.ufukonen.com\/tr\/wp-content\/uploads\/meter_VU.jpg\" alt=\"\" width=\"400\" height=\"181\" srcset=\"https:\/\/www.ufukonen.com\/tr\/wp-content\/uploads\/meter_VU.jpg 1016w, https:\/\/www.ufukonen.com\/tr\/wp-content\/uploads\/meter_VU-300x136.jpg 300w, https:\/\/www.ufukonen.com\/tr\/wp-content\/uploads\/meter_VU-768x347.jpg 768w\" sizes=\"(max-width: 400px) 100vw, 400px\" \/><p id=\"caption-attachment-3701\" class=\"wp-caption-text\">VU Meter (Ses Kay\u0131t ve M\u00fczik Teknolojileri adl\u0131 kitab\u0131mdan al\u0131nm\u0131\u015ft\u0131r)<\/p><\/div>\n<p>&nbsp;<\/p>\n<p>Dijital sistemlerde dBFS skalas\u0131 kullan\u0131l\u0131r. Bu sistemlerde normal \u00e7al\u0131\u015fma seviyesi farkl\u0131l\u0131klar g\u00f6stermektedir. Yayg\u0131n olarak -20 dBFS, -14 dBFS ve -12 dBFS seviyeleri referans olarak kabul edilir. Dijitalde en \u00fcst nokta 0 dBFS&#8217;tir.<\/p>\n<div id=\"attachment_3702\" style=\"width: 410px\" class=\"wp-caption aligncenter\"><img aria-describedby=\"caption-attachment-3702\" loading=\"lazy\" class=\"wp-image-3702\" src=\"http:\/\/www.ufukonen.com\/tr\/wp-content\/uploads\/meter_dBFS-1024x173.jpg\" alt=\"\" width=\"400\" height=\"68\" srcset=\"https:\/\/www.ufukonen.com\/tr\/wp-content\/uploads\/meter_dBFS-1024x173.jpg 1024w, https:\/\/www.ufukonen.com\/tr\/wp-content\/uploads\/meter_dBFS-300x51.jpg 300w, https:\/\/www.ufukonen.com\/tr\/wp-content\/uploads\/meter_dBFS-768x130.jpg 768w, https:\/\/www.ufukonen.com\/tr\/wp-content\/uploads\/meter_dBFS.jpg 1951w\" sizes=\"(max-width: 400px) 100vw, 400px\" \/><p id=\"caption-attachment-3702\" class=\"wp-caption-text\">dBFS Meter<\/p><\/div>\n<p>&nbsp;<\/p>\n<h3>Sinyalin G\u00fcr\u00fclt\u00fcye Oran\u0131<\/h3>\n<p>Sinyalin g\u00fcr\u00fclt\u00fcye oran\u0131 (Signal-to-Noise Ratio ya da k\u0131saca S\/N Ratio), g\u00fcr\u00fclt\u00fc e\u015fi\u011fi (sinyalin dip sese kar\u0131\u015ft\u0131\u011f\u0131 en d\u00fc\u015f\u00fck seviye) ile normal \u00e7al\u0131\u015fma seviyesi aras\u0131nda kalan aland\u0131r. Bu oran da dinamik alan gibi dB cinsinden ifade edilir.<\/p>\n<p>&nbsp;<\/p>\n<h3>Headroom<\/h3>\n<p>Evet, sonunda headroom&#8217;a geldik&#8230; Headroom, dinamik alan ve sinyalin g\u00fcr\u00fclt\u00fcye oran\u0131 aras\u0131ndaki farkt\u0131r. dB cinsinden ifade edilir. Headroom, normal \u00e7al\u0131\u015fma seviyesinden sonra, sinyal en \u00fcst noktaya ula\u015f\u0131p bozulmaya ba\u015flamadan \u00f6nce ka\u00e7 dB marj oldu\u011funu belirtir.<\/p>\n<p>A\u015fa\u011f\u0131daki grafikte dinamik alan, normal \u00e7al\u0131\u015fma seviyesi, sinyalin g\u00fcr\u00fclt\u00fcye oran\u0131 ve headroom aras\u0131ndaki ili\u015fkiyi g\u00f6rebilirsiniz.<\/p>\n<p>&nbsp;<\/p>\n<p><img loading=\"lazy\" class=\"aligncenter wp-image-3712\" src=\"http:\/\/www.ufukonen.com\/tr\/wp-content\/uploads\/Dinamik_Alan_300_dpi_1000px-932x1024.jpg\" alt=\"\" width=\"450\" height=\"495\" srcset=\"https:\/\/www.ufukonen.com\/tr\/wp-content\/uploads\/Dinamik_Alan_300_dpi_1000px-932x1024.jpg 932w, https:\/\/www.ufukonen.com\/tr\/wp-content\/uploads\/Dinamik_Alan_300_dpi_1000px-273x300.jpg 273w, https:\/\/www.ufukonen.com\/tr\/wp-content\/uploads\/Dinamik_Alan_300_dpi_1000px-768x844.jpg 768w, https:\/\/www.ufukonen.com\/tr\/wp-content\/uploads\/Dinamik_Alan_300_dpi_1000px.jpg 1000w\" sizes=\"(max-width: 450px) 100vw, 450px\" \/><\/p>\n<p>&nbsp;<\/p>\n<h3>Headroom Neden \u00d6nemlidir?<\/h3>\n<p>Headroom d\u00f6rt sebepten dolay\u0131 \u00f6nemlidir.<\/p>\n<p>1- Dijital sistemlerde 0 dBFS en \u00fcst noktad\u0131r. Sinyalde anl\u0131k, k\u0131sa s\u00fcreli veya uzun s\u00fcreli bozulmalar\u0131 \u00f6nlemek i\u00e7in 0 dBFS noktas\u0131ndan uzak durmak gereklidir. Headroom bu ba\u011flamda g\u00fcvenli bir alan olarak d\u00fc\u015f\u00fcn\u00fclebilir. Normal \u00e7al\u0131\u015fma seviyesi 0 dBFS&#8217;e yak\u0131n tutulursa bu alan daha k\u00fc\u00e7\u00fck olur ve buna ba\u011fl\u0131 olarak sinyaldeki seviye art\u0131\u015flar\u0131n\u0131n bozulmaya yol a\u00e7ma riski daha fazla olur. Headroom, g\u00fcvenli bir alan olu\u015fturdu\u011fu i\u00e7in \u00f6nemlidir.<\/p>\n<p>2- Sinyal normal bir g\u00f6stergede 0 dBFS&#8217;in alt\u0131nda g\u00f6r\u00fcn\u00fcyor olsa da intersample peak kaynakl\u0131 olarak asl\u0131nda 0 dBFS&#8217;in \u00fczerine \u00e7\u0131k\u0131yor ve bozulmaya u\u011fruyor olabilir. Headroom, intersample peak kaynakl\u0131 bozulmalara kar\u015f\u0131 g\u00fcvenli bir alan olu\u015fturdu\u011fu i\u00e7in \u00f6nemlidir.<\/p>\n<p>3- Miksi tamamlad\u0131ktan sonra d\u00f6n\u00fcp revize etmeniz gerekirse, kanallar\u0131n seviye ayarlar\u0131nda de\u011fi\u015fiklik yapt\u0131\u011f\u0131n\u0131zda ya da efektler ekledi\u011finizde veya EQ, kompres\u00f6r gibi i\u015flemciler kullanarak sinyal \u00fczerinde modifikasyon yapt\u0131\u011f\u0131n\u0131zda miksin genel seviyesi y\u00fckselebilir. Headroom, miksin genel seviyesindeki k\u00fc\u00e7\u00fck art\u0131\u015flar\u0131n (genel seviyeyi master fader ile azaltmaya gerek kalmadan) tolere edilebilmesi a\u00e7\u0131s\u0131ndan \u00f6nemlidir.<\/p>\n<p>4- Mastering m\u00fchendisleri bitmi\u015f miks \u00fczerinde \u00e7al\u0131\u015f\u0131rken EQ ve kompres\u00f6r gibi sinyal i\u015flemciler kullan\u0131rlar. Bu i\u015flemciler sinyalde art\u0131\u015fa sebep olabilir. Bu sebepten dolay\u0131 mastering m\u00fchendisleri 3-6 dB civar\u0131nda bir alana ihtiya\u00e7 duyarlar. Headroom, mastering m\u00fchendislerine \u00e7al\u0131\u015fma alan\u0131 sa\u011flad\u0131\u011f\u0131 i\u00e7in \u00f6nemlidir.<\/p>\n<p>G\u00fcn\u00fcm\u00fczde art\u0131k A\/D \u00e7eviricilerin olduk\u00e7a geli\u015fti\u011fini ve bunun yan\u0131 s\u0131ra projelerimizde 24-bit ile \u00e7al\u0131\u015ft\u0131\u011f\u0131m\u0131z\u0131 d\u00fc\u015f\u00fcn\u00fcrsek headroom b\u0131rakmamak i\u00e7in hi\u00e7bir sebebimiz yok.<\/p>\n<p>&nbsp;<\/p>\n<p>&nbsp;<\/p>\n<p>Teknik terimler i\u00e7in <a href=\"http:\/\/www.ufukonen.com\/tr\/ses-kayit-muzik-teknolojisi-terimler-sozluk.html\">m\u00fczik teknolojisi, m\u00fczik prod\u00fcksiyonu ve ses kay\u0131t terimleri s\u00f6zl\u00fc\u011f\u00fcne<\/a> g\u00f6z atabilirsiniz.<\/p>\n<p>Benzer payla\u015f\u0131mlar i\u00e7in beni <a href=\"https:\/\/www.facebook.com\/ufukonen.skmt\/\" target=\"_blank\" rel=\"noopener\">Facebook<\/a> ve <a href=\"https:\/\/twitter.com\/UfukOnen\" target=\"_blank\" rel=\"noopener\">Twitter<\/a>&#8216;da takip edebilir, haberler i\u00e7in <a href=\"http:\/\/ufukonen.com\/tr\/ses-kayit-muzik-teknolojisi-terimler-sozluk.html\" target=\"_blank\" rel=\"noopener\">mesaj listeme \u00fcye olabilirsiniz<\/a>. Te\u015fekk\u00fcrler.<\/p>\n<p>Ba\u015fl\u0131k foto\u011fraf\u0131:\u00a0Sa\u0161o Tu\u0161ar | <a href=\"https:\/\/unsplash.com\/photos\/QtgGYlug6Cw\" target=\"_blank\" rel=\"noopener\">Unsplash<\/a><\/p>\n<p>\u00a9 2018 Ufuk \u00d6nen. Her hakk\u0131 sakl\u0131d\u0131r. \u0130zinsiz kullan\u0131lamaz.<\/p>\n","protected":false},"excerpt":{"rendered":"<p class=\"post-excerpt\">&nbsp; &#8220;Headroom nedir?&#8221; &#8220;Headroom neden \u00f6nemlidir?&#8221; Bu sorular\u0131 cevaplamadan \u00f6nce dinamik alan\u0131n (dynamic range) ne oldu\u011funu iyi anlamak gerekir. &nbsp;&#8230;<\/p>\n","protected":false},"author":2,"featured_media":3705,"comment_status":"closed","ping_status":"open","sticky":false,"template":"","format":"standard","meta":{"_mi_skip_tracking":false,"spay_email":"","jetpack_publicize_message":"","jetpack_is_tweetstorm":false,"jetpack_publicize_feature_enabled":true},"categories":[18],"tags":[],"jetpack_featured_media_url":"https:\/\/www.ufukonen.com\/tr\/wp-content\/uploads\/headroom_1280x720.jpg","jetpack_publicize_connections":[],"jetpack_shortlink":"https:\/\/wp.me\/p3rjsG-XG","jetpack_sharing_enabled":true,"jetpack-related-posts":[{"id":4836,"url":"https:\/\/www.ufukonen.com\/tr\/mikrofonlar-signal-to-noise-ratio.html","url_meta":{"origin":3700,"position":0},"title":"Mikrofonlar ve Signal-to-Noise Ratio","date":"June 3, 2019","format":false,"excerpt":"Bir \u00f6nceki hafta mikrofonlar\u0131n kendi dip g\u00fcr\u00fclt\u00fcleri ile ilgili \"Mikrofonlar ve Equivalent Noise Level\" ba\u015fl\u0131kl\u0131 bir yaz\u0131 yazm\u0131\u015f, 'self noise' olarak da bilinen bu g\u00fcr\u00fclt\u00fclerin neden olu\u015ftu\u011funu ve nas\u0131l \u00f6l\u00e7\u00fcld\u00fc\u011f\u00fcn\u00fc anlatm\u0131\u015ft\u0131m. Equivalent noise level ya da self noise seviyesi genelde A-weighting dengesi kullan\u0131larak \u00f6l\u00e7\u00fcl\u00fcyor ve dB SPL cinsinden ifade ediliyor.\u2026","rel":"","context":"In &quot;Ses ve M\u00fczik Teknolojileri&quot;","img":{"alt_text":"","src":"https:\/\/i0.wp.com\/www.ufukonen.com\/tr\/wp-content\/uploads\/Mikrofon_Signal_to_Noise_Ratio.jpg?resize=350%2C200&ssl=1","width":350,"height":200},"classes":[]},{"id":5594,"url":"https:\/\/www.ufukonen.com\/tr\/overdrive-distortion-fuzz.html","url_meta":{"origin":3700,"position":1},"title":"Overdrive, Distortion ve Fuzz","date":"April 20, 2020","format":false,"excerpt":"G\u00fcn\u00fcm\u00fczde \"kirli\", \"g\u00fcr\u00fclt\u00fcl\u00fc\" ve \"sert\" gitar tonlar\u0131n\u0131 ifade etmek i\u00e7in genel bir terim olarak 'distortion'; \"distortion tonu\" elde etmek i\u00e7in ise overdrive, distortion ve fuzz pedallar\u0131 kullan\u0131l\u0131yor. Bazen overdrive, distortion ve fuzz pedallar\u0131n\u0131n ayn\u0131 \u015fey oldu\u011fu d\u00fc\u015f\u00fcn\u00fcl\u00fcyor. Asl\u0131nda i\u015fin temeline inecek olursa bunun yanl\u0131\u015f oldu\u011funu s\u00f6yleyemeyiz. Bu \u00fc\u00e7 pedal da\u2026","rel":"","context":"In &quot;Ses ve M\u00fczik Teknolojileri&quot;","img":{"alt_text":"","src":"https:\/\/i0.wp.com\/www.ufukonen.com\/tr\/wp-content\/uploads\/Overdrive_Distortion_Fuzz_00_Header.jpg?resize=350%2C200&ssl=1","width":350,"height":200},"classes":[]},{"id":5405,"url":"https:\/\/www.ufukonen.com\/tr\/ucretsiz-pluginler-19.html","url_meta":{"origin":3700,"position":2},"title":"\u00dccretsiz Plug-in&#8217;ler (19)","date":"January 20, 2020","format":false,"excerpt":"\u00dccretsiz plug-in'ler serisi 19:\u00a0Code Red (Shattered Glass Audio),\u00a0RS-W2395c (Fuse Audio Labs),\u00a0Couture (Auburn Sounds),\u00a0Bitter (Stillwell Audio). Code Red (Shattered Glass Audio) Code Red, 1960'larda Abbey Road st\u00fcdyolar\u0131nda kullan\u0131lan REDD kay\u0131t konsollar\u0131nda bulunan preamp ve EQ katlar\u0131n\u0131n em\u00fclasyonunu yapan bir plug-in. Hat\u0131rlarsan\u0131z, Waves bu konsollar\u0131n em\u00fclasyonunu yapan REDD ad\u0131nda bir plug-in \u00e7\u0131karm\u0131\u015ft\u0131.\u2026","rel":"","context":"In &quot;Ses ve M\u00fczik Teknolojileri&quot;","img":{"alt_text":"","src":"https:\/\/i0.wp.com\/www.ufukonen.com\/tr\/wp-content\/uploads\/Ucretsiz_Pluginler_19s.jpg?resize=350%2C200&ssl=1","width":350,"height":200},"classes":[]},{"id":6245,"url":"https:\/\/www.ufukonen.com\/tr\/cloudlifter-dinamik-ribbon-mikrofon.html","url_meta":{"origin":3700,"position":3},"title":"Cloudlifter: Dinamik ve Ribbon Mikrofonlar i\u00e7in 25 dB Kazan\u00e7!","date":"December 14, 2020","format":false,"excerpt":"Ses kart\u0131n\u0131z\u0131n giri\u015fine bir dinamik veya ribbon mikrofon takt\u0131n\u0131z. DAW i\u00e7inde bir kanal a\u00e7\u0131p kayda haz\u0131r hale getirdiniz. Sinyali kontrol etti\u011finizde seviyenin \u00e7ok d\u00fc\u015f\u00fck oldu\u011funu g\u00f6rd\u00fcn\u00fcz. Ses kart\u0131n\u0131n \u00fczerindeki gain kontrol\u00fcn\u00fc daha y\u00fcksek bir de\u011fere getirdiniz. Seviye hala d\u00fc\u015f\u00fck! Gain ayar\u0131n\u0131 biraz daha y\u00fckselttiniz\u2026 Biraz daha\u2026 Gain neredeyse son noktada\u2026","rel":"","context":"In &quot;Ses ve M\u00fczik Teknolojileri&quot;","img":{"alt_text":"","src":"https:\/\/i0.wp.com\/www.ufukonen.com\/tr\/wp-content\/uploads\/Cloudlifter_00_Header.jpg?resize=350%2C200&ssl=1","width":350,"height":200},"classes":[]},{"id":4517,"url":"https:\/\/www.ufukonen.com\/tr\/spotify-apple-youtube-seviyeler.html","url_meta":{"origin":3700,"position":4},"title":"Spotify, Apple Music, YouTube ve Di\u011ferleri&#8230; Streaming Servisleri ve Seviyeler","date":"January 28, 2019","format":false,"excerpt":"Spotify, Apple Music, Tidal, YouTube... G\u00fcn\u00fcm\u00fczde art\u0131k bir\u00e7ok streaming servisi var. Bu servisler farkl\u0131 farkl\u0131 referans seviyeleri kullan\u0131yorlar. Belli bir standart olu\u015fmas\u0131 ad\u0131na bu seviyeler genelde LUFS skalas\u0131 \u00fczerinden ifade ediliyor. \u015eimdi ilk \u00f6nce Spotify, Apple Music, Tidal ve YouTube'un referans seviyelerine bakal\u0131m, sonra bu seviyelerin ne anlama geldi\u011fi \u00fczerine\u2026","rel":"","context":"In &quot;Ses ve M\u00fczik Teknolojileri&quot;","img":{"alt_text":"","src":"https:\/\/i0.wp.com\/www.ufukonen.com\/tr\/wp-content\/uploads\/Streaming_Servisleri_ve_Seviyeler.jpg?resize=350%2C200&ssl=1","width":350,"height":200},"classes":[]},{"id":4309,"url":"https:\/\/www.ufukonen.com\/tr\/monitor-kalibrasyon-seviyeleri-1.html","url_meta":{"origin":3700,"position":5},"title":"Monit\u00f6r Kalibrasyon Seviyeleri \u00dczerine&#8230; (1. B\u00f6l\u00fcm)","date":"November 5, 2018","format":false,"excerpt":"Bu yaz\u0131 dizisi \u00fc\u00e7 b\u00f6l\u00fcmden olu\u015fmaktad\u0131r. \u0130kinci b\u00f6l\u00fcm i\u00e7in t\u0131klay\u0131n\u0131z. \u00dc\u00e7\u00fcnc\u00fc b\u00f6l\u00fcm i\u00e7in t\u0131klay\u0131n\u0131z. \u00a0 St\u00fcdyo monit\u00f6rlerinin kalibrasyonu arkas\u0131nda yatan mant\u0131k asl\u0131nda sinema end\u00fcstrisine dayanmaktad\u0131r. Filmlerin st\u00fcdyolarda yap\u0131lan ses miksleri, st\u00fcdyo ve sinema salonlar\u0131 aras\u0131ndaki ses seviyesi farkl\u0131l\u0131klar\u0131ndan dolay\u0131 ama\u00e7land\u0131\u011f\u0131 gibi duyulmuyordu. Bu yetmiyormu\u015f gibi ayn\u0131 film baz\u0131 salonlarda \u00e7ok\u2026","rel":"","context":"In &quot;Ses ve M\u00fczik Teknolojileri&quot;","img":{"alt_text":"","src":"https:\/\/i0.wp.com\/www.ufukonen.com\/tr\/wp-content\/uploads\/Monitor_Kalibrasyon_Seviyeleri_1.jpg?resize=350%2C200&ssl=1","width":350,"height":200},"classes":[]}],"_links":{"self":[{"href":"https:\/\/www.ufukonen.com\/tr\/wp-json\/wp\/v2\/posts\/3700"}],"collection":[{"href":"https:\/\/www.ufukonen.com\/tr\/wp-json\/wp\/v2\/posts"}],"about":[{"href":"https:\/\/www.ufukonen.com\/tr\/wp-json\/wp\/v2\/types\/post"}],"author":[{"embeddable":true,"href":"https:\/\/www.ufukonen.com\/tr\/wp-json\/wp\/v2\/users\/2"}],"replies":[{"embeddable":true,"href":"https:\/\/www.ufukonen.com\/tr\/wp-json\/wp\/v2\/comments?post=3700"}],"version-history":[{"count":6,"href":"https:\/\/www.ufukonen.com\/tr\/wp-json\/wp\/v2\/posts\/3700\/revisions"}],"predecessor-version":[{"id":3726,"href":"https:\/\/www.ufukonen.com\/tr\/wp-json\/wp\/v2\/posts\/3700\/revisions\/3726"}],"wp:featuredmedia":[{"embeddable":true,"href":"https:\/\/www.ufukonen.com\/tr\/wp-json\/wp\/v2\/media\/3705"}],"wp:attachment":[{"href":"https:\/\/www.ufukonen.com\/tr\/wp-json\/wp\/v2\/media?parent=3700"}],"wp:term":[{"taxonomy":"category","embeddable":true,"href":"https:\/\/www.ufukonen.com\/tr\/wp-json\/wp\/v2\/categories?post=3700"},{"taxonomy":"post_tag","embeddable":true,"href":"https:\/\/www.ufukonen.com\/tr\/wp-json\/wp\/v2\/tags?post=3700"}],"curies":[{"name":"wp","href":"https:\/\/api.w.org\/{rel}","templated":true}]}}