{"id":3896,"date":"2018-05-14T01:00:24","date_gmt":"2018-05-13T22:00:24","guid":{"rendered":"http:\/\/www.ufukonen.com\/tr\/?p=3896"},"modified":"2022-05-22T18:30:40","modified_gmt":"2022-05-22T15:30:40","slug":"kompresor-eq-kullaniminda-siralama","status":"publish","type":"post","link":"https:\/\/www.ufukonen.com\/tr\/kompresor-eq-kullaniminda-siralama.html","title":{"rendered":"\u00d6nce Kompres\u00f6r m\u00fc, Yoksa EQ mu? Kompres\u00f6r ve EQ Kullan\u0131m\u0131nda S\u0131ralama Nas\u0131l Olmal\u0131?"},"content":{"rendered":"<p>\u00d6nce kompres\u00f6r m\u00fc, yoksa EQ mu? Bu, hep sorulan ve tart\u0131\u015f\u0131lan klasik bir konu. Tek bir cevab\u0131 yok. Cevap hem duruma g\u00f6re hem de miksi yapan ki\u015finin teknik ve estetik yakla\u015f\u0131m\u0131na g\u00f6re de\u011fi\u015fiyor.<\/p>\n<p>Bu soruyu <em><a href=\"http:\/\/www.ufukonen.com\/tr\/muzik-produksiyonlarinda-miks-teknikleri.html\" target=\"_blank\" rel=\"noopener\">Miks \u00dczerine: M\u00fczik Prod\u00fcksiyonlar\u0131nda Miks Teknikleri ve \u00c7e\u015fitli Yakla\u015f\u0131mlar<\/a> <\/em>adl\u0131 kitab\u0131m i\u00e7in r\u00f6portaj yapt\u0131\u011f\u0131m t\u00fcm de\u011ferli m\u00fczik insanlar\u0131na sormu\u015ftum. Tahmin etti\u011fim gibi hepsinden farkl\u0131 farkl\u0131 cevaplar geldi.<\/p>\n<p>Cevaplar\u0131 toplu bir \u015fekilde kitaptaki r\u00f6portaj s\u0131ras\u0131 ile a\u015fa\u011f\u0131da sizlerle payla\u015faca\u011f\u0131m ama ondan \u00f6nce ben kendi yakla\u015f\u0131m\u0131m\u0131 size aktarmak istiyorum.<\/p>\n<h3>Benim Yakla\u015f\u0131m\u0131m<\/h3>\n<p>Ben ilk \u00f6nce filtre ile ba\u015flamay\u0131 tercih ediyorum. E\u011fer varsa, sinyalde belli bir noktan\u0131n alt\u0131nda ya da \u00fcst\u00fcnde kalan frekanslar\u0131 low-cut veya high-cut filtre ile kesiyorum. Filtre kullan\u0131m\u0131n\u0131 her kanalda otomatik olarak uygulam\u0131yorum ama \u00e7o\u011fu kanalda kesilmesi gereken frekanslar kar\u015f\u0131ma \u00e7\u0131k\u0131yor. Bunlar da genel olarak alt frekans aral\u0131klar\u0131nda oluyor.<\/p>\n<p>Filtre sonras\u0131nda e\u011fer gerekliyse parametrik EQ ile kesilmesi ya da azalt\u0131lmas\u0131 gereken frekans aral\u0131klar\u0131na m\u00fcdahale ediyorum.<\/p>\n<p>Filtre ve EQ ile yapt\u0131\u011f\u0131m temizli\u011fi kompres\u00f6rden \u00f6nce ger\u00e7ekle\u015ftirmemim nedeni, kompres\u00f6r\u00fcn istenmeyen frekanslara (ya da istenmeyen frekanslar sebebi ile) tepki vermesini \u00f6nlemek. E\u011fer sinyalde bir problem varsa ben bu problemi her zaman kompres\u00f6rden \u00f6nce \u00e7\u00f6z\u00fcp, kompres\u00f6re m\u00fcmk\u00fcn oldu\u011funca sorunsuz bir sinyal g\u00f6ndermeyi tercih ederim.<\/p>\n<p>Sinyali kompres\u00f6re g\u00f6nderip s\u0131k\u0131\u015ft\u0131rd\u0131ktan sonra genelde bir EQ daha kullan\u0131yorum. Bu sefer EQ&#8217;yu kullanma sebebim sinyalde vurgulamak istedi\u011fim frekanslar\u0131 boost etmek, yani seviyelerini a\u00e7mak. Bunun i\u00e7in de genellikle parametrik EQ kullan\u0131yorum ama bazen shelving EQ kulland\u0131\u011f\u0131m da olabiliyor.<\/p>\n<p>Tabii bu yazd\u0131klar\u0131m hep genel kullan\u0131m\u0131ma y\u00f6nelik bilgileri. Yeri geliyor, vurgulamak istedi\u011fim frekanslar i\u00e7in kulland\u0131\u011f\u0131m EQ&#8217;yu kompres\u00f6rden \u00f6nce kullan\u0131yorum. Yeri geliyor, ikinci EQ sonunda bir kompres\u00f6r daha kullan\u0131yorum, sinyal zinciri filtre-EQ1-kompres\u00f6r1-EQ2-kompres\u00f6r2 \u015feklinde oluyor. \u00d6rnekler \u00e7o\u011falt\u0131labilir.<\/p>\n<p><em><a href=\"http:\/\/www.ufukonen.com\/tr\/ses-kayit-ve-muzik-teknolojileri.html\" target=\"_blank\" rel=\"noopener\">Ses Kay\u0131t ve M\u00fczik Teknolojileri<\/a><\/em> adl\u0131 kitab\u0131mda filtre, EQ ve kompres\u00f6r ile ilgili bilgiler bulabilirsiniz. \u00c7e\u015fitlerini, \u00e7al\u0131\u015fma prensiplerini ve kullan\u0131mlar\u0131n\u0131 detayl\u0131 bir \u015fekilde anlatm\u0131\u015ft\u0131m.<\/p>\n<p>A\u015fa\u011f\u0131da <a href=\"http:\/\/www.ufukonen.com\/tr\/muzik-produksiyonlarinda-miks-teknikleri.html\" target=\"_blank\" rel=\"noopener\"><em>Miks \u00dczerine: M\u00fczik Prod\u00fcksiyonlar\u0131nda Miks Teknikleri ve \u00c7e\u015fitli Yakla\u015f\u0131mlar<\/em><\/a> adl\u0131 kitab\u0131m i\u00e7in r\u00f6portaj yapt\u0131\u011f\u0131m de\u011ferli m\u00fczik insanlar\u0131n\u0131n cevaplar\u0131n\u0131 payla\u015f\u0131yorum. Kitap ile ilgili bilgi almak isterseniz buraya t\u0131klayabilirsiniz.<\/p>\n<p><a href=\"http:\/\/www.ufukonen.com\/tr\/muzik-produksiyonlarinda-miks-teknikleri.html\" target=\"_blank\" rel=\"noopener\"><img loading=\"lazy\" class=\"aligncenter wp-image-3728\" src=\"http:\/\/www.ufukonen.com\/tr\/wp-content\/uploads\/MPMT_2_AMEK_Background_2018_1024x541-1024x541.jpg\" alt=\"\" width=\"500\" height=\"264\" srcset=\"https:\/\/www.ufukonen.com\/tr\/wp-content\/uploads\/MPMT_2_AMEK_Background_2018_1024x541.jpg 1024w, https:\/\/www.ufukonen.com\/tr\/wp-content\/uploads\/MPMT_2_AMEK_Background_2018_1024x541-300x158.jpg 300w, https:\/\/www.ufukonen.com\/tr\/wp-content\/uploads\/MPMT_2_AMEK_Background_2018_1024x541-768x406.jpg 768w\" sizes=\"(max-width: 500px) 100vw, 500px\" \/><\/a><\/p>\n<h4>Hep sorulan ve tart\u0131\u015f\u0131lan klasik bir konu&#8230; \u00d6nce kompres\u00f6r m\u00fc, yoksa EQ mu? Siz hangi durumda hangisini \u00f6nce kullan\u0131yorsunuz?<\/h4>\n<p><strong>Alen Konako\u011flu<\/strong><\/p>\n<blockquote><p>Vokal hari\u00e7 b\u00fct\u00fcn kanallar i\u00e7in \u00f6nce EQ, sonra kompres\u00f6r. Bazen tersi olabiliyor ama \u00e7o\u011funlukla \u00f6nce EQ. E\u011fer \u00f6nce a\u00e7m\u0131\u015f oldu\u011fum kompres\u00f6r tizleri biraz al\u0131yorsa EQ\u2019yu sonra a\u00e7arak bu durumu d\u00fczeltmeyi tercih edebiliyorum. Baz\u0131 reverb ve delay\u2019lerime de EQ koyuyorum.<\/p><\/blockquote>\n<p><strong>Alp Tura\u00e7<\/strong><\/p>\n<blockquote><p>EQ ile ne yapaca\u011f\u0131ma ba\u011fl\u0131. E\u011fer boost edeceksem, \u00f6nce kompres\u00f6r sonra EQ. Zira, EQ ile boost etti\u011fim frekanslara kompres\u00f6r\u00fcn sald\u0131rmas\u0131n\u0131 istemem. Hatta bazen, \u00f6nce EQ ile baz\u0131 frekanslar\u0131 tra\u015flay\u0131p, sonra kompres\u00f6r, arkas\u0131na bir EQ ile boost yapt\u0131\u011f\u0131m da oluyor. Bence bu tip kurallar\u0131 ezberlemeyip, yeri geldik\u00e7e kula\u011f\u0131m\u0131za g\u00fcvenerek dinleyerek karar vermek gerekiyor.<\/p><\/blockquote>\n<p><strong>Bar\u0131\u015f B\u00fcy\u00fck<\/strong><\/p>\n<blockquote><p>Miks s\u0131ras\u0131nda herhangi bir kanal neyi yapmam\u0131 gerektiriyorsa onu yap\u0131yorum. Bazen sadece bir kompres\u00f6r veya bir EQ. Bazen \u00f6nce bir EQ ile o sesin problemli frekanslar\u0131n\u0131 d\u00fczeltip, sonra kompres edip, daha sonra bir EQ ile de renklendirebiliyorum. Tamamen o an, o sesin kayd\u0131 ve\/veya miks i\u00e7inde nas\u0131l yer almas\u0131n\u0131 istemem ile ilgili ve de\u011fi\u015fken bir durum&#8230; Bir seste bazen ne EQ, ne kompres\u00f6r kullan\u0131yorum. K\u0131sacas\u0131 tamamen mikse nas\u0131l hizmet edecekse o \u015fekilde ilerliyorum.<\/p><\/blockquote>\n<p><strong>Bora Uslusoy<\/strong><\/p>\n<blockquote><p>Bu konu acaba gere\u011finden fazla m\u0131 \u00f6nemseniyor? Pek fazla tak\u0131lm\u0131yorum. Genelde davullarda \u00f6nce dinamik i\u015flemcileri kullan\u0131yorum. Mastering s\u0131ras\u0131nda ise EQ her zaman kompres\u00f6rden \u00f6nce geliyor.<\/p><\/blockquote>\n<p><strong>\u00c7a\u011fan Tunal\u0131<\/strong><\/p>\n<blockquote><p>Bu kay\u0131t edilen kanala g\u00f6re de\u011fi\u015fiyor ama \u00e7o\u011fu zaman \u00f6nce EQ kullan\u0131yorum. Temizlenmi\u015f kanala kompres\u00f6r uygulamak daha iyi sound veriyor. Bazen \u00f6zellikle akustik enstr\u00fcmanlara, \u00f6nce kompres\u00f6r kulland\u0131\u011f\u0131m oluyor. Mesela akustik gitar ve piyano gibi enstr\u00fcmanlarda kompres\u00f6r\u00fc \u00f6nce kullanmak baz\u0131 durumlarda daha iyi sonu\u00e7 verebiliyor. O y\u00fczden dedi\u011fim gibi \u00f6nce kayd\u0131 duymak gerekir.<\/p><\/blockquote>\n<p><strong>Doruk Somunk\u0131ran<\/strong><\/p>\n<blockquote><p>Bence hi\u00e7biri. Ama ikisini de kullanmak durumundaysam, \u00f6nce EQ sonra kompres\u00f6r. Zaten EQ ile kesip ataca\u011f\u0131m gereksiz bir enerji varsa, bunu kesmeden kompres\u00f6re y\u00f6nlendirmek ve kompres\u00f6r\u00fcn sonradan at\u0131lacak bir enerjiye tepki vermesini sa\u011flamak anlams\u0131z geliyor. EQ\u2019yu sinyali g\u00fc\u00e7lendirmek (boost) amac\u0131yla kullanacak olsayd\u0131m durum de\u011fi\u015firdi tabii.<\/p><\/blockquote>\n<p><strong>Ender Balc\u0131<\/strong><\/p>\n<blockquote><p>Konser sound\u2019u yaparken kompres\u00f6r\u00fc \u00f6nce kullanmak daha \u00e7ok tercih etti\u011fim bir y\u00f6ntem. St\u00fcdyoda ise her ikisi birden. Hatta bazen kompres\u00f6r\u00fcn \u00f6ncesi ve sonras\u0131 olmak \u00fczere iki adet EQ kullan\u0131yorum. Sonu\u00e7ta benim i\u00e7in neye hizmet etti\u011fi \u00f6nemli.<\/p><\/blockquote>\n<p><strong>Erkan Tato\u011flu<\/strong><\/p>\n<blockquote><p>\u00c7o\u011fu zaman kompres\u00f6r \u00f6nce&#8230; Sebebi basit. Kompres\u00f6rler armonik i\u00e7eri\u011fi, t\u0131n\u0131y\u0131 ve vurguyu de\u011fi\u015ftirir. Yap\u0131s\u0131 gere\u011fi baz\u0131 karakteristik elementler ekler. Dolay\u0131s\u0131yla frekans dizginleme ya da ince ayar zaman\u0131, kompres\u00f6r sonras\u0131 EQ kullan\u0131m\u0131 daha verimli sonu\u00e7lar verir. EQ kullanmad\u0131\u011f\u0131m ya da kompres\u00f6r kullanmad\u0131\u011f\u0131m durumlar oluyor. Herhangi bir kanalda bir kompres\u00f6r ve EQ kullanmak gerekiyorsa, \u00e7o\u011fu zaman \u00f6nce kompres\u00f6r. Ne zaman \u00f6nce EQ? Kaynak ses do\u011fal halinden uzak bir \u015fekilde ve\/veya k\u00f6t\u00fc kaydedilmi\u015fse.<\/p><\/blockquote>\n<p><strong>Garo Mafyan<\/strong><\/p>\n<blockquote><p>Hangisi ilk s\u0131rada olmas\u0131 gerekiyorsa o; ancak genelde kompres\u00f6r tabii, t\u00fcm dikkatle. Ana kaynaktan en iyi sesi almak istiyorsan\u0131z \u00f6nce o kayna\u011f\u0131n en do\u011fru haliyle geldi\u011finden emin olun, sonra k\u00fc\u00e7\u00fck d\u00fczeltmelere ihtiya\u00e7 olup olmad\u0131\u011f\u0131n\u0131 dikkatle kontrol edin, ihtiyac\u0131n ne oldu\u011funa karar verin ve sonra da dozunu \u00e7ok az tutarak ekleyin&#8230; Burada hep dedi\u011fim gibi tek standart d\u00f6n\u00fclmez bir yola girmemek.<\/p><\/blockquote>\n<p><strong>Hakan Kur\u015fun<\/strong><\/p>\n<blockquote><p>\u00c7alg\u0131n\u0131n durumuna ve elde etmek istedi\u011fim neticeye ba\u011fl\u0131. Genel olarak \u00f6nce kompres\u00f6r sonra EQ.<\/p><\/blockquote>\n<p><strong>Haluk \u00c7evik<\/strong><\/p>\n<blockquote><p>Ben \u00e7al\u0131\u015fmalar\u0131mda beste yaparken olsun, d\u00fczenleme yaparken olsun, miks ve mastering yaparken olsun, teorik ve pratik gerekliliklere \u00e7ok uyan bir m\u00fczisyen de\u011filim, b\u00f6yle \u00e7al\u0131\u015f\u0131rsam kendimi \u00e7ok s\u0131n\u0131rlanm\u0131\u015f ve hapsedilmi\u015f hissederim. Ben bu \u015fartlara s\u0131k\u0131 s\u0131k\u0131ya uyarak \u00e7al\u0131\u015famam, genel bir ifadeyle neticeye odaklan\u0131r\u0131m. Kafamdaki neticeye ula\u015fabiliyorsam \u00f6nce kompres\u00f6r m\u00fc, yoksa EQ mu benim i\u00e7in \u00f6nemli olmaz. Tabii ki olmazsa olmaz dedi\u011fimiz birtak\u0131m kurallar var. Kendi mant\u0131\u011f\u0131mla bakt\u0131\u011f\u0131mda, \u00f6nce EQ, sonra kompres\u00f6r diyebilirim, \u00e7\u00fcnk\u00fc kompres\u00f6rden sonra uygulad\u0131\u011f\u0131m\u0131z EQ baz\u0131 frekanslar\u0131 gereksiz yere yukar\u0131 veya a\u015fa\u011f\u0131 atabilir, bu da belki de ikinci bir kompres\u00f6r i\u015flemi gerektirebilir, yani sa\u011f elinle sol kula\u011f\u0131n\u0131 g\u00f6stermek misali mesaiyi uzatabilir, ortaya \u00e7\u0131kacak netice de ne olur bilinmez. Daha \u00f6nce de ifade etti\u011fim gibi, her zaman kafamdaki neticeye ula\u015fabilmem \u00f6nemli oldu\u011fu i\u00e7in, hangi EQ ve kompres\u00f6r s\u0131ralamas\u0131 bana o neticeyi sa\u011flayacaksa, o s\u0131ralamay\u0131 tercih ederim.<\/p><\/blockquote>\n<p><strong>\u0130lter Kalkanc\u0131<\/strong><\/p>\n<blockquote><p>Bu bence i\u015fin teknik k\u0131sm\u0131n\u0131 tam olarak \u00f6\u011frenememi\u015f ki\u015filerin tak\u0131ld\u0131\u011f\u0131 bir konu. Sadece tart\u0131\u015f\u0131lmas\u0131 garibime gider. \u201cAraba s\u00fcrmek i\u00e7in gaz pedal\u0131 m\u0131 daha \u00f6nemlidir, yoksa direksiyon mu?\u201d diye sormak gibi bir \u015fey bu. Bir sesi, karakteri \u015fekillendirmek i\u00e7in, bu iki i\u015flemcinin yapt\u0131\u011f\u0131 i\u015fler apayr\u0131. Eldeki kay\u0131t, kaynak ses, mikste oturtmak istedi\u011fim haline uzak bir yerdeyse, sorun ton mu yoksa dinamik aral\u0131k m\u0131 o hemen belli oluyor zaten. \u00d6nce EQ\u2019ya sar\u0131ld\u0131\u011f\u0131m da oluyor, kompres\u00f6re de.<\/p><\/blockquote>\n<p><strong>Levent B\u00fcy\u00fck<\/strong><\/p>\n<blockquote><p>A\u011f\u0131rl\u0131kl\u0131 olarak kompres\u00f6r sonras\u0131 EQ kullanmakla beraber, bu konuda kesin bir kural\u0131m yok. E\u011fer gere\u011finden fazla y\u00fcklenmi\u015f frekanslardan dolay\u0131 kompres\u00f6r istemedi\u011fim bir tepki veriyorsa \u00f6nden ilgili frekans\u0131 kesip sonra kompres\u00f6re girerim. \u00d6rnek vermek gerekirse kick ya da bas gitarda alt frekans yo\u011fun ise, kompres\u00f6r, gere\u011finden fazla tepki verebilir. Bu durumda \u00f6nden EQ ya da daha iyisi filtre kullanman\u0131n bir yarar\u0131 olabilir.<\/p><\/blockquote>\n<p><strong>Mehmet U\u011fur Memi\u015f<\/strong><\/p>\n<blockquote><p>Evet, bu soru \u00e7ok sorulan bir soru. Benim buna verece\u011fim cevap asl\u0131nda \u00e7ok basit. Kulaklar\u0131n\u0131za g\u00fcvenin. Ne duymak istedi\u011finizden emin olun. Her ikisinin de kendine g\u00f6re avantaj ve dezavantajlar\u0131 mutlaka var. EQ ard\u0131ndan koyaca\u011f\u0131n\u0131z bir kompres\u00f6r EQ \u00fczerinde yapt\u0131\u011f\u0131n\u0131z cut ve boost\u2019lar\u0131 override edebilir (ge\u00e7ersiz k\u0131labilir ya da etkisini azaltabilir). Burada yine en \u00f6nemli \u015fey kompres\u00f6r ve EQ\u2019nun kanala olan etkisini iyi bilmektir. De\u011fi\u015fik ayarlarda denemeler yapman\u0131z\u0131 \u00f6neririm. Yani kanal\u0131 duplike ederek birinde EQ\u2019yu ilk insert, di\u011ferinde kompres\u00f6r\u00fc ilk insert olarak kullan\u0131n. Zamanla kompres\u00f6r ve EQ kararlar\u0131n\u0131z\u0131 verirken daha h\u0131zland\u0131\u011f\u0131n\u0131z\u0131 g\u00f6receksiniz.<\/p><\/blockquote>\n<p><strong>Volkan Y\u0131rt\u0131c\u0131<\/strong><\/p>\n<blockquote><p>E\u011fer gate kullanacaksam ilk \u00f6nce onu kullan\u0131r\u0131m. \u00c7\u00fcnk\u00fc gate ile bloklamak istediklerimin seviyesini di\u011fer efektler b\u00fcy\u00fctecektir. Gate kullanmayacaksam bana filtrelemek ve EQ kullanmak \u00f6nce olmal\u0131 gibi geliyor. Fakat \u00e7ok a\u011f\u0131r bir EQ kullanmayacaksam kompres\u00f6r\u00fc \u00f6nce de d\u00fc\u015f\u00fcnebilirim. Ben hep ilk \u00f6nce EQ yapar\u0131m ama yine de bazen sonra olsa nas\u0131l duyuluyor diye yer de\u011fi\u015ftiririm. Asl\u0131nda bu duydu\u011fumuz sound\u2019a ba\u011fl\u0131 bir durumdur. Galiba bu art\u0131k herkes i\u00e7in yumurta m\u0131 tavuktan, tavuk mu yumurtadan \u00e7\u0131kar sorusuna d\u00f6nd\u00fc&#8230;<\/p><\/blockquote>\n<p>Teknik terimler i\u00e7in <a href=\"http:\/\/www.ufukonen.com\/tr\/ses-kayit-muzik-teknolojisi-terimler-sozluk.html\">m\u00fczik teknolojisi, m\u00fczik prod\u00fcksiyonu ve ses kay\u0131t terimleri s\u00f6zl\u00fc\u011f\u00fcne<\/a> g\u00f6z atabilirsiniz.<\/p>\n<p>Benzer payla\u015f\u0131mlar i\u00e7in beni <a href=\"https:\/\/www.facebook.com\/ufukonen.skmt\/\" target=\"_blank\" rel=\"noopener\">Facebook<\/a> ve <a href=\"https:\/\/twitter.com\/UfukOnen\" target=\"_blank\" rel=\"noopener\">Twitter<\/a>&#8216;da takip edebilir, haberler i\u00e7in <a href=\"http:\/\/ufukonen.com\/tr\/ses-kayit-muzik-teknolojisi-terimler-sozluk.html\" target=\"_blank\" rel=\"noopener\">mesaj listeme \u00fcye olabilirsiniz<\/a>. Te\u015fekk\u00fcrler.<\/p>\n<p>Ba\u015fl\u0131k foto\u011fraf\u0131:\u00a0<a href=\"https:\/\/unsplash.com\/photos\/vyzDsy5whUo\" target=\"_blank\" rel=\"noopener\">Anton Ponomarev<\/a> | <a href=\"https:\/\/unsplash.com\/\" target=\"_blank\" rel=\"noopener\">Unsplash<\/a><\/p>\n<p>\u00a9 2018 Ufuk \u00d6nen. Her hakk\u0131 sakl\u0131d\u0131r. \u0130zinsiz kullan\u0131lamaz.<\/p>\n","protected":false},"excerpt":{"rendered":"<p class=\"post-excerpt\">\u00d6nce kompres\u00f6r m\u00fc, yoksa EQ mu? Bu, hep sorulan ve tart\u0131\u015f\u0131lan klasik bir konu. Tek bir cevab\u0131 yok. Cevap hem&#8230;<\/p>\n","protected":false},"author":2,"featured_media":3899,"comment_status":"closed","ping_status":"open","sticky":false,"template":"","format":"standard","meta":{"_mi_skip_tracking":false,"spay_email":"","jetpack_publicize_message":"","jetpack_is_tweetstorm":false,"jetpack_publicize_feature_enabled":true},"categories":[16],"tags":[],"jetpack_featured_media_url":"https:\/\/www.ufukonen.com\/tr\/wp-content\/uploads\/Kompresor_EQ_Once_Hangisi_720.jpg","jetpack_publicize_connections":[],"jetpack_shortlink":"https:\/\/wp.me\/p3rjsG-10Q","jetpack_sharing_enabled":true,"jetpack-related-posts":[{"id":6445,"url":"https:\/\/www.ufukonen.com\/tr\/vokal-miksi-rehber-1.html","url_meta":{"origin":3896,"position":0},"title":"Vokal Miksi i\u00e7in Mini Rehber (1. B\u00f6l\u00fcm)","date":"March 15, 2021","format":false,"excerpt":"Bu yaz\u0131mda vokal miksi i\u00e7in kullanabilece\u011finiz sekiz ba\u015fl\u0131ktan olu\u015fan bir mini rehber haz\u0131rlad\u0131m. Her ba\u015fl\u0131\u011f\u0131n alt\u0131nda ilgili yaz\u0131lar\u0131n linklerini ekledim. \u0130lk olarak 22 Mart 2021'de yay\u0131nlanm\u0131\u015f olan bu mini rehber, 8 A\u011fustos 2022, 28 Kas\u0131m 2022, 20 Mart 2023 ve 7 A\u011fustos 2025 tarihlerinde g\u00fcncellenmi\u015ftir. Filtre ve EQKompres\u00f6rEQDe-esserSidechain Kompres\u00f6r Kullan\u0131m\u0131Saturation,\u2026","rel":"","context":"In &quot;M\u00fczik Prod\u00fcksiyonu&quot;","img":{"alt_text":"","src":"https:\/\/i0.wp.com\/www.ufukonen.com\/tr\/wp-content\/uploads\/Vokal_Miksi_Mini_Rehber_00_Header.jpg?resize=350%2C200&ssl=1","width":350,"height":200},"classes":[]},{"id":7446,"url":"https:\/\/www.ufukonen.com\/tr\/kompresor-mini-rehber.html","url_meta":{"origin":3896,"position":1},"title":"Kompres\u00f6r: Mini Rehber","date":"June 27, 2022","format":false,"excerpt":"Kompres\u00f6r \u00fczerine daha \u00f6nce yazd\u0131\u011f\u0131m yaz\u0131lar\u0131 tek bir \u00e7at\u0131 alt\u0131nda toplay\u0131p bir mini rehber olu\u015fturdum. Linkleri ve a\u00e7\u0131klamalar\u0131 a\u015fa\u011f\u0131ya ekliyorum. Kompres\u00f6r\u00fcn \u00e7al\u0131\u015fma prensibi, \u00fczerindeki parametrelerin i\u015flevleri gibi temel bilgileri Ses Kay\u0131t ve M\u00fczik Teknolojileri adl\u0131 kitab\u0131mda bulabilirsiniz. \u0130yi okumalar! Kompres\u00f6r Attack S\u00fcresinin Sese Etkisini G\u00f6rselle\u015ftirecek Olursak\u2026 Attack s\u00fcresi, kompres\u00f6r \u00fczerindeki\u2026","rel":"","context":"In &quot;M\u00fczik Prod\u00fcksiyonu&quot;","img":{"alt_text":"","src":"https:\/\/i0.wp.com\/www.ufukonen.com\/tr\/wp-content\/uploads\/Kompresor_Mini_Rehber_00_Header.jpg?resize=350%2C200&ssl=1","width":350,"height":200},"classes":[]},{"id":5129,"url":"https:\/\/www.ufukonen.com\/tr\/eq-kullanimi-birkac-tavsiye-2.html","url_meta":{"origin":3896,"position":2},"title":"EQ Kullan\u0131m\u0131: Birka\u00e7 Tavsiye (2. B\u00f6l\u00fcm)","date":"October 21, 2019","format":false,"excerpt":"Ge\u00e7ti\u011fimiz y\u0131l yay\u0131mlad\u0131\u011f\u0131m \"EQ Kullan\u0131m\u0131: Birka\u00e7 Tavsiye\" ba\u015fl\u0131kl\u0131 yaz\u0131 baya\u011f\u0131 bir ilgi g\u00f6rd\u00fc. Ard\u0131ndan EQ ile ilgili \u00e7e\u015fitli sorular geldi. Ben de o sorular\u0131 da g\u00f6z \u00f6n\u00fcne alarak bu ba\u015fl\u0131\u011f\u0131 bir yaz\u0131 dizisine \u00e7evirme karar\u0131 ald\u0131m. Birinci b\u00f6l\u00fcm\u00fc okumad\u0131ysan\u0131z yaz\u0131ya bu linkten ula\u015fabilirsiniz. \u00dc\u00e7\u00fcnc\u00fc b\u00f6l\u00fcm i\u00e7in buraya t\u0131klay\u0131n\u0131z. Monit\u00f6r Seviyeleri\u2026","rel":"","context":"In &quot;M\u00fczik Prod\u00fcksiyonu&quot;","img":{"alt_text":"","src":"https:\/\/i0.wp.com\/www.ufukonen.com\/tr\/wp-content\/uploads\/EQ_Kullanimi_Birkac_Tavsiye_1080.jpg?resize=350%2C200&ssl=1","width":350,"height":200},"classes":[]},{"id":5419,"url":"https:\/\/www.ufukonen.com\/tr\/kompresor-teknikleri-3-sidechain.html","url_meta":{"origin":3896,"position":3},"title":"Kompres\u00f6r Teknikleri &#8211; 3. B\u00f6l\u00fcm: Sidechain Kompres\u00f6r Kullan\u0131m\u0131","date":"February 10, 2020","format":false,"excerpt":"Bu yaz\u0131 dizisi \u00fc\u00e7 b\u00f6l\u00fcmden olu\u015fmaktad\u0131r. \u015eu anda okumakta oldu\u011funuz \u00fc\u00e7\u00fcnc\u00fc b\u00f6l\u00fcm sidechain kompres\u00f6r kullan\u0131m\u0131 \u00fczerine. Di\u011fer iki b\u00f6l\u00fcme a\u015fa\u011f\u0131daki linklerden ula\u015fabilirsiniz: Kompres\u00f6r Teknikleri - 1. B\u00f6l\u00fcm: Paralel Kompres\u00f6r Kullan\u0131m\u0131 Kompres\u00f6r Teknikleri - 2. B\u00f6l\u00fcm: Seri Kompres\u00f6r Kullan\u0131m\u0131 Bu teknikleri DAW i\u00e7inde nas\u0131l uygulayaca\u011f\u0131n\u0131z\u0131 Pro Tools ve Studio One ekran\u2026","rel":"","context":"In &quot;M\u00fczik Prod\u00fcksiyonu&quot;","img":{"alt_text":"","src":"https:\/\/i0.wp.com\/www.ufukonen.com\/tr\/wp-content\/uploads\/Kompresor_Teknikleri_00_Header.jpg?resize=350%2C200&ssl=1","width":350,"height":200},"classes":[]},{"id":7866,"url":"https:\/\/www.ufukonen.com\/tr\/mikste-frekans-cakismasi.html","url_meta":{"origin":3896,"position":4},"title":"Mikste Frekans \u00c7ak\u0131\u015fmalar\u0131n\u0131 \u00d6nlemenin 8 Yolu","date":"January 2, 2023","format":false,"excerpt":"Bu yaz\u0131mda sizlerle mikste frekans \u00e7ak\u0131\u015fmalar\u0131n\u0131 \u00f6nlemek i\u00e7in sekiz y\u00f6ntem payla\u015fmak istiyorum. Y\u00f6ntemlere ge\u00e7meden \u00f6nce frekans \u00e7ak\u0131\u015fmas\u0131n\u0131n k\u0131sa bir tan\u0131m\u0131 ile ba\u015flayal\u0131m. Frekans Maskelemesi \/ \u00c7ak\u0131\u015fmas\u0131 Miks yapan herkesin ba\u015f\u0131na gelmi\u015ftir\u2026 Bazen iki enstr\u00fcman miksin i\u00e7inde kendilerine yer bulmak i\u00e7in birbirleriyle adeta sava\u015fa tutu\u015furlar. Bu sava\u015f\u0131n arkas\u0131ndaki sebep, \u0130ngilizcedeki terimiyle\u2026","rel":"","context":"In &quot;Ses ve M\u00fczik Teknolojileri&quot;","img":{"alt_text":"","src":"https:\/\/i0.wp.com\/www.ufukonen.com\/tr\/wp-content\/uploads\/Mikste_Frekans_Cakismasi_00_Header.jpg?resize=350%2C200&ssl=1","width":350,"height":200},"classes":[]},{"id":5418,"url":"https:\/\/www.ufukonen.com\/tr\/kompresor-teknikleri-2-seri.html","url_meta":{"origin":3896,"position":5},"title":"Kompres\u00f6r Teknikleri &#8211; 2. B\u00f6l\u00fcm: Seri Kompres\u00f6r Kullan\u0131m\u0131","date":"February 3, 2020","format":false,"excerpt":"Bu yaz\u0131 dizisi \u00fc\u00e7 b\u00f6l\u00fcmden olu\u015fmaktad\u0131r. \u015eu anda okumakta oldu\u011funuz ikinci b\u00f6l\u00fcm seri kompres\u00f6r kullan\u0131m\u0131 \u00fczerine. Di\u011fer iki b\u00f6l\u00fcme a\u015fa\u011f\u0131daki linklerden ula\u015fabilirsiniz: Kompres\u00f6r Teknikleri - 1. B\u00f6l\u00fcm: Paralel Kompres\u00f6r Kullan\u0131m\u0131Kompres\u00f6r Teknikleri - 3. B\u00f6l\u00fcm: Sidechain Kompres\u00f6r Kullan\u0131m\u0131 Bu teknikleri DAW i\u00e7inde nas\u0131l uygulayaca\u011f\u0131n\u0131z\u0131 Pro Tools ve Studio One ekran g\u00f6r\u00fcnt\u00fcleri\u2026","rel":"","context":"In &quot;M\u00fczik Prod\u00fcksiyonu&quot;","img":{"alt_text":"","src":"https:\/\/i0.wp.com\/www.ufukonen.com\/tr\/wp-content\/uploads\/Kompresor_Teknikleri_00_Header.jpg?resize=350%2C200&ssl=1","width":350,"height":200},"classes":[]}],"_links":{"self":[{"href":"https:\/\/www.ufukonen.com\/tr\/wp-json\/wp\/v2\/posts\/3896"}],"collection":[{"href":"https:\/\/www.ufukonen.com\/tr\/wp-json\/wp\/v2\/posts"}],"about":[{"href":"https:\/\/www.ufukonen.com\/tr\/wp-json\/wp\/v2\/types\/post"}],"author":[{"embeddable":true,"href":"https:\/\/www.ufukonen.com\/tr\/wp-json\/wp\/v2\/users\/2"}],"replies":[{"embeddable":true,"href":"https:\/\/www.ufukonen.com\/tr\/wp-json\/wp\/v2\/comments?post=3896"}],"version-history":[{"count":8,"href":"https:\/\/www.ufukonen.com\/tr\/wp-json\/wp\/v2\/posts\/3896\/revisions"}],"predecessor-version":[{"id":7467,"href":"https:\/\/www.ufukonen.com\/tr\/wp-json\/wp\/v2\/posts\/3896\/revisions\/7467"}],"wp:featuredmedia":[{"embeddable":true,"href":"https:\/\/www.ufukonen.com\/tr\/wp-json\/wp\/v2\/media\/3899"}],"wp:attachment":[{"href":"https:\/\/www.ufukonen.com\/tr\/wp-json\/wp\/v2\/media?parent=3896"}],"wp:term":[{"taxonomy":"category","embeddable":true,"href":"https:\/\/www.ufukonen.com\/tr\/wp-json\/wp\/v2\/categories?post=3896"},{"taxonomy":"post_tag","embeddable":true,"href":"https:\/\/www.ufukonen.com\/tr\/wp-json\/wp\/v2\/tags?post=3896"}],"curies":[{"name":"wp","href":"https:\/\/api.w.org\/{rel}","templated":true}]}}