{"id":3931,"date":"2018-05-28T01:00:41","date_gmt":"2018-05-27T22:00:41","guid":{"rendered":"http:\/\/www.ufukonen.com\/tr\/?p=3931"},"modified":"2018-05-26T23:18:22","modified_gmt":"2018-05-26T20:18:22","slug":"dunkirk-ve-shepard-tonu","status":"publish","type":"post","link":"https:\/\/www.ufukonen.com\/tr\/dunkirk-ve-shepard-tonu.html","title":{"rendered":"Dunkirk ve Shepard Tonu"},"content":{"rendered":"<p><img loading=\"lazy\" class=\"aligncenter wp-image-3940\" src=\"http:\/\/www.ufukonen.com\/tr\/wp-content\/uploads\/Dunkirk_poster_vertical_1280x720-1024x576.jpg\" alt=\"\" width=\"575\" height=\"323\" srcset=\"https:\/\/www.ufukonen.com\/tr\/wp-content\/uploads\/Dunkirk_poster_vertical_1280x720-1024x576.jpg 1024w, https:\/\/www.ufukonen.com\/tr\/wp-content\/uploads\/Dunkirk_poster_vertical_1280x720-300x169.jpg 300w, https:\/\/www.ufukonen.com\/tr\/wp-content\/uploads\/Dunkirk_poster_vertical_1280x720-768x432.jpg 768w, https:\/\/www.ufukonen.com\/tr\/wp-content\/uploads\/Dunkirk_poster_vertical_1280x720.jpg 1280w\" sizes=\"(max-width: 575px) 100vw, 575px\" \/><\/p>\n<p>Christopher Nolan zaman kavram\u0131 \u00fczerine oynamay\u0131 seven bir y\u00f6netmen. T\u0131pk\u0131 Inception&#8217;da oldu\u011fu gibi Dunkirk&#8217;te de farkl\u0131 zaman \u00e7izgileri var: Bir haftaya yay\u0131lm\u0131\u015f kumsaldan ka\u00e7\u0131\u015f hikayesi, bir g\u00fcne yay\u0131lm\u0131\u015f yard\u0131m i\u00e7in giden teknenin hikayesi ve bir saate yay\u0131lm\u0131\u015f pilotlar\u0131n hikayesi. Bunlar bir noktada birle\u015fiyor.<\/p>\n<p>Bu komplike i\u00e7erik ve anlat\u0131m bi\u00e7imi Hans Zimmer&#8217;\u0131n m\u00fczi\u011fi ile birle\u015fti\u011finde ortaya o kadar a\u011f\u0131r bir film \u00e7\u0131k\u0131yor ki, seyirciler filmi izlerken hem geriliyorlar hem de yoruluyorlar.<\/p>\n<p>Film izleyici \u00fczerinde adeta tedirginlik yarat\u0131yor. Bana \u00f6yle olmu\u015ftu. Yorumlardan okudu\u011fum kadar\u0131yla benim gibi d\u00fc\u015f\u00fcnen pek \u00e7ok ki\u015fi var.<\/p>\n<p>Bu tedirginli\u011fin en \u00f6nemli sebeplerinden biri Hans Zimmer&#8217;\u0131n m\u00fczi\u011finde kulland\u0131\u011f\u0131 Shepard tonu (Shepard tone) ve Shepard gam\u0131 (Shepard scale).<\/p>\n<p>Asl\u0131nda Shepard tonunu kullanmak Zimmer&#8217;\u0131n de\u011fil, Nolan&#8217;\u0131n fikri. Nolan, Business Insider&#8217;a verdi\u011fi r\u00f6portajda Shepard tonunu ilk defa besteci David Julyan ile birlikte Prestige adl\u0131 filmde kulland\u0131klar\u0131n\u0131, Dunkirk&#8217;\u00fcn senaryosunu yazarken de filmdeki s\u00fcrekli olarak artarak devam eden tansiyonu bu prensibe dayand\u0131rd\u0131\u011f\u0131n\u0131 a\u00e7\u0131k\u00e7a ifade etmi\u015fti.<\/p>\n<p>&nbsp;<\/p>\n<h3><strong>Shepard Tonu<\/strong><\/h3>\n<p>Shepard tonu, aralar\u0131nda birer oktav fark bulunan sin\u00fcs dalgalar\u0131n\u0131n (\u00f6rnek olarak 200 Hz, 400 Hz ve 800 Hz) \u00fcst\u00fc \u00fcste binmesi ile ortaya \u00e7\u0131kan sestir. Ayn\u0131 \u015fekilde bunu notalar i\u00e7in de d\u00fc\u015f\u00fcnebiliriz (\u00f6rnek olarak A2, A3 ve A4).<\/p>\n<p>Shepard tonu, ad\u0131n\u0131 Amerikal\u0131 bili\u015fsel bilim (cognitive science) uzman\u0131 Roger Shepard&#8217;dan alm\u0131\u015ft\u0131r. Shepard&#8217;\u0131n 1964 y\u0131l\u0131nda Journal of Acoustical Society of America&#8217;da &#8220;Circularity in Judgements of Relative Pitch&#8221; ba\u015fl\u0131kl\u0131 makalesi bu kavram \u00fczerine yaz\u0131lm\u0131\u015ft\u0131r.<\/p>\n<p>&nbsp;<\/p>\n<h3><strong>Shepard Gam\u0131<\/strong><\/h3>\n<p>Shepard tonu ve Shepard gam\u0131 genelde de\u011fi\u015fimli olarak kullan\u0131lsa da asl\u0131nda ikisi farkl\u0131 terimlerdir.<\/p>\n<p>Shepard gam\u0131, aralar\u0131ndan birer oktav bulunan bir dizi notadan (bir dizi Shepard tonundan) olu\u015fan gamd\u0131r. Bu gam dahilinde s\u0131rayla ayn\u0131 anda \u00e7al\u0131nan notalardan \u00fcst oktavdakilerin sesleri yava\u015f yava\u015f azalt\u0131l\u0131rken, alt oktavdakilerin sesleri ise yava\u015f yava\u015f y\u00fckseltilir. Gam\u0131n ortas\u0131ndaki (aralar\u0131nda birer oktav fark bulunan) notalar ayn\u0131 ses \u015fiddetine sahip olurlar.<\/p>\n<p>Shepard gam\u0131 bu \u015fekilde arka arkaya \u00e7al\u0131nd\u0131\u011f\u0131nda m\u00fczikte s\u00fcrekli bir y\u00fckselme hissi yarat\u0131yor. Shepard gam\u0131 tersten \u00e7al\u0131nd\u0131\u011f\u0131 ve tekrar etti\u011fi zaman bu sefer de m\u00fczikte d\u00fc\u015f\u00fc\u015f hissi yarat\u0131yor.<\/p>\n<p>&nbsp;<\/p>\n<h3><strong>Shepard Gam\u0131: Deneme<\/strong><\/h3>\n<p>Bunu herhangi bir sequencer \u00fczerinde prati\u011fe d\u00f6k\u00fcp deneyebiliriz.<\/p>\n<p>Pro Tools i\u00e7inde bir gam yazd\u0131m ve bu MIDI klibini aralar\u0131nda birer oktav fark olacak \u015fekilde iki defa \u00e7o\u011faltt\u0131m.<\/p>\n<p><a href=\"http:\/\/www.ufukonen.com\/tr\/wp-content\/uploads\/Shepard_Onen_1.jpg\" target=\"_blank\" rel=\"noopener\"><img loading=\"lazy\" class=\"aligncenter wp-image-3942\" src=\"http:\/\/www.ufukonen.com\/tr\/wp-content\/uploads\/Shepard_Onen_1-1024x668.jpg\" alt=\"\" width=\"500\" height=\"326\" srcset=\"https:\/\/www.ufukonen.com\/tr\/wp-content\/uploads\/Shepard_Onen_1-1024x668.jpg 1024w, https:\/\/www.ufukonen.com\/tr\/wp-content\/uploads\/Shepard_Onen_1-300x196.jpg 300w, https:\/\/www.ufukonen.com\/tr\/wp-content\/uploads\/Shepard_Onen_1-768x501.jpg 768w, https:\/\/www.ufukonen.com\/tr\/wp-content\/uploads\/Shepard_Onen_1.jpg 1920w\" sizes=\"(max-width: 500px) 100vw, 500px\" \/><\/a><\/p>\n<p>&nbsp;<\/p>\n<p>Basit bir piyano sesi ile \u00e7ald\u0131r\u0131nca a\u015fa\u011f\u0131daki gibi duyuluyor.<\/p>\n<!--[if lt IE 9]><script>document.createElement('audio');<\/script><![endif]-->\n<audio class=\"wp-audio-shortcode\" id=\"audio-3931-1\" preload=\"none\" style=\"width: 100%;\" controls=\"controls\"><source type=\"audio\/mpeg\" src=\"http:\/\/www.ufukonen.com\/tr\/wp-content\/uploads\/Shepard_Onen_1.mp3?_=1\" \/><a href=\"http:\/\/www.ufukonen.com\/tr\/wp-content\/uploads\/Shepard_Onen_1.mp3\">http:\/\/www.ufukonen.com\/tr\/wp-content\/uploads\/Shepard_Onen_1.mp3<\/a><\/audio>\n<p>&nbsp;<\/p>\n<p>Daha sonra \u00fcst oktavdaki notalar\u0131n \u015fiddetini (velocity) yava\u015f yava\u015f azaltt\u0131m, alt oktavdaki notalar\u0131n \u015fiddetini ise yava\u015f yava\u015f \u00e7o\u011faltt\u0131m. Ortadaki oktav\u0131 sabit b\u0131rakt\u0131m \u00e7\u00fcnk\u00fc Shepard tonunu yakalamak i\u00e7in ayn\u0131 anda (aralar\u0131nda birer oktav bulunan) en az iki adet nota duyulmas\u0131 gerekiyor.<\/p>\n<p>G\u00f6rsel olarak kar\u015f\u0131m\u0131za \u00e7\u0131kan tabloyu a\u015fa\u011f\u0131daki ekran g\u00f6r\u00fcnt\u00fclerinde inceleyebilirsiniz.<\/p>\n<p><a href=\"http:\/\/www.ufukonen.com\/tr\/wp-content\/uploads\/Shepard_Onen_2.jpg\" target=\"_blank\" rel=\"noopener\"><img loading=\"lazy\" class=\"aligncenter wp-image-3943\" src=\"http:\/\/www.ufukonen.com\/tr\/wp-content\/uploads\/Shepard_Onen_2-1024x666.jpg\" alt=\"\" width=\"500\" height=\"325\" srcset=\"https:\/\/www.ufukonen.com\/tr\/wp-content\/uploads\/Shepard_Onen_2-1024x666.jpg 1024w, https:\/\/www.ufukonen.com\/tr\/wp-content\/uploads\/Shepard_Onen_2-300x195.jpg 300w, https:\/\/www.ufukonen.com\/tr\/wp-content\/uploads\/Shepard_Onen_2-768x500.jpg 768w, https:\/\/www.ufukonen.com\/tr\/wp-content\/uploads\/Shepard_Onen_2.jpg 1920w\" sizes=\"(max-width: 500px) 100vw, 500px\" \/><\/a><\/p>\n<p><a href=\"http:\/\/www.ufukonen.com\/tr\/wp-content\/uploads\/Shepard_Onen_3.jpg\" target=\"_blank\" rel=\"noopener\"><img loading=\"lazy\" class=\"aligncenter wp-image-3944\" src=\"http:\/\/www.ufukonen.com\/tr\/wp-content\/uploads\/Shepard_Onen_3-1024x436.jpg\" alt=\"\" width=\"500\" height=\"213\" srcset=\"https:\/\/www.ufukonen.com\/tr\/wp-content\/uploads\/Shepard_Onen_3-1024x436.jpg 1024w, https:\/\/www.ufukonen.com\/tr\/wp-content\/uploads\/Shepard_Onen_3-300x128.jpg 300w, https:\/\/www.ufukonen.com\/tr\/wp-content\/uploads\/Shepard_Onen_3-768x327.jpg 768w, https:\/\/www.ufukonen.com\/tr\/wp-content\/uploads\/Shepard_Onen_3.jpg 1920w\" sizes=\"(max-width: 500px) 100vw, 500px\" \/><\/a><\/p>\n<p>&nbsp;<\/p>\n<p>Loop yaparak ald\u0131\u011f\u0131m sonucu a\u015fa\u011f\u0131daki ses klibinde dinleyebilirsiniz.<\/p>\n<audio class=\"wp-audio-shortcode\" id=\"audio-3931-2\" preload=\"none\" style=\"width: 100%;\" controls=\"controls\"><source type=\"audio\/mpeg\" src=\"http:\/\/www.ufukonen.com\/tr\/wp-content\/uploads\/Shepard_Onen_2.mp3?_=2\" \/><a href=\"http:\/\/www.ufukonen.com\/tr\/wp-content\/uploads\/Shepard_Onen_2.mp3\">http:\/\/www.ufukonen.com\/tr\/wp-content\/uploads\/Shepard_Onen_2.mp3<\/a><\/audio>\n<p>&nbsp;<\/p>\n<p>Ald\u0131\u011f\u0131m sonu\u00e7 gamlar\u0131n d\u00fcz \u00e7al\u0131nan haline g\u00f6re olduk\u00e7a farkl\u0131. Bence bir y\u00fckselme hissi var ancak bu y\u00fckselme hissi sonsuza giden bir his gibi gelmiyor bana&#8230; &#8220;Loop&#8221; oldu\u011funu duyuyorum.<\/p>\n<p>&nbsp;<\/p>\n<h3><strong>Shepard-Risset Glissando<\/strong><\/h3>\n<p>Shepard gam\u0131ndan esinlenen Jean-Claude Risset, tonlar\u0131n s\u00fcrekli olarak kayarak y\u00fckseldi\u011fi (veya al\u00e7ald\u0131\u011f\u0131) kendi versiyonunu yapm\u0131\u015f, buna da Shepard-Risset glissando ismini vermi\u015f.<\/p>\n<p>Shepard-Risset glissando, Shepard gam\u0131 gibi, arka arkaya tekrar edildi\u011finde s\u00fcrekli bir y\u00fckselme veya d\u00fc\u015f\u00fc\u015f hissi yarat\u0131yor.<\/p>\n<p>&nbsp;<\/p>\n<h3><strong>Shepard-Risset Glissando: Deneme<\/strong><\/h3>\n<p>Bunu prati\u011fe d\u00f6kmek i\u00e7in \u00fc\u00e7 tane birer oktavl\u0131k &#8220;sweep tone&#8221; haz\u0131rlad\u0131m: Birincisi 220-440 Hz, ikincisi 440-880 Hz, \u00fc\u00e7\u00fcnc\u00fcs\u00fc de 880-1760 Hz aras\u0131nda.<\/p>\n<p>\u00dcst frekanslardaki sin\u00fcs dalgas\u0131n\u0131n ses seviyesi yava\u015f yava\u015f azal\u0131rken, alt frekanslardaki dalgan\u0131n seviyesi ise yava\u015f yava\u015f \u00e7o\u011fal\u0131yor. Orta frekanslardaki dalgan\u0131n seviyesi sabit.<\/p>\n<p><a href=\"http:\/\/www.ufukonen.com\/tr\/wp-content\/uploads\/Shepard_Onen_4.jpg\" target=\"_blank\" rel=\"noopener\"><img loading=\"lazy\" class=\"aligncenter wp-image-3945\" src=\"http:\/\/www.ufukonen.com\/tr\/wp-content\/uploads\/Shepard_Onen_4-1024x290.jpg\" alt=\"\" width=\"500\" height=\"141\" srcset=\"https:\/\/www.ufukonen.com\/tr\/wp-content\/uploads\/Shepard_Onen_4-1024x290.jpg 1024w, https:\/\/www.ufukonen.com\/tr\/wp-content\/uploads\/Shepard_Onen_4-300x85.jpg 300w, https:\/\/www.ufukonen.com\/tr\/wp-content\/uploads\/Shepard_Onen_4-768x217.jpg 768w, https:\/\/www.ufukonen.com\/tr\/wp-content\/uploads\/Shepard_Onen_4.jpg 1920w\" sizes=\"(max-width: 500px) 100vw, 500px\" \/><\/a><\/p>\n<p>&nbsp;<\/p>\n<p>Ses kanallar\u0131n\u0131 gruplay\u0131p ufak dokunu\u015flarla flanger, chorus, delay ve reverb ekledim. Sonucu a\u015fa\u011f\u0131daki ses klibinde dinleyebilirsiniz.<\/p>\n<audio class=\"wp-audio-shortcode\" id=\"audio-3931-3\" preload=\"none\" style=\"width: 100%;\" controls=\"controls\"><source type=\"audio\/mpeg\" src=\"http:\/\/www.ufukonen.com\/tr\/wp-content\/uploads\/Shepard_Onen_Glissando.mp3?_=3\" \/><a href=\"http:\/\/www.ufukonen.com\/tr\/wp-content\/uploads\/Shepard_Onen_Glissando.mp3\">http:\/\/www.ufukonen.com\/tr\/wp-content\/uploads\/Shepard_Onen_Glissando.mp3<\/a><\/audio>\n<p>&nbsp;<\/p>\n<p>Bu, bence piyano ile yapt\u0131\u011f\u0131m Shepard gam\u0131na g\u00f6re \u00e7ok daha inand\u0131r\u0131c\u0131. S\u00fcrekli bir y\u00fckselme hissi var. Asl\u0131nda ses dalgalar\u0131 sadece birer oktavl\u0131k bir aral\u0131kta d\u00f6n\u00fcp dursa da ortaya \u00e7\u0131kan sonu\u00e7 sonsuza giden bir y\u00fckselme hissiyat\u0131 \u015feklinde. G\u00f6rsel olarak e\u015fle\u015ftirmek gerekirse bana eski berberlerin kap\u0131s\u0131ndaki d\u00f6nen k\u0131rm\u0131z\u0131 beyaz i\u015faretleri hat\u0131rlat\u0131yor.<\/p>\n<p>&nbsp;<\/p>\n<h3><strong>Dunkirk ve Hans Zimmer<\/strong><\/h3>\n<p>Shepard tonunu ya da gam\u0131n\u0131 kullanma fikri belki Hans Zimmer&#8217;a ait de\u011fil ancak Shepard gam\u0131n\u0131n filmdeki kullan\u0131l\u0131\u015f \u015feklinde Zimmer&#8217;\u0131n b\u00fcy\u00fck katk\u0131s\u0131 var.<\/p>\n<p>Filmde \u00fc\u00e7 farkl\u0131 zaman \u00e7izgisine yay\u0131lm\u0131\u015f \u00fc\u00e7 farkl\u0131 hikaye oldu\u011funu belirtmi\u015ftim: Kumsaldan ka\u00e7\u0131\u015f hikayesi (bir hafta), yard\u0131m i\u00e7in giden teknenin hikayesi (bir g\u00fcn) ve pilotlar\u0131n hikayesi (bir saat).<\/p>\n<p>Bu \u00fc\u00e7 hikaye filmin sonunda birle\u015fiyor. Zimmer bu birle\u015fme noktas\u0131na yakla\u015f\u0131rken birlikte akan ancak \u00fc\u00e7 farkl\u0131 s\u00fcreye yay\u0131lm\u0131\u015f \u00fc\u00e7 Shepard gam\u0131 kullan\u0131yor.<\/p>\n<p>\u0130lk Shepard gam\u0131 alt oktavlardan \u00e7al\u0131n\u0131yor. \u0130kinci Shepard gam\u0131 daha yukar\u0131daki oktavlardan ve birinci gama g\u00f6re iki kat h\u0131zl\u0131 bir tempo ile \u00e7al\u0131n\u0131yor. \u00dc\u00e7\u00fcnc\u00fc Shepard gam\u0131 ise \u00fcst oktavlardan ve ikinci gama g\u00f6re iki (birinci gama g\u00f6re d\u00f6rt) kat h\u0131zl\u0131 bir tempo ile \u00e7al\u0131n\u0131yor.<\/p>\n<p><span class=\"embed-youtube\" style=\"text-align:center; display: block;\"><iframe loading=\"lazy\" class=\"youtube-player\" width=\"700\" height=\"394\" src=\"https:\/\/www.youtube.com\/embed\/KKkCP7ovMQA?version=3&#038;rel=1&#038;showsearch=0&#038;showinfo=1&#038;iv_load_policy=1&#038;fs=1&#038;hl=en-US&#038;autohide=2&#038;start=220&#038;wmode=transparent\" allowfullscreen=\"true\" style=\"border:0;\" sandbox=\"allow-scripts allow-same-origin allow-popups allow-presentation\"><\/iframe><\/span><\/p>\n<p style=\"text-align: center;\">&#8220;The Oil&#8221; &#8211; Hans Zimmer (Dunkirk Original Motion Picture Soundtrack) [03:40&#8217;tan itibaren]<\/p>\n<p>Filmdeki komplike anlat\u0131m yap\u0131s\u0131, komplike bir m\u00fczik yap\u0131s\u0131 ile bir araya gelince ortaya seyirciyi yoran a\u011f\u0131r bir i\u015f \u00e7\u0131k\u0131yor.<\/p>\n<p>Filmi be\u011fenenler oldu\u011fu kadar be\u011fenmeyenler de var. \u015eahsen ben Nolan&#8217;\u0131n \u00e7ok zaman \u00e7izgili anlat\u0131m \u015feklini ve Zimmer ile yapt\u0131\u011f\u0131 i\u015f birli\u011fini \u00e7ok be\u011fendim. Filmdeki gerginli\u011fi ve tedirginli\u011fi bir ses ill\u00fczyonu \u00fczerine kurmu\u015f olmas\u0131 da tabii beni \u00e7ok mutlu etti. Belki Dunkirk&#8217;\u00fcn beni etkilemesinin en \u00f6nemli sebebi budur. Di\u011fer yandan favori Nolan filmimi soracak olursan\u0131z cevab\u0131m Interstellar olur. Filmin kendisi gibi ses tasar\u0131m\u0131n\u0131 ve m\u00fczi\u011fi de bence \u00e7ok ba\u015far\u0131l\u0131d\u0131r. Belki o da ba\u015fka bir blog yaz\u0131ma konu olur.<\/p>\n<p>&nbsp;<\/p>\n<p>Teknik terimler i\u00e7in <a href=\"http:\/\/www.ufukonen.com\/tr\/ses-kayit-muzik-teknolojisi-terimler-sozluk.html\">m\u00fczik teknolojisi, m\u00fczik prod\u00fcksiyonu ve ses kay\u0131t terimleri s\u00f6zl\u00fc\u011f\u00fcne<\/a> g\u00f6z atabilirsiniz.<\/p>\n<p>Benzer payla\u015f\u0131mlar i\u00e7in beni <a href=\"https:\/\/www.facebook.com\/ufukonen.skmt\/\" target=\"_blank\" rel=\"noopener\">Facebook<\/a> ve <a href=\"https:\/\/twitter.com\/UfukOnen\" target=\"_blank\" rel=\"noopener\">Twitter<\/a>&#8216;da takip edebilir, haberler i\u00e7in <a href=\"http:\/\/ufukonen.com\/tr\/ses-kayit-muzik-teknolojisi-terimler-sozluk.html\" target=\"_blank\" rel=\"noopener\">mesaj listeme \u00fcye olabilirsiniz<\/a>. Te\u015fekk\u00fcrler.<\/p>\n<p>\u00a9 2018 Ufuk \u00d6nen. Her hakk\u0131 sakl\u0131d\u0131r. \u0130zinsiz kullan\u0131lamaz.<\/p>\n","protected":false},"excerpt":{"rendered":"<p class=\"post-excerpt\">Christopher Nolan zaman kavram\u0131 \u00fczerine oynamay\u0131 seven bir y\u00f6netmen. T\u0131pk\u0131 Inception&#8217;da oldu\u011fu gibi Dunkirk&#8217;te de farkl\u0131 zaman \u00e7izgileri var: Bir&#8230;<\/p>\n","protected":false},"author":2,"featured_media":3940,"comment_status":"closed","ping_status":"open","sticky":false,"template":"","format":"standard","meta":{"_mi_skip_tracking":false,"spay_email":"","jetpack_publicize_message":"","jetpack_is_tweetstorm":false,"jetpack_publicize_feature_enabled":true},"categories":[16],"tags":[],"jetpack_featured_media_url":"https:\/\/www.ufukonen.com\/tr\/wp-content\/uploads\/Dunkirk_poster_vertical_1280x720.jpg","jetpack_publicize_connections":[],"jetpack_shortlink":"https:\/\/wp.me\/p3rjsG-11p","jetpack_sharing_enabled":true,"jetpack-related-posts":[{"id":4940,"url":"https:\/\/www.ufukonen.com\/tr\/gitar-kayit-teller-surtunme-sesleri.html","url_meta":{"origin":3931,"position":0},"title":"Gitar Kay\u0131tlar\u0131nda Tellerden \u00c7\u0131kan S\u00fcrt\u00fcnme Seslerinden Nas\u0131l Kurtulabiliriz?","date":"July 29, 2019","format":false,"excerpt":"\"Gitar kay\u0131tlar\u0131nda tellerden \u00e7\u0131kan s\u00fcrt\u00fcnme seslerinden nas\u0131l kurtulabiliriz?\" Bu soru bana hem klasik hem de akustik gitar kay\u0131tlar\u0131 i\u00e7in defalarca soruldu. Ge\u00e7enlerde bir ki\u015fi daha sorunca bununla ilgili bir blog yaz\u0131s\u0131 yazmaya karar verdim. \u00d6ncelikle \u015funu belirteyim: Ben tellerden \u00e7\u0131kan bu s\u00fcrt\u00fcnme seslerinin asl\u0131nda enstr\u00fcman\u0131n sesinin bir par\u00e7as\u0131 oldu\u011funu d\u00fc\u015f\u00fcn\u00fcyorum.\u2026","rel":"","context":"In &quot;M\u00fczik Prod\u00fcksiyonu&quot;","img":{"alt_text":"","src":"https:\/\/i0.wp.com\/www.ufukonen.com\/tr\/wp-content\/uploads\/Gitar_Kayit_Surtunme_Ses_720.jpg?resize=350%2C200&ssl=1","width":350,"height":200},"classes":[]},{"id":5594,"url":"https:\/\/www.ufukonen.com\/tr\/overdrive-distortion-fuzz.html","url_meta":{"origin":3931,"position":1},"title":"Overdrive, Distortion ve Fuzz","date":"April 20, 2020","format":false,"excerpt":"G\u00fcn\u00fcm\u00fczde \"kirli\", \"g\u00fcr\u00fclt\u00fcl\u00fc\" ve \"sert\" gitar tonlar\u0131n\u0131 ifade etmek i\u00e7in genel bir terim olarak 'distortion'; \"distortion tonu\" elde etmek i\u00e7in ise overdrive, distortion ve fuzz pedallar\u0131 kullan\u0131l\u0131yor. Bazen overdrive, distortion ve fuzz pedallar\u0131n\u0131n ayn\u0131 \u015fey oldu\u011fu d\u00fc\u015f\u00fcn\u00fcl\u00fcyor. Asl\u0131nda i\u015fin temeline inecek olursa bunun yanl\u0131\u015f oldu\u011funu s\u00f6yleyemeyiz. Bu \u00fc\u00e7 pedal da\u2026","rel":"","context":"In &quot;Ses ve M\u00fczik Teknolojileri&quot;","img":{"alt_text":"","src":"https:\/\/i0.wp.com\/www.ufukonen.com\/tr\/wp-content\/uploads\/Overdrive_Distortion_Fuzz_00_Header.jpg?resize=350%2C200&ssl=1","width":350,"height":200},"classes":[]},{"id":7037,"url":"https:\/\/www.ufukonen.com\/tr\/logic-pro-normalize-region-gain.html","url_meta":{"origin":3931,"position":2},"title":"Logic Pro &#8211; &#8216;Normalize Region Gain&#8217; \u00d6zelli\u011fi ile Gain Staging","date":"December 13, 2021","format":false,"excerpt":"Logic Pro i\u00e7inde 'Normalize Region Gain' ad\u0131nda \u00e7ok g\u00fc\u00e7l\u00fc bir \u00f6zellik var. Ad\u0131ndan da tahmin edebilece\u011finiz gibi bu \u00f6zellik normalization i\u015flemi i\u00e7in kullan\u0131l\u0131yor. Normalization i\u015flemini her DAW i\u00e7inde ya da her audio editor program\u0131 ile yapmak m\u00fcmk\u00fcn ama Logic Pro i\u00e7indeki kullan\u0131c\u0131ya sundu\u011fu se\u00e7eneklerden dolay\u0131 biraz farkl\u0131. Ba\u015flamadan \u00f6nce iki\u2026","rel":"","context":"In &quot;Ses ve M\u00fczik Teknolojileri&quot;","img":{"alt_text":"","src":"https:\/\/i0.wp.com\/www.ufukonen.com\/tr\/wp-content\/uploads\/LogicPro_NormalizeRegionGain_00_Header.jpg?resize=350%2C200&ssl=1","width":350,"height":200},"classes":[]},{"id":3563,"url":"https:\/\/www.ufukonen.com\/tr\/projelerinizi-ses-dosyalarinizi-ve-diger-verilerinizi-yedekliyor-musunuz.html","url_meta":{"origin":3931,"position":3},"title":"Projelerinizi, Ses Dosyalar\u0131n\u0131z\u0131 ve Di\u011fer Verilerinizi Yedekliyor musunuz?","date":"December 25, 2017","format":false,"excerpt":"Bilgisayar ile ilgili olarak hem \u015fahsi hem de profesyonel i\u015flerim i\u00e7in en dikkat etti\u011fim noktalardan biri yedekleme yapmak ve yedekleri s\u00fcrekli olarak g\u00fcncel tutmakt\u0131r. \u015e\u00f6yle bir ger\u00e7ek var: her disk bozulur! Soru, diskin bozulup bozulmayaca\u011f\u0131 de\u011fil, ne zaman bozulaca\u011f\u0131d\u0131r. Baz\u0131 diskler y\u0131llarca sorunsuz \u00e7al\u0131\u015f\u0131r, baz\u0131lar\u0131 ise daha yeniyken bozulur... Ama\u2026","rel":"","context":"In &quot;Ses ve M\u00fczik Teknolojileri&quot;","img":{"alt_text":"","src":"https:\/\/i0.wp.com\/www.ufukonen.com\/tr\/wp-content\/uploads\/proje_yedek_baslik_1280x720.jpg?resize=350%2C200&ssl=1","width":350,"height":200},"classes":[]},{"id":6771,"url":"https:\/\/www.ufukonen.com\/tr\/mikrofon-pozisyon-etkisi.html","url_meta":{"origin":3931,"position":4},"title":"Kullan\u0131m \u015eekli El Tipi Mikrofonlar\u0131n Frekans Cevab\u0131n\u0131 Nas\u0131l Etkiliyor?","date":"August 9, 2021","format":false,"excerpt":"D\u00fcnyan\u0131n en prestijli mikrofon firmalar\u0131ndan DPA, tutu\u015f pozisyonlar\u0131n\u0131n el tipi mikrofonlar\u0131n frekans cevab\u0131 \u00fczerindeki etkileri ile ilgili bir ara\u015ft\u0131rma yapm\u0131\u015f. Ara\u015ft\u0131rman\u0131n sonucunu da poster haline getirmi\u015fler. Posterin y\u00fcksek \u00e7\u00f6z\u00fcn\u00fcrl\u00fckl\u00fc PDF dosyas\u0131n\u0131n linkini yaz\u0131n\u0131n sonunda payla\u015f\u0131yorum. Bu arada, daha \u00f6nce yine bu konu ile ilgili olarak benzer bir ara\u015ft\u0131rma payla\u015fm\u0131\u015ft\u0131m. Linki\u2026","rel":"","context":"In &quot;Ses ve M\u00fczik Teknolojileri&quot;","img":{"alt_text":"","src":"https:\/\/i0.wp.com\/www.ufukonen.com\/tr\/wp-content\/uploads\/El_Tipi_Mikrofon_Frekans-_Cevap_00_Header.jpg?resize=350%2C200&ssl=1","width":350,"height":200},"classes":[]},{"id":6025,"url":"https:\/\/www.ufukonen.com\/tr\/fabfilter-pro-q3-eq-match.html","url_meta":{"origin":3931,"position":5},"title":"FabFilter Pro-Q 3 ve EQ Match \u00d6zelli\u011fi","date":"August 31, 2020","format":false,"excerpt":"Bazen elimizdeki bir ses dosyas\u0131n\u0131n genel ton karakteristi\u011fini ya da daha teknik bir terimle frekans spektrumunu ba\u015fka bir ses dosyas\u0131n\u0131n frekans spektrumu ile e\u015fle\u015ftirmeye ihtiya\u00e7 duyar\u0131z. \u00d6rnek olarak, birka\u00e7 g\u00fcne yay\u0131lm\u0131\u015f bir vokal kayd\u0131 yaparken mikrofonu de\u011fi\u015ftirmesek, hatta yerinden k\u0131p\u0131rdatmasak bile solistin, kay\u0131tlar s\u0131ras\u0131nda, mikrofona olan uzakl\u0131\u011f\u0131n\u0131 ve duru\u015f a\u00e7\u0131s\u0131n\u0131\u2026","rel":"","context":"In &quot;Ses ve M\u00fczik Teknolojileri&quot;","img":{"alt_text":"","src":"https:\/\/i0.wp.com\/www.ufukonen.com\/tr\/wp-content\/uploads\/FabFilter_ProQ3_EQ_Match_00_Header.jpg?resize=350%2C200&ssl=1","width":350,"height":200},"classes":[]}],"_links":{"self":[{"href":"https:\/\/www.ufukonen.com\/tr\/wp-json\/wp\/v2\/posts\/3931"}],"collection":[{"href":"https:\/\/www.ufukonen.com\/tr\/wp-json\/wp\/v2\/posts"}],"about":[{"href":"https:\/\/www.ufukonen.com\/tr\/wp-json\/wp\/v2\/types\/post"}],"author":[{"embeddable":true,"href":"https:\/\/www.ufukonen.com\/tr\/wp-json\/wp\/v2\/users\/2"}],"replies":[{"embeddable":true,"href":"https:\/\/www.ufukonen.com\/tr\/wp-json\/wp\/v2\/comments?post=3931"}],"version-history":[{"count":14,"href":"https:\/\/www.ufukonen.com\/tr\/wp-json\/wp\/v2\/posts\/3931\/revisions"}],"predecessor-version":[{"id":3954,"href":"https:\/\/www.ufukonen.com\/tr\/wp-json\/wp\/v2\/posts\/3931\/revisions\/3954"}],"wp:featuredmedia":[{"embeddable":true,"href":"https:\/\/www.ufukonen.com\/tr\/wp-json\/wp\/v2\/media\/3940"}],"wp:attachment":[{"href":"https:\/\/www.ufukonen.com\/tr\/wp-json\/wp\/v2\/media?parent=3931"}],"wp:term":[{"taxonomy":"category","embeddable":true,"href":"https:\/\/www.ufukonen.com\/tr\/wp-json\/wp\/v2\/categories?post=3931"},{"taxonomy":"post_tag","embeddable":true,"href":"https:\/\/www.ufukonen.com\/tr\/wp-json\/wp\/v2\/tags?post=3931"}],"curies":[{"name":"wp","href":"https:\/\/api.w.org\/{rel}","templated":true}]}}