{"id":3955,"date":"2018-06-04T01:00:44","date_gmt":"2018-06-03T22:00:44","guid":{"rendered":"http:\/\/www.ufukonen.com\/tr\/?p=3955"},"modified":"2018-06-04T01:04:59","modified_gmt":"2018-06-03T22:04:59","slug":"bruce-swedien-ile-vokal-kaydi-uzerine","status":"publish","type":"post","link":"https:\/\/www.ufukonen.com\/tr\/bruce-swedien-ile-vokal-kaydi-uzerine.html","title":{"rendered":"Bruce Swedien ile Vokal Kayd\u0131 \u00dczerine"},"content":{"rendered":"<p><img loading=\"lazy\" class=\"aligncenter wp-image-3959\" src=\"http:\/\/www.ufukonen.com\/tr\/wp-content\/uploads\/BruceSwedien_PhotoCredit_MrBonzai_1280x720-1024x576.jpg\" alt=\"\" width=\"575\" height=\"323\" srcset=\"https:\/\/www.ufukonen.com\/tr\/wp-content\/uploads\/BruceSwedien_PhotoCredit_MrBonzai_1280x720-1024x576.jpg 1024w, https:\/\/www.ufukonen.com\/tr\/wp-content\/uploads\/BruceSwedien_PhotoCredit_MrBonzai_1280x720-300x169.jpg 300w, https:\/\/www.ufukonen.com\/tr\/wp-content\/uploads\/BruceSwedien_PhotoCredit_MrBonzai_1280x720-768x432.jpg 768w, https:\/\/www.ufukonen.com\/tr\/wp-content\/uploads\/BruceSwedien_PhotoCredit_MrBonzai_1280x720.jpg 1280w\" sizes=\"(max-width: 575px) 100vw, 575px\" \/><\/p>\n<p>Bruce Swedien denince ilk akla gelen Michael Jackson&#8217;\u0131n <em>Thriller<\/em> alb\u00fcm\u00fc oluyor ama Swedien&#8217;\u0131n kariyeri asl\u0131nda daha bir\u00e7ok ba\u015far\u0131 ile dolu. Swedien, ses kay\u0131t ve miks m\u00fchendisi olarak Quincy Jones, Paul McCartney, Count Basie, Duke Ellington, Santana, Jennifer Lopez gibi sanat\u00e7\u0131larla \u00e7al\u0131\u015fm\u0131\u015f. On \u00fc\u00e7 defa Grammy \u00f6d\u00fcl\u00fcne aday g\u00f6sterilmi\u015f, be\u015fini kazanm\u0131\u015f.<\/p>\n<p>Swedien ile 2009 y\u0131l\u0131nda New York&#8217;ta kat\u0131ld\u0131\u011f\u0131m Audio Engineering Society&#8217;nin kongresinde &#8220;ayak\u00fcst\u00fc&#8221; tan\u0131\u015fm\u0131\u015ft\u0131m. Daha sonra <a href=\"http:\/\/www.ufukonen.com\/tr\/aes-137th-los-angeles-2014.html\" target=\"_blank\" rel=\"noopener\">2014 y\u0131l\u0131nda Los Angeles&#8217;ta, yine Audio Engineering Society&#8217;nin kongresinde<\/a>, Bobby Owsinski ile birlikte kar\u015f\u0131la\u015ft\u0131k kendisi ile. Biraz sohbet etme \u015fans\u0131m olmu\u015ftu.<\/p>\n<p><img loading=\"lazy\" class=\"aligncenter wp-image-3957\" src=\"http:\/\/www.ufukonen.com\/tr\/wp-content\/uploads\/BruceSwedien_AES_2014_LA_1280x720-1024x576.jpg\" alt=\"\" width=\"575\" height=\"323\" srcset=\"https:\/\/www.ufukonen.com\/tr\/wp-content\/uploads\/BruceSwedien_AES_2014_LA_1280x720-1024x576.jpg 1024w, https:\/\/www.ufukonen.com\/tr\/wp-content\/uploads\/BruceSwedien_AES_2014_LA_1280x720-300x169.jpg 300w, https:\/\/www.ufukonen.com\/tr\/wp-content\/uploads\/BruceSwedien_AES_2014_LA_1280x720-768x432.jpg 768w, https:\/\/www.ufukonen.com\/tr\/wp-content\/uploads\/BruceSwedien_AES_2014_LA_1280x720.jpg 1280w\" sizes=\"(max-width: 575px) 100vw, 575px\" \/><\/p>\n<p>&nbsp;<\/p>\n<p>Bruce Swedien&#8217;\u0131n <em>Make Mine Music<\/em> ad\u0131nda bir kitab\u0131 var. Swedien&#8217;\u0131n bu kitapta vokal kayd\u0131 ile ilgili olarak anlatt\u0131klar\u0131n\u0131 k\u0131sa b\u00f6l\u00fcmler halinde sizlerle payla\u015fmak istiyorum.<\/p>\n<p>&nbsp;<\/p>\n<h3><strong>M\u00fczik T\u00fcr\u00fc<\/strong><\/h3>\n<p>Swedien, vokal kayd\u0131nda her \u015feyden \u00f6nce m\u00fczik t\u00fcr\u00fcn\u00fcn \u00e7ok \u00f6nemli oldu\u011funu s\u00f6yl\u00fcyor.<\/p>\n<p>Swedien&#8217;a g\u00f6re m\u00fczik t\u00fcr\u00fc, mikrofonun soliste ne kadar mesafe ile yerle\u015ftirilece\u011fini belirliyor. \u00d6rnek olarak pop ve rock kay\u0131tlar\u0131nda mikrofonun soliste \u00e7ok yak\u0131n, caz kay\u0131tlar\u0131nda ise biraz daha uzak olmas\u0131n\u0131 tercih ediyor.<\/p>\n<p>M\u00fczik t\u00fcr\u00fc solistin di\u011fer m\u00fczisyenlerle ayn\u0131 anda m\u0131, yoksa sonradan m\u0131 kaydedilece\u011fini de belirliyor. \u00d6rnek olarak pop ve rock kay\u0131tlar\u0131nda hemen hemen her zaman solist ayr\u0131ca kaydediliyor. Di\u011fer yandan bir\u00e7ok caz kayd\u0131nda solist ve di\u011fer m\u00fczisyenler ayn\u0131 anda kaydediliyor. Bu da mikrofon ve polar pattern se\u00e7imi, mikrofon yerle\u015fimi gibi kararlar\u0131 etkiliyor.<\/p>\n<p>&nbsp;<\/p>\n<h3><strong>Mikrofon Se\u00e7imi<\/strong><\/h3>\n<p>Swedien, m\u00fczik kayd\u0131 yapmay\u0131 bir sanat\u00e7\u0131n\u0131n bir manzaray\u0131 resme aktarmas\u0131na benzetiyor. Sanat\u00e7\u0131n\u0131n manzaran\u0131n kendisini de\u011fil, kendi yorumunu tuvale aktard\u0131\u011f\u0131n\u0131, benzer bir \u015fekilde m\u00fczik kayd\u0131nda kayd\u0131 yapan ki\u015finin o anda icra edilmekte olan m\u00fczi\u011fi kendi dokunu\u015fu ile banta ya da kay\u0131t ortam\u0131na aktard\u0131\u011f\u0131n\u0131 s\u00f6yl\u00fcyor. Mikrofon se\u00e7imi bu &#8220;dokunu\u015f&#8221;ta b\u00fcy\u00fck \u00f6nem ta\u015f\u0131yor!<\/p>\n<p>Swedien, mikrofon se\u00e7iminin sadece solistin ses \u00f6zelliklerinin ve vokal ki\u015fili\u011finin kayda en iyi \u015fekilde yans\u0131mas\u0131na g\u00f6re yap\u0131lmas\u0131 gerekti\u011fini vurguluyor. Belli bir tecr\u00fcbe birikimine ula\u015ft\u0131ktan sonra, solist ile konu\u015furken ya da provas\u0131n\u0131 dinlerken i\u00e7g\u00fcd\u00fcsel olarak hangi mikrofonun iyi sonu\u00e7 verece\u011fini bilmenin m\u00fcmk\u00fcn oldu\u011funu s\u00f6yl\u00fcyor. Tabii tecr\u00fcbe birikiminden bahsederken ortadaki isim Bruce Swedien olunca bunu pek de hafife almamak gerekir!<\/p>\n<p>&nbsp;<\/p>\n<h3><strong>EQ<\/strong><\/h3>\n<p>Swedien, k\u00fc\u00e7\u00fck miktarlardaki EQ kullan\u0131mlar\u0131n\u0131n kay\u0131t a\u00e7\u0131s\u0131ndan yararl\u0131 oldu\u011funu ama muhte\u015fem bir vokal kayd\u0131 i\u00e7in EQ kullan\u0131m\u0131na g\u00fcvenilmemesi gerekti\u011fini s\u00f6yl\u00fcyor. E\u011fer EQ ile b\u00fcy\u00fck bir m\u00fcdahalede bulunmas\u0131n\u0131 gerektiren bir durumla kar\u015f\u0131la\u015f\u0131rsa kulland\u0131\u011f\u0131 mikrofonu de\u011fi\u015ftiriyor.<\/p>\n<p>&nbsp;<\/p>\n<h3><strong>Duble Vokal<\/strong><\/h3>\n<p>Swedien, ana vokalin \u00e7ift kaydedilmesinin genelde \u00e7ok iyi sonu\u00e7lar verdi\u011fini s\u00f6yl\u00fcyor. Bunun i\u00e7in kulland\u0131\u011f\u0131 baz\u0131 teknikleri anlat\u0131yor.<\/p>\n<p>Swedien, ikinci olarak kaydedece\u011fi ana vokal (duble vokal) i\u00e7in mikrofonu solistten biraz uzakla\u015ft\u0131r\u0131yor. Bunu yapmas\u0131n\u0131n iki sebebi var. Birincisi, mesafe de\u011fi\u015fince kaydedilen sesin renginde az da olsa bir de\u011fi\u015fiklik oluyor ve bu kayda zenginlik kat\u0131yor. \u0130kinci sebep de kayda ilk yans\u0131malar\u0131 (early reflections) dahil etmek.<\/p>\n<p>Swedien&#8217;\u0131n kulland\u0131\u011f\u0131 bir teknik daha var. \u0130kinci ana vokal kayd\u0131 s\u0131ras\u0131nda DAW ya da banttan gelen \u00f6nceden kaydedilmi\u015f kanallar\u0131n perdesini 3-4 cent civar\u0131nda d\u00fc\u015f\u00fcr\u00fcyor. B\u00f6yle olunca solist par\u00e7ay\u0131 3-4 cent daha d\u00fc\u015f\u00fck s\u00f6ylemi\u015f oluyor. Swedien mikste bu iki vokal kayd\u0131n\u0131 birle\u015ftirdi\u011finde ortaya zengin ve dolgun bir vokal kayd\u0131 \u00e7\u0131kt\u0131\u011f\u0131n\u0131 s\u00f6yl\u00fcyor. Mikste ikinci vokal kayd\u0131n\u0131, ilk kayda g\u00f6re biraz daha d\u00fc\u015f\u00fck tuttu\u011funu da s\u00f6z\u00fcne ekliyor.<\/p>\n<p>&nbsp;<\/p>\n<h3><strong>D\u00fcet<\/strong><\/h3>\n<p>Swedien, d\u00fcet kay\u0131tlar\u0131nda solistler i\u00e7in farkl\u0131 karakteristi\u011fe sahip mikrofonlar kulland\u0131\u011f\u0131n\u0131 s\u00f6yl\u00fcyor. Solistlerin farkl\u0131 ses renkleri, mikrofonlar\u0131n farkl\u0131 karakteristikleri ile birle\u015fince ortaya \u00e7\u0131kan &#8220;sonik tablo&#8221;nun b\u00fcy\u00fcleyici oldu\u011funu d\u00fc\u015f\u00fcn\u00fcyor.<\/p>\n<p>&nbsp;<\/p>\n<h3><strong>Grup Vokaller<\/strong><\/h3>\n<p>Swedien, 4-5 ki\u015filik vokal gruplar\u0131n\u0131 birbirlerine y\u00fcz y\u00fcze bakacak \u015fekilde kar\u015f\u0131l\u0131kl\u0131 olarak konumland\u0131r\u0131yor. \u0130ki adet geni\u015f diyaframl\u0131 condenser mikrofon kullan\u0131yor. Mikrofonlar\u0131 aralar\u0131nda 10 cm ya da da az bir mesafe olacak \u015fekilde s\u0131rt s\u0131rta yerle\u015ftiriyor.<\/p>\n<p>&nbsp;<\/p>\n<h3><strong>Koro<\/strong><\/h3>\n<p>Swedien, koro kay\u0131tlar\u0131 i\u00e7in m\u00fcmk\u00fcn oldu\u011funca az say\u0131da mikrofon kullan\u0131p, bunlar\u0131 korodan uza\u011fa yerle\u015ftirmeyi tercih ediyor. Tabii bu teknik i\u00e7in kay\u0131t yapt\u0131\u011f\u0131n\u0131z st\u00fcdyonun ya da salonun akusti\u011finin ger\u00e7ekten \u00e7ok iyi olmas\u0131 gerekiyor.<\/p>\n<p>E\u011fer kay\u0131t yapt\u0131\u011f\u0131 mekan akustik a\u00e7\u0131dan yeterince iyi de\u011filse, Swedien bu durumda koroyu daha fazla say\u0131da mikrofon kullanarak ve bu mikrofonlar\u0131 koroya daha yak\u0131n olacak \u015fekilde konumland\u0131rarak kaydediyor. B\u00f6yle bir durumda miks s\u0131ras\u0131nda miks m\u00fchendisine daha \u00e7ok i\u015f d\u00fc\u015ft\u00fc\u011f\u00fcn\u00fc s\u00f6yl\u00fcyor.<\/p>\n<p>&nbsp;<\/p>\n<h3><strong><em>Make Mine Music<\/em><\/strong><\/h3>\n<p>Bildi\u011fim kadar\u0131yla T\u00fcrk\u00e7eye \u00e7evrilmedi ama \u0130ngilizceniz varsa Bruce Swedien&#8217;in <em>Make Mine Music<\/em> kitab\u0131n\u0131 okuman\u0131z\u0131 \u015fiddetle tavsiye ederim. Neyi nas\u0131l yapt\u0131\u011f\u0131n\u0131 kendi anlat\u0131m\u0131yla okumak ger\u00e7ekten \u00e7ok de\u011ferli.<\/p>\n<p>Swedien, g\u00fcn\u00fcm\u00fcz\u00fcn pop\u00fcler kay\u0131t ve miks m\u00fchendislerini etkilemi\u015f \u00e7ok \u00f6nemli bir isim. Yaz\u0131m\u0131 Dave Pensado&#8217;nun bir s\u00f6z\u00fc ile kapatmak istiyorum: &#8220;Kahramanlar\u0131n\u0131z\u0131 de\u011fil, kahramanlar\u0131n\u0131z\u0131 etkileyenleri inceleyin.&#8221;<\/p>\n<p><img loading=\"lazy\" class=\"aligncenter wp-image-3958\" src=\"http:\/\/www.ufukonen.com\/tr\/wp-content\/uploads\/BruceSwedien_MakeMineMusic_890x1280-712x1024.jpg\" alt=\"\" width=\"400\" height=\"575\" srcset=\"https:\/\/www.ufukonen.com\/tr\/wp-content\/uploads\/BruceSwedien_MakeMineMusic_890x1280-712x1024.jpg 712w, https:\/\/www.ufukonen.com\/tr\/wp-content\/uploads\/BruceSwedien_MakeMineMusic_890x1280-209x300.jpg 209w, https:\/\/www.ufukonen.com\/tr\/wp-content\/uploads\/BruceSwedien_MakeMineMusic_890x1280-768x1105.jpg 768w, https:\/\/www.ufukonen.com\/tr\/wp-content\/uploads\/BruceSwedien_MakeMineMusic_890x1280.jpg 890w\" sizes=\"(max-width: 400px) 100vw, 400px\" \/><\/p>\n<p>&nbsp;<\/p>\n<p>Teknik terimler i\u00e7in <a href=\"http:\/\/www.ufukonen.com\/tr\/ses-kayit-muzik-teknolojisi-terimler-sozluk.html\">m\u00fczik teknolojisi, m\u00fczik prod\u00fcksiyonu ve ses kay\u0131t terimleri s\u00f6zl\u00fc\u011f\u00fcne<\/a> g\u00f6z atabilirsiniz.<\/p>\n<p>Benzer payla\u015f\u0131mlar i\u00e7in beni <a href=\"https:\/\/www.facebook.com\/ufukonen.skmt\/\" target=\"_blank\" rel=\"noopener\">Facebook<\/a> ve <a href=\"https:\/\/twitter.com\/UfukOnen\" target=\"_blank\" rel=\"noopener\">Twitter<\/a>&#8216;da takip edebilir, haberler i\u00e7in <a href=\"http:\/\/ufukonen.com\/tr\/ses-kayit-muzik-teknolojisi-terimler-sozluk.html\" target=\"_blank\" rel=\"noopener\">mesaj listeme \u00fcye olabilirsiniz<\/a>. Te\u015fekk\u00fcrler.<\/p>\n<p>Bruce Swedien foto\u011fraf: Mr. Bonzai<\/p>\n<p>\u00a9 2018 Ufuk \u00d6nen. Her hakk\u0131 sakl\u0131d\u0131r. \u0130zinsiz kullan\u0131lamaz.<\/p>\n","protected":false},"excerpt":{"rendered":"<p class=\"post-excerpt\">Bruce Swedien denince ilk akla gelen Michael Jackson&#8217;\u0131n Thriller alb\u00fcm\u00fc oluyor ama Swedien&#8217;\u0131n kariyeri asl\u0131nda daha bir\u00e7ok ba\u015far\u0131 ile dolu&#8230;.<\/p>\n","protected":false},"author":2,"featured_media":3959,"comment_status":"closed","ping_status":"open","sticky":false,"template":"","format":"standard","meta":{"_mi_skip_tracking":false,"spay_email":"","jetpack_publicize_message":"","jetpack_is_tweetstorm":false,"jetpack_publicize_feature_enabled":true},"categories":[16],"tags":[],"jetpack_featured_media_url":"https:\/\/www.ufukonen.com\/tr\/wp-content\/uploads\/BruceSwedien_PhotoCredit_MrBonzai_1280x720.jpg","jetpack_publicize_connections":[],"jetpack_shortlink":"https:\/\/wp.me\/p3rjsG-11N","jetpack_sharing_enabled":true,"jetpack-related-posts":[{"id":2027,"url":"https:\/\/www.ufukonen.com\/tr\/aes-137th-los-angeles-2014.html","url_meta":{"origin":3955,"position":0},"title":"AES 137th Convention (Los Angeles, 2014)","date":"October 19, 2014","format":false,"excerpt":"Audio Engineering Society (AES), 1948 y\u0131l\u0131nda New York'ta kurulmu\u015f olan bir birlik. \u015eu anda d\u00fcnyaya yay\u0131lm\u0131\u015f 75 yerel \u015fubesi ve toplamda 14 bin \u00fcyesi var. AES, biri Amerika di\u011feri ise Avrupa'da olmak \u00fczere her y\u0131l iki b\u00fcy\u00fck kongre yap\u0131yor. Bu kongreler i\u00e7inde fuarlar da yer al\u0131yor. Bunun yan\u0131 s\u0131ra y\u0131l\u2026","rel":"","context":"In &quot;Konferans&quot;","img":{"alt_text":"","src":"https:\/\/i0.wp.com\/www.ufukonen.com\/tr\/wp-content\/uploads\/AES_137th_Alan_Parsons.jpg?resize=350%2C200&ssl=1","width":350,"height":200},"classes":[]},{"id":6954,"url":"https:\/\/www.ufukonen.com\/tr\/aes-151-all-about-stereo-panning.html","url_meta":{"origin":3955,"position":1},"title":"AES 151: All About Stereo Panning (Stereo Pan Hakk\u0131nda Her \u015eey)","date":"October 25, 2021","format":false,"excerpt":"Audio Engineering Society (AES) 151. kongresinde \"All About Stereo Panning\" (Stereo Pan Hakk\u0131nda Her \u015eey) ba\u015fl\u0131kl\u0131 bir sunum yapt\u0131m. Sunum, 20 Ekim 2021 \u00c7ar\u015famba g\u00fcn\u00fc teknik program\u0131n a\u00e7\u0131l\u0131\u015f\u0131nda, a\u00e7\u0131l\u0131\u015f seremonisi ile Peter Asher'\u0131n keynote konu\u015fmas\u0131 aras\u0131nda ger\u00e7ekle\u015fti. \u0130zlenme a\u00e7\u0131s\u0131ndan istesem de daha iyi bir saatte olamazd\u0131. Tabii Peter Asher (James\u2026","rel":"","context":"In &quot;Konferans&quot;","img":{"alt_text":"","src":"https:\/\/i0.wp.com\/www.ufukonen.com\/tr\/wp-content\/uploads\/AES-151-All-About-Stereo-Panning_00_Header.jpg?resize=350%2C200&ssl=1","width":350,"height":200},"classes":[]},{"id":4803,"url":"https:\/\/www.ufukonen.com\/tr\/aes-turkiye-2019-mayis.html","url_meta":{"origin":3955,"position":2},"title":"AES T\u00fcrkiye 10 Y\u0131l Aradan Sonra \u0130lk Etkinli\u011fini Ger\u00e7ekle\u015ftirdi","date":"May 13, 2019","format":false,"excerpt":"Audio Engineering Society (AES) T\u00fcrkiye \u015fubesi olarak 10 y\u0131l aradan sonra ilk defa bir etkinli\u011fe imza att\u0131k. Yeni bir d\u00f6nemin ba\u015flang\u0131c\u0131n\u0131n ilk ad\u0131m\u0131 olarak g\u00f6rd\u00fc\u011f\u00fcm\u00fcz bu etkinlik, hepimiz i\u00e7in heyecan verici oldu! Audio Engineering Society, 1948 y\u0131l\u0131nda New York\u2019ta kurulmu\u015f olan bir birlik. \u015eu anda d\u00fcnyaya yay\u0131lm\u0131\u015f 87 profesyonel \u015fubesi,\u2026","rel":"","context":"In &quot;Konferans&quot;","img":{"alt_text":"","src":"https:\/\/i0.wp.com\/www.ufukonen.com\/tr\/wp-content\/uploads\/AES_Turkiye_Bilkent_20190510_Genel_1080-2.jpg?resize=350%2C200&ssl=1","width":350,"height":200},"classes":[]},{"id":5285,"url":"https:\/\/www.ufukonen.com\/tr\/2019u-kapatirken.html","url_meta":{"origin":3955,"position":3},"title":"2019&#8217;u Kapat\u0131rken&#8230;","date":"December 30, 2019","format":false,"excerpt":"2019'u kapat\u0131rken bir yandan y\u0131l i\u00e7inde yapt\u0131\u011f\u0131m i\u015flerin bir \u00f6zetini sizlerle payla\u015fmak, di\u011fer yandan da yeni y\u0131l\u0131n\u0131z\u0131 kutlamak istedim. \u00d6ncelikle, blog yaz\u0131lar\u0131ma g\u00f6sterdi\u011finiz ilgiden dolay\u0131 \u00e7ok te\u015fekk\u00fcr ederim! 2012 y\u0131l\u0131nda a\u00e7t\u0131\u011f\u0131m bu blogda 2017 Temmuz ay\u0131ndan bu yana her Pazartesi ses ve m\u00fczik teknolojileri \u00fczerine yeni bir yaz\u0131 payla\u015f\u0131yorum. Yaz\u0131lar\u0131n\u2026","rel":"","context":"In &quot;M\u00fczik End\u00fcstrisi&quot;","img":{"alt_text":"","src":"https:\/\/i0.wp.com\/www.ufukonen.com\/tr\/wp-content\/uploads\/DSCF5114cr_alt_framing_1280x720_16-9.jpg?resize=350%2C200&ssl=1","width":350,"height":200},"classes":[]},{"id":4452,"url":"https:\/\/www.ufukonen.com\/tr\/2018i-kapatirken.html","url_meta":{"origin":3955,"position":4},"title":"2018&#8217;i Kapat\u0131rken&#8230;","date":"December 31, 2018","format":false,"excerpt":"2018'i kapat\u0131rken bir yandan y\u0131l i\u00e7indeki projelerin ve geli\u015fmelerin bir \u00f6zetini sizlerle payla\u015fmak, di\u011fer yandan da yeni y\u0131l\u0131n\u0131z\u0131 kutlamak istedim. \u00d6ncelikle, blog yaz\u0131lar\u0131ma g\u00f6sterdi\u011finiz ilgiden dolay\u0131 \u00e7ok te\u015fekk\u00fcr ederim! 2012 y\u0131l\u0131nda bu adreste ara s\u0131ra yaz\u0131lar payla\u015fmaya ba\u015flam\u0131\u015ft\u0131m. 2017 Temmuz ay\u0131ndan bu yana ise her Pazartesi ses ve m\u00fczik teknolojileri\u2026","rel":"","context":"In &quot;Ders &amp; Workshop&quot;","img":{"alt_text":"","src":"https:\/\/i0.wp.com\/www.ufukonen.com\/tr\/wp-content\/uploads\/2018_Kapatirken_1280x720.jpg?resize=350%2C200&ssl=1","width":350,"height":200},"classes":[]},{"id":5159,"url":"https:\/\/www.ufukonen.com\/tr\/plate-reverb.html","url_meta":{"origin":3955,"position":5},"title":"Plate Reverb","date":"November 4, 2019","format":false,"excerpt":"Plate reverb, elektro-mekanik temelli bir reverb sim\u00fclasyon \u00fcnitesidir. Plate reverb \u00fcnitelerinde b\u00fcy\u00fck metal levhalar bulunur. Reverb verilmek istenilen sinyal \u00fcniteye g\u00f6nderilir. Elektrik sinyali \u00fcnitenin giri\u015finde bulunan bir d\u00f6n\u00fc\u015ft\u00fcr\u00fcc\u00fc (transducer) arac\u0131l\u0131\u011f\u0131 ile mekanik titre\u015fimler olu\u015fturur. Bu titre\u015fimler levhalara yay\u0131l\u0131r. Levhalardaki titre\u015fimler bir veya birka\u00e7 y\u00fczey mikrofonu (contact microphone) arac\u0131l\u0131\u011f\u0131 ile tekrar\u2026","rel":"","context":"In &quot;Ses ve M\u00fczik Teknolojileri&quot;","img":{"alt_text":"","src":"https:\/\/i0.wp.com\/www.ufukonen.com\/tr\/wp-content\/uploads\/Plate_Reverb_WavesAbbeyRoad_rfs.jpg?resize=350%2C200&ssl=1","width":350,"height":200},"classes":[]}],"_links":{"self":[{"href":"https:\/\/www.ufukonen.com\/tr\/wp-json\/wp\/v2\/posts\/3955"}],"collection":[{"href":"https:\/\/www.ufukonen.com\/tr\/wp-json\/wp\/v2\/posts"}],"about":[{"href":"https:\/\/www.ufukonen.com\/tr\/wp-json\/wp\/v2\/types\/post"}],"author":[{"embeddable":true,"href":"https:\/\/www.ufukonen.com\/tr\/wp-json\/wp\/v2\/users\/2"}],"replies":[{"embeddable":true,"href":"https:\/\/www.ufukonen.com\/tr\/wp-json\/wp\/v2\/comments?post=3955"}],"version-history":[{"count":7,"href":"https:\/\/www.ufukonen.com\/tr\/wp-json\/wp\/v2\/posts\/3955\/revisions"}],"predecessor-version":[{"id":3965,"href":"https:\/\/www.ufukonen.com\/tr\/wp-json\/wp\/v2\/posts\/3955\/revisions\/3965"}],"wp:featuredmedia":[{"embeddable":true,"href":"https:\/\/www.ufukonen.com\/tr\/wp-json\/wp\/v2\/media\/3959"}],"wp:attachment":[{"href":"https:\/\/www.ufukonen.com\/tr\/wp-json\/wp\/v2\/media?parent=3955"}],"wp:term":[{"taxonomy":"category","embeddable":true,"href":"https:\/\/www.ufukonen.com\/tr\/wp-json\/wp\/v2\/categories?post=3955"},{"taxonomy":"post_tag","embeddable":true,"href":"https:\/\/www.ufukonen.com\/tr\/wp-json\/wp\/v2\/tags?post=3955"}],"curies":[{"name":"wp","href":"https:\/\/api.w.org\/{rel}","templated":true}]}}