{"id":3990,"date":"2018-06-25T01:00:48","date_gmt":"2018-06-24T22:00:48","guid":{"rendered":"http:\/\/www.ufukonen.com\/tr\/?p=3990"},"modified":"2018-06-15T13:59:48","modified_gmt":"2018-06-15T10:59:48","slug":"guc-amplifikatorleri-ve-baglanti-sekilleri","status":"publish","type":"post","link":"https:\/\/www.ufukonen.com\/tr\/guc-amplifikatorleri-ve-baglanti-sekilleri.html","title":{"rendered":"G\u00fc\u00e7 Amplifikat\u00f6rleri ve Ba\u011flant\u0131 \u015eekilleri"},"content":{"rendered":"<p><img loading=\"lazy\" class=\"aligncenter wp-image-4012\" src=\"http:\/\/www.ufukonen.com\/tr\/wp-content\/uploads\/Guc_Amplifikatorleri_Baglanti_Sekilleri-1024x576.jpg\" alt=\"\" width=\"575\" height=\"323\" srcset=\"https:\/\/www.ufukonen.com\/tr\/wp-content\/uploads\/Guc_Amplifikatorleri_Baglanti_Sekilleri-1024x576.jpg 1024w, https:\/\/www.ufukonen.com\/tr\/wp-content\/uploads\/Guc_Amplifikatorleri_Baglanti_Sekilleri-300x169.jpg 300w, https:\/\/www.ufukonen.com\/tr\/wp-content\/uploads\/Guc_Amplifikatorleri_Baglanti_Sekilleri-768x432.jpg 768w, https:\/\/www.ufukonen.com\/tr\/wp-content\/uploads\/Guc_Amplifikatorleri_Baglanti_Sekilleri.jpg 1920w\" sizes=\"(max-width: 575px) 100vw, 575px\" \/><\/p>\n<p>G\u00fcn\u00fcm\u00fczde kulland\u0131\u011f\u0131m\u0131z referans monit\u00f6rlerinin \u00e7o\u011fu art\u0131k aktif. Hatta seslendirme hoparl\u00f6rlerinin bile bir k\u0131sm\u0131 aktif olarak tasarlan\u0131p \u00fcretiliyor. Yine de g\u00fc\u00e7 amplifikat\u00f6rleri hala var ve bir s\u00fcre daha da kullan\u0131lmaya devam edecek gibi g\u00f6r\u00fcn\u00fcyor. Bu sebepten dolay\u0131 g\u00fc\u00e7 amplifikat\u00f6rlerinin ba\u011flant\u0131 \u015fekillerini bilmekte fayda var diye d\u00fc\u015f\u00fcn\u00fcyorum.<\/p>\n<p>\u0130ki kanall\u0131 amplifikat\u00f6rler i\u00e7in \u00fc\u00e7 adet ba\u011flant\u0131 \u015fekli bulunur:<\/p>\n<ul>\n<li>Stereo<\/li>\n<li>Paralel<\/li>\n<li>Mono Bridge<\/li>\n<\/ul>\n<h3><\/h3>\n<h3>Stereo<\/h3>\n<p>Bu ba\u011flant\u0131 \u015feklinde amplifikat\u00f6r\u00fcn birinci kanal\u0131na stereo sinyalin sol kanal\u0131, ikinci kanal\u0131na ise stereo sinyalin sa\u011f kanal\u0131 girilir. Amplifikat\u00f6r\u00fcn birinci kanal \u00e7\u0131k\u0131\u015f\u0131 sol hoparl\u00f6re, ikinci kanal \u00e7\u0131k\u0131\u015f\u0131 ise sa\u011f hoparl\u00f6re g\u00f6nderilir.<\/p>\n<p>&nbsp;<\/p>\n<h3>Paralel<\/h3>\n<p>Paralel ba\u011flant\u0131da sinyal, amplifikat\u00f6r\u00fcn birinci kanal\u0131na girilir. Birinci kanaldaki sinyal amplifikat\u00f6r\u00fcn i\u00e7inden ikinci kanala ta\u015f\u0131n\u0131r. E\u011fer amplifikat\u00f6r \u00fczerinde b\u00f6yle bir \u00f6zellik yoksa birinci kanaldaki sinyali ek bir ba\u011flant\u0131 kablosu kullanarak birinci kanal\u0131n paralel \u00e7\u0131k\u0131\u015f\u0131ndan ikinci kanal\u0131n giri\u015fine ta\u015f\u0131mak gerekir.<\/p>\n<p>Amplifikat\u00f6r\u00fcn birinci kanal\u0131n\u0131n \u00e7\u0131k\u0131\u015f\u0131 bir hoparl\u00f6re, amplifikat\u00f6r\u00fcn ikinci kanal\u0131n\u0131n \u00e7\u0131k\u0131\u015f\u0131 ise di\u011fer bir hoparl\u00f6re g\u00f6nderilir.<\/p>\n<p>Paralel konumda amplifikat\u00f6r mono olarak tek kanal ta\u015f\u0131r di\u011fer bir deyi\u015fle her iki kanal\u0131n \u00e7\u0131k\u0131\u015flar\u0131nda ayn\u0131 sinyal bulunur.<\/p>\n<p>&nbsp;<\/p>\n<h3>Mono Bridge<\/h3>\n<p>Mono bridge, iki kanall\u0131 bir amplifikat\u00f6r\u00fcn kanal g\u00fc\u00e7lerinin toplam\u0131n\u0131 birle\u015ftirip, amplifikat\u00f6r\u00fcn tek kanall\u0131 fakat y\u00fcksek \u00e7\u0131k\u0131\u015fl\u0131 olarak kullan\u0131lmas\u0131n\u0131 sa\u011flayan ba\u011flant\u0131 \u015feklidir. Bu ba\u011flant\u0131 \u015feklinde tek bir giri\u015f kullan\u0131l\u0131r. Giri\u015fteki sinyal amplifikat\u00f6r\u00fcn iki kanal\u0131na birden g\u00f6nderilir. Amplifikat\u00f6r\u00fcn ikinci kanal\u0131n\u0131n \u00e7\u0131k\u0131\u015f\u0131n\u0131n faz\u0131 ters \u00e7evrilir. Birinci ve ikinci kanallar\u0131n art\u0131 (+) kutuplar\u0131 hoparl\u00f6re ba\u011flan\u0131r. Bu ba\u011flant\u0131 \u015feklinde, iki kanal\u0131n g\u00fcc\u00fc birle\u015ftirilirken empedanslar da birle\u015ftirilir.<\/p>\n<p>\u00d6rnek olarak elimizdeki amplifikat\u00f6r\u00fcn \u00e7\u0131k\u0131\u015f g\u00fcc\u00fcn\u00fcn 4 Ohm empedansta kanal ba\u015f\u0131na 350 Watt (2 x 350 W @ 4 Ohm) ve 8 Ohm empedansta ise kanal ba\u015f\u0131na 200 Watt (2 x 200 W @ 8 Ohm) oldu\u011funu varsayal\u0131m. Mono bridge ba\u011flant\u0131 yap\u0131p iki kanal\u0131 birle\u015ftirirsek 8 Ohm empedansta tek kanal olarak 700 Watt \u00e7\u0131k\u0131\u015f g\u00fcc\u00fc elde edebiliriz.<\/p>\n<p>Mono bridge ba\u011flant\u0131 genellikle \u00e7ok fazla g\u00fc\u00e7 gerektiren b\u00fcy\u00fck subwoofer&#8217;lar i\u00e7in kullan\u0131l\u0131r.<\/p>\n<p>&nbsp;<\/p>\n<h3>Ba\u011flant\u0131 \u015eeklinin Se\u00e7ilmesi<\/h3>\n<p>Amplifikat\u00f6r hangi ba\u011flant\u0131 \u015fekli kullan\u0131larak \u00e7al\u0131\u015ft\u0131r\u0131lacaksa (stereo, paralel veya mono bridge) bu konum amplifikat\u00f6r\u00fcn \u00fczerinde genelde arka panelde bulunan d\u00fc\u011fme veya anahtarlar kullan\u0131larak se\u00e7ilmelidir.<\/p>\n<p><img loading=\"lazy\" class=\"aligncenter wp-image-3992\" src=\"http:\/\/www.ufukonen.com\/tr\/wp-content\/uploads\/Amplifikat\u00f6r_Baglanti_Konum_Paneli-1024x852.jpg\" alt=\"\" width=\"450\" height=\"374\" srcset=\"https:\/\/www.ufukonen.com\/tr\/wp-content\/uploads\/Amplifikat\u00f6r_Baglanti_Konum_Paneli-1024x852.jpg 1024w, https:\/\/www.ufukonen.com\/tr\/wp-content\/uploads\/Amplifikat\u00f6r_Baglanti_Konum_Paneli-300x250.jpg 300w, https:\/\/www.ufukonen.com\/tr\/wp-content\/uploads\/Amplifikat\u00f6r_Baglanti_Konum_Paneli-768x639.jpg 768w, https:\/\/www.ufukonen.com\/tr\/wp-content\/uploads\/Amplifikat\u00f6r_Baglanti_Konum_Paneli.jpg 1286w\" sizes=\"(max-width: 450px) 100vw, 450px\" \/><\/p>\n<p>&nbsp;<\/p>\n<p>Teknik terimler i\u00e7in <a href=\"http:\/\/www.ufukonen.com\/tr\/ses-kayit-muzik-teknolojisi-terimler-sozluk.html\">m\u00fczik teknolojisi, m\u00fczik prod\u00fcksiyonu ve ses kay\u0131t terimleri s\u00f6zl\u00fc\u011f\u00fcne<\/a> g\u00f6z atabilirsiniz.<\/p>\n<p>Benzer payla\u015f\u0131mlar i\u00e7in beni <a href=\"https:\/\/www.facebook.com\/ufukonen.skmt\/\" target=\"_blank\" rel=\"noopener\">Facebook<\/a> ve <a href=\"https:\/\/twitter.com\/UfukOnen\" target=\"_blank\" rel=\"noopener\">Twitter<\/a>&#8216;da takip edebilir, haberler i\u00e7in <a href=\"http:\/\/ufukonen.com\/tr\/ses-kayit-muzik-teknolojisi-terimler-sozluk.html\" target=\"_blank\" rel=\"noopener\">mesaj listeme \u00fcye olabilirsiniz<\/a>. Te\u015fekk\u00fcrler.<\/p>\n<p>Ba\u015fl\u0131k foto\u011fraf\u0131: <a href=\"https:\/\/flic.kr\/p\/7GhgMH\" target=\"_blank\" rel=\"noopener\">Alex Brown<\/a> | <a href=\"https:\/\/creativecommons.org\/licenses\/by\/2.0\" target=\"_blank\" rel=\"noopener\">Creative Commons 2.0 Generic lisans\u0131<\/a> alt\u0131nda kullan\u0131lm\u0131\u015ft\u0131r.<\/p>\n<p>Amplifikat\u00f6r ba\u011flant\u0131 konumu se\u00e7me paneli foto\u011fraf\u0131: Alkor Kutluay | <a href=\"http:\/\/www.ufukonen.com\/tr\/ses-kayit-ve-muzik-teknolojileri.html\" target=\"_blank\" rel=\"noopener\">Ses Kay\u0131t ve M\u00fczik Teknolojileri<\/a> adl\u0131 kitab\u0131mdan al\u0131nm\u0131\u015ft\u0131r.<\/p>\n<p>\u00a9 2018 Ufuk \u00d6nen. Her hakk\u0131 sakl\u0131d\u0131r. \u0130zinsiz kullan\u0131lamaz.<\/p>\n","protected":false},"excerpt":{"rendered":"<p class=\"post-excerpt\">G\u00fcn\u00fcm\u00fczde kulland\u0131\u011f\u0131m\u0131z referans monit\u00f6rlerinin \u00e7o\u011fu art\u0131k aktif. Hatta seslendirme hoparl\u00f6rlerinin bile bir k\u0131sm\u0131 aktif olarak tasarlan\u0131p \u00fcretiliyor. Yine de g\u00fc\u00e7&#8230;<\/p>\n","protected":false},"author":2,"featured_media":4012,"comment_status":"closed","ping_status":"open","sticky":false,"template":"","format":"standard","meta":{"_mi_skip_tracking":false,"spay_email":"","jetpack_publicize_message":"","jetpack_is_tweetstorm":false,"jetpack_publicize_feature_enabled":true},"categories":[18],"tags":[],"jetpack_featured_media_url":"https:\/\/www.ufukonen.com\/tr\/wp-content\/uploads\/Guc_Amplifikatorleri_Baglanti_Sekilleri.jpg","jetpack_publicize_connections":[],"jetpack_shortlink":"https:\/\/wp.me\/p3rjsG-12m","jetpack_sharing_enabled":true,"jetpack-related-posts":[{"id":6426,"url":"https:\/\/www.ufukonen.com\/tr\/kamera-mikrofon-tek-kanal-ses.html","url_meta":{"origin":3990,"position":0},"title":"Kamera, Mikrofon ve Tek Kanal Ses Sorunu","date":"March 1, 2021","format":false,"excerpt":"\"Kameraya XLR giri\u015fi \u00fczerinden mikrofon ba\u011fl\u0131yorum ama ses sadece tek taraftan geliyor, sesin her iki taraftan da gelmesi i\u00e7in nas\u0131l bir ba\u011flant\u0131 yapmam gerekiyor?\" Bu ve buna benzer sorular bana bir\u00e7ok defa soruldu. Ayn\u0131 \u015feyi defalarca anlatmak yerine bir blog yaz\u0131s\u0131 yazay\u0131m, soran olursa linki payla\u015f\u0131r\u0131m diye d\u00fc\u015f\u00fcnd\u00fcm! \u00d6ncelikle problemin\u2026","rel":"","context":"In &quot;Ses ve M\u00fczik Teknolojileri&quot;","img":{"alt_text":"","src":"https:\/\/i0.wp.com\/www.ufukonen.com\/tr\/wp-content\/uploads\/Kamera_Mikrofon_Tek_Kanal_00_Header_v3.jpg?resize=350%2C200&ssl=1","width":350,"height":200},"classes":[]},{"id":3369,"url":"https:\/\/www.ufukonen.com\/tr\/sanal-gerceklik-icin-ses-ambisonics-format-b-1-bolum.html","url_meta":{"origin":3990,"position":1},"title":"Sanal Ger\u00e7eklik \u0130\u00e7in Ses: Ambisonics Format-B (1. B\u00f6l\u00fcm)","date":"October 23, 2017","format":false,"excerpt":"Ge\u00e7ti\u011fimiz son birka\u00e7 y\u0131l i\u00e7inde VR (virtual reality \/ sanal ger\u00e7eklik) uygulamalar\u0131 ve donan\u0131mlar\u0131 ile Facebook ve YouTube \u00fczerinde payla\u015f\u0131lan 360\u02da videolar \u00e7ok pop\u00fcler hale geldi. Durum b\u00f6yle olunca \u00fc\u00e7 boyutlu (360\u02da) ses de \u00f6nemli hale geldi. E\u011fer ses \u00fczerine \u00e7al\u0131\u015f\u0131yorsan\u0131z, \u015fu ana kadar bu d\u00fcnyaya girmemi\u015f olsan\u0131z bile yak\u0131n\u2026","rel":"","context":"In &quot;Ses ve M\u00fczik Teknolojileri&quot;","img":{"alt_text":"","src":"https:\/\/i0.wp.com\/www.ufukonen.com\/tr\/wp-content\/uploads\/Ambisonics_Virtual_Reality_1_720x405.jpg?resize=350%2C200&ssl=1","width":350,"height":200},"classes":[]},{"id":5417,"url":"https:\/\/www.ufukonen.com\/tr\/kompresor-teknikleri-1-paralel.html","url_meta":{"origin":3990,"position":2},"title":"Kompres\u00f6r Teknikleri &#8211; 1. B\u00f6l\u00fcm: Paralel Kompres\u00f6r Kullan\u0131m\u0131","date":"January 27, 2020","format":false,"excerpt":"\u00dc\u00e7 b\u00f6l\u00fcml\u00fck bu yaz\u0131 dizisinde sizlerle s\u0131kl\u0131kla kullan\u0131lan \u00fc\u00e7 kompres\u00f6r tekni\u011fini payla\u015fmak istiyorum: Paralel, seri ve sidechain. \u015eu anda okumakta oldu\u011funuz ilk b\u00f6l\u00fcm paralel kompres\u00f6r kullan\u0131m\u0131 \u00fczerine. Di\u011fer iki b\u00f6l\u00fcme a\u015fa\u011f\u0131daki linklerden ula\u015fabilirsiniz: Kompres\u00f6r Teknikleri - 2. B\u00f6l\u00fcm: Seri Kompres\u00f6r Kullan\u0131m\u0131 Kompres\u00f6r Teknikleri - 3. B\u00f6l\u00fcm: Sidechain Kompres\u00f6r Kullan\u0131m\u0131 Bu\u2026","rel":"","context":"In &quot;M\u00fczik Prod\u00fcksiyonu&quot;","img":{"alt_text":"","src":"https:\/\/i0.wp.com\/www.ufukonen.com\/tr\/wp-content\/uploads\/Kompresor_Teknikleri_00_Header.jpg?resize=350%2C200&ssl=1","width":350,"height":200},"classes":[]},{"id":7561,"url":"https:\/\/www.ufukonen.com\/tr\/bas-gitar-paralel-distortion-tuyo.html","url_meta":{"origin":3990,"position":3},"title":"Bas Gitarda Paralel Distortion \u0130\u00e7in Bir T\u00fcyo","date":"August 22, 2022","format":false,"excerpt":"Miks s\u0131ras\u0131nda bas gitarda paralel distortion, overdrive ya da saturation kullanmak bir\u00e7o\u011fumuzun uygulad\u0131\u011f\u0131 bir teknik. Bu teknik sayesinde bas gitar\u0131n hacminden \u00f6d\u00fcn vermeden anla\u015f\u0131labilirli\u011fini, tan\u0131m\u0131n\u0131 ve duyulabilirli\u011fini art\u0131rabiliyoruz. Bu tekni\u011fi uygulamak \u00e7ok kolay. Bas gitar kanal\u0131n\u0131 kopyal\u0131yoruz ya da bas gitar sinyalini bir bus arac\u0131l\u0131\u011f\u0131 ile bir aux kanal\u0131na g\u00f6nderiyoruz.\u2026","rel":"","context":"In &quot;M\u00fczik Prod\u00fcksiyonu&quot;","img":{"alt_text":"","src":"https:\/\/i0.wp.com\/www.ufukonen.com\/tr\/wp-content\/uploads\/Bas_Gitar_Paralel_Distortion_Tuyo_00_Header.jpg?resize=350%2C200&ssl=1","width":350,"height":200},"classes":[]},{"id":3541,"url":"https:\/\/www.ufukonen.com\/tr\/pan-kurallari.html","url_meta":{"origin":3990,"position":4},"title":"Pan Kurallar\u0131","date":"December 11, 2017","format":false,"excerpt":"Stereo \u00e7\u0131k\u0131\u015fa g\u00f6nderdi\u011fimiz bir mono sinyali sol veya sa\u011f kanala yat\u0131r\u0131rken (stereo panorama i\u00e7inde bir noktaya yerle\u015ftirirken) asl\u0131nda yapt\u0131\u011f\u0131m\u0131z i\u015f o sinyalin sol ve sa\u011f kanaldaki seviyelerini ayarlamakt\u0131r. Kula\u011fa olduk\u00e7a basite gelen bu i\u015flem prensip olarak o kadar da basit de\u011fil \u00e7\u00fcnk\u00fc bunu yapman\u0131n farkl\u0131 y\u00f6ntemleri var. Bu y\u00f6ntemler \u0130ngilizce'de\u2026","rel":"","context":"In &quot;Ses ve M\u00fczik Teknolojileri&quot;","img":{"alt_text":"","src":"https:\/\/i0.wp.com\/www.ufukonen.com\/tr\/wp-content\/uploads\/Pan_Kurallari_1024x576.jpg?resize=350%2C200&ssl=1","width":350,"height":200},"classes":[]},{"id":6111,"url":"https:\/\/www.ufukonen.com\/tr\/stereo-pan-stereo-denge-fark.html","url_meta":{"origin":3990,"position":5},"title":"Stereo Pan ve Stereo Denge Kontrol\u00fc Aras\u0131ndaki Fark","date":"October 19, 2020","format":false,"excerpt":"DAW i\u00e7indeki mikserlerde hem stereo hem de mono kanallar i\u00e7in pan kontrol d\u00fc\u011fmesi bulunur. Mono kanallar i\u00e7in pan i\u015fleyi\u015fi b\u00fct\u00fcn DAW ve mikser i\u00e7in ayn\u0131d\u0131r: Pan ayar\u0131n\u0131 sola yat\u0131r\u0131rsan\u0131z ses sol hoparl\u00f6rden, sa\u011fa yat\u0131r\u0131rsan\u0131z ses sa\u011f hoparl\u00f6rden gelir. Tabii tam sol veya tam sa\u011fa yat\u0131rmak zorunda de\u011filsiniz. \u00d6rnek olarak, sesi\u2026","rel":"","context":"In &quot;Ses ve M\u00fczik Teknolojileri&quot;","img":{"alt_text":"","src":"https:\/\/i0.wp.com\/www.ufukonen.com\/tr\/wp-content\/uploads\/StereoPan_StereoDenge_00_Header.jpg?resize=350%2C200&ssl=1","width":350,"height":200},"classes":[]}],"_links":{"self":[{"href":"https:\/\/www.ufukonen.com\/tr\/wp-json\/wp\/v2\/posts\/3990"}],"collection":[{"href":"https:\/\/www.ufukonen.com\/tr\/wp-json\/wp\/v2\/posts"}],"about":[{"href":"https:\/\/www.ufukonen.com\/tr\/wp-json\/wp\/v2\/types\/post"}],"author":[{"embeddable":true,"href":"https:\/\/www.ufukonen.com\/tr\/wp-json\/wp\/v2\/users\/2"}],"replies":[{"embeddable":true,"href":"https:\/\/www.ufukonen.com\/tr\/wp-json\/wp\/v2\/comments?post=3990"}],"version-history":[{"count":6,"href":"https:\/\/www.ufukonen.com\/tr\/wp-json\/wp\/v2\/posts\/3990\/revisions"}],"predecessor-version":[{"id":4015,"href":"https:\/\/www.ufukonen.com\/tr\/wp-json\/wp\/v2\/posts\/3990\/revisions\/4015"}],"wp:featuredmedia":[{"embeddable":true,"href":"https:\/\/www.ufukonen.com\/tr\/wp-json\/wp\/v2\/media\/4012"}],"wp:attachment":[{"href":"https:\/\/www.ufukonen.com\/tr\/wp-json\/wp\/v2\/media?parent=3990"}],"wp:term":[{"taxonomy":"category","embeddable":true,"href":"https:\/\/www.ufukonen.com\/tr\/wp-json\/wp\/v2\/categories?post=3990"},{"taxonomy":"post_tag","embeddable":true,"href":"https:\/\/www.ufukonen.com\/tr\/wp-json\/wp\/v2\/tags?post=3990"}],"curies":[{"name":"wp","href":"https:\/\/api.w.org\/{rel}","templated":true}]}}