{"id":3999,"date":"2018-06-18T01:00:33","date_gmt":"2018-06-17T22:00:33","guid":{"rendered":"http:\/\/www.ufukonen.com\/tr\/?p=3999"},"modified":"2021-05-23T22:41:07","modified_gmt":"2021-05-23T19:41:07","slug":"eq-kullanimi-birkac-tavsiye","status":"publish","type":"post","link":"https:\/\/www.ufukonen.com\/tr\/eq-kullanimi-birkac-tavsiye.html","title":{"rendered":"EQ Kullan\u0131m\u0131: Birka\u00e7 Tavsiye"},"content":{"rendered":"<p>Bu yaz\u0131mda EQ kullan\u0131m\u0131 ile ilgili birka\u00e7 tavsiyede bulunmak istiyorum. <a href=\"http:\/\/www.ufukonen.com\/tr\/ses-kayit-ve-muzik-teknolojileri.html\" target=\"_blank\" rel=\"noopener noreferrer\">Ses Kay\u0131t ve M\u00fczik Teknolojisi<\/a>\u00a0(SKMT) adl\u0131 kitab\u0131mda EQ ile detayl\u0131 bilgiler, <a href=\"http:\/\/www.ufukonen.com\/tr\/muzik-produksiyonlarinda-miks-teknikleri.html\" target=\"_blank\" rel=\"noopener noreferrer\">Miks \u00dczerine: M\u00fczik Prod\u00fcksiyonlar\u0131nda Miks Teknikleri ve \u00c7e\u015fitli Yakla\u015f\u0131mlar<\/a>\u00a0(MPMT) adl\u0131 kitab\u0131mda ise EQ kullan\u0131m\u0131 hakk\u0131nda bir\u00e7ok miks m\u00fchendisinin g\u00f6r\u00fc\u015f ve tavsiyelerini\u00a0bulabilirsiniz.<\/p>\n<p>Ekim 2019 g\u00fcncelleme:\u00a0Gelen talepleri ve sorular\u0131 g\u00f6z \u00f6n\u00fcne alarak bu ba\u015fl\u0131\u011f\u0131 bir yaz\u0131 dizisine \u00e7evirme karar\u0131 ald\u0131m.\u00a0\u0130kinci ve \u00fc\u00e7\u00fcnc\u00fc b\u00f6l\u00fcmlere a\u015fa\u011f\u0131daki linklerden ula\u015fabilirsiniz:<\/p>\n<ul>\n<li><a href=\"http:\/\/www.ufukonen.com\/tr\/eq-kullanimi-birkac-tavsiye-2.html\" target=\"_blank\" rel=\"noopener noreferrer\">\u0130kinci b\u00f6l\u00fcm i\u00e7in t\u0131klay\u0131n\u0131z<\/a>.<\/li>\n<li><a href=\"http:\/\/www.ufukonen.com\/tr\/eq-kullanimi-birkac-tavsiye-3.html\" target=\"_blank\" rel=\"noopener noreferrer\">\u00dc\u00e7\u00fcnc\u00fc b\u00f6l\u00fcm t\u0131klay\u0131n\u0131z<\/a>.<\/li>\n<\/ul>\n<h3>Cut x Boost<\/h3>\n<p>&#8216;Cut&#8217;, frekanslar\u0131n seviyesini azalt\u0131rken ya da belli bir aral\u0131ktaki frekanslar\u0131 keserken, &#8216;boost&#8217; ise tam tersine frekanslar\u0131n seviyesini y\u00fckseltirken kulland\u0131\u011f\u0131m\u0131z terimlerdir.<\/p>\n<p>EQ ile \u00e7al\u0131\u015f\u0131rken hangisini ne zaman kullanaca\u011f\u0131m\u0131z konusunda bir kural yoktur.<\/p>\n<p>Bir\u00e7ok ki\u015fi taraf\u0131ndan genelde &#8216;cut&#8217; yani azaltma tavsiye edilir. Bu tavsiyenin sebebi EQ&#8217;nun bir frekans aral\u0131\u011f\u0131n\u0131 a\u00e7arken sinyalin faz\u0131nda kaymalara sebep olmas\u0131d\u0131r.<\/p>\n<p>&#8216;Cut&#8217; tavsiyesinde bulunan ancak teknik detaylarla fazla ilgilenmeyenler i\u015fi basite indirgemek i\u00e7in ortaya \u015f\u00f6yle bir senaryo s\u00fcrerler: &#8220;Bir sinyalde hem alt frekanslar\u0131 hem de \u00fcst frekanslar\u0131 a\u00e7mak istiyorsun, onun yerine ortada kalanlar\u0131 azalt.&#8221; Elbette mant\u0131kl\u0131 ancak \u00e7o\u011fu zaman bu kadar basit durumlarla kar\u015f\u0131la\u015fm\u0131yoruz.<\/p>\n<p>Benim yakla\u015f\u0131m\u0131m \u015fu \u015fekilde: E\u011fer sinyalde sorun yaratan, ba\u015fka kanallardaki di\u011fer enstr\u00fcmanlar\u0131 maskeleyen, sesin bo\u011fuk ya da y\u0131rt\u0131c\u0131 \u00e7\u0131kmas\u0131na sebep olan veya sesin netli\u011fini engelleyen bir frekans aral\u0131\u011f\u0131 varsa ben o aral\u0131\u011f\u0131 azalt\u0131yorum veya kesiyorum. Ba\u015fka bir\u00e7ok \u015feyi &#8216;boost&#8217; etmektense, sorunu bulup ondan kurtulmak \u00e7ok daha basit bir \u00e7\u00f6z\u00fcm. Bu, kula\u011fa \u00e7ok kli\u015fe bir tavsiye gibi geliyor ama bunun tespitini yap\u0131p o karar\u0131 almak asl\u0131nda tecr\u00fcbe isteyen bir \u015fey.<\/p>\n<p>E\u011fer sinyalde sesin daha etkileyici, g\u00fczel veya cazip \u00e7\u0131kmas\u0131n\u0131 sa\u011flayacak bir frekans aral\u0131\u011f\u0131 varsa ya da sesi estetik olarak daha farkl\u0131 bir yere ta\u015f\u0131maya, di\u011fer bir deyi\u015fle sesi &#8220;de\u011fi\u015ftirmeye&#8221; \u00e7al\u0131\u015f\u0131yorsam, o zaman uygun frekans aral\u0131\u011f\u0131n\u0131 bulup o aral\u0131\u011f\u0131 a\u00e7\u0131yorum.<\/p>\n<p>Bu arada, haz\u0131r EQ ve boost demi\u015fken, daha sonra &#8216;linear phase EQ&#8217; \u00fczerine bir yaz\u0131 haz\u0131rlamay\u0131 d\u00fc\u015f\u00fcn\u00fcyorum.<\/p>\n<h3>Bandwidth \/ Q<\/h3>\n<p>Parametrik EQ ile \u00e7al\u0131\u015f\u0131rken; keserken ve azalt\u0131rken (cut) y\u00fcksek Q de\u011feri, a\u00e7arken (boost) ise d\u00fc\u015f\u00fck Q de\u011feri genelde daha iyi sonu\u00e7 verir.<\/p>\n<ul>\n<li>Cut: dar bandwidth \u2013 y\u00fcksek Q de\u011feri<\/li>\n<li>Boost: geni\u015f bandwidth \u2013 d\u00fc\u015f\u00fck Q de\u011feri<\/li>\n<\/ul>\n<p>Keserken dar aral\u0131k (y\u00fcksek Q de\u011feri) kullanmak soruna odaklanmay\u0131 kolayla\u015ft\u0131r\u0131yor. A\u00e7arken geni\u015f aral\u0131k (d\u00fc\u015f\u00fck Q de\u011feri) kullanmak sesin daha do\u011fal ve yumu\u015fak olmas\u0131n\u0131 sa\u011fl\u0131yor. \u00d6zellikle \u00fcst frekanslar\u0131n seviyesini y\u00fckseltirken \u00e7ok dikkat etmek gerekiyor.<\/p>\n<p><a href=\"http:\/\/www.ufukonen.com\/tr\/ses-kayit-ve-muzik-teknolojileri.html\" target=\"_blank\" rel=\"noopener noreferrer\">Ses Kay\u0131t ve M\u00fczik Teknolojileri<\/a> (SKMT) adl\u0131 kitab\u0131mda bandwidth ve Q ile ilgili detayl\u0131 bilgiler bulabilirsiniz.<\/p>\n<div id=\"attachment_2678\" style=\"width: 460px\" class=\"wp-caption aligncenter\"><a href=\"http:\/\/www.ufukonen.com\/tr\/ucretsiz-pluginler-07.html\" target=\"_blank\" rel=\"noopener noreferrer\"><img aria-describedby=\"caption-attachment-2678\" loading=\"lazy\" class=\"wp-image-2678\" src=\"http:\/\/www.ufukonen.com\/tr\/wp-content\/uploads\/Mellowmuse_EQ1A.jpg\" alt=\"\" width=\"450\" height=\"351\" srcset=\"https:\/\/www.ufukonen.com\/tr\/wp-content\/uploads\/Mellowmuse_EQ1A.jpg 455w, https:\/\/www.ufukonen.com\/tr\/wp-content\/uploads\/Mellowmuse_EQ1A-300x234.jpg 300w\" sizes=\"(max-width: 450px) 100vw, 450px\" \/><\/a><p id=\"caption-attachment-2678\" class=\"wp-caption-text\">Mellomuse EQ1A (\u00fccretsiz indirmek i\u00e7in g\u00f6rsele t\u0131klay\u0131n\u0131z)<\/p><\/div>\n<h3>Sweeping Tekni\u011fi<\/h3>\n<p>Parametrik ve yar\u0131-parametrik EQ ile \u00e7al\u0131\u015f\u0131rken sweeping tekni\u011fini uygulamak i\u015finizi kolayla\u015ft\u0131racakt\u0131r. Bununla ilgili bir blog yaz\u0131s\u0131 ve video haz\u0131rlam\u0131\u015ft\u0131m, \u015furadan ula\u015fabilirsiniz: &#8220;<a href=\"http:\/\/www.ufukonen.com\/tr\/eq-sweeping.html\" target=\"_blank\" rel=\"noopener noreferrer\">EQ Kullan\u0131m\u0131nda Sweeping Tekni\u011fi<\/a>&#8220;.<\/p>\n<p><a href=\"http:\/\/www.ufukonen.com\/tr\/eq-sweeping.html\" target=\"_blank\" rel=\"noopener noreferrer\"><img loading=\"lazy\" class=\"aligncenter wp-image-2191\" src=\"http:\/\/www.ufukonen.com\/tr\/wp-content\/uploads\/EQ_Kullaniminda_Sweeping_Teknigi-1024x640.jpg\" alt=\"\" width=\"450\" height=\"281\" srcset=\"https:\/\/www.ufukonen.com\/tr\/wp-content\/uploads\/EQ_Kullaniminda_Sweeping_Teknigi-1024x640.jpg 1024w, https:\/\/www.ufukonen.com\/tr\/wp-content\/uploads\/EQ_Kullaniminda_Sweeping_Teknigi-300x188.jpg 300w, https:\/\/www.ufukonen.com\/tr\/wp-content\/uploads\/EQ_Kullaniminda_Sweeping_Teknigi.jpg 1280w\" sizes=\"(max-width: 450px) 100vw, 450px\" \/><\/a><\/p>\n<h3>EQ ve Solo Modu<\/h3>\n<p>EQ kullan\u0131m\u0131nda akl\u0131m\u0131zda hep tutmam\u0131z gereken bir nokta, EQ uygulad\u0131\u011f\u0131m\u0131z enstr\u00fcman ya da sesin tek ba\u015f\u0131na nas\u0131l duyuldu\u011fu de\u011fil, di\u011fer enstr\u00fcman ve seslerle beraber nas\u0131l duyuldu\u011fudur.<\/p>\n<p>EQ ile \u00e7al\u0131\u015f\u0131rken kanal\u0131 soloya almay\u0131n demiyorum elbette ancak EQ i\u015flemi s\u0131ras\u0131nda sinyali m\u00fcmk\u00fcn oldu\u011funca di\u011fer kanallarla birlikte dinleyin. EQ ile yapt\u0131\u011f\u0131n\u0131z ayarlar\u0131n o kanal\u0131n di\u011fer kanallarla olan frekans etkile\u015fimi \u00fczerinde nas\u0131l de\u011fi\u015fikliklere yol a\u00e7t\u0131\u011f\u0131n\u0131 iyi takip edin.<\/p>\n<p>Sinyalin son halini mutlaka bir b\u00fct\u00fcn i\u00e7inde di\u011fer enstr\u00fcman ve seslerle kontrol edin.<\/p>\n<p>Ekim 2019 g\u00fcncelleme:\u00a0Gelen talepleri ve sorular\u0131 g\u00f6z \u00f6n\u00fcne alarak bu ba\u015fl\u0131\u011f\u0131 bir yaz\u0131 dizisine \u00e7evirme karar\u0131 ald\u0131m.\u00a0\u0130kinci ve \u00fc\u00e7\u00fcnc\u00fc b\u00f6l\u00fcmlere a\u015fa\u011f\u0131daki linklerden ula\u015fabilirsiniz:<\/p>\n<ul>\n<li><a href=\"http:\/\/www.ufukonen.com\/tr\/eq-kullanimi-birkac-tavsiye-2.html\" target=\"_blank\" rel=\"noopener noreferrer\">\u0130kinci b\u00f6l\u00fcm i\u00e7in t\u0131klay\u0131n\u0131z<\/a>.<\/li>\n<li><a href=\"http:\/\/www.ufukonen.com\/tr\/eq-kullanimi-birkac-tavsiye-3.html\" target=\"_blank\" rel=\"noopener noreferrer\">\u00dc\u00e7\u00fcnc\u00fc b\u00f6l\u00fcm t\u0131klay\u0131n\u0131z<\/a>.<\/li>\n<\/ul>\n<p>Teknik terimler i\u00e7in <a href=\"http:\/\/www.ufukonen.com\/tr\/ses-kayit-muzik-teknolojisi-terimler-sozluk.html\">m\u00fczik teknolojisi, m\u00fczik prod\u00fcksiyonu ve ses kay\u0131t terimleri s\u00f6zl\u00fc\u011f\u00fcne<\/a> g\u00f6z atabilirsiniz.<\/p>\n<p>Benzer payla\u015f\u0131mlar i\u00e7in beni <a href=\"https:\/\/www.facebook.com\/ufukonen.skmt\/\" target=\"_blank\" rel=\"noopener noreferrer\">Facebook<\/a> ve <a href=\"https:\/\/twitter.com\/UfukOnen\" target=\"_blank\" rel=\"noopener noreferrer\">Twitter<\/a>&#8216;da takip edebilir, haberler i\u00e7in <a href=\"http:\/\/ufukonen.com\/tr\/ses-kayit-muzik-teknolojisi-terimler-sozluk.html\" target=\"_blank\" rel=\"noopener noreferrer\">mesaj listeme \u00fcye olabilirsiniz<\/a>. Te\u015fekk\u00fcrler.<\/p>\n<p>Ba\u015fl\u0131k foto\u011fraf\u0131: <a href=\"https:\/\/pixabay.com\/users\/Skitterphoto-324082\/?utm_source=link-attribution&amp;utm_medium=referral&amp;utm_campaign=image&amp;utm_content=821537\" target=\"_blank\" rel=\"noopener noreferrer\">Rudy and Peter Skitterians<\/a> | <a href=\"https:\/\/pixabay.com\/?utm_source=link-attribution&amp;utm_medium=referral&amp;utm_campaign=image&amp;utm_content=821537\" target=\"_blank\" rel=\"noopener noreferrer\">Pixabay<\/a><\/p>\n<p>\u00a9 2018 Ufuk \u00d6nen. Her hakk\u0131 sakl\u0131d\u0131r. \u0130zinsiz kullan\u0131lamaz.<\/p>\n","protected":false},"excerpt":{"rendered":"<p class=\"post-excerpt\">Bu yaz\u0131mda EQ kullan\u0131m\u0131 ile ilgili birka\u00e7 tavsiyede bulunmak istiyorum. Ses Kay\u0131t ve M\u00fczik Teknolojisi\u00a0(SKMT) adl\u0131 kitab\u0131mda EQ ile detayl\u0131&#8230;<\/p>\n","protected":false},"author":2,"featured_media":5138,"comment_status":"closed","ping_status":"open","sticky":false,"template":"","format":"standard","meta":{"_mi_skip_tracking":false,"spay_email":"","jetpack_publicize_message":"","jetpack_is_tweetstorm":false,"jetpack_publicize_feature_enabled":true},"categories":[16],"tags":[],"jetpack_featured_media_url":"https:\/\/www.ufukonen.com\/tr\/wp-content\/uploads\/EQ_Kullanimi_Birkac_Tavsiye_1080.jpg","jetpack_publicize_connections":[],"jetpack_shortlink":"https:\/\/wp.me\/p3rjsG-12v","jetpack_sharing_enabled":true,"jetpack-related-posts":[{"id":5130,"url":"https:\/\/www.ufukonen.com\/tr\/eq-kullanimi-birkac-tavsiye-3.html","url_meta":{"origin":3999,"position":0},"title":"EQ Kullan\u0131m\u0131: Birka\u00e7 Tavsiye (3. B\u00f6l\u00fcm)","date":"October 28, 2019","format":false,"excerpt":"Ge\u00e7ti\u011fimiz y\u0131l yay\u0131mlad\u0131\u011f\u0131m \"EQ Kullan\u0131m\u0131: Birka\u00e7 Tavsiye\" ba\u015fl\u0131kl\u0131 yaz\u0131 baya\u011f\u0131 bir ilgi g\u00f6rd\u00fc. Ard\u0131ndan EQ ile ilgili \u00e7e\u015fitli sorular geldi. Ben de o sorular\u0131 da g\u00f6z \u00f6n\u00fcne alarak bu ba\u015fl\u0131\u011f\u0131 bir yaz\u0131 dizisine \u00e7evirme karar\u0131 ald\u0131m. \u00dc\u00e7\u00fcnc\u00fc b\u00f6l\u00fcm ile devam ediyorum. Birinci ve ikinci b\u00f6l\u00fcmlere a\u015fa\u011f\u0131daki linklerden ula\u015fabilirsiniz: Birinci b\u00f6l\u00fcm\u2026","rel":"","context":"In &quot;M\u00fczik Prod\u00fcksiyonu&quot;","img":{"alt_text":"","src":"https:\/\/i0.wp.com\/www.ufukonen.com\/tr\/wp-content\/uploads\/EQ_Kullanimi_Birkac_Tavsiye_1080.jpg?resize=350%2C200&ssl=1","width":350,"height":200},"classes":[]},{"id":6267,"url":"https:\/\/www.ufukonen.com\/tr\/2020-en-cok-okunan.html","url_meta":{"origin":3999,"position":1},"title":"2020 \u0130\u00e7inde En \u00c7ok Okunan Blog Yaz\u0131lar\u0131m","date":"December 21, 2020","format":false,"excerpt":"2020'yi kapat\u0131rken y\u0131l i\u00e7inde en \u00e7ok okunan blog yaz\u0131lar\u0131m\u0131 sizlerle payla\u015fmak istedim. \u0130ki liste haz\u0131rlad\u0131m: Birincisi, en \u00e7ok okunan 2020 tarihli yaz\u0131lar\u0131m; ikincisi ise \u00f6nceki y\u0131llarda (2012-2019) yay\u0131nlanm\u0131\u015f olan yaz\u0131lardan 2020 i\u00e7inde en \u00e7ok okunanlar. Yaz\u0131lar\u0131, ba\u015fl\u0131klar\u0131n\u0131n ya da g\u00f6rsellerinin \u00fczerine t\u0131klayarak okuyabilirsiniz. G\u00f6stermi\u015f oldu\u011funuz ilgi i\u00e7in \u00e7ok te\u015fekk\u00fcr ederim!\u2026","rel":"","context":"In &quot;M\u00fczik End\u00fcstrisi&quot;","img":{"alt_text":"","src":"https:\/\/i0.wp.com\/www.ufukonen.com\/tr\/wp-content\/uploads\/2020-en-cok-okunan_720.jpg?resize=350%2C200&ssl=1","width":350,"height":200},"classes":[]},{"id":5129,"url":"https:\/\/www.ufukonen.com\/tr\/eq-kullanimi-birkac-tavsiye-2.html","url_meta":{"origin":3999,"position":2},"title":"EQ Kullan\u0131m\u0131: Birka\u00e7 Tavsiye (2. B\u00f6l\u00fcm)","date":"October 21, 2019","format":false,"excerpt":"Ge\u00e7ti\u011fimiz y\u0131l yay\u0131mlad\u0131\u011f\u0131m \"EQ Kullan\u0131m\u0131: Birka\u00e7 Tavsiye\" ba\u015fl\u0131kl\u0131 yaz\u0131 baya\u011f\u0131 bir ilgi g\u00f6rd\u00fc. Ard\u0131ndan EQ ile ilgili \u00e7e\u015fitli sorular geldi. Ben de o sorular\u0131 da g\u00f6z \u00f6n\u00fcne alarak bu ba\u015fl\u0131\u011f\u0131 bir yaz\u0131 dizisine \u00e7evirme karar\u0131 ald\u0131m. Birinci b\u00f6l\u00fcm\u00fc okumad\u0131ysan\u0131z yaz\u0131ya bu linkten ula\u015fabilirsiniz. \u00dc\u00e7\u00fcnc\u00fc b\u00f6l\u00fcm i\u00e7in buraya t\u0131klay\u0131n\u0131z. Monit\u00f6r Seviyeleri\u2026","rel":"","context":"In &quot;M\u00fczik Prod\u00fcksiyonu&quot;","img":{"alt_text":"","src":"https:\/\/i0.wp.com\/www.ufukonen.com\/tr\/wp-content\/uploads\/EQ_Kullanimi_Birkac_Tavsiye_1080.jpg?resize=350%2C200&ssl=1","width":350,"height":200},"classes":[]},{"id":5419,"url":"https:\/\/www.ufukonen.com\/tr\/kompresor-teknikleri-3-sidechain.html","url_meta":{"origin":3999,"position":3},"title":"Kompres\u00f6r Teknikleri &#8211; 3. B\u00f6l\u00fcm: Sidechain Kompres\u00f6r Kullan\u0131m\u0131","date":"February 10, 2020","format":false,"excerpt":"Bu yaz\u0131 dizisi \u00fc\u00e7 b\u00f6l\u00fcmden olu\u015fmaktad\u0131r. \u015eu anda okumakta oldu\u011funuz \u00fc\u00e7\u00fcnc\u00fc b\u00f6l\u00fcm sidechain kompres\u00f6r kullan\u0131m\u0131 \u00fczerine. Di\u011fer iki b\u00f6l\u00fcme a\u015fa\u011f\u0131daki linklerden ula\u015fabilirsiniz: Kompres\u00f6r Teknikleri - 1. B\u00f6l\u00fcm: Paralel Kompres\u00f6r Kullan\u0131m\u0131 Kompres\u00f6r Teknikleri - 2. B\u00f6l\u00fcm: Seri Kompres\u00f6r Kullan\u0131m\u0131 Bu teknikleri DAW i\u00e7inde nas\u0131l uygulayaca\u011f\u0131n\u0131z\u0131 Pro Tools ve Studio One ekran\u2026","rel":"","context":"In &quot;M\u00fczik Prod\u00fcksiyonu&quot;","img":{"alt_text":"","src":"https:\/\/i0.wp.com\/www.ufukonen.com\/tr\/wp-content\/uploads\/Kompresor_Teknikleri_00_Header.jpg?resize=350%2C200&ssl=1","width":350,"height":200},"classes":[]},{"id":6078,"url":"https:\/\/www.ufukonen.com\/tr\/parametrik-eq-oktav-q-tablo.html","url_meta":{"origin":3999,"position":4},"title":"Parametrik EQ \u00dczerindeki Oktav ve Q De\u011ferlerinin Kar\u015f\u0131la\u015ft\u0131rmal\u0131 Tablosu","date":"September 28, 2020","format":false,"excerpt":"Parametrik EQ\u2019nun etkili oldu\u011fu frekans aral\u0131\u011f\u0131n\u0131n geni\u015fli\u011fi oktav veya Q cinsinden ifade edilir. Blog yaz\u0131lar\u0131m\u0131 takip edenler hat\u0131rlayacakt\u0131r, daha \u00f6nce bu konu ile ilgili olarak \"EQ \u00dczerindeki Bandwidth ve Q Parametreleri\" ba\u015fl\u0131kl\u0131 bir yaz\u0131 yay\u0131nlam\u0131\u015ft\u0131m. Modern EQ'lar \u00fczerinde art\u0131k genellikle oktav yerine Q de\u011feri kullan\u0131lmaya ba\u015fland\u0131. E\u011fer frekans aral\u0131\u011f\u0131n\u0131 oktav\u2026","rel":"","context":"In &quot;Ses ve M\u00fczik Teknolojileri&quot;","img":{"alt_text":"","src":"https:\/\/i0.wp.com\/www.ufukonen.com\/tr\/wp-content\/uploads\/Parametrik_EQ_Oktav_Q_Tablo_Header.jpg?resize=350%2C200&ssl=1","width":350,"height":200},"classes":[]},{"id":4452,"url":"https:\/\/www.ufukonen.com\/tr\/2018i-kapatirken.html","url_meta":{"origin":3999,"position":5},"title":"2018&#8217;i Kapat\u0131rken&#8230;","date":"December 31, 2018","format":false,"excerpt":"2018'i kapat\u0131rken bir yandan y\u0131l i\u00e7indeki projelerin ve geli\u015fmelerin bir \u00f6zetini sizlerle payla\u015fmak, di\u011fer yandan da yeni y\u0131l\u0131n\u0131z\u0131 kutlamak istedim. \u00d6ncelikle, blog yaz\u0131lar\u0131ma g\u00f6sterdi\u011finiz ilgiden dolay\u0131 \u00e7ok te\u015fekk\u00fcr ederim! 2012 y\u0131l\u0131nda bu adreste ara s\u0131ra yaz\u0131lar payla\u015fmaya ba\u015flam\u0131\u015ft\u0131m. 2017 Temmuz ay\u0131ndan bu yana ise her Pazartesi ses ve m\u00fczik teknolojileri\u2026","rel":"","context":"In &quot;Ders &amp; Workshop&quot;","img":{"alt_text":"","src":"https:\/\/i0.wp.com\/www.ufukonen.com\/tr\/wp-content\/uploads\/2018_Kapatirken_1280x720.jpg?resize=350%2C200&ssl=1","width":350,"height":200},"classes":[]}],"_links":{"self":[{"href":"https:\/\/www.ufukonen.com\/tr\/wp-json\/wp\/v2\/posts\/3999"}],"collection":[{"href":"https:\/\/www.ufukonen.com\/tr\/wp-json\/wp\/v2\/posts"}],"about":[{"href":"https:\/\/www.ufukonen.com\/tr\/wp-json\/wp\/v2\/types\/post"}],"author":[{"embeddable":true,"href":"https:\/\/www.ufukonen.com\/tr\/wp-json\/wp\/v2\/users\/2"}],"replies":[{"embeddable":true,"href":"https:\/\/www.ufukonen.com\/tr\/wp-json\/wp\/v2\/comments?post=3999"}],"version-history":[{"count":11,"href":"https:\/\/www.ufukonen.com\/tr\/wp-json\/wp\/v2\/posts\/3999\/revisions"}],"predecessor-version":[{"id":6643,"href":"https:\/\/www.ufukonen.com\/tr\/wp-json\/wp\/v2\/posts\/3999\/revisions\/6643"}],"wp:featuredmedia":[{"embeddable":true,"href":"https:\/\/www.ufukonen.com\/tr\/wp-json\/wp\/v2\/media\/5138"}],"wp:attachment":[{"href":"https:\/\/www.ufukonen.com\/tr\/wp-json\/wp\/v2\/media?parent=3999"}],"wp:term":[{"taxonomy":"category","embeddable":true,"href":"https:\/\/www.ufukonen.com\/tr\/wp-json\/wp\/v2\/categories?post=3999"},{"taxonomy":"post_tag","embeddable":true,"href":"https:\/\/www.ufukonen.com\/tr\/wp-json\/wp\/v2\/tags?post=3999"}],"curies":[{"name":"wp","href":"https:\/\/api.w.org\/{rel}","templated":true}]}}