{"id":4061,"date":"2018-07-30T01:00:36","date_gmt":"2018-07-29T22:00:36","guid":{"rendered":"http:\/\/www.ufukonen.com\/tr\/?p=4061"},"modified":"2018-07-28T23:47:10","modified_gmt":"2018-07-28T20:47:10","slug":"stereo-cikis-uzerinde-sinyal-islemci","status":"publish","type":"post","link":"https:\/\/www.ufukonen.com\/tr\/stereo-cikis-uzerinde-sinyal-islemci.html","title":{"rendered":"Stereo \u00c7\u0131k\u0131\u015f (Master Bus) \u00dczerinde Sinyal \u0130\u015flemci Kullan\u0131l\u0131r m\u0131?"},"content":{"rendered":"<p><img loading=\"lazy\" class=\"aligncenter wp-image-4069\" src=\"http:\/\/www.ufukonen.com\/tr\/wp-content\/uploads\/Stereo_Cikis_Sinyal_\u0130slemci-1024x576.jpg\" alt=\"\" width=\"575\" height=\"323\" srcset=\"https:\/\/www.ufukonen.com\/tr\/wp-content\/uploads\/Stereo_Cikis_Sinyal_\u0130slemci-1024x576.jpg 1024w, https:\/\/www.ufukonen.com\/tr\/wp-content\/uploads\/Stereo_Cikis_Sinyal_\u0130slemci-300x169.jpg 300w, https:\/\/www.ufukonen.com\/tr\/wp-content\/uploads\/Stereo_Cikis_Sinyal_\u0130slemci-768x432.jpg 768w, https:\/\/www.ufukonen.com\/tr\/wp-content\/uploads\/Stereo_Cikis_Sinyal_\u0130slemci.jpg 1920w\" sizes=\"(max-width: 575px) 100vw, 575px\" \/><\/p>\n<p>Bu yaz\u0131mda sizinle &#8216;mix bus&#8217; veya di\u011fer ad\u0131yla &#8216;master bus&#8217; yani stereo \u00e7\u0131k\u0131\u015f \u00fczerinde plug-in ve hardware sinyal i\u015flemci kullan\u0131m\u0131 ile ilgili g\u00f6r\u00fc\u015flerimi payla\u015fmak ve birka\u00e7 tavsiyede bulunmak istiyorum.<\/p>\n<p>Yaz\u0131ya \u015fu soru ile ba\u015flamak hi\u00e7 fena bir fikir olmaz san\u0131r\u0131m: &#8220;Stereo \u00e7\u0131k\u0131\u015fta plug-in veya hardware i\u015flemci kullan\u0131l\u0131r m\u0131?&#8221;<\/p>\n<p>Bu soru \u00fczerine \u00e7ok tart\u0131\u015fmalar yap\u0131ld\u0131, yap\u0131lmaya da devam ediyor. Tahmin edebilece\u011finiz gibi bu sorunun tek bir cevab\u0131 yok. Farkl\u0131 g\u00f6r\u00fc\u015fler var.<\/p>\n<p>Benim g\u00f6rd\u00fc\u011f\u00fcm, duydu\u011fum ve okudu\u011fum kadar\u0131yla ortada \u015f\u00f6yle bir tablo var: Miks m\u00fchendisleri, stereo \u00e7\u0131k\u0131\u015f \u00fczerinde plug-in veya i\u015flemci kullanmaya (kendileri kullanmasalar bile) genel olarak s\u0131cak bak\u0131yorlar. Di\u011fer yandan mastering m\u00fchendislerinin bir \u00e7o\u011fu stereo \u00e7\u0131k\u0131\u015f \u00fczerinde plug-in ve i\u015flemci kullanmaya kar\u015f\u0131 \u00e7\u0131k\u0131yorlar.<\/p>\n<p>Asl\u0131nda mastering m\u00fchendislerini anlayabiliyorum \u00e7\u00fcnk\u00fc master bus \u00fczerindeki i\u015flemci yanl\u0131\u015f kullan\u0131ld\u0131\u011f\u0131nda hem miksi oldu\u011fundan daha k\u00f6t\u00fc veya sorunlu bir hale getiriyor, hem de (e\u011fer par\u00e7a mastering&#8217;e gidecekse) mastering m\u00fchendisinin \u00e7al\u0131\u015fma alan\u0131n\u0131 daralt\u0131yor ve elini kolunu ba\u011fl\u0131yor.<\/p>\n<p>Di\u011fer yandan, master bus \u00fczerindeki i\u015flemcinin yerinde ve do\u011fru bir \u015fekilde kullan\u0131ld\u0131\u011f\u0131 zaman ortaya \u00e7ok g\u00fczel sonu\u00e7lar \u00e7\u0131kt\u0131\u011f\u0131n\u0131 d\u00fc\u015f\u00fcn\u00fcyorum.<\/p>\n<p>Bu sebepten dolay\u0131 ben stereo \u00e7\u0131k\u0131\u015f \u00fczerinde plug-in veya hardware sinyal i\u015flemci kullan\u0131lmas\u0131na kar\u015f\u0131 de\u011filim.<\/p>\n<p>\u015eimdi gelelim tavsiyelere&#8230;<\/p>\n<p>&nbsp;<\/p>\n<h3>Sadece Kompres\u00f6r ve Limiter De\u011fil<\/h3>\n<p>Stereo \u00e7\u0131k\u0131\u015f \u00fczerinde sinyal i\u015flemci deyince akla gelenler kompres\u00f6r ve limiter oluyor. Belki bir de EQ. Ancak stereo \u00e7\u0131k\u0131\u015f i\u00e7in kullan\u0131labilecek plug-in veya cihazlar\u0131 sadece dinamik i\u015flemciler ve EQ ile s\u0131n\u0131rlamak hata olur. Biraz daha geni\u015f d\u00fc\u015f\u00fcnmekte fayda var.<\/p>\n<p>Ben \u015f\u00f6yle bir liste yapt\u0131m:<\/p>\n<ul>\n<li>Dinamik alan i\u015flemcileri<\/li>\n<li>Ton ve frekans i\u015flemcileri<\/li>\n<li>&#8216;Saturation&#8217; i\u015flemcileri<\/li>\n<li>Stereo alan i\u015flemcileri<\/li>\n<li>Harmonik ve psikoakustik i\u015flemcileri<\/li>\n<\/ul>\n<p>Bunlar\u0131n hepsini ya da bunlardan en az birisini kullanal\u0131m gibi bir tavsiyede bulunmuyorum. Sadece kullan\u0131labilecek sinyal i\u015flemci gruplar\u0131 olarak akl\u0131m\u0131zda bulunsun istedim. Bazen gerek olmaz, stereo \u00e7\u0131k\u0131\u015fta hi\u00e7bir \u015fey kullanmay\u0131z. Bazen de yukar\u0131dakilerden bir veya birka\u00e7 tanesini kullan\u0131r\u0131z. Her prod\u00fcksiyon, her sound, her par\u00e7a farkl\u0131.<\/p>\n<p>Bu yukar\u0131daki sinyal i\u015flemci gruplar\u0131 ile ilgili bir blog yaz\u0131s\u0131 yazmay\u0131 d\u00fc\u015f\u00fcn\u00fcyorum. Yeni blog yaz\u0131lar\u0131 yay\u0131mland\u0131k\u00e7a size haber verebilmem i\u00e7in <a href=\"http:\/\/www.ufukonen.com\/tr\/ses-kayit-muzik-teknolojisi-terimler-sozluk.html\" target=\"_blank\" rel=\"noopener\">mesaj listeme \u00fcye olabilirsiniz<\/a>.<\/p>\n<div id=\"attachment_3084\" style=\"width: 510px\" class=\"wp-caption aligncenter\"><a href=\"http:\/\/www.ufukonen.com\/tr\/ucretsiz-pluginler-09.html\" target=\"_blank\" rel=\"noopener\"><img aria-describedby=\"caption-attachment-3084\" loading=\"lazy\" class=\"wp-image-3084\" src=\"http:\/\/www.ufukonen.com\/tr\/wp-content\/uploads\/WaveArts_TubeSaturator.jpg\" alt=\"\" width=\"500\" height=\"203\" srcset=\"https:\/\/www.ufukonen.com\/tr\/wp-content\/uploads\/WaveArts_TubeSaturator.jpg 730w, https:\/\/www.ufukonen.com\/tr\/wp-content\/uploads\/WaveArts_TubeSaturator-300x122.jpg 300w\" sizes=\"(max-width: 500px) 100vw, 500px\" \/><\/a><p id=\"caption-attachment-3084\" class=\"wp-caption-text\">WaveArts &#8211; Tube Saturator (\u00fccretsiz indirme linki i\u00e7in g\u00f6rsele t\u0131klay\u0131n\u0131z)<\/p><\/div>\n<p>&nbsp;<\/p>\n<h3>Kendinizden Emin De\u011filseniz Yapmay\u0131n!<\/h3>\n<p>Herhangi bir kanala uygulad\u0131\u011f\u0131n\u0131z bir sinyal i\u015flemci ile ilgili ters giden bir \u015fey varsa (parametrelerin do\u011fru ayarlanmamas\u0131, yerli yersiz kulan\u0131m gibi), ortaya \u00e7\u0131kan problem sadece o kanal\u0131 etkiler. Tabii sine\u011fin ufak olsa da mide buland\u0131rd\u0131\u011f\u0131n\u0131 biliyoruz ancak yine de sorunlu bir kanal miks i\u00e7inde bir ihtimal &#8220;araya kaynayabilir&#8221;. B\u00f6yle bir durum olsun istemeyiz ama olabiliyor.<\/p>\n<p>Di\u011fer yandan stereo \u00e7\u0131k\u0131\u015f \u00fczerinde uygulad\u0131\u011f\u0131n\u0131z sinyal i\u015flemci y\u00fcz\u00fcnden bir sorun olursa onun &#8220;araya kaynamas\u0131&#8221; \u00e7ok zor. Bu sebepten dolay\u0131 master bus \u00fczerinde i\u015flem yapmak asl\u0131nda \u00e7ok riskli bir \u015feydir.<\/p>\n<p>Stereo \u00e7\u0131k\u0131\u015f \u00fczerinde kullanmak istedi\u011finiz sinyal i\u015flemciye hakim de\u011filseniz, kendinizden emin olam\u0131yorsan\u0131z bu durumda o i\u015flemciyi kullanmamak, risk almamak en iyisi.<\/p>\n<p>&nbsp;<\/p>\n<h3>K\u00fc\u00e7\u00fck Dokunu\u015flar<\/h3>\n<p>E\u011fer master bus \u00fczerinde bir i\u015flemci kullan\u0131yorsan\u0131z, i\u015flemci \u00fczerindeki parametreleri sinyale \u00e7ok k\u00fc\u00e7\u00fck dokunu\u015flarla m\u00fcdahale edecek \u015fekilde ayarlay\u0131n. Etkisi b\u00fcy\u00fck olabilecek ayarlardan ka\u00e7\u0131n\u0131n.<\/p>\n<p>E\u011fer i\u015flemcinin sinyal \u00fczerindeki etkisinin fazla olup olmad\u0131\u011f\u0131ndan emin olam\u0131yorsan\u0131z, ayarlar\u0131 iki &#8216;t\u0131k&#8217; geri \u00e7ekin. E\u011fer i\u015flemcinin sinyal \u00fczerindeki etkisinin karar\u0131nda oldu\u011funu d\u00fc\u015f\u00fcn\u00fcyorsan\u0131z, ayarlar\u0131 bir &#8216;t\u0131k&#8217; geri \u00e7ekin. Bu yakla\u015f\u0131m bende hep i\u015fe yaram\u0131\u015ft\u0131r ama tabii arada biraz zaman b\u0131rak\u0131p, par\u00e7ay\u0131 sonradan taze kulakla tekrar dinleyip, son karar\u0131 \u00f6yle vermekte fayda var.<\/p>\n<p>&nbsp;<\/p>\n<h3>Son Dakikaya Kadar Beklemeyin<\/h3>\n<p>Master bus \u00fczerinde sinyal i\u015flemci kullanacaksan\u0131z, i\u015flemciyi insert etmek i\u00e7in son dakikaya kadar beklemeyin. Hatta i\u015flemciyi miks s\u00fcrecinde m\u00fcmk\u00fcn olan en erken noktada devreye al\u0131n.<\/p>\n<p>Bunun arkas\u0131nda yatan mant\u0131k \u015fu: Stereo \u00e7\u0131k\u0131\u015ftaki sinyal i\u015flemci bitmi\u015f mikse \u015fekil vermek i\u00e7in de\u011fil, miksi \u015fekillendirmek ve karakter katmak i\u00e7in kullan\u0131l\u0131r. Di\u011fer bir deyi\u015fle, stereo \u00e7\u0131k\u0131\u015ftaki sinyal i\u015flemci miksin bir par\u00e7as\u0131d\u0131r; miksteki sorunlar\u0131 \u00f6rtmek veya hatalar\u0131 telafi etmek i\u00e7in sonradan eklenmi\u015f bir plug-in veya cihaz de\u011fildir.<\/p>\n<p>Bu sebepten dolay\u0131 stereo \u00e7\u0131k\u0131\u015fta kullanaca\u011f\u0131n\u0131z sinyal i\u015flemciyi miksin erken safhalar\u0131nda devreye almak dikkat edilmesi gereken bir noktad\u0131r.<\/p>\n<p>&nbsp;<\/p>\n<p>Di\u011fer G\u00f6r\u00fc\u015fler&#8230;<\/p>\n<p><a href=\"http:\/\/www.ufukonen.com\/tr\/muzik-produksiyonlarinda-miks-teknikleri.html\" target=\"_blank\" rel=\"noopener\">Miks \u00dczerine: M\u00fczik Prod\u00fcksiyonlar\u0131nda Miks Teknikleri ve \u00c7e\u015fitli Yakla\u015f\u0131mlar<\/a> adl\u0131 kitab\u0131mdaki r\u00f6portajlarda okuyabilece\u011finiz gibi, baz\u0131 miks m\u00fchendisleri mikslerinin ana \u00e7\u0131k\u0131\u015f\u0131nda sinyal i\u015flemciler kullan\u0131yorlar ve bunu miksin bir par\u00e7as\u0131 olarak ele al\u0131yorlar. Kitap hakk\u0131nda bilgi almak i\u00e7in buraya t\u0131klayabilirsiniz.<\/p>\n<p><a href=\"http:\/\/www.ufukonen.com\/tr\/muzik-produksiyonlarinda-miks-teknikleri.html\" target=\"_blank\" rel=\"noopener\"><img loading=\"lazy\" class=\"aligncenter wp-image-2818\" src=\"http:\/\/www.ufukonen.com\/tr\/wp-content\/uploads\/Onen_MPMT_AMEK_Background_1024x541-1024x541.jpg\" alt=\"\" width=\"550\" height=\"291\" srcset=\"https:\/\/www.ufukonen.com\/tr\/wp-content\/uploads\/Onen_MPMT_AMEK_Background_1024x541.jpg 1024w, https:\/\/www.ufukonen.com\/tr\/wp-content\/uploads\/Onen_MPMT_AMEK_Background_1024x541-300x158.jpg 300w, https:\/\/www.ufukonen.com\/tr\/wp-content\/uploads\/Onen_MPMT_AMEK_Background_1024x541-768x406.jpg 768w\" sizes=\"(max-width: 550px) 100vw, 550px\" \/><\/a><\/p>\n<p>&nbsp;<\/p>\n<p>Teknik terimler i\u00e7in <a href=\"http:\/\/www.ufukonen.com\/tr\/ses-kayit-muzik-teknolojisi-terimler-sozluk.html\">m\u00fczik teknolojisi, m\u00fczik prod\u00fcksiyonu ve ses kay\u0131t terimleri s\u00f6zl\u00fc\u011f\u00fcne<\/a> g\u00f6z atabilirsiniz.<\/p>\n<p>Benzer payla\u015f\u0131mlar i\u00e7in beni <a href=\"https:\/\/www.facebook.com\/ufukonen.skmt\/\" target=\"_blank\" rel=\"noopener\">Facebook<\/a> ve <a href=\"https:\/\/twitter.com\/UfukOnen\" target=\"_blank\" rel=\"noopener\">Twitter<\/a>&#8216;da takip edebilir, haberler i\u00e7in <a href=\"http:\/\/ufukonen.com\/tr\/ses-kayit-muzik-teknolojisi-terimler-sozluk.html\" target=\"_blank\" rel=\"noopener\">mesaj listeme \u00fcye olabilirsiniz<\/a>. Te\u015fekk\u00fcrler.<\/p>\n<p>Ba\u015fl\u0131k foto\u011fraf\u0131:\u00a0Photo by\u00a0<a href=\"https:\/\/unsplash.com\/photos\/ZtfeP9NTMpA?utm_source=unsplash&amp;utm_medium=referral&amp;utm_content=creditCopyText\" target=\"_blank\" rel=\"noopener\">Oleg Pliasunov<\/a>\u00a0|\u00a0<a href=\"https:\/\/unsplash.com\/?utm_source=unsplash&amp;utm_medium=referral&amp;utm_content=creditCopyText\" target=\"_blank\" rel=\"noopener\">Unsplash<\/a><\/p>\n<p>\u00a9 2018 Ufuk \u00d6nen. Her hakk\u0131 sakl\u0131d\u0131r. \u0130zinsiz kullan\u0131lamaz.<\/p>\n","protected":false},"excerpt":{"rendered":"<p class=\"post-excerpt\">Bu yaz\u0131mda sizinle &#8216;mix bus&#8217; veya di\u011fer ad\u0131yla &#8216;master bus&#8217; yani stereo \u00e7\u0131k\u0131\u015f \u00fczerinde plug-in ve hardware sinyal i\u015flemci kullan\u0131m\u0131&#8230;<\/p>\n","protected":false},"author":2,"featured_media":4069,"comment_status":"closed","ping_status":"open","sticky":false,"template":"","format":"standard","meta":{"_mi_skip_tracking":false,"spay_email":"","jetpack_publicize_message":"","jetpack_is_tweetstorm":false,"jetpack_publicize_feature_enabled":true},"categories":[16],"tags":[],"jetpack_featured_media_url":"https:\/\/www.ufukonen.com\/tr\/wp-content\/uploads\/Stereo_Cikis_Sinyal_\u0130slemci.jpg","jetpack_publicize_connections":[],"jetpack_shortlink":"https:\/\/wp.me\/p3rjsG-13v","jetpack_sharing_enabled":true,"jetpack-related-posts":[{"id":7400,"url":"https:\/\/www.ufukonen.com\/tr\/master-fader-otomasyon.html","url_meta":{"origin":4061,"position":0},"title":"Master Fader ve Otomasyon","date":"May 16, 2022","format":false,"excerpt":"Bu yaz\u0131mda sizlerle master fader ve otomasyon ile ilgili bir t\u00fcyo payla\u015fmak istiyorum. Payla\u015faca\u011f\u0131m bu t\u00fcyo, benim ve daha bir\u00e7ok ses profesyonelinin eskiden beri kulland\u0131\u011f\u0131 bir teknik. A\u00e7\u0131k\u00e7as\u0131 ben bu tekni\u011fin hemen hemen herkes taraf\u0131ndan bilindi\u011fini ve kullan\u0131ld\u0131\u011f\u0131n\u0131 san\u0131yordum ama son zamanlarda \u00f6yle olmad\u0131\u011f\u0131n\u0131 fark ettim. Bu sebepten dolay\u0131 basit\u2026","rel":"","context":"In &quot;M\u00fczik Prod\u00fcksiyonu&quot;","img":{"alt_text":"","src":"https:\/\/i0.wp.com\/www.ufukonen.com\/tr\/wp-content\/uploads\/Master_Fader_ve_Otomasyon_00_Header.jpg?resize=350%2C200&ssl=1","width":350,"height":200},"classes":[]},{"id":6674,"url":"https:\/\/www.ufukonen.com\/tr\/mid-side-sinyal-isleme.html","url_meta":{"origin":4061,"position":1},"title":"Mid\/Side (M\/S) Sinyal \u0130\u015fleme Y\u00f6ntemi","date":"June 14, 2021","format":false,"excerpt":"Mid\/Side processing (ya da k\u0131sa ad\u0131yla M\/S processing), M\/S mikrofonlama tekni\u011finden ilham alarak geli\u015ftirilmi\u015f bir sinyal i\u015fleme y\u00f6ntemi (M\/S mikrofonlama tekni\u011fi ile ilgili yaz\u0131m\u0131 buraya t\u0131klayarak okuyabilirsiniz). Bu y\u00f6ntem, \u00e7al\u0131\u015fma prensibi olarak stereodan farkl\u0131. Hemen k\u0131saca aradaki fark\u0131 anlatay\u0131m. Stereo ve M\/S \u0130\u015fleme Aras\u0131ndaki Fark Stereo, sol ve sa\u011f olmak\u2026","rel":"","context":"In &quot;Ses ve M\u00fczik Teknolojileri&quot;","img":{"alt_text":"","src":"https:\/\/i0.wp.com\/www.ufukonen.com\/tr\/wp-content\/uploads\/MidSide_Sinyal_Isleme_00_Header.jpg?resize=350%2C200&ssl=1","width":350,"height":200},"classes":[]},{"id":4662,"url":"https:\/\/www.ufukonen.com\/tr\/lookahead-ozelligi-manuel.html","url_meta":{"origin":4061,"position":2},"title":"Peki Ya Kullanmak \u0130stedi\u011fimiz Kompres\u00f6r \u00dczerinde Lookahead \u00d6zelli\u011fi Yoksa?","date":"April 1, 2019","format":false,"excerpt":"Ge\u00e7ti\u011fimiz hafta payla\u015ft\u0131\u011f\u0131m \"Kompres\u00f6r \/ Limiter Lookahead \u00d6zelli\u011fi\" ba\u015fl\u0131kl\u0131 yaz\u0131dan sonra soranlar oldu: Peki ya kullanmak istedi\u011fimiz kompres\u00f6r, limiter veya de-esser plug-in'i \u00fczerinde lookahead \u00f6zelli\u011fi yoksa? Lookahead \u00f6zelli\u011fi baz\u0131 durumlarda ger\u00e7ekten \u00e7ok faydal\u0131 olabiliyor ama maalesef baz\u0131 plug-in'ler \u00fczerinde bu \u00f6zellik bulunmuyor. Olsun. Problem de\u011fil! Plug-in \u00fczerinde olmada lookahead \u00f6zelli\u011fini\u2026","rel":"","context":"In &quot;Ses ve M\u00fczik Teknolojileri&quot;","img":{"alt_text":"","src":"https:\/\/i0.wp.com\/www.ufukonen.com\/tr\/wp-content\/uploads\/Lookahead_Ozelligi_Manuel.jpg?resize=350%2C200&ssl=1","width":350,"height":200},"classes":[]},{"id":254,"url":"https:\/\/www.ufukonen.com\/tr\/plug-inlerin-insert-ve-send-olarak-kullanimlari.html","url_meta":{"origin":4061,"position":3},"title":"Plug-in&#8217;lerin &#8216;Insert&#8217; ve &#8216;Send&#8217; Olarak Kullan\u0131mlar\u0131","date":"November 16, 2012","format":false,"excerpt":"Analog mikserler ve \u0130ngilizce'de 'outboard gear' olarak adland\u0131r\u0131lan 'hardware' ses i\u015flemci ve efekt \u00fcniteleri i\u00e7in \u015f\u00f6yle bir prensip vard\u0131r: Kompres\u00f6r, equalizer, noise gate gibi ses i\u015flemciler mikserde herhangi bir kanala 'insert' noktas\u0131 arac\u0131l\u0131\u011f\u0131 ile ba\u011flan\u0131r; reverb, delay gibi efektler i\u00e7in ise 'send' y\u00f6ntemi kullan\u0131l\u0131r. Kompres\u00f6r ve equalizer gibi sinyal i\u015flemciler\u2026","rel":"","context":"In &quot;M\u00fczik Prod\u00fcksiyonu&quot;","img":{"alt_text":"","src":"https:\/\/i0.wp.com\/www.ufukonen.com\/tr\/wp-content\/uploads\/Onen-Send-Insert-Sekil-07.jpg?resize=350%2C200&ssl=1","width":350,"height":200},"classes":[]},{"id":7281,"url":"https:\/\/www.ufukonen.com\/tr\/kulak-tirmalamayan-tizler.html","url_meta":{"origin":4061,"position":4},"title":"Kulak T\u0131rmalamayan Tizler Elde Etmek \u0130\u00e7in 5 \u0130\u015flemci","date":"April 4, 2022","format":false,"excerpt":"\u00c7al\u0131\u015ft\u0131\u011f\u0131m\u0131z par\u00e7ada kulak t\u0131rmalayan tizler var. Standart EQ ile sorunu \u00e7\u00f6zemiyoruz. Ne yapmal\u0131y\u0131z? Bu yaz\u0131mda kulak t\u0131rmalamayan tizler elde etmek i\u00e7in be\u015f i\u015flemci \u00f6nerisinde bulunmak istiyorum. 1\/ Dinamik EQ \"Dinamik EQ\" ba\u015fl\u0131kl\u0131 makalem i\u00e7in t\u0131klay\u0131n\u0131z Dinamik EQ'nun \u00e7al\u0131\u015fma prensibini ve dinamik EQ ile multiband kompres\u00f6r\u00fcn aras\u0131ndaki fark\u0131 anlatt\u0131\u011f\u0131m yaz\u0131m\u0131 buraya\u2026","rel":"","context":"In &quot;M\u00fczik Prod\u00fcksiyonu&quot;","img":{"alt_text":"","src":"https:\/\/i0.wp.com\/www.ufukonen.com\/tr\/wp-content\/uploads\/Kulak_Tirmalamayan_Tizler_00_Header.jpg?resize=350%2C200&ssl=1","width":350,"height":200},"classes":[]},{"id":3545,"url":"https:\/\/www.ufukonen.com\/tr\/kanallar-ve-stereo-cikis-seviyeleri.html","url_meta":{"origin":4061,"position":5},"title":"Kanallar ve Stereo \u00c7\u0131k\u0131\u015f Seviyeleri","date":"December 18, 2017","format":false,"excerpt":"Miks yapmaya yeni ba\u015flayanlar\u0131n en s\u0131k kar\u015f\u0131la\u015ft\u0131\u011f\u0131 sorunlardan birisi stereo \u00e7\u0131k\u0131\u015f\u0131n \u00e7ok y\u00fcksek seviyelere ula\u015f\u0131p, sinyal metre \u00fczerindeki k\u0131rm\u0131z\u0131 uyar\u0131 \u0131\u015f\u0131klar\u0131n\u0131n yanmas\u0131d\u0131r. Mikse ba\u015flarken kanal seviyelerini y\u00fcksek tutarsan\u0131z di\u011fer enstr\u00fcmanlar\u0131 veya kanallar\u0131 ekledik\u00e7e stereo \u00e7\u0131k\u0131\u015f \u00fczerindeki seviye \u00e7ok y\u00fckselecek ve sinyal bozulmaya ba\u015flayacakt\u0131r. Eskiden analog bantlarla \u00e7al\u0131\u015f\u0131rken zaman zaman sinyali\u2026","rel":"","context":"In &quot;Ses ve M\u00fczik Teknolojileri&quot;","img":{"alt_text":"","src":"https:\/\/i0.wp.com\/www.ufukonen.com\/tr\/wp-content\/uploads\/Kanallar_ve_Stereo_Cikis_Seviyeleri_1024x576.jpg?resize=350%2C200&ssl=1","width":350,"height":200},"classes":[]}],"_links":{"self":[{"href":"https:\/\/www.ufukonen.com\/tr\/wp-json\/wp\/v2\/posts\/4061"}],"collection":[{"href":"https:\/\/www.ufukonen.com\/tr\/wp-json\/wp\/v2\/posts"}],"about":[{"href":"https:\/\/www.ufukonen.com\/tr\/wp-json\/wp\/v2\/types\/post"}],"author":[{"embeddable":true,"href":"https:\/\/www.ufukonen.com\/tr\/wp-json\/wp\/v2\/users\/2"}],"replies":[{"embeddable":true,"href":"https:\/\/www.ufukonen.com\/tr\/wp-json\/wp\/v2\/comments?post=4061"}],"version-history":[{"count":8,"href":"https:\/\/www.ufukonen.com\/tr\/wp-json\/wp\/v2\/posts\/4061\/revisions"}],"predecessor-version":[{"id":4070,"href":"https:\/\/www.ufukonen.com\/tr\/wp-json\/wp\/v2\/posts\/4061\/revisions\/4070"}],"wp:featuredmedia":[{"embeddable":true,"href":"https:\/\/www.ufukonen.com\/tr\/wp-json\/wp\/v2\/media\/4069"}],"wp:attachment":[{"href":"https:\/\/www.ufukonen.com\/tr\/wp-json\/wp\/v2\/media?parent=4061"}],"wp:term":[{"taxonomy":"category","embeddable":true,"href":"https:\/\/www.ufukonen.com\/tr\/wp-json\/wp\/v2\/categories?post=4061"},{"taxonomy":"post_tag","embeddable":true,"href":"https:\/\/www.ufukonen.com\/tr\/wp-json\/wp\/v2\/tags?post=4061"}],"curies":[{"name":"wp","href":"https:\/\/api.w.org\/{rel}","templated":true}]}}