{"id":4071,"date":"2018-08-06T01:00:11","date_gmt":"2018-08-05T22:00:11","guid":{"rendered":"http:\/\/www.ufukonen.com\/tr\/?p=4071"},"modified":"2018-08-04T23:22:24","modified_gmt":"2018-08-04T20:22:24","slug":"gorsel-mikrofon","status":"publish","type":"post","link":"https:\/\/www.ufukonen.com\/tr\/gorsel-mikrofon.html","title":{"rendered":"Cips Paketi, Saks\u0131 ve Di\u011fer Objeleri G\u00f6rsel Mikrofona \u00c7eviren Teknoloji"},"content":{"rendered":"<p><img loading=\"lazy\" class=\"aligncenter wp-image-4082\" src=\"http:\/\/www.ufukonen.com\/tr\/wp-content\/uploads\/Hareket_Mikroskopu_0-1024x576.jpg\" alt=\"\" width=\"575\" height=\"323\" srcset=\"https:\/\/www.ufukonen.com\/tr\/wp-content\/uploads\/Hareket_Mikroskopu_0-1024x576.jpg 1024w, https:\/\/www.ufukonen.com\/tr\/wp-content\/uploads\/Hareket_Mikroskopu_0-300x169.jpg 300w, https:\/\/www.ufukonen.com\/tr\/wp-content\/uploads\/Hareket_Mikroskopu_0-768x432.jpg 768w, https:\/\/www.ufukonen.com\/tr\/wp-content\/uploads\/Hareket_Mikroskopu_0.jpg 1920w\" sizes=\"(max-width: 575px) 100vw, 575px\" \/><\/p>\n<p>&#8220;Hareket&#8221; dedi\u011fimiz zaman \u00e7o\u011fumuzun akl\u0131na g\u00f6rebildi\u011fimiz bir \u015fey geliyor ancak g\u00f6z\u00fcm\u00fcz\u00fcn g\u00f6remeyece\u011fi belirsizlikte olan hareketler de var. G\u00f6remedi\u011fimiz bu hareketleri videoya kaydetti\u011fimizde foto\u011fraf gibi oluyor.<\/p>\n<p>Birka\u00e7 y\u0131l \u00f6nce Massachusetts Institute of Technology&#8217;deki ara\u015ft\u0131rmac\u0131lar &#8216;hareket mikroskopu&#8217; (motion microscope) ad\u0131n\u0131 verdikleri bir yaz\u0131l\u0131m geli\u015ftirdiler. Bu yaz\u0131l\u0131m, video kayd\u0131ndaki g\u00f6remedi\u011fimiz, fark edemedi\u011fimiz belirsiz hareketleri deyim yerindeyse b\u00fcy\u00fct\u00fcyor ve g\u00f6rebilece\u011fimiz bir hale getiriyor. \u00d6rnek olarak bir ki\u015finin bile\u011fini videoya \u00e7ekip, hareket mikroskopu yaz\u0131l\u0131m\u0131n\u0131 kullanarak hareketleri b\u00fcy\u00fct\u00fcp, dokunmadan o ki\u015finin nabz\u0131n\u0131 saymak m\u00fcmk\u00fcn.<\/p>\n<p>Diyeceksiniz ki, &#8220;bunun ses ile ilgisi nerede?&#8221;<\/p>\n<p>Sesle ilgili k\u0131sm\u0131 bilgisayar, g\u00f6r\u00fcnt\u00fc ve insan-bilgisayar etkile\u015fimi \u00fczerine \u00e7al\u0131\u015fan bilim insan\u0131 Abe Davis&#8217;in ortaya \u00e7\u0131lg\u0131n bir fikir atmas\u0131ndan sonra ba\u015fl\u0131yor.<\/p>\n<p><img loading=\"lazy\" class=\"aligncenter wp-image-4078\" src=\"http:\/\/www.ufukonen.com\/tr\/wp-content\/uploads\/Hareket_Mikroskopu_1-1024x576.jpg\" alt=\"\" width=\"500\" height=\"281\" srcset=\"https:\/\/www.ufukonen.com\/tr\/wp-content\/uploads\/Hareket_Mikroskopu_1-1024x576.jpg 1024w, https:\/\/www.ufukonen.com\/tr\/wp-content\/uploads\/Hareket_Mikroskopu_1-300x169.jpg 300w, https:\/\/www.ufukonen.com\/tr\/wp-content\/uploads\/Hareket_Mikroskopu_1-768x432.jpg 768w, https:\/\/www.ufukonen.com\/tr\/wp-content\/uploads\/Hareket_Mikroskopu_1.jpg 1920w\" sizes=\"(max-width: 500px) 100vw, 500px\" \/><\/p>\n<p>Davis, ses dalgalar\u0131n\u0131n cisimleri titre\u015ftirdi\u011fini, ses titre\u015fimlerinin de bir t\u00fcrl\u00fc hareket oldu\u011funu ve videoya kaydedilen bu hareketlerin, hareket mikroskopu ya da benzer bir yaz\u0131l\u0131m ile b\u00fcy\u00fct\u00fclerek tekrar sese d\u00f6n\u00fc\u015ft\u00fcr\u00fclebilece\u011fini iddia ediyor.<\/p>\n<p>Davis ve \u00e7al\u0131\u015fma arkada\u015flar\u0131 hemen deneylere ba\u015fl\u0131yor! Bir odaya i\u00e7inde \u00e7i\u00e7ek olan bir saks\u0131 ve bir hoparl\u00f6r koyuyorlar. Daha sonra m\u00fczi\u011fi a\u00e7\u0131yorlar ve saks\u0131daki \u00e7i\u00e7e\u011fi saniyede bin kare kaydedebilen bir kamera ile videoya \u00e7ekiyorlar. Bu kadar y\u00fcksek h\u0131zda video kullanmalar\u0131n\u0131n sebebi \u00e7i\u00e7e\u011fin yapraklar\u0131n\u0131n \u00e7ok k\u00fc\u00e7\u00fck bir \u015fekilde, yaln\u0131zca bir mikrometre (santimetrenin onda biri) kadar hareket etmesi.<\/p>\n<p><img loading=\"lazy\" class=\"aligncenter wp-image-4079\" src=\"http:\/\/www.ufukonen.com\/tr\/wp-content\/uploads\/Hareket_Mikroskopu_2-1024x421.jpg\" alt=\"\" width=\"500\" height=\"205\" srcset=\"https:\/\/www.ufukonen.com\/tr\/wp-content\/uploads\/Hareket_Mikroskopu_2-1024x421.jpg 1024w, https:\/\/www.ufukonen.com\/tr\/wp-content\/uploads\/Hareket_Mikroskopu_2-300x123.jpg 300w, https:\/\/www.ufukonen.com\/tr\/wp-content\/uploads\/Hareket_Mikroskopu_2-768x316.jpg 768w, https:\/\/www.ufukonen.com\/tr\/wp-content\/uploads\/Hareket_Mikroskopu_2.jpg 1920w\" sizes=\"(max-width: 500px) 100vw, 500px\" \/><\/p>\n<p>Kaydedilen videoyu izleyince ne hareket g\u00f6r\u00fcyorsunuz ne de ses duyuyorsunuz. Davis ve ekibi yazd\u0131klar\u0131 bir algoritma sayesinde bu hareketsiz ve sessiz videodan ses titre\u015fimlerinin olu\u015fturdu\u011fu \u00e7ok k\u00fc\u00e7\u00fck hareketleri tekrar sese d\u00f6n\u00fc\u015ft\u00fcrmeyi ba\u015far\u0131yorlar.<\/p>\n<p>Bu teknoloji asl\u0131nda inan\u0131lmaz bir \u015feyin kap\u0131s\u0131n\u0131 a\u00e7\u0131yor: s\u0131radan nesneleri uzak g\u00f6rsel mikrofonlara \u00e7evirmek!<\/p>\n<p><img loading=\"lazy\" class=\"aligncenter wp-image-4080\" src=\"http:\/\/www.ufukonen.com\/tr\/wp-content\/uploads\/Hareket_Mikroskopu_3-1024x576.jpg\" alt=\"\" width=\"500\" height=\"281\" srcset=\"https:\/\/www.ufukonen.com\/tr\/wp-content\/uploads\/Hareket_Mikroskopu_3-1024x576.jpg 1024w, https:\/\/www.ufukonen.com\/tr\/wp-content\/uploads\/Hareket_Mikroskopu_3-300x169.jpg 300w, https:\/\/www.ufukonen.com\/tr\/wp-content\/uploads\/Hareket_Mikroskopu_3-768x432.jpg 768w, https:\/\/www.ufukonen.com\/tr\/wp-content\/uploads\/Hareket_Mikroskopu_3.jpg 1920w\" sizes=\"(max-width: 500px) 100vw, 500px\" \/><\/p>\n<p>Davis ve ekibi cips paketleri de dahil olmak \u00fczere bir\u00e7ok nesne ile deney yap\u0131yorlar.<\/p>\n<p>&#8220;Kaydedilen&#8221; sesleri dinlemek ve bu teknoloji ile ilgili daha fazla bilgi edinmek i\u00e7in Abe Davis&#8217;in TED konu\u015fmas\u0131n\u0131n videosunu mutlaka seyredin. Videoda T\u00fcrk\u00e7e alt yaz\u0131 mevcut.<\/p>\n<div style=\"max-width: 854px;\">\n<div style=\"position: relative; height: 0; padding-bottom: 56.25%;\"><iframe loading=\"lazy\" style=\"position: absolute; left: 0; top: 0; width: 100%; height: 100%;\" src=\"https:\/\/embed.ted.com\/talks\/lang\/tr\/abe_davis_new_video_technology_that_reveals_an_object_s_hidden_properties\" width=\"854\" height=\"480\" frameborder=\"0\" scrolling=\"no\" allowfullscreen=\"allowfullscreen\"><\/iframe><\/div>\n<\/div>\n<p>&nbsp;<\/p>\n<p>Teknik terimler i\u00e7in <a href=\"http:\/\/www.ufukonen.com\/tr\/ses-kayit-muzik-teknolojisi-terimler-sozluk.html\">m\u00fczik teknolojisi, m\u00fczik prod\u00fcksiyonu ve ses kay\u0131t terimleri s\u00f6zl\u00fc\u011f\u00fcne<\/a> g\u00f6z atabilirsiniz.<\/p>\n<p>Benzer payla\u015f\u0131mlar i\u00e7in beni <a href=\"https:\/\/www.facebook.com\/ufukonen.skmt\/\" target=\"_blank\" rel=\"noopener\">Facebook<\/a> ve <a href=\"https:\/\/twitter.com\/UfukOnen\" target=\"_blank\" rel=\"noopener\">Twitter<\/a>&#8216;da takip edebilir, haberler i\u00e7in <a href=\"http:\/\/ufukonen.com\/tr\/ses-kayit-muzik-teknolojisi-terimler-sozluk.html\" target=\"_blank\" rel=\"noopener\">mesaj listeme \u00fcye olabilirsiniz<\/a>. Te\u015fekk\u00fcrler.<\/p>\n<p>\u00a9 2018 Ufuk \u00d6nen. Her hakk\u0131 sakl\u0131d\u0131r. \u0130zinsiz kullan\u0131lamaz.<\/p>\n","protected":false},"excerpt":{"rendered":"<p class=\"post-excerpt\">&#8220;Hareket&#8221; dedi\u011fimiz zaman \u00e7o\u011fumuzun akl\u0131na g\u00f6rebildi\u011fimiz bir \u015fey geliyor ancak g\u00f6z\u00fcm\u00fcz\u00fcn g\u00f6remeyece\u011fi belirsizlikte olan hareketler de var. G\u00f6remedi\u011fimiz bu hareketleri&#8230;<\/p>\n","protected":false},"author":2,"featured_media":4082,"comment_status":"closed","ping_status":"open","sticky":false,"template":"","format":"standard","meta":{"_mi_skip_tracking":false,"spay_email":"","jetpack_publicize_message":"","jetpack_is_tweetstorm":false,"jetpack_publicize_feature_enabled":true},"categories":[18],"tags":[],"jetpack_featured_media_url":"https:\/\/www.ufukonen.com\/tr\/wp-content\/uploads\/Hareket_Mikroskopu_0.jpg","jetpack_publicize_connections":[],"jetpack_shortlink":"https:\/\/wp.me\/p3rjsG-13F","jetpack_sharing_enabled":true,"jetpack-related-posts":[{"id":7416,"url":"https:\/\/www.ufukonen.com\/tr\/loopback-nedir-podcast-video.html","url_meta":{"origin":4071,"position":0},"title":"Loopback Nedir, Podcast ve Video Gibi \u0130\u00e7eriklerin \u00dcretimlerinde Ne \u0130\u015fe Yarar?","date":"June 6, 2022","format":false,"excerpt":"Son y\u0131llarda podcast ve video gibi i\u00e7eriklerin say\u0131s\u0131nda m\u00fcthi\u015f bir art\u0131\u015f oldu. \u0130\u00e7erik \u00fcreticileri loopback \u00f6zelli\u011fine ihtiya\u00e7 duymaya ve bilerek veya bilmeyerek bir \u015fekilde kullanmaya ba\u015flad\u0131lar. Peki, nedir bu loopback ya da audio loopback veya loopback audio? Loopback Diyelim ki bilgisayar\u0131n\u0131z\u0131n i\u00e7indeki sesleri (\u00f6rnek olarak, oynad\u0131\u011f\u0131n\u0131z oyunun, izledi\u011finiz videonun ya\u2026","rel":"","context":"In &quot;Ses ve M\u00fczik Teknolojileri&quot;","img":{"alt_text":"","src":"https:\/\/i0.wp.com\/www.ufukonen.com\/tr\/wp-content\/uploads\/Loopback_Nedir_Ne_Ise_Yarar_00_Header.jpg?resize=350%2C200&ssl=1","width":350,"height":200},"classes":[]},{"id":5231,"url":"https:\/\/www.ufukonen.com\/tr\/riding-the-fader-1.html","url_meta":{"origin":4071,"position":1},"title":"Riding the Fader ve Kompres\u00f6r Kullan\u0131m\u0131 (1. B\u00f6l\u00fcm)","date":"December 2, 2019","format":false,"excerpt":"Riding the fader, miks s\u0131ras\u0131nda sinyal seviyelerini fader ile ayarlama (seviye olarak d\u00fc\u015f\u00fck yerleri a\u00e7\u0131p, y\u00fcksek yerleri k\u0131sma) i\u015flemi i\u00e7in kullan\u0131lan, analog mikserler zaman\u0131nda ortaya \u00e7\u0131km\u0131\u015f bir terimdir. O zamanlar miks s\u0131ras\u0131nda miks m\u00fchendisleri par\u00e7adaki t\u00fcm fader hareketlerini ezberleyip, miks stereo banta bas\u0131l\u0131rken bunlar\u0131 ger\u00e7ek zamanl\u0131 olarak tekrar ediyordu. Bazen\u2026","rel":"","context":"In &quot;M\u00fczik Prod\u00fcksiyonu&quot;","img":{"alt_text":"","src":"https:\/\/i0.wp.com\/www.ufukonen.com\/tr\/wp-content\/uploads\/Riding_the_Fader_Header_1_720.jpg?resize=350%2C200&ssl=1","width":350,"height":200},"classes":[]},{"id":4086,"url":"https:\/\/www.ufukonen.com\/tr\/film-sesleri-1.html","url_meta":{"origin":4071,"position":2},"title":"Film Sesleri (1. B\u00f6l\u00fcm)","date":"August 20, 2018","format":false,"excerpt":"Son y\u0131llarda t\u00fcm d\u00fcnyada oldu\u011fu gibi T\u00fcrkiye\u2019de de m\u00fczisyen ve besteciler taraf\u0131ndan film, video ve dizi m\u00fcziklerine g\u00f6sterilen ilgi olduk\u00e7a artt\u0131. G\u00fcn\u00fcm\u00fcz\u00fcn dijital teknolojisi sayesinde bir bestecinin bir film, video veya dizi m\u00fczi\u011finin b\u00fcy\u00fck bir b\u00f6l\u00fcm\u00fcn\u00fc, hatta baz\u0131 durumlarda tamam\u0131n\u0131, evde kurdu\u011fu st\u00fcdyosunda \u00e7al\u0131\u015farak bitirmesi m\u00fcmk\u00fcn h\u00e2le geldi. K\u00fc\u00e7\u00fck b\u00fct\u00e7eli\u2026","rel":"","context":"In &quot;Ses Tasar\u0131m\u0131&quot;","img":{"alt_text":"","src":"https:\/\/i0.wp.com\/www.ufukonen.com\/tr\/wp-content\/uploads\/film_sesleri_1.jpg?resize=350%2C200&ssl=1","width":350,"height":200},"classes":[]},{"id":3369,"url":"https:\/\/www.ufukonen.com\/tr\/sanal-gerceklik-icin-ses-ambisonics-format-b-1-bolum.html","url_meta":{"origin":4071,"position":3},"title":"Sanal Ger\u00e7eklik \u0130\u00e7in Ses: Ambisonics Format-B (1. B\u00f6l\u00fcm)","date":"October 23, 2017","format":false,"excerpt":"Ge\u00e7ti\u011fimiz son birka\u00e7 y\u0131l i\u00e7inde VR (virtual reality \/ sanal ger\u00e7eklik) uygulamalar\u0131 ve donan\u0131mlar\u0131 ile Facebook ve YouTube \u00fczerinde payla\u015f\u0131lan 360\u02da videolar \u00e7ok pop\u00fcler hale geldi. Durum b\u00f6yle olunca \u00fc\u00e7 boyutlu (360\u02da) ses de \u00f6nemli hale geldi. E\u011fer ses \u00fczerine \u00e7al\u0131\u015f\u0131yorsan\u0131z, \u015fu ana kadar bu d\u00fcnyaya girmemi\u015f olsan\u0131z bile yak\u0131n\u2026","rel":"","context":"In &quot;Ses ve M\u00fczik Teknolojileri&quot;","img":{"alt_text":"","src":"https:\/\/i0.wp.com\/www.ufukonen.com\/tr\/wp-content\/uploads\/Ambisonics_Virtual_Reality_1_720x405.jpg?resize=350%2C200&ssl=1","width":350,"height":200},"classes":[]},{"id":6922,"url":"https:\/\/www.ufukonen.com\/tr\/streaming-seviyeleri-olcum.html","url_meta":{"origin":4071,"position":4},"title":"Spotify, YouTube, Apple Music ve Di\u011fer Platformlar\u0131n Ses \u00c7\u0131k\u0131\u015f Seviyelerini Nas\u0131l \u00d6l\u00e7eriz?","date":"October 11, 2021","format":false,"excerpt":"Bu yaz\u0131mda Spotify, YouTube, Apple Music ve di\u011fer streaming platformlar\u0131n\u0131n ses \u00e7\u0131k\u0131\u015f seviyelerini \u00f6l\u00e7mek i\u00e7in kulland\u0131\u011f\u0131m y\u00f6ntemi sizlerle payla\u015fmak istiyorum. Bu y\u00f6ntem i\u00e7in a\u015fa\u011f\u0131daki yaz\u0131l\u0131m ve donan\u0131mlar\u0131 kullan\u0131yorum: Youlean Loudness MeterApple Mac bilgisayar (MacBook, iMac vb.)iPhone veya iPad Alternatifler Blog yaz\u0131lar\u0131m\u0131 ve Instagram hesab\u0131n\u0131 takip edenler bilir; Youlean Loudness Meter'\u0131\u2026","rel":"","context":"In &quot;Ses ve M\u00fczik Teknolojileri&quot;","img":{"alt_text":"","src":"https:\/\/i0.wp.com\/www.ufukonen.com\/tr\/wp-content\/uploads\/Streaming_Seviyelerini_Nasil_Olceriz_00_Header-1.jpg?resize=350%2C200&ssl=1","width":350,"height":200},"classes":[]},{"id":6048,"url":"https:\/\/www.ufukonen.com\/tr\/telif-kazanclari-dijital-muzik-gelirleri-vergi.html","url_meta":{"origin":4071,"position":5},"title":"Telif Kazan\u00e7lar\u0131, Dijital M\u00fczik Gelirleri ve Vergi","date":"September 14, 2020","format":false,"excerpt":"Yaz\u0131lar\u0131m\u0131 takip ediyorsan\u0131z hat\u0131rlars\u0131n\u0131z, \"M\u00fczi\u011finizi iTunes, Apple Music, Spotify ve Benzeri Dijital Platformlara Nas\u0131l Da\u011f\u0131tabilirsiniz?\" ba\u015fl\u0131kl\u0131 bir yaz\u0131 yay\u0131mlam\u0131\u015ft\u0131m. Baz\u0131 okuyucular\u0131m bu yaz\u0131 \u00fczerine bana mesaj g\u00f6nderip telif haklar\u0131 kazan\u00e7lar\u0131 ve dijital m\u00fczik platformlar\u0131ndan elde edilen gelirlerin vergilendirilmesi ile ilgili birtak\u0131m sorular sordular. Bu konuda uzman olmad\u0131\u011f\u0131m i\u00e7in ben de\u2026","rel":"","context":"In &quot;M\u00fczik End\u00fcstrisi&quot;","img":{"alt_text":"","src":"https:\/\/i0.wp.com\/www.ufukonen.com\/tr\/wp-content\/uploads\/Telif_Haklari_Vergi_00_Header.jpg?resize=350%2C200&ssl=1","width":350,"height":200},"classes":[]}],"_links":{"self":[{"href":"https:\/\/www.ufukonen.com\/tr\/wp-json\/wp\/v2\/posts\/4071"}],"collection":[{"href":"https:\/\/www.ufukonen.com\/tr\/wp-json\/wp\/v2\/posts"}],"about":[{"href":"https:\/\/www.ufukonen.com\/tr\/wp-json\/wp\/v2\/types\/post"}],"author":[{"embeddable":true,"href":"https:\/\/www.ufukonen.com\/tr\/wp-json\/wp\/v2\/users\/2"}],"replies":[{"embeddable":true,"href":"https:\/\/www.ufukonen.com\/tr\/wp-json\/wp\/v2\/comments?post=4071"}],"version-history":[{"count":9,"href":"https:\/\/www.ufukonen.com\/tr\/wp-json\/wp\/v2\/posts\/4071\/revisions"}],"predecessor-version":[{"id":4084,"href":"https:\/\/www.ufukonen.com\/tr\/wp-json\/wp\/v2\/posts\/4071\/revisions\/4084"}],"wp:featuredmedia":[{"embeddable":true,"href":"https:\/\/www.ufukonen.com\/tr\/wp-json\/wp\/v2\/media\/4082"}],"wp:attachment":[{"href":"https:\/\/www.ufukonen.com\/tr\/wp-json\/wp\/v2\/media?parent=4071"}],"wp:term":[{"taxonomy":"category","embeddable":true,"href":"https:\/\/www.ufukonen.com\/tr\/wp-json\/wp\/v2\/categories?post=4071"},{"taxonomy":"post_tag","embeddable":true,"href":"https:\/\/www.ufukonen.com\/tr\/wp-json\/wp\/v2\/tags?post=4071"}],"curies":[{"name":"wp","href":"https:\/\/api.w.org\/{rel}","templated":true}]}}