{"id":4086,"date":"2018-08-20T01:00:19","date_gmt":"2018-08-19T22:00:19","guid":{"rendered":"http:\/\/www.ufukonen.com\/tr\/?p=4086"},"modified":"2018-09-03T07:32:50","modified_gmt":"2018-09-03T04:32:50","slug":"film-sesleri-1","status":"publish","type":"post","link":"https:\/\/www.ufukonen.com\/tr\/film-sesleri-1.html","title":{"rendered":"Film Sesleri (1. B\u00f6l\u00fcm)"},"content":{"rendered":"<p><img loading=\"lazy\" class=\"aligncenter wp-image-4110\" src=\"http:\/\/www.ufukonen.com\/tr\/wp-content\/uploads\/film_sesleri_1-1024x576.jpg\" alt=\"\" width=\"575\" height=\"323\" srcset=\"https:\/\/www.ufukonen.com\/tr\/wp-content\/uploads\/film_sesleri_1-1024x576.jpg 1024w, https:\/\/www.ufukonen.com\/tr\/wp-content\/uploads\/film_sesleri_1-300x169.jpg 300w, https:\/\/www.ufukonen.com\/tr\/wp-content\/uploads\/film_sesleri_1-768x432.jpg 768w, https:\/\/www.ufukonen.com\/tr\/wp-content\/uploads\/film_sesleri_1.jpg 1920w\" sizes=\"(max-width: 575px) 100vw, 575px\" \/><\/p>\n<p>Son y\u0131llarda t\u00fcm d\u00fcnyada oldu\u011fu gibi T\u00fcrkiye\u2019de de m\u00fczisyen ve besteciler taraf\u0131ndan film, video ve dizi m\u00fcziklerine g\u00f6sterilen ilgi olduk\u00e7a artt\u0131. G\u00fcn\u00fcm\u00fcz\u00fcn dijital teknolojisi sayesinde bir bestecinin bir film, video veya dizi m\u00fczi\u011finin b\u00fcy\u00fck bir b\u00f6l\u00fcm\u00fcn\u00fc, hatta baz\u0131 durumlarda tamam\u0131n\u0131, evde kurdu\u011fu st\u00fcdyosunda \u00e7al\u0131\u015farak bitirmesi m\u00fcmk\u00fcn h\u00e2le geldi. K\u00fc\u00e7\u00fck b\u00fct\u00e7eli i\u015flerde kendi ev st\u00fcdyosunda \u00e7al\u0131\u015fan besteciler \u00f6zellikle tercih ediliyor.<\/p>\n<p>\u00d6nceleri, m\u00fczik yaz\u0131m a\u015famas\u0131nda, MIDI sequencer ve gerekli durumlarda ses kay\u0131t cihazlar\u0131 timecode ile videoya senkronize ediliyor ve g\u00f6r\u00fcnt\u00fc referans al\u0131narak m\u00fczik besteleniyordu. Mevcut dijital teknoloji sayesinde i\u015fler daha kolay ve \u00e7abuk bir hale geldi. Video art\u0131k dijital olarak Pro Tools, Logic veya Cubase gibi bir &#8216;host program&#8217; i\u00e7ine al\u0131n\u0131yor ve bu program i\u00e7inde MIDI, audio ve video birbirlerine senkronize olarak \u00e7al\u0131\u015fabiliyor.<\/p>\n<p>\u0130\u015fin teknik y\u00f6n\u00fc \u00fczerine uzun uzun yazmak m\u00fcmk\u00fcn ancak ben bu yaz\u0131da senkronizasyon veya di\u011fer teknik konulara girmek yerine &#8220;film sesleri&#8221; \u00fczerine genel bilgiler verece\u011fim. Sinema filmleri de dahil olmak \u00fczere g\u00f6r\u00fcnt\u00fcl\u00fc herhangi bir program (televizyon dizisi, k\u0131sa film, belgesel, tan\u0131t\u0131m videosu ve benzerleri) i\u00e7in m\u00fczik yazarken tabloyu bir b\u00fct\u00fcn olarak d\u00fc\u015f\u00fcnmemiz ve m\u00fczi\u011fin bu tablo i\u00e7inde bir par\u00e7a oldu\u011fu iyice kavramam\u0131z gerekir. Bu yapabilmek i\u00e7in de &#8220;film sesleri&#8221; hakk\u0131nda bilgi sahibi olmam\u0131z ve bu seslerin b\u00fct\u00fcn i\u00e7indeki i\u015flevlerini anlamam\u0131z gerekti\u011fini d\u00fc\u015f\u00fcn\u00fcyorum.<\/p>\n<div id=\"attachment_4095\" style=\"width: 585px\" class=\"wp-caption aligncenter\"><img aria-describedby=\"caption-attachment-4095\" loading=\"lazy\" class=\"wp-image-4095\" src=\"http:\/\/www.ufukonen.com\/tr\/wp-content\/uploads\/film_sesleri_hunger_pro_tools_1920-1024x548.jpg\" alt=\"\" width=\"575\" height=\"308\" srcset=\"https:\/\/www.ufukonen.com\/tr\/wp-content\/uploads\/film_sesleri_hunger_pro_tools_1920-1024x548.jpg 1024w, https:\/\/www.ufukonen.com\/tr\/wp-content\/uploads\/film_sesleri_hunger_pro_tools_1920-300x161.jpg 300w, https:\/\/www.ufukonen.com\/tr\/wp-content\/uploads\/film_sesleri_hunger_pro_tools_1920-768x411.jpg 768w, https:\/\/www.ufukonen.com\/tr\/wp-content\/uploads\/film_sesleri_hunger_pro_tools_1920.jpg 1920w\" sizes=\"(max-width: 575px) 100vw, 575px\" \/><p id=\"caption-attachment-4095\" class=\"wp-caption-text\">Ses tasar\u0131m\u0131n\u0131 yapt\u0131\u011f\u0131m Hunger adl\u0131 filmin Pro Tools ekran\u0131ndan bir kare<\/p><\/div>\n<p>&nbsp;<\/p>\n<h3><strong>G\u00f6r\u00fcnt\u00fc ve Ses<\/strong><\/h3>\n<p>Film ve di\u011fer g\u00f6r\u00fcnt\u00fcl\u00fc programlarda ses, bazen ekranda g\u00f6rd\u00fcklerimizi destekleyen, bazen de g\u00f6r\u00fcnt\u00fcn\u00fcn verilmek istenileni tam olarak veremedi\u011fi durumlarda eksik kalan noktalar\u0131 tamamlayan \u00e7ok \u00f6nemli bir unsurdur. \u00c7o\u011fu insan film seyrederken sesin \u00f6neminin fark\u0131nda olmaz. Filmde sese dikkat \u00e7ekmek i\u00e7in yap\u0131lacak en basit hareket filmi izlerken sesi kapatmaktad\u0131r. Sesin \u00f6nemli bir unsur oldu\u011fu, ses olmay\u0131nca fark edilebiliyor!<\/p>\n<p>Bunu yapmak gerekli midir? Bence de\u011fildir \u00e7\u00fcnk\u00fc Francis Ford Coppola&#8217;n\u0131n da dedi\u011fi gibi, ses, seyircilerin \u00fczerinde fark ettirmeden bir etki olu\u015fturuyor. Buradan yola \u00e7\u0131karak sesi y\u00f6netmenin &#8220;gizli silah\u0131&#8221; olarak d\u00fc\u015f\u00fcnebiliriz. Bunun bilincinde olan y\u00f6netmenler filmlerinde ses konusunda \u00e7ok titiz davran\u0131rlar.<\/p>\n<p>&nbsp;<\/p>\n<h3><strong>Soundtrack Nedir?<\/strong><\/h3>\n<p>Bir film veya herhangi bir g\u00f6r\u00fcnt\u00fcl\u00fc prod\u00fcksiyonun ses kanal\u0131 \u0130ngilizcede &#8216;soundtrack&#8217; olarak adland\u0131r\u0131l\u0131r. Soundtrack terimi her ne kadar pop\u00fcler olarak bir filmdeki m\u00fczik par\u00e7alar\u0131n\u0131 ve bu par\u00e7alarla olu\u015fturulan alb\u00fcmleri ifade etmek i\u00e7in kullan\u0131lsa da esas anlam\u0131 bu de\u011fildir. &#8220;Sound&#8221;, &#8220;ses&#8221;; &#8220;track&#8221; ise &#8220;kanal&#8221;d\u0131r. &#8216;Soundtrack&#8217;, filmin t\u00fcm seslerini bar\u0131nd\u0131ran &#8220;ses kanal\u0131&#8221; anlam\u0131na gelmektedir.<\/p>\n<p><img loading=\"lazy\" class=\"aligncenter wp-image-4107\" src=\"http:\/\/www.ufukonen.com\/tr\/wp-content\/uploads\/film_sesleri_2000px-35mm_optical_soundtrack-1024x693.png\" alt=\"\" width=\"500\" height=\"338\" srcset=\"https:\/\/www.ufukonen.com\/tr\/wp-content\/uploads\/film_sesleri_2000px-35mm_optical_soundtrack-1024x693.png 1024w, https:\/\/www.ufukonen.com\/tr\/wp-content\/uploads\/film_sesleri_2000px-35mm_optical_soundtrack-300x203.png 300w, https:\/\/www.ufukonen.com\/tr\/wp-content\/uploads\/film_sesleri_2000px-35mm_optical_soundtrack-768x520.png 768w, https:\/\/www.ufukonen.com\/tr\/wp-content\/uploads\/film_sesleri_2000px-35mm_optical_soundtrack.png 2000w\" sizes=\"(max-width: 500px) 100vw, 500px\" \/><\/p>\n<p>&nbsp;<\/p>\n<h3><strong>Filmin T\u00fcm Sesleri<\/strong><\/h3>\n<p>&#8216;Soundtrack&#8217; filmin t\u00fcm seslerini bar\u0131nd\u0131r\u0131r dedik&#8230; Peki, &#8220;filmin t\u00fcm sesleri&#8221; ya da &#8220;film sesleri&#8221; nelerdir? Kategorilere b\u00f6lebilir miyiz? Bu kategorilere hangi sesler dahildir?<\/p>\n<p>Filmlerde veya di\u011fer g\u00f6r\u00fcnt\u00fcl\u00fc prod\u00fcksiyonlardaki sesleri, di\u011fer bir deyi\u015fle &#8220;film sesleri&#8221;ni \u00fc\u00e7 ana gruba ay\u0131rabiliriz:<\/p>\n<ul>\n<li>\u0130nsan sesleri<\/li>\n<li>Efektler<\/li>\n<li>M\u00fczik<\/li>\n<\/ul>\n<p>&nbsp;<\/p>\n<h3><strong>\u0130nsan Sesleri<\/strong><\/h3>\n<p>Filmlerdeki insan sesleri denilince akla ilk gelen diyaloglar oluyor ama asl\u0131nda insan sesleri alt\u0131nda \u00fc\u00e7 farkl\u0131 kategori bulunuyor: monologlar, diyaloglar ve voice-over.<\/p>\n<p>Monolog, Yunancada &#8220;tek ba\u015f\u0131na konu\u015fma&#8221; anlam\u0131na gelen &#8220;monologos&#8221; kelimesinden gelmektedir. Monolog, filmde oyuncunun kendi kendine yapt\u0131\u011f\u0131 konu\u015fmad\u0131r.<\/p>\n<p>Diyalog, iki ya da daha fazla oyuncunun taraf\u0131ndan yap\u0131lan kar\u015f\u0131l\u0131kl\u0131 konu\u015fmad\u0131r. Diyaloglar genellikle film ve video \u00e7ekimi s\u0131ras\u0131nda sette kaydedilir. Sette kaydedilen diyaloglar daha sonra teknik veya di\u011fer nedenlerden dolay\u0131 st\u00fcdyoda de\u011fi\u015ftirilebilir veya tekrar kaydedilebilir. Bu i\u015fleme \u0130ngilizcede ADR ad\u0131 verilir. ADR&#8217;\u0131n a\u00e7\u0131l\u0131m\u0131 &#8220;Automatic Dialog Replacement&#8221;t\u0131r, &#8220;otomatik diyalog de\u011fi\u015ftirme&#8221; anlam\u0131na gelir. Oyuncular st\u00fcdyoda, ekranda filmi seyrederken repliklerini dudak hareketleri ile oturacak \u015fekilde tekrar ederler. Dilimize &#8216;dublaj&#8217; olarak yerle\u015filen bu i\u015flemin \u0130ngilizcede ADR d\u0131\u015f\u0131nda kullan\u0131lan di\u011fer iki ad\u0131 da &#8216;looping&#8217; ve &#8216;dubbing&#8217;dir.<\/p>\n<p>\u0130nsan sesleri kategorisinde monolog ve diyalo\u011fun yan\u0131 s\u0131ra bir de &#8216;voice-over&#8217; bulunmaktad\u0131r. G\u00f6r\u00fcnt\u00fcn\u00fcn \u00fczerine eklenen ve dudak senkronizasyonu gerektirmeyen &#8220;d\u0131\u015f ses&#8221; olarak verilen konu\u015fmalar &#8216;voice-over&#8217; olarak adland\u0131r\u0131l\u0131r. Bunun akla gelen ilk \u00f6rne\u011fi belgesellerdeki anlat\u0131c\u0131lard\u0131r ama voice-over kurmaca filmlerde de kullan\u0131lmaktad\u0131r.<\/p>\n<p>&nbsp;<\/p>\n<h3><strong>Efektler<\/strong><\/h3>\n<p>Efektler i\u00e7in \u00e7ok geni\u015f bir tan\u0131m yapacak olursak, &#8220;filmde insan sesi ve m\u00fczik d\u0131\u015f\u0131ndaki di\u011fer t\u00fcm sesler efekttir&#8221; desek yanl\u0131\u015f olmaz san\u0131r\u0131m. Efektler denilince genelde ilk olarak silah, patlama ya da araba \u00e7arp\u0131\u015fma sesleri gibi g\u00fcr\u00fclt\u00fcl\u00fc ve seyirciyi etkileyen sesler akla gelir. Bunlara \u0130ngilizcede &#8216;hard effects&#8217; veya &#8216;principal effects&#8217; ad\u0131 verilir.<\/p>\n<p>\u00d6ne \u00e7\u0131kan bu efektlerin yan\u0131 s\u0131ra bir de herhangi bir ortamda bulunan arka plan (background) sesler vard\u0131r. Bu sesler ambiyans (ambient sounds) olarak da adland\u0131r\u0131l\u0131r.\u00a0 Bu gruba \u00f6rnek olarak a\u00e7\u0131k havada r\u00fczgar\u0131n \u00e7\u0131kartt\u0131\u011f\u0131 sesleri veya g\u00f6r\u00fcnt\u00fcde arkada bulunan dereden gelen su seslerini g\u00f6sterebiliriz.<\/p>\n<p>T\u00fcm bu efektler sette film \u00e7ekimi s\u0131ras\u0131nda veya sonras\u0131nda ya da film \u00e7ekiminden ba\u011f\u0131ms\u0131z olarak st\u00fcdyoda veya \u00e7e\u015fitli i\u00e7 ve d\u0131\u015f mekanlarda kaydedilebilir. Alternatif olarak, ihtiya\u00e7 duyulan ses efektleri piyasada bulunan ticari efekt k\u00fct\u00fcphanelerinden sat\u0131n al\u0131nabilir.<\/p>\n<p><strong><a href=\"http:\/\/www.ufukonen.com\/tr\/film-sesleri-2.html\">Yaz\u0131n\u0131n ikinci b\u00f6l\u00fcm\u00fc okumak i\u00e7in t\u0131klay\u0131n\u0131z<\/a>.<\/strong><\/p>\n<p>&nbsp;<\/p>\n<div id=\"attachment_4097\" style=\"width: 560px\" class=\"wp-caption aligncenter\"><img aria-describedby=\"caption-attachment-4097\" loading=\"lazy\" class=\"wp-image-4097\" src=\"http:\/\/www.ufukonen.com\/tr\/wp-content\/uploads\/film_sesleri_bilkent_comd_1920-1024x576.jpg\" alt=\"\" width=\"550\" height=\"309\" srcset=\"https:\/\/www.ufukonen.com\/tr\/wp-content\/uploads\/film_sesleri_bilkent_comd_1920-1024x576.jpg 1024w, https:\/\/www.ufukonen.com\/tr\/wp-content\/uploads\/film_sesleri_bilkent_comd_1920-300x169.jpg 300w, https:\/\/www.ufukonen.com\/tr\/wp-content\/uploads\/film_sesleri_bilkent_comd_1920-768x432.jpg 768w, https:\/\/www.ufukonen.com\/tr\/wp-content\/uploads\/film_sesleri_bilkent_comd_1920.jpg 1920w\" sizes=\"(max-width: 550px) 100vw, 550px\" \/><p id=\"caption-attachment-4097\" class=\"wp-caption-text\">Bilkent \u00dcniversitesi, \u0130leti\u015fim ve Tasar\u0131m B\u00f6l\u00fcm\u00fc&#8217;nde bir video \u00e7ekimi<\/p><\/div>\n<p>&nbsp;<\/p>\n<p>Teknik terimler i\u00e7in <a href=\"http:\/\/www.ufukonen.com\/tr\/ses-kayit-muzik-teknolojisi-terimler-sozluk.html\">m\u00fczik teknolojisi, m\u00fczik prod\u00fcksiyonu ve ses kay\u0131t terimleri s\u00f6zl\u00fc\u011f\u00fcne<\/a> g\u00f6z atabilirsiniz.<\/p>\n<p>Benzer payla\u015f\u0131mlar i\u00e7in beni <a href=\"https:\/\/www.facebook.com\/ufukonen.skmt\/\" target=\"_blank\" rel=\"noopener\">Facebook<\/a> ve <a href=\"https:\/\/twitter.com\/UfukOnen\" target=\"_blank\" rel=\"noopener\">Twitter<\/a>&#8216;da takip edebilir, haberler i\u00e7in <a href=\"http:\/\/ufukonen.com\/tr\/ses-kayit-muzik-teknolojisi-terimler-sozluk.html\" target=\"_blank\" rel=\"noopener\">mesaj listeme \u00fcye olabilirsiniz<\/a>. Te\u015fekk\u00fcrler.<\/p>\n<p>Ba\u015fl\u0131k foto\u011fraf\u0131:\u00a0<a href=\"https:\/\/unsplash.com\/photos\/J39X2xX_8CQ?utm_source=unsplash&amp;utm_medium=referral&amp;utm_content=creditCopyText\">Jeremy Yap<\/a>\u00a0|\u00a0<a href=\"https:\/\/unsplash.com\/search\/photos\/movie?utm_source=unsplash&amp;utm_medium=referral&amp;utm_content=creditCopyText\">Unsplash<\/a><\/p>\n<p>\u00c7izim: 35 mm optik ses kanal\u0131 | <a href=\"https:\/\/commons.wikimedia.org\/wiki\/File:35mm_film_format_with_optical_soundtrack.svg\" target=\"_blank\" rel=\"noopener\">Wikimedia Commons<\/a><\/p>\n<p>\u00a9 2018 Ufuk \u00d6nen. Her hakk\u0131 sakl\u0131d\u0131r. \u0130zinsiz kullan\u0131lamaz.<\/p>\n","protected":false},"excerpt":{"rendered":"<p class=\"post-excerpt\">Son y\u0131llarda t\u00fcm d\u00fcnyada oldu\u011fu gibi T\u00fcrkiye\u2019de de m\u00fczisyen ve besteciler taraf\u0131ndan film, video ve dizi m\u00fcziklerine g\u00f6sterilen ilgi olduk\u00e7a&#8230;<\/p>\n","protected":false},"author":2,"featured_media":4110,"comment_status":"closed","ping_status":"open","sticky":false,"template":"","format":"standard","meta":{"_mi_skip_tracking":false,"spay_email":"","jetpack_publicize_message":"","jetpack_is_tweetstorm":false,"jetpack_publicize_feature_enabled":true},"categories":[19],"tags":[],"jetpack_featured_media_url":"https:\/\/www.ufukonen.com\/tr\/wp-content\/uploads\/film_sesleri_1.jpg","jetpack_publicize_connections":[],"jetpack_shortlink":"https:\/\/wp.me\/p3rjsG-13U","jetpack_sharing_enabled":true,"jetpack-related-posts":[{"id":4087,"url":"https:\/\/www.ufukonen.com\/tr\/film-sesleri-2.html","url_meta":{"origin":4086,"position":0},"title":"Film Sesleri (2. B\u00f6l\u00fcm)","date":"September 3, 2018","format":false,"excerpt":"Yaz\u0131n\u0131n birinci b\u00f6l\u00fcm\u00fcn\u00fc okumak i\u00e7in t\u0131klay\u0131n\u0131z. \u00a0 Ses Efektleri (1. b\u00f6l\u00fcmden devam) Ses efektleri bunlarla s\u0131n\u0131rl\u0131 de\u011fildir. \u0130nsan ve e\u015fyalara ba\u011fl\u0131 sesler, ses efektleri i\u00e7inde ayr\u0131 bir grubu olu\u015fturur. Bu gruba \u00f6rnek olarak ayak sesleri, barda\u011f\u0131 masaya koydu\u011fumuzda \u00e7\u0131kan ses ve elbise h\u0131\u015f\u0131rt\u0131lar\u0131n\u0131 g\u00f6sterebiliriz. \u0130nsan ve e\u015fyalara ba\u011fl\u0131 sesler st\u00fcdyoda\u2026","rel":"","context":"In &quot;Ses Tasar\u0131m\u0131&quot;","img":{"alt_text":"","src":"https:\/\/i0.wp.com\/www.ufukonen.com\/tr\/wp-content\/uploads\/film_sesleri_2.jpg?resize=350%2C200&ssl=1","width":350,"height":200},"classes":[]},{"id":2516,"url":"https:\/\/www.ufukonen.com\/tr\/muzik-endustrisine-bakis-3.html","url_meta":{"origin":4086,"position":1},"title":"M\u00fczik End\u00fcstrisine Bak\u0131\u015f (3. B\u00f6l\u00fcm)","date":"May 13, 2016","format":false,"excerpt":"Birinci b\u00f6l\u00fcm i\u00e7in t\u0131klay\u0131n\u0131z - \u0130kinci b\u00f6l\u00fcm i\u00e7in t\u0131klay\u0131n\u0131z \u00a0 M\u00fczik 2.0: Internet \u00c7a\u011f\u0131 Owsinki, 2.0'\u0131n ba\u015flang\u0131\u00e7\u0131n\u0131n 1994, yani mp3 dosyalar\u0131n\u0131n ilk payla\u015f\u0131ld\u0131\u011f\u0131 y\u0131l oldu\u011funu s\u00f6yl\u00fcyor. M\u00fczik CD'leri i\u00e7in kullan\u0131lan s\u0131k\u0131\u015ft\u0131r\u0131lmam\u0131\u015f dijital dosya format\u0131nda bir dakikal\u0131k mono ses kayd\u0131 5 MB, bir dakikal\u0131k stereo ses kayd\u0131 ise 10 MB yer\u2026","rel":"","context":"In &quot;M\u00fczik End\u00fcstrisi&quot;","img":{"alt_text":"","src":"https:\/\/i0.wp.com\/www.ufukonen.com\/tr\/wp-content\/uploads\/Muzik_Endustrisine_Bakis_3_alt_2.png?resize=350%2C200&ssl=1","width":350,"height":200},"classes":[]},{"id":5388,"url":"https:\/\/www.ufukonen.com\/tr\/analog-ve-dijital-delay-fark.html","url_meta":{"origin":4086,"position":2},"title":"Analog ve Dijital Delay Aras\u0131ndaki Fark","date":"January 13, 2020","format":false,"excerpt":"Delay efektinin ilk kullan\u0131m\u0131 1950'lilere kadar uzan\u0131yor. O y\u0131llarda delay efekti, analog makara bantlar kullan\u0131larak elde edildi\u011fi i\u00e7in, 'tape delay' olarak adland\u0131r\u0131l\u0131yordu. Profesyonel analog bant kay\u0131t cihazlar\u0131n\u0131n \u00fczerinde kay\u0131t kafas\u0131na ek olarak, yap\u0131lan kayd\u0131 dinlemek (monit\u00f6r etmek) i\u00e7in bir de okuma kafas\u0131 bulunuyordu. Bu kafa bant ak\u0131\u015f y\u00f6n\u00fcnde kay\u0131t kafas\u0131ndan\u2026","rel":"","context":"In &quot;Ses ve M\u00fczik Teknolojileri&quot;","img":{"alt_text":"","src":"https:\/\/i0.wp.com\/www.ufukonen.com\/tr\/wp-content\/uploads\/Analog_Dijital_Delay_Fark_720.jpg?resize=350%2C200&ssl=1","width":350,"height":200},"classes":[]},{"id":6048,"url":"https:\/\/www.ufukonen.com\/tr\/telif-kazanclari-dijital-muzik-gelirleri-vergi.html","url_meta":{"origin":4086,"position":3},"title":"Telif Kazan\u00e7lar\u0131, Dijital M\u00fczik Gelirleri ve Vergi","date":"September 14, 2020","format":false,"excerpt":"Yaz\u0131lar\u0131m\u0131 takip ediyorsan\u0131z hat\u0131rlars\u0131n\u0131z, \"M\u00fczi\u011finizi iTunes, Apple Music, Spotify ve Benzeri Dijital Platformlara Nas\u0131l Da\u011f\u0131tabilirsiniz?\" ba\u015fl\u0131kl\u0131 bir yaz\u0131 yay\u0131mlam\u0131\u015ft\u0131m. Baz\u0131 okuyucular\u0131m bu yaz\u0131 \u00fczerine bana mesaj g\u00f6nderip telif haklar\u0131 kazan\u00e7lar\u0131 ve dijital m\u00fczik platformlar\u0131ndan elde edilen gelirlerin vergilendirilmesi ile ilgili birtak\u0131m sorular sordular. Bu konuda uzman olmad\u0131\u011f\u0131m i\u00e7in ben de\u2026","rel":"","context":"In &quot;M\u00fczik End\u00fcstrisi&quot;","img":{"alt_text":"","src":"https:\/\/i0.wp.com\/www.ufukonen.com\/tr\/wp-content\/uploads\/Telif_Haklari_Vergi_00_Header.jpg?resize=350%2C200&ssl=1","width":350,"height":200},"classes":[]},{"id":3905,"url":"https:\/\/www.ufukonen.com\/tr\/muzik-endustrisine-bakis-6.html","url_meta":{"origin":4086,"position":4},"title":"M\u00fczik End\u00fcstrisine Bak\u0131\u015f (6. B\u00f6l\u00fcm)","date":"May 21, 2018","format":false,"excerpt":"Birinci b\u00f6l\u00fcm i\u00e7in t\u0131klay\u0131n\u0131z - \u0130kinci b\u00f6l\u00fcm i\u00e7in t\u0131klay\u0131n\u0131z \u00dc\u00e7\u00fcnc\u00fc b\u00f6l\u00fcm i\u00e7in t\u0131klay\u0131n\u0131z\u00a0- D\u00f6rd\u00fcnc\u00fc\u00a0b\u00f6l\u00fcm i\u00e7in t\u0131klay\u0131n\u0131z Be\u015finci b\u00f6l\u00fcm i\u00e7in t\u0131klay\u0131n\u0131z \"M\u00fczik End\u00fcstrisine Bak\u0131\u015f\"\u00a0adl\u0131 yaz\u0131 dizimin bu b\u00f6l\u00fcm\u00fcnde IFPI (International Federation of the Phonographic Industry) 2018 Global M\u00fczik Raporu\u2019ndaki 2017 y\u0131l\u0131 verilerini inceleyip, 2014, 2015 ve 2016 y\u0131llar\u0131n\u0131n verileri ile kar\u015f\u0131la\u015ft\u0131raca\u011f\u0131m.\u2026","rel":"","context":"In &quot;M\u00fczik End\u00fcstrisi&quot;","img":{"alt_text":"","src":"https:\/\/i0.wp.com\/www.ufukonen.com\/tr\/wp-content\/uploads\/Muzik_Endustrisine_Bakis_6.jpg?resize=350%2C200&ssl=1","width":350,"height":200},"classes":[]},{"id":3120,"url":"https:\/\/www.ufukonen.com\/tr\/muzik-endustrisine-bakis-5.html","url_meta":{"origin":4086,"position":5},"title":"M\u00fczik End\u00fcstrisine Bak\u0131\u015f (5. B\u00f6l\u00fcm)","date":"July 10, 2017","format":false,"excerpt":"Birinci b\u00f6l\u00fcm i\u00e7in t\u0131klay\u0131n\u0131z - \u0130kinci b\u00f6l\u00fcm i\u00e7in t\u0131klay\u0131n\u0131z \u00dc\u00e7\u00fcnc\u00fc b\u00f6l\u00fcm i\u00e7in t\u0131klay\u0131n\u0131z\u00a0- D\u00f6rd\u00fcnc\u00fc\u00a0b\u00f6l\u00fcm i\u00e7in t\u0131klay\u0131n\u0131z \"M\u00fczik End\u00fcstrisine Bak\u0131\u015f\" adl\u0131 yaz\u0131 dizimin 20 May\u0131s 2016 tarihinde yay\u0131mlad\u0131\u011f\u0131m d\u00f6rd\u00fcnc\u00fc b\u00f6l\u00fcm\u00fcnde, streaming gelirlerinin 2013 y\u0131l\u0131ndan itibaren t\u00fcm d\u00fcnyada artmaya ba\u015flad\u0131\u011f\u0131ndan bahsetmi\u015ftim. Bu b\u00f6l\u00fcmde IFPI (International Federation of the Phonographic Industry) 2017 Global\u2026","rel":"","context":"In &quot;M\u00fczik End\u00fcstrisi&quot;","img":{"alt_text":"","src":"https:\/\/i0.wp.com\/www.ufukonen.com\/tr\/wp-content\/uploads\/Muzik_Endustrisine_Bakis_5_Alt_w.jpg?resize=350%2C200&ssl=1","width":350,"height":200},"classes":[]}],"_links":{"self":[{"href":"https:\/\/www.ufukonen.com\/tr\/wp-json\/wp\/v2\/posts\/4086"}],"collection":[{"href":"https:\/\/www.ufukonen.com\/tr\/wp-json\/wp\/v2\/posts"}],"about":[{"href":"https:\/\/www.ufukonen.com\/tr\/wp-json\/wp\/v2\/types\/post"}],"author":[{"embeddable":true,"href":"https:\/\/www.ufukonen.com\/tr\/wp-json\/wp\/v2\/users\/2"}],"replies":[{"embeddable":true,"href":"https:\/\/www.ufukonen.com\/tr\/wp-json\/wp\/v2\/comments?post=4086"}],"version-history":[{"count":11,"href":"https:\/\/www.ufukonen.com\/tr\/wp-json\/wp\/v2\/posts\/4086\/revisions"}],"predecessor-version":[{"id":4161,"href":"https:\/\/www.ufukonen.com\/tr\/wp-json\/wp\/v2\/posts\/4086\/revisions\/4161"}],"wp:featuredmedia":[{"embeddable":true,"href":"https:\/\/www.ufukonen.com\/tr\/wp-json\/wp\/v2\/media\/4110"}],"wp:attachment":[{"href":"https:\/\/www.ufukonen.com\/tr\/wp-json\/wp\/v2\/media?parent=4086"}],"wp:term":[{"taxonomy":"category","embeddable":true,"href":"https:\/\/www.ufukonen.com\/tr\/wp-json\/wp\/v2\/categories?post=4086"},{"taxonomy":"post_tag","embeddable":true,"href":"https:\/\/www.ufukonen.com\/tr\/wp-json\/wp\/v2\/tags?post=4086"}],"curies":[{"name":"wp","href":"https:\/\/api.w.org\/{rel}","templated":true}]}}