{"id":4087,"date":"2018-09-03T01:00:54","date_gmt":"2018-09-02T22:00:54","guid":{"rendered":"http:\/\/www.ufukonen.com\/tr\/?p=4087"},"modified":"2018-09-03T07:31:49","modified_gmt":"2018-09-03T04:31:49","slug":"film-sesleri-2","status":"publish","type":"post","link":"https:\/\/www.ufukonen.com\/tr\/film-sesleri-2.html","title":{"rendered":"Film Sesleri (2. B\u00f6l\u00fcm)"},"content":{"rendered":"<p><img loading=\"lazy\" class=\"aligncenter wp-image-4112\" src=\"http:\/\/www.ufukonen.com\/tr\/wp-content\/uploads\/film_sesleri_2-1024x576.jpg\" alt=\"\" width=\"575\" height=\"323\" srcset=\"https:\/\/www.ufukonen.com\/tr\/wp-content\/uploads\/film_sesleri_2-1024x576.jpg 1024w, https:\/\/www.ufukonen.com\/tr\/wp-content\/uploads\/film_sesleri_2-300x169.jpg 300w, https:\/\/www.ufukonen.com\/tr\/wp-content\/uploads\/film_sesleri_2-768x432.jpg 768w, https:\/\/www.ufukonen.com\/tr\/wp-content\/uploads\/film_sesleri_2.jpg 1920w\" sizes=\"(max-width: 575px) 100vw, 575px\" \/><\/p>\n<p style=\"text-align: center;\"><a href=\"http:\/\/www.ufukonen.com\/tr\/film-sesleri-1.html\" target=\"_blank\" rel=\"noopener\">Yaz\u0131n\u0131n birinci b\u00f6l\u00fcm\u00fcn\u00fc okumak i\u00e7in t\u0131klay\u0131n\u0131z<\/a>.<\/p>\n<p>&nbsp;<\/p>\n<h3>Ses Efektleri (1. b\u00f6l\u00fcmden devam)<\/h3>\n<p>Ses efektleri bunlarla s\u0131n\u0131rl\u0131 de\u011fildir. \u0130nsan ve e\u015fyalara ba\u011fl\u0131 sesler, ses efektleri i\u00e7inde ayr\u0131 bir grubu olu\u015fturur. Bu gruba \u00f6rnek olarak ayak sesleri, barda\u011f\u0131 masaya koydu\u011fumuzda \u00e7\u0131kan ses ve elbise h\u0131\u015f\u0131rt\u0131lar\u0131n\u0131 g\u00f6sterebiliriz.<\/p>\n<p>\u0130nsan ve e\u015fyalara ba\u011fl\u0131 sesler st\u00fcdyoda &#8216;foley&#8217; tekni\u011fi ile kay\u0131t edilir. Bu tekni\u011fin ad\u0131 1940\u2019larda Hollywood\u2019da bir edit\u00f6r olan Jack Foley\u2019in soyad\u0131ndan gelmektedir. Bu teknikte foley sanat\u00e7\u0131s\u0131, filmi ekranda seyrederken oyuncular\u0131n hareketlerini benzer e\u015fyalarla tekrar ya da taklit ederek ses efektlerini olu\u015fturur. Bir foley st\u00fcdyosunda \u00e7e\u015fit \u00e7e\u015fit e\u015fyalar, ayakkab\u0131 ve giysiler, ayak sesleri i\u00e7in tahta, mermer, \u00e7ak\u0131l gibi farkl\u0131 farkl\u0131 y\u00fczeyler, su efektleri i\u00e7in k\u00fcvet veya \u00e7ocuk havuzu ve daha bir \u00e7ok e\u015fya ve ara\u00e7 gere\u00e7 bulunur.<\/p>\n<p>Kay\u0131t edilebilir bu efektlerin d\u0131\u015f\u0131nda bir de do\u011fada ya da ger\u00e7ek hayatta bulunmayan, dolay\u0131s\u0131 ile kay\u0131t edilemeyen efektlerin olu\u015fturdu\u011fu bir grup vard\u0131r. Bu gruba \u00f6rnek olarak uzay gemilerini ya da canavarlar\u0131 g\u00f6sterebiliriz. Bu tip ara\u00e7, e\u015fya ve yarat\u0131klar i\u00e7in \u00f6zel olarak sesler tasarlanmas\u0131 gerekmektedir. Bu tamamen yarat\u0131c\u0131 bir i\u015flemdir. Synthesizer ve sampler ile yeni sesler olu\u015fturularak ve mevcut sesler \u00fczerinde (tersine \u00e7evirme, pitch ve s\u00fcre de\u011fi\u015ftirme gibi) i\u015flemler yap\u0131larak, daha sonra da bir\u00e7ok ses birle\u015ftirilerek do\u011fada ve ger\u00e7ek hayatta bulunmayan yeni sesler tasarlan\u0131r. Bu sesler &#8216;designed sound effects&#8217; (tasarlanm\u0131\u015f ses efektleri) olarak adland\u0131r\u0131l\u0131r.<\/p>\n<div id=\"attachment_4100\" style=\"width: 510px\" class=\"wp-caption aligncenter\"><img aria-describedby=\"caption-attachment-4100\" loading=\"lazy\" class=\"wp-image-4100\" src=\"http:\/\/www.ufukonen.com\/tr\/wp-content\/uploads\/film_sesleri_sound_design_1.jpg\" alt=\"\" width=\"500\" height=\"331\" srcset=\"https:\/\/www.ufukonen.com\/tr\/wp-content\/uploads\/film_sesleri_sound_design_1.jpg 802w, https:\/\/www.ufukonen.com\/tr\/wp-content\/uploads\/film_sesleri_sound_design_1-300x199.jpg 300w, https:\/\/www.ufukonen.com\/tr\/wp-content\/uploads\/film_sesleri_sound_design_1-768x508.jpg 768w\" sizes=\"(max-width: 500px) 100vw, 500px\" \/><p id=\"caption-attachment-4100\" class=\"wp-caption-text\">Bilkent \u00dcniversitesi COMD-361 Sound Design I dersimden bir kare<\/p><\/div>\n<p>&nbsp;<\/p>\n<div id=\"attachment_4101\" style=\"width: 510px\" class=\"wp-caption aligncenter\"><img aria-describedby=\"caption-attachment-4101\" loading=\"lazy\" class=\"wp-image-4101\" src=\"http:\/\/www.ufukonen.com\/tr\/wp-content\/uploads\/film_sesleri_sound_design_2.jpg\" alt=\"\" width=\"500\" height=\"312\" srcset=\"https:\/\/www.ufukonen.com\/tr\/wp-content\/uploads\/film_sesleri_sound_design_2.jpg 802w, https:\/\/www.ufukonen.com\/tr\/wp-content\/uploads\/film_sesleri_sound_design_2-300x187.jpg 300w, https:\/\/www.ufukonen.com\/tr\/wp-content\/uploads\/film_sesleri_sound_design_2-768x480.jpg 768w\" sizes=\"(max-width: 500px) 100vw, 500px\" \/><p id=\"caption-attachment-4101\" class=\"wp-caption-text\">Bilkent \u00dcniversitesi COMD-361 Sound Design I dersimden bir kare<\/p><\/div>\n<p>&nbsp;<\/p>\n<div id=\"attachment_4102\" style=\"width: 510px\" class=\"wp-caption aligncenter\"><img aria-describedby=\"caption-attachment-4102\" loading=\"lazy\" class=\"wp-image-4102\" src=\"http:\/\/www.ufukonen.com\/tr\/wp-content\/uploads\/film_sesleri_sound_design_3.jpg\" alt=\"\" width=\"500\" height=\"312\" srcset=\"https:\/\/www.ufukonen.com\/tr\/wp-content\/uploads\/film_sesleri_sound_design_3.jpg 802w, https:\/\/www.ufukonen.com\/tr\/wp-content\/uploads\/film_sesleri_sound_design_3-300x187.jpg 300w, https:\/\/www.ufukonen.com\/tr\/wp-content\/uploads\/film_sesleri_sound_design_3-768x480.jpg 768w\" sizes=\"(max-width: 500px) 100vw, 500px\" \/><p id=\"caption-attachment-4102\" class=\"wp-caption-text\">Bilkent \u00dcniversitesi COMD-361 Sound Design I dersimden bir kare<\/p><\/div>\n<p>&nbsp;<\/p>\n<h3><strong>M\u00fczik<\/strong><\/h3>\n<p>Film ve televizyon dizisi gibi prod\u00fcksiyonlarda m\u00fczik kullan\u0131m\u0131n\u0131 \u00fc\u00e7 grupta toplayabiliriz: score, soundtrack ve kaynak m\u00fczik (source music).<\/p>\n<p>Score, sadece s\u00f6z konusu film i\u00e7in \u00f6zel olarak bestelenen, genelde vokal ve s\u00f6z bulunmayan, g\u00f6r\u00fcnt\u00fcy\u00fc destekleyen ve gerekti\u011finde tamamlayan m\u00fcziktir. Bu m\u00fczikler bir besteci taraf\u0131ndan filme senkron olacak \u015fekilde yaz\u0131l\u0131r.<\/p>\n<p>Baz\u0131\u00a0y\u00f6netmenlerin score i\u00e7in s\u00fcrekli \u00e7al\u0131\u015ft\u0131\u011f\u0131 besteciler vard\u0131r. Bunun en pop\u00fcler \u00f6rne\u011fi Steven Spielberg ve John Williams ikilisidir \u2014 Spielberg\u2019\u00fcn hemen hemen b\u00fct\u00fcn sinema filmlerinin m\u00fczikleri Williams imzal\u0131d\u0131r. Baz\u0131 y\u00f6netmenler ise farkl\u0131 bestecilerle \u00e7al\u0131\u015f\u0131rlar ancak yine de tercih ettikleri, ba\u015fka bir deyi\u015fle d\u00f6n\u00fcp dola\u015f\u0131p kap\u0131lar\u0131n\u0131 \u00e7ald\u0131klar\u0131 besteciler vard\u0131r. \u00d6rnek olarak ilk akl\u0131ma gelenler Alfred Hitchcock ve Bernard Herrmann (<em>Psycho<\/em>, <em>Vertigo<\/em>, <em>North by Northwest<\/em>, <em>The Man Who Knew Too Much<\/em>); Tim Burton ve Danny Elfman (<em>Batman<\/em>, <em>Batman Returns<\/em>, <em>The Nightmare Before Christmas<\/em>, <em>Beetlejuice<\/em>, <em>Planet of the Apes<\/em>, <em>Edward Scissorhands, Alice in Wonderland<\/em>); David Lynch ve Angelo Badalamenti (<em>Blue Velvet<\/em>, <em>Twin Peaks\u00a0<\/em>[televizyon dizisi], <em>Twin Peaks: Fire Walk With Me<\/em>, <em>Wild at Heart<\/em>, <em>Mulholland Drive<\/em>, <em>Lost Highway<\/em>); Luc Besson ve Eric Serra (<em>L\u00e9on<\/em>,<em>La Femme Nikita<\/em>, <em>Fifth Element<\/em>, <em>The Messenger: Story of Joan of Arc<\/em>, <em>Le Grand bleu<\/em>).<\/p>\n<p>Soundtrack, filmlerde kullan\u0131lan, genelde s\u00f6zl\u00fc ve pop\u00fcler t\u00fcrlerdeki m\u00fczik par\u00e7alar\u0131na verilen isimdir. Bu par\u00e7alar genelde alb\u00fcm haline getirilir ve sat\u0131\u015fa sunulur.<\/p>\n<p>Kaynak m\u00fczik (source music), filmde herhangi bir karakter taraf\u0131ndan \u00e7al\u0131nan ya da radyo, televizyon gibi bir cihazdan gelen m\u00fcziktir. \u00d6rnek olarak, filmdeki bir sokak m\u00fczisyenin \u00e7ald\u0131\u011f\u0131 ve bizim (seyircilerin) duydu\u011fu bir par\u00e7a, kaynak m\u00fczik olarak de\u011ferlendirilir.<\/p>\n<p>M\u00fczik hem g\u00f6r\u00fcnt\u00fcy\u00fc destekleyici hem de insanlar\u0131 etkileyici bir unsur oldu\u011fu i\u00e7in bir filmde ya da televizyon dizisinde m\u00fczik, \u00f6zellikle score, kullanmamak asl\u0131nda \u00e7ok iddial\u0131 bir karard\u0131r. Bu sebepten dolay\u0131 m\u00fczik olmayan film \u00e7ok azd\u0131r.<\/p>\n<p>Score olmayan filmlere \u00f6rnek olarak <em>Birds<\/em>(Alfred Hitchcock), <em>No Country for Old Man<\/em>(Ethan Coen &amp; Joel Coen) ve <em>Cloverfield<\/em>&#8216;\u0131 (Matt Reeves) verebiliriz. Di\u011fer yandan Tarantino gibi baz\u0131 y\u00f6netmenler filmlerinde sadece soundtrack kullanmay\u0131 tercih ediyorlar.<\/p>\n<p><img loading=\"lazy\" class=\"aligncenter size-full wp-image-4104\" src=\"http:\/\/www.ufukonen.com\/tr\/wp-content\/uploads\/film_sesleri_hitchcock_psycho.jpg\" alt=\"\" width=\"370\" height=\"565\" srcset=\"https:\/\/www.ufukonen.com\/tr\/wp-content\/uploads\/film_sesleri_hitchcock_psycho.jpg 370w, https:\/\/www.ufukonen.com\/tr\/wp-content\/uploads\/film_sesleri_hitchcock_psycho-196x300.jpg 196w\" sizes=\"(max-width: 370px) 100vw, 370px\" \/><\/p>\n<p>&nbsp;<\/p>\n<h3><strong>G\u00f6r\u00fcnt\u00fc i\u00e7in M\u00fczik: \u00d6nemli Bir Pazar<\/strong><\/h3>\n<p>Yaz\u0131m\u0131n ba\u015f\u0131nda da belirtti\u011fim gibi son y\u0131llarda t\u00fcm d\u00fcnyada oldu\u011fu gibi T\u00fcrkiye\u2019de de m\u00fczisyen ve besteciler taraf\u0131ndan film, video ve dizi m\u00fcziklerine g\u00f6sterilen ilgi olduk\u00e7a artt\u0131 \u00e7\u00fcnk\u00fc bu alan m\u00fczisyenler i\u00e7in \u00f6nemli bir pazar haline geldi. Yine yaz\u0131m\u0131n ba\u015f\u0131nda bahsetti\u011fim gibi, g\u00f6r\u00fcnt\u00fcl\u00fc herhangi bir program i\u00e7in m\u00fczik yazarken tabloyu bir b\u00fct\u00fcn olarak d\u00fc\u015f\u00fcnmemiz ve m\u00fczi\u011fin bu tablo i\u00e7inde bir par\u00e7a oldu\u011fu iyice kavramam\u0131z gerekti\u011fini, bunu yapabilmek i\u00e7in de &#8220;film sesleri&#8221; hakk\u0131nda bilgi sahibi olmam\u0131z gerekti\u011fini d\u00fc\u015f\u00fcn\u00fcyorum. Umar\u0131m bu yaz\u0131 bir giri\u015f ve ba\u015flang\u0131\u00e7 olarak faydal\u0131 olmu\u015ftur.<\/p>\n<p>&nbsp;<\/p>\n<p>Teknik terimler i\u00e7in <a href=\"http:\/\/www.ufukonen.com\/tr\/ses-kayit-muzik-teknolojisi-terimler-sozluk.html\">m\u00fczik teknolojisi, m\u00fczik prod\u00fcksiyonu ve ses kay\u0131t terimleri s\u00f6zl\u00fc\u011f\u00fcne<\/a> g\u00f6z atabilirsiniz.<\/p>\n<p>Benzer payla\u015f\u0131mlar i\u00e7in beni <a href=\"https:\/\/www.facebook.com\/ufukonen.skmt\/\" target=\"_blank\" rel=\"noopener\">Facebook<\/a> ve <a href=\"https:\/\/twitter.com\/UfukOnen\" target=\"_blank\" rel=\"noopener\">Twitter<\/a>&#8216;da takip edebilir, haberler i\u00e7in <a href=\"http:\/\/ufukonen.com\/tr\/ses-kayit-muzik-teknolojisi-terimler-sozluk.html\" target=\"_blank\" rel=\"noopener\">mesaj listeme \u00fcye olabilirsiniz<\/a>. Te\u015fekk\u00fcrler.<\/p>\n<p>Ba\u015fl\u0131k foto\u011fraf\u0131:\u00a0<a href=\"https:\/\/unsplash.com\/photos\/J39X2xX_8CQ?utm_source=unsplash&amp;utm_medium=referral&amp;utm_content=creditCopyText\">Jeremy Yap<\/a>\u00a0|\u00a0<a href=\"https:\/\/unsplash.com\/search\/photos\/movie?utm_source=unsplash&amp;utm_medium=referral&amp;utm_content=creditCopyText\">Unsplash<\/a><\/p>\n<p>\u00a9 2018 Ufuk \u00d6nen. Her hakk\u0131 sakl\u0131d\u0131r. \u0130zinsiz kullan\u0131lamaz.<\/p>\n","protected":false},"excerpt":{"rendered":"<p class=\"post-excerpt\">Yaz\u0131n\u0131n birinci b\u00f6l\u00fcm\u00fcn\u00fc okumak i\u00e7in t\u0131klay\u0131n\u0131z. &nbsp; Ses Efektleri (1. b\u00f6l\u00fcmden devam) Ses efektleri bunlarla s\u0131n\u0131rl\u0131 de\u011fildir. \u0130nsan ve e\u015fyalara&#8230;<\/p>\n","protected":false},"author":2,"featured_media":4112,"comment_status":"closed","ping_status":"open","sticky":false,"template":"","format":"standard","meta":{"_mi_skip_tracking":false,"spay_email":"","jetpack_publicize_message":"","jetpack_is_tweetstorm":false,"jetpack_publicize_feature_enabled":true},"categories":[19],"tags":[],"jetpack_featured_media_url":"https:\/\/www.ufukonen.com\/tr\/wp-content\/uploads\/film_sesleri_2.jpg","jetpack_publicize_connections":[],"jetpack_shortlink":"https:\/\/wp.me\/p3rjsG-13V","jetpack_sharing_enabled":true,"jetpack-related-posts":[{"id":5096,"url":"https:\/\/www.ufukonen.com\/tr\/foley-filmler-icin-ses-efektleri.html","url_meta":{"origin":4087,"position":0},"title":"Foley: S\u0131radan Objelerle Filmler \u0130\u00e7in Ses Efektleri Yapma Sanat\u0131","date":"October 7, 2019","format":false,"excerpt":"Ayak sesleri, \u00e7e\u015fitli objelerin masaya veya yere konuldu\u011funda \u00e7\u0131kartt\u0131\u011f\u0131 sesler, sandalye g\u0131c\u0131rt\u0131lar\u0131, ka\u011f\u0131t h\u0131\u015f\u0131rt\u0131lar\u0131, s\u00fcrt\u00fcnd\u00fck\u00e7e giysilerden \u00e7\u0131kan sesler, k\u0131saca film \u00e7ekimi s\u0131ras\u0131nda kaydedilemeyen veya kaydedilmi\u015f olsa bile kalite olarak yeterli bulunmayan t\u00fcm bu sesler post prod\u00fcksiyon a\u015famas\u0131nda st\u00fcdyoda tekrar kaydedilip g\u00f6r\u00fcnt\u00fcye eklenir. Bu tekni\u011fe foley ad\u0131 verilir. Foley ad\u0131 Hollywood\u2019da\u2026","rel":"","context":"In &quot;Ses Tasar\u0131m\u0131&quot;","img":{"alt_text":"","src":"https:\/\/i0.wp.com\/www.ufukonen.com\/tr\/wp-content\/uploads\/Foley_1280x720_processed_compressed.jpg?resize=350%2C200&ssl=1","width":350,"height":200},"classes":[]},{"id":4086,"url":"https:\/\/www.ufukonen.com\/tr\/film-sesleri-1.html","url_meta":{"origin":4087,"position":1},"title":"Film Sesleri (1. B\u00f6l\u00fcm)","date":"August 20, 2018","format":false,"excerpt":"Son y\u0131llarda t\u00fcm d\u00fcnyada oldu\u011fu gibi T\u00fcrkiye\u2019de de m\u00fczisyen ve besteciler taraf\u0131ndan film, video ve dizi m\u00fcziklerine g\u00f6sterilen ilgi olduk\u00e7a artt\u0131. G\u00fcn\u00fcm\u00fcz\u00fcn dijital teknolojisi sayesinde bir bestecinin bir film, video veya dizi m\u00fczi\u011finin b\u00fcy\u00fck bir b\u00f6l\u00fcm\u00fcn\u00fc, hatta baz\u0131 durumlarda tamam\u0131n\u0131, evde kurdu\u011fu st\u00fcdyosunda \u00e7al\u0131\u015farak bitirmesi m\u00fcmk\u00fcn h\u00e2le geldi. K\u00fc\u00e7\u00fck b\u00fct\u00e7eli\u2026","rel":"","context":"In &quot;Ses Tasar\u0131m\u0131&quot;","img":{"alt_text":"","src":"https:\/\/i0.wp.com\/www.ufukonen.com\/tr\/wp-content\/uploads\/film_sesleri_1.jpg?resize=350%2C200&ssl=1","width":350,"height":200},"classes":[]},{"id":4550,"url":"https:\/\/www.ufukonen.com\/tr\/fotoakustik-etki.html","url_meta":{"origin":4087,"position":2},"title":"Fotoakustik Etki ve Lazer ile Ki\u015fiye \u00d6zel Ses \u0130letimi","date":"February 11, 2019","format":false,"excerpt":"Y\u0131llardan beri kay\u0131tl\u0131 sesleri dinlemek i\u00e7in hoparl\u00f6r kullan\u0131yoruz. B\u00fcy\u00fck hoparl\u00f6rler, k\u00fc\u00e7\u00fck hoparl\u00f6rler, kulakl\u0131klar... Hepsinin \u00e7al\u0131\u015fma prensibi ayn\u0131. Elektrik enerjisini akustik enerjiye d\u00f6n\u00fc\u015ft\u00fcr\u00fcp ses dalgalar\u0131n\u0131 hava arac\u0131l\u0131\u011f\u0131 ile kula\u011f\u0131m\u0131za iletiyorlar. Peki, \u015f\u00f6yle bir sistem d\u00fc\u015f\u00fcn\u00fcn... Sistemin i\u00e7inde hoparl\u00f6r yok. Kay\u0131tl\u0131 sesler bir verici arac\u0131l\u0131\u011f\u0131 ile size y\u00f6nlendiriliyor, siz de hi\u00e7bir cihaz\u2026","rel":"","context":"In &quot;Ses ve M\u00fczik Teknolojileri&quot;","img":{"alt_text":"","src":"https:\/\/i0.wp.com\/www.ufukonen.com\/tr\/wp-content\/uploads\/Lazer_Kisiye_Ozel_Ses_Header_850x478.jpg?resize=350%2C200&ssl=1","width":350,"height":200},"classes":[]},{"id":3369,"url":"https:\/\/www.ufukonen.com\/tr\/sanal-gerceklik-icin-ses-ambisonics-format-b-1-bolum.html","url_meta":{"origin":4087,"position":3},"title":"Sanal Ger\u00e7eklik \u0130\u00e7in Ses: Ambisonics Format-B (1. B\u00f6l\u00fcm)","date":"October 23, 2017","format":false,"excerpt":"Ge\u00e7ti\u011fimiz son birka\u00e7 y\u0131l i\u00e7inde VR (virtual reality \/ sanal ger\u00e7eklik) uygulamalar\u0131 ve donan\u0131mlar\u0131 ile Facebook ve YouTube \u00fczerinde payla\u015f\u0131lan 360\u02da videolar \u00e7ok pop\u00fcler hale geldi. Durum b\u00f6yle olunca \u00fc\u00e7 boyutlu (360\u02da) ses de \u00f6nemli hale geldi. E\u011fer ses \u00fczerine \u00e7al\u0131\u015f\u0131yorsan\u0131z, \u015fu ana kadar bu d\u00fcnyaya girmemi\u015f olsan\u0131z bile yak\u0131n\u2026","rel":"","context":"In &quot;Ses ve M\u00fczik Teknolojileri&quot;","img":{"alt_text":"","src":"https:\/\/i0.wp.com\/www.ufukonen.com\/tr\/wp-content\/uploads\/Ambisonics_Virtual_Reality_1_720x405.jpg?resize=350%2C200&ssl=1","width":350,"height":200},"classes":[]},{"id":4929,"url":"https:\/\/www.ufukonen.com\/tr\/efekt-ve-sinyal-islemcilerin-sirasi-uzerine.html","url_meta":{"origin":4087,"position":4},"title":"Efekt ve Sinyal \u0130\u015flemcilerin S\u0131ras\u0131 \u00dczerine&#8230;","date":"July 22, 2019","format":false,"excerpt":"Ben m\u00fczi\u011fe gitarla ba\u015flad\u0131m. Elektrogitar \u00e7almak istemi\u015ftim. 1980'li y\u0131llarda T\u00fcrkiye'de herkese \"ilk \u00f6nce klasik gitarla ba\u015fla, sonra elektrogitar ile devam edersin\" \u015feklinde tavsiyeler verilirdi. Bana sa\u00e7ma gelmi\u015fti ama bakt\u0131m ki ba\u015fka \u00e7aresi yok, ben de klasik gitarla ba\u015flad\u0131m. Klasik gitar ve elektrogitar\u0131n asl\u0131nda iki farkl\u0131 d\u00fcnyalar oldu\u011funu kavramam fazla uzun\u2026","rel":"","context":"In &quot;Ses ve M\u00fczik Teknolojileri&quot;","img":{"alt_text":"","src":"https:\/\/i0.wp.com\/www.ufukonen.com\/tr\/wp-content\/uploads\/Efekt_Sinyal_Islemciler_Sirasi_720.jpg?resize=350%2C200&ssl=1","width":350,"height":200},"classes":[]},{"id":3376,"url":"https:\/\/www.ufukonen.com\/tr\/sanal-gerceklik-icin-ses-ambisonics-format-b-2-bolum.html","url_meta":{"origin":4087,"position":5},"title":"Sanal Ger\u00e7eklik \u0130\u00e7in Ses: Ambisonics Format-B (2. B\u00f6l\u00fcm)","date":"November 6, 2017","format":false,"excerpt":"Bu yaz\u0131 iki b\u00f6l\u00fcmden olu\u015fmaktad\u0131r. \u0130lk b\u00f6l\u00fcm i\u00e7in t\u0131klay\u0131n\u0131z. Birinci b\u00f6l\u00fcmde \"Ambisonics Nedir?\", \"Ambisonics B-Format\", \"Dinleme Alan\u0131 A\u00e7\u0131s\u0131ndan Ambisonics ile Stereo ve Standart Surround Sistemler Aras\u0131ndaki Fark\", \"Kanal ve Hoparl\u00f6r Say\u0131s\u0131 A\u00e7\u0131s\u0131ndan Ambisonics ile Stereo ve Standart Surround Sistemler Aras\u0131ndaki Fark\" ve \"Neden Ambisonics Format-B?\" ba\u015fl\u0131klar\u0131 ile Ambisonics B-Format'\u0131 incelemeye\u2026","rel":"","context":"In &quot;Ses ve M\u00fczik Teknolojileri&quot;","img":{"alt_text":"","src":"https:\/\/i0.wp.com\/www.ufukonen.com\/tr\/wp-content\/uploads\/Ambisonics_Virtual_Reality_2_720x405.jpg?resize=350%2C200&ssl=1","width":350,"height":200},"classes":[]}],"_links":{"self":[{"href":"https:\/\/www.ufukonen.com\/tr\/wp-json\/wp\/v2\/posts\/4087"}],"collection":[{"href":"https:\/\/www.ufukonen.com\/tr\/wp-json\/wp\/v2\/posts"}],"about":[{"href":"https:\/\/www.ufukonen.com\/tr\/wp-json\/wp\/v2\/types\/post"}],"author":[{"embeddable":true,"href":"https:\/\/www.ufukonen.com\/tr\/wp-json\/wp\/v2\/users\/2"}],"replies":[{"embeddable":true,"href":"https:\/\/www.ufukonen.com\/tr\/wp-json\/wp\/v2\/comments?post=4087"}],"version-history":[{"count":9,"href":"https:\/\/www.ufukonen.com\/tr\/wp-json\/wp\/v2\/posts\/4087\/revisions"}],"predecessor-version":[{"id":4160,"href":"https:\/\/www.ufukonen.com\/tr\/wp-json\/wp\/v2\/posts\/4087\/revisions\/4160"}],"wp:featuredmedia":[{"embeddable":true,"href":"https:\/\/www.ufukonen.com\/tr\/wp-json\/wp\/v2\/media\/4112"}],"wp:attachment":[{"href":"https:\/\/www.ufukonen.com\/tr\/wp-json\/wp\/v2\/media?parent=4087"}],"wp:term":[{"taxonomy":"category","embeddable":true,"href":"https:\/\/www.ufukonen.com\/tr\/wp-json\/wp\/v2\/categories?post=4087"},{"taxonomy":"post_tag","embeddable":true,"href":"https:\/\/www.ufukonen.com\/tr\/wp-json\/wp\/v2\/tags?post=4087"}],"curies":[{"name":"wp","href":"https:\/\/api.w.org\/{rel}","templated":true}]}}