{"id":4115,"date":"2018-08-13T01:00:51","date_gmt":"2018-08-12T22:00:51","guid":{"rendered":"http:\/\/www.ufukonen.com\/tr\/?p=4115"},"modified":"2018-08-12T23:45:17","modified_gmt":"2018-08-12T20:45:17","slug":"apple-kulaklik-muzik","status":"publish","type":"post","link":"https:\/\/www.ufukonen.com\/tr\/apple-kulaklik-muzik.html","title":{"rendered":"Apple, Kulakl\u0131kla M\u00fczik Dinleme Deneyimimizi De\u011fi\u015ftirmeye Haz\u0131rlan\u0131yor"},"content":{"rendered":"<p><img loading=\"lazy\" class=\"aligncenter wp-image-4125\" src=\"http:\/\/www.ufukonen.com\/tr\/wp-content\/uploads\/Spatial_Headphone_Transparency_0-1024x576.jpg\" alt=\"\" width=\"575\" height=\"323\" srcset=\"https:\/\/www.ufukonen.com\/tr\/wp-content\/uploads\/Spatial_Headphone_Transparency_0-1024x576.jpg 1024w, https:\/\/www.ufukonen.com\/tr\/wp-content\/uploads\/Spatial_Headphone_Transparency_0-300x169.jpg 300w, https:\/\/www.ufukonen.com\/tr\/wp-content\/uploads\/Spatial_Headphone_Transparency_0-768x432.jpg 768w, https:\/\/www.ufukonen.com\/tr\/wp-content\/uploads\/Spatial_Headphone_Transparency_0.jpg 1920w\" sizes=\"(max-width: 575px) 100vw, 575px\" \/><\/p>\n<p>Apple, 22 Eyl\u00fcl 2016 tarihinde &#8220;Spatial Headphone Transparency&#8221; ad\u0131n\u0131 verdi\u011fi, kulakl\u0131klara y\u00f6nelik yeni bir sinyal i\u015fleme tekni\u011fi i\u00e7in patent ba\u015fvurusunda bulunmu\u015ftu. Apple&#8217;\u0131n ba\u015fvurusu ge\u00e7ti\u011fimiz Temmuz ay\u0131nda kabul edildi ve b\u00f6ylelikle Apple, kullan\u0131c\u0131lar\u0131n kulakl\u0131k ile dinleme deneyimlerini de\u011fi\u015ftirmeyi hedefleyen bu tekni\u011fin patent sahibi oldu.<\/p>\n<p>Peki, nedir bu &#8220;Spatial Headphone Transparency&#8221;?<\/p>\n<p>T\u00fcrk\u00e7eye birebir \u00e7evirince bir garip oluyor! &#8220;Uzaysal Kulakl\u0131k \u015eeffafl\u0131\u011f\u0131&#8221; ya da &#8220;Alansal Kulakl\u0131k \u015eeffafl\u0131\u011f\u0131&#8221; diyebiliriz belki. Asl\u0131nda \u0130ngilizcesi de bir garip. Biz en iyisi ne yapt\u0131\u011f\u0131na bakal\u0131m&#8230;<\/p>\n<p><a href=\"http:\/\/www.ufukonen.com\/tr\/wp-content\/uploads\/Spatial_Headphone_Transparency_1.jpg\" target=\"_blank\" rel=\"noopener\"><img loading=\"lazy\" class=\"aligncenter wp-image-4118\" src=\"http:\/\/www.ufukonen.com\/tr\/wp-content\/uploads\/Spatial_Headphone_Transparency_1-1024x632.jpg\" alt=\"\" width=\"575\" height=\"355\" srcset=\"https:\/\/www.ufukonen.com\/tr\/wp-content\/uploads\/Spatial_Headphone_Transparency_1-1024x632.jpg 1024w, https:\/\/www.ufukonen.com\/tr\/wp-content\/uploads\/Spatial_Headphone_Transparency_1-300x185.jpg 300w, https:\/\/www.ufukonen.com\/tr\/wp-content\/uploads\/Spatial_Headphone_Transparency_1-768x474.jpg 768w\" sizes=\"(max-width: 575px) 100vw, 575px\" \/><\/a><\/p>\n<p>Apple, bu tekni\u011fin arkas\u0131ndaki mant\u0131k i\u00e7in &#8216;acoustic transparency&#8217; (akustik \u015feffafl\u0131k) terimini kullan\u0131yor. \u00c7al\u0131\u015fma prensibi \u015fu \u015fekilde:<\/p>\n<ul>\n<li>Kulakl\u0131k, \u00fczerinde bulunan mikrofonlar arac\u0131l\u0131\u011f\u0131 ile kullan\u0131c\u0131n\u0131n etraf\u0131ndaki sesleri al\u0131yor.<\/li>\n<li>Bu sesler, sol ve sa\u011f kanallar ayr\u0131 ayr\u0131 olmak \u00fczere, \u00f6zel bir algoritma ile i\u015fleniyor ve kullan\u0131c\u0131n\u0131n dinlemekte oldu\u011fu sinyal\/program (m\u00fczik, podcast vb.) ile kar\u0131\u015ft\u0131r\u0131l\u0131yor.<\/li>\n<li>Bu sayede kullan\u0131c\u0131, dinlemekte oldu\u011fu program\u0131 kulakl\u0131k takmadan dinliyormu\u015f gibi oluyor.<\/li>\n<\/ul>\n<p>Apple&#8217;\u0131n bu ses i\u015fleme tekni\u011finin bir \u00f6zelli\u011fi de kulakl\u0131\u011fa verilen \u00e7evre seslerinin uzaysal\/alansal da\u011f\u0131l\u0131m\u0131n\u0131 ve yerle\u015fimini korumas\u0131. Apple bunu ba\u015farabilmek i\u00e7in duyum ve lokalizasyon \u00fczerinde b\u00fcy\u00fck etkisi olan kafa ve di\u011fer anatomik \u00f6zellikleri hesaba kat\u0131yor.<\/p>\n<p><a href=\"http:\/\/www.ufukonen.com\/tr\/wp-content\/uploads\/Spatial_Headphone_Transparency_2.jpg\" target=\"_blank\" rel=\"noopener\"><img loading=\"lazy\" class=\"aligncenter wp-image-4119\" src=\"http:\/\/www.ufukonen.com\/tr\/wp-content\/uploads\/Spatial_Headphone_Transparency_2-1024x598.jpg\" alt=\"\" width=\"575\" height=\"336\" srcset=\"https:\/\/www.ufukonen.com\/tr\/wp-content\/uploads\/Spatial_Headphone_Transparency_2-1024x598.jpg 1024w, https:\/\/www.ufukonen.com\/tr\/wp-content\/uploads\/Spatial_Headphone_Transparency_2-300x175.jpg 300w, https:\/\/www.ufukonen.com\/tr\/wp-content\/uploads\/Spatial_Headphone_Transparency_2-768x448.jpg 768w\" sizes=\"(max-width: 575px) 100vw, 575px\" \/><\/a><\/p>\n<p>Apple&#8217;\u0131n bu yeni ses i\u015fleme tekni\u011fi ile ba\u015farmay\u0131 hedefledi\u011fi di\u011fer bir \u015fey ise kullan\u0131c\u0131n\u0131n kulakl\u0131k ile dinledi\u011fi m\u00fczi\u011fi ya da herhangi bir program\u0131 &#8220;kafas\u0131n\u0131n i\u00e7inden&#8221; al\u0131p &#8220;kafas\u0131n\u0131n \u00fcst\u00fcne&#8221; ta\u015f\u0131mak. Di\u011fer bir deyi\u015fle, Apple, kullan\u0131c\u0131n\u0131n kulakl\u0131k ile m\u00fczik dinlerken m\u00fczi\u011fi kafas\u0131n\u0131n i\u00e7inde duymas\u0131n\u0131 de\u011fil, kafas\u0131n\u0131n \u00fczerindeki bir \u00e7ift hayali hoparl\u00f6rden dinlemesini istiyor. Bu sayede m\u00fczi\u011fin kulakl\u0131ktaki \u00e7evre seslerden ayr\u0131\u015fmas\u0131n\u0131 ve kullan\u0131c\u0131n\u0131n yak\u0131n\u0131nda olan sesleri m\u00fczik taraf\u0131ndan maskelenmeden duymas\u0131n\u0131 ama\u00e7l\u0131yor.<\/p>\n<p><a href=\"http:\/\/www.ufukonen.com\/tr\/wp-content\/uploads\/Spatial_Headphone_Transparency_3.jpg\" target=\"_blank\" rel=\"noopener\"><img loading=\"lazy\" class=\"aligncenter wp-image-4120\" src=\"http:\/\/www.ufukonen.com\/tr\/wp-content\/uploads\/Spatial_Headphone_Transparency_3-1024x623.jpg\" alt=\"\" width=\"575\" height=\"350\" srcset=\"https:\/\/www.ufukonen.com\/tr\/wp-content\/uploads\/Spatial_Headphone_Transparency_3-1024x623.jpg 1024w, https:\/\/www.ufukonen.com\/tr\/wp-content\/uploads\/Spatial_Headphone_Transparency_3-300x182.jpg 300w, https:\/\/www.ufukonen.com\/tr\/wp-content\/uploads\/Spatial_Headphone_Transparency_3-768x467.jpg 768w\" sizes=\"(max-width: 575px) 100vw, 575px\" \/><\/a><\/p>\n<p>Patent dosyas\u0131n\u0131n indirmek isterseniz <a href=\"http:\/\/pdfpiw.uspto.gov\/.piw?PageNum=0&amp;docid=10034092&amp;IDKey=FE610057CFD9&amp;HomeUrl=http%3A%2F%2Fpatft1.uspto.gov%2Fnetacgi%2Fnph-Parser%3FSect1%3DPTO1%2526Sect2%3DHITOFF%2526d%3DPALL%2526p%3D1%2526u%3D%25252Fnetahtml%25252FPTO%25252Fsrchnum.htm%2526r%3D1%2526f%3DG%2526l%3D50%2526s1%3D10034092.PN.%2526OS%3DPN%2F10034092%2526RS%3DPN%2F10034092\" target=\"_blank\" rel=\"noopener\">buraya t\u0131klayabilirsiniz<\/a>.<\/p>\n<p>Apple&#8217;\u0131n 2019 y\u0131l\u0131nda piyasaya s\u00fcrmek i\u00e7in kulak \u00fcst\u00fc tipte yeni bir kulakl\u0131k \u00fczerinde \u00e7al\u0131\u015ft\u0131\u011f\u0131 s\u00f6yleniyordu. Apple, o kulakl\u0131kta bu yeni ses i\u015fleme tekni\u011fini kullanabilir diye d\u00fc\u015f\u00fcn\u00fcyorum.<\/p>\n<p>Bekleyip g\u00f6rece\u011fiz.<\/p>\n<p style=\"text-align: center;\">\u0130lgili yaz\u0131lar:<\/p>\n<p><a href=\"http:\/\/www.ufukonen.com\/tr\/waves-nx-head-tracker-kickstarter.html\" target=\"_blank\" rel=\"noopener\"><img loading=\"lazy\" class=\"aligncenter wp-image-2617 size-medium\" src=\"http:\/\/www.ufukonen.com\/tr\/wp-content\/uploads\/Waves_Nx_Cinema-e1466796101387-300x143.jpg\" alt=\"\" width=\"300\" height=\"143\" srcset=\"https:\/\/www.ufukonen.com\/tr\/wp-content\/uploads\/Waves_Nx_Cinema-e1466796101387-300x143.jpg 300w, https:\/\/www.ufukonen.com\/tr\/wp-content\/uploads\/Waves_Nx_Cinema-e1466796101387.jpg 680w\" sizes=\"(max-width: 300px) 100vw, 300px\" \/><\/a><\/p>\n<p style=\"text-align: center;\"><a href=\"http:\/\/www.ufukonen.com\/tr\/waves-nx-head-tracker-kickstarter.html\" target=\"_blank\" rel=\"noopener\">Waves Nx Program ve Head Tracker: Herkes i\u00e7in 3D Ses!<\/a><\/p>\n<p>&nbsp;<\/p>\n<p><a href=\"http:\/\/www.ufukonen.com\/tr\/studyo-tipi-kulakliklar.html\" target=\"_blank\" rel=\"noopener\"><img loading=\"lazy\" class=\"aligncenter wp-image-2446 size-medium\" src=\"http:\/\/www.ufukonen.com\/tr\/wp-content\/uploads\/Headphones_DanielMcAnulty_720-300x177.jpg\" alt=\"\" width=\"300\" height=\"177\" srcset=\"https:\/\/www.ufukonen.com\/tr\/wp-content\/uploads\/Headphones_DanielMcAnulty_720-300x177.jpg 300w, https:\/\/www.ufukonen.com\/tr\/wp-content\/uploads\/Headphones_DanielMcAnulty_720.jpg 720w\" sizes=\"(max-width: 300px) 100vw, 300px\" \/><\/a><\/p>\n<p style=\"text-align: center;\"><a href=\"http:\/\/www.ufukonen.com\/tr\/studyo-tipi-kulakliklar.html\" target=\"_blank\" rel=\"noopener\">St\u00fcdyo Tipi Kulakl\u0131klar ve Yeni Geli\u015fmeler<\/a><\/p>\n<p>&nbsp;<\/p>\n<p>Teknik terimler i\u00e7in <a href=\"http:\/\/www.ufukonen.com\/tr\/ses-kayit-muzik-teknolojisi-terimler-sozluk.html\">m\u00fczik teknolojisi, m\u00fczik prod\u00fcksiyonu ve ses kay\u0131t terimleri s\u00f6zl\u00fc\u011f\u00fcne<\/a> g\u00f6z atabilirsiniz.<\/p>\n<p>Ba\u015fl\u0131k foto\u011fraf\u0131:\u00a0<a href=\"https:\/\/unsplash.com\/photos\/E--AUpYXbjM?utm_source=unsplash&amp;utm_medium=referral&amp;utm_content=creditCopyText\" target=\"_blank\" rel=\"noopener\">Alice Moore<\/a>\u00a0|\u00a0<a href=\"https:\/\/unsplash.com\/?utm_source=unsplash&amp;utm_medium=referral&amp;utm_content=creditCopyText\" target=\"_blank\" rel=\"noopener\">Unsplash<\/a><\/p>\n<p>Benzer payla\u015f\u0131mlar i\u00e7in beni <a href=\"https:\/\/www.facebook.com\/ufukonen.skmt\/\" target=\"_blank\" rel=\"noopener\">Facebook<\/a> ve <a href=\"https:\/\/twitter.com\/UfukOnen\" target=\"_blank\" rel=\"noopener\">Twitter<\/a>&#8216;da takip edebilir, haberler i\u00e7in <a href=\"http:\/\/ufukonen.com\/tr\/ses-kayit-muzik-teknolojisi-terimler-sozluk.html\" target=\"_blank\" rel=\"noopener\">mesaj listeme \u00fcye olabilirsiniz<\/a>. Te\u015fekk\u00fcrler.<\/p>\n<p>\u00a9 2018 Ufuk \u00d6nen. Her hakk\u0131 sakl\u0131d\u0131r. \u0130zinsiz kullan\u0131lamaz.<\/p>\n","protected":false},"excerpt":{"rendered":"<p class=\"post-excerpt\">Apple, 22 Eyl\u00fcl 2016 tarihinde &#8220;Spatial Headphone Transparency&#8221; ad\u0131n\u0131 verdi\u011fi, kulakl\u0131klara y\u00f6nelik yeni bir sinyal i\u015fleme tekni\u011fi i\u00e7in patent ba\u015fvurusunda&#8230;<\/p>\n","protected":false},"author":2,"featured_media":4125,"comment_status":"closed","ping_status":"open","sticky":false,"template":"","format":"standard","meta":{"_mi_skip_tracking":false,"spay_email":"","jetpack_publicize_message":"","jetpack_is_tweetstorm":false,"jetpack_publicize_feature_enabled":true},"categories":[18],"tags":[],"jetpack_featured_media_url":"https:\/\/www.ufukonen.com\/tr\/wp-content\/uploads\/Spatial_Headphone_Transparency_0.jpg","jetpack_publicize_connections":[],"jetpack_shortlink":"https:\/\/wp.me\/p3rjsG-14n","jetpack_sharing_enabled":true,"jetpack-related-posts":[{"id":5929,"url":"https:\/\/www.ufukonen.com\/tr\/kulaklik-miks-eksiklik.html","url_meta":{"origin":4115,"position":0},"title":"Kulakl\u0131kla Miks Yaparken Eksikli\u011fini Duydu\u011fum \u0130ki Nokta","date":"July 13, 2020","format":false,"excerpt":"Kulakl\u0131kla miks yapmak \u00e7ok tart\u0131\u015f\u0131lan bir konu. Baz\u0131lar\u0131 kulakl\u0131kla miks yapmaya sert bir bi\u00e7imde kar\u015f\u0131 \u00e7\u0131k\u0131yor, baz\u0131lar\u0131 ise kulakl\u0131k ile gayet iyi miksler \u00e7\u0131kt\u0131\u011f\u0131n\u0131 savunuyor. Benim bu yaz\u0131da bu tart\u0131\u015fmaya kat\u0131lmak veya bu tart\u0131\u015fmada bir taraf olmak gibi bir amac\u0131m yok ancak kulakl\u0131kla \u00e7al\u0131\u015f\u0131rken \u015fahsi olarak eksik kald\u0131\u011f\u0131n\u0131 d\u00fc\u015f\u00fcnd\u00fc\u011f\u00fcm iki\u2026","rel":"","context":"In &quot;Ses ve M\u00fczik Teknolojileri&quot;","img":{"alt_text":"","src":"https:\/\/i0.wp.com\/www.ufukonen.com\/tr\/wp-content\/uploads\/Kulaklik_Miks_Header_Filter_Crop.jpg?resize=350%2C200&ssl=1","width":350,"height":200},"classes":[]},{"id":6814,"url":"https:\/\/www.ufukonen.com\/tr\/kulak-cinlamasi-tinnitus.html","url_meta":{"origin":4115,"position":1},"title":"Kulak \u00c7\u0131nlamas\u0131 (Tinnitus) ve Korunma Y\u00f6ntemleri","date":"September 6, 2021","format":false,"excerpt":"Tinnitus terimini belki duymam\u0131\u015f olabilirsiniz ama ne oldu\u011funu biliyorsunuzdur. Tinnitus genelde \u201ckulak \u00e7\u0131nlamas\u0131\u201d olarak ifade ediliyor. Kulak \u00e7\u0131nlamas\u0131n\u0131 hemen hemen herkes hayat\u0131nda en az birka\u00e7 defa deneyimlemi\u015ftir. \u00c7ok y\u00fcksek sesli bir konserde zaman ge\u00e7irdikten sonra eve gitti\u011finizde kulaklar\u0131n\u0131zda y\u00fcksek frekansl\u0131 bir \u00e7\u0131nlama duyars\u0131n\u0131z. Bu \u00e7\u0131nlama \u00e7o\u011fu zaman sadece birka\u00e7 saat\u2026","rel":"","context":"In &quot;M\u00fczik&quot;","img":{"alt_text":"","src":"https:\/\/i0.wp.com\/www.ufukonen.com\/tr\/wp-content\/uploads\/Kulak_Cinlamasi_Tinnitus_00_Header.jpg?resize=350%2C200&ssl=1","width":350,"height":200},"classes":[]},{"id":5453,"url":"https:\/\/www.ufukonen.com\/tr\/monitor-kontrol-unitesi.html","url_meta":{"origin":4115,"position":2},"title":"Monit\u00f6r Kontrol \u00dcnitesi Al\u0131rken Nelere Dikkat Etmeliyiz?","date":"February 17, 2020","format":false,"excerpt":"Bu yaz\u0131mda, bir monit\u00f6r kontrol \u00fcnitesi \u00fczerinde bulunmas\u0131 gerekti\u011fini d\u00fc\u015f\u00fcnd\u00fc\u011f\u00fcm \u00f6zellikleri sizlerle payla\u015fmak istiyorum. E\u011fer sadece bir bilgisayar, bir \u00e7ift monit\u00f6r hoparl\u00f6r, bir kulakl\u0131k ve bir ses kart\u0131n\u0131ndan olu\u015fan bir setup ile \u00e7al\u0131\u015f\u0131yorsan\u0131z ve ses kart\u0131n\u0131z\u0131n \u00fczerinde monit\u00f6rlerin seviyesini ayarlayabilece\u011finiz bir kontrol d\u00fc\u011fmesi varsa, bu durumda monit\u00f6r kontrol \u00fcnitesine ihtiya\u00e7\u2026","rel":"","context":"In &quot;Ses ve M\u00fczik Teknolojileri&quot;","img":{"alt_text":"","src":"https:\/\/i0.wp.com\/www.ufukonen.com\/tr\/wp-content\/uploads\/Monitor_Kontrol_Unitesi_00_Presonus_MonitorStationV2.jpg?resize=350%2C200&ssl=1","width":350,"height":200},"classes":[]},{"id":5928,"url":"https:\/\/www.ufukonen.com\/tr\/kulaklik-miks-plugin-tavsiyeleri.html","url_meta":{"origin":4115,"position":3},"title":"Kulakl\u0131kla Miks Yapanlara Plug-in Tavsiyeleri","date":"July 20, 2020","format":false,"excerpt":"\u0130lk yay\u0131n tarihi 20 Temmuz 2020 olan bu yaz\u0131 6 Aral\u0131k 2020, 1 \u015eubat 2021, 10 May\u0131s 2021 ve 3 Ocak 2022 tarihlerinde g\u00fcncellenmi\u015ftir. Bu yaz\u0131mda kulakl\u0131kla miks yapanlar i\u00e7in birka\u00e7 plug-in tavsiye etmek istiyorum. \"Kulakl\u0131kla Miks Yaparken Eksikli\u011fini Duydu\u011fum \u0130ki Nokta\" ba\u015fl\u0131kl\u0131 yaz\u0131mda bu plug-in'lere neden ihtiya\u00e7 duydu\u011fumuzu (ya\u2026","rel":"","context":"In &quot;Ses ve M\u00fczik Teknolojileri&quot;","img":{"alt_text":"","src":"https:\/\/i0.wp.com\/www.ufukonen.com\/tr\/wp-content\/uploads\/Kulaklik_Miks_Plugin_Header_v2.jpg?resize=350%2C200&ssl=1","width":350,"height":200},"classes":[]},{"id":6102,"url":"https:\/\/www.ufukonen.com\/tr\/sonarworks-reference-plugin.html","url_meta":{"origin":4115,"position":4},"title":"Sonarworks Reference Yaz\u0131l\u0131m\u0131n\u0131n DAW \u0130\u00e7inde Plug-in Olarak Kullan\u0131m\u0131","date":"October 12, 2020","format":false,"excerpt":"Sonarworks firmas\u0131 taraf\u0131ndan geli\u015ftirilen monit\u00f6r ve kulakl\u0131k kalibrasyon yaz\u0131l\u0131m\u0131 Reference, kullan\u0131m olarak iki farkl\u0131 se\u00e7enek sunuyor: Systemwide ve Plugin. Systemwide hem Mac hem de Windows \u00fczerinde \u00e7al\u0131\u015fabilen ve sanal audio driver g\u00f6revi g\u00f6ren bir program. Systemwide, olu\u015fturdu\u011funuz veya kay\u0131tl\u0131 bir kalibrasyon profiline g\u00f6re bilgisayar\u0131n ses \u00e7\u0131k\u0131\u015f\u0131na d\u00fczeltmeler uyguluyor. Reference Plugin\u2026","rel":"","context":"In &quot;Ses ve M\u00fczik Teknolojileri&quot;","img":{"alt_text":"","src":"https:\/\/i0.wp.com\/www.ufukonen.com\/tr\/wp-content\/uploads\/Sonarworks_Reference_Plugin_Header.jpg?resize=350%2C200&ssl=1","width":350,"height":200},"classes":[]},{"id":6697,"url":"https:\/\/www.ufukonen.com\/tr\/apple-music-dolby-atmos-uzamsal-ses.html","url_meta":{"origin":4115,"position":5},"title":"Apple Music ve Dolby Atmos Destekli Uzamsal Ses","date":"June 28, 2021","format":false,"excerpt":"Apple, WWDC etkinli\u011finde Apple Music kullan\u0131c\u0131lar\u0131n\u0131n herhangi bir ek \u00fccret \u00f6demeden kay\u0131ps\u0131z ses (lossless audio) ve Dolby Atmos destekli uzamsal ses (spatial audio) \u00f6zelliklerinden yararlanabilece\u011fini duyurmu\u015ftu. Ge\u00e7ti\u011fimiz g\u00fcnlerde bu \u00f6zellikler kullan\u0131c\u0131larla bulu\u015ftu. Tahmin etti\u011fim gibi esas ilgi \u00e7eken kay\u0131ps\u0131z ses de\u011fil, Dolby Atmos destekli uzamsal ses \u00f6zelli\u011fi oldu. Dolby Atmos\u2026","rel":"","context":"In &quot;Ses ve M\u00fczik Teknolojileri&quot;","img":{"alt_text":"","src":"https:\/\/i0.wp.com\/www.ufukonen.com\/tr\/wp-content\/uploads\/Apple_Music_Dolby_Atmos_Uzamsal_Ses_00_Header.jpg?resize=350%2C200&ssl=1","width":350,"height":200},"classes":[]}],"_links":{"self":[{"href":"https:\/\/www.ufukonen.com\/tr\/wp-json\/wp\/v2\/posts\/4115"}],"collection":[{"href":"https:\/\/www.ufukonen.com\/tr\/wp-json\/wp\/v2\/posts"}],"about":[{"href":"https:\/\/www.ufukonen.com\/tr\/wp-json\/wp\/v2\/types\/post"}],"author":[{"embeddable":true,"href":"https:\/\/www.ufukonen.com\/tr\/wp-json\/wp\/v2\/users\/2"}],"replies":[{"embeddable":true,"href":"https:\/\/www.ufukonen.com\/tr\/wp-json\/wp\/v2\/comments?post=4115"}],"version-history":[{"count":11,"href":"https:\/\/www.ufukonen.com\/tr\/wp-json\/wp\/v2\/posts\/4115\/revisions"}],"predecessor-version":[{"id":4130,"href":"https:\/\/www.ufukonen.com\/tr\/wp-json\/wp\/v2\/posts\/4115\/revisions\/4130"}],"wp:featuredmedia":[{"embeddable":true,"href":"https:\/\/www.ufukonen.com\/tr\/wp-json\/wp\/v2\/media\/4125"}],"wp:attachment":[{"href":"https:\/\/www.ufukonen.com\/tr\/wp-json\/wp\/v2\/media?parent=4115"}],"wp:term":[{"taxonomy":"category","embeddable":true,"href":"https:\/\/www.ufukonen.com\/tr\/wp-json\/wp\/v2\/categories?post=4115"},{"taxonomy":"post_tag","embeddable":true,"href":"https:\/\/www.ufukonen.com\/tr\/wp-json\/wp\/v2\/tags?post=4115"}],"curies":[{"name":"wp","href":"https:\/\/api.w.org\/{rel}","templated":true}]}}