{"id":4162,"date":"2018-09-10T01:00:47","date_gmt":"2018-09-09T22:00:47","guid":{"rendered":"http:\/\/www.ufukonen.com\/tr\/?p=4162"},"modified":"2018-09-10T21:41:20","modified_gmt":"2018-09-10T18:41:20","slug":"vca-subgroup-fark","status":"publish","type":"post","link":"https:\/\/www.ufukonen.com\/tr\/vca-subgroup-fark.html","title":{"rendered":"VCA ile Subgroup Aras\u0131ndaki Fark"},"content":{"rendered":"<p><img loading=\"lazy\" class=\"aligncenter wp-image-4171\" src=\"http:\/\/www.ufukonen.com\/tr\/wp-content\/uploads\/VCA_Subgroup_Fark-1024x576.jpg\" alt=\"\" width=\"575\" height=\"323\" srcset=\"https:\/\/www.ufukonen.com\/tr\/wp-content\/uploads\/VCA_Subgroup_Fark-1024x576.jpg 1024w, https:\/\/www.ufukonen.com\/tr\/wp-content\/uploads\/VCA_Subgroup_Fark-300x169.jpg 300w, https:\/\/www.ufukonen.com\/tr\/wp-content\/uploads\/VCA_Subgroup_Fark-768x432.jpg 768w, https:\/\/www.ufukonen.com\/tr\/wp-content\/uploads\/VCA_Subgroup_Fark.jpg 1920w\" sizes=\"(max-width: 575px) 100vw, 575px\" \/><\/p>\n<p>&nbsp;<\/p>\n<p>VCA (Voltage Controlled Amplifier) ve subgroup \u00e7o\u011fu zaman birbirleri ile kar\u0131\u015ft\u0131r\u0131l\u0131yor. Hatta bazen ikisinin ayn\u0131 \u015fey oldu\u011fu d\u00fc\u015f\u00fcn\u00fcl\u00fcyor. Yapt\u0131klar\u0131 i\u015f benzer ama \u00e7al\u0131\u015fma prensipleri farkl\u0131 ve bu farkl\u0131l\u0131k bazen kullan\u0131m a\u00e7\u0131s\u0131ndan \u00f6nemli olabiliyor.<\/p>\n<p>&nbsp;<\/p>\n<h3>VCA<\/h3>\n<p>VCA, se\u00e7ti\u011finiz bir grup kanal\u0131n seviyesini tek bir fader ile azaltmak veya art\u0131rmak i\u00e7in kullan\u0131l\u0131r. Bu s\u0131rada kanallar\u0131n kendi aralar\u0131ndaki seviye dengesi de\u011fi\u015fmez.<\/p>\n<p>\u00d6rnek olarak \u00fc\u00e7 farkl\u0131 synthesizer kanal\u0131n\u0131 gruplay\u0131p seviyelerini tek bir fader ile kontrol etmek istiyorsunuz. Synth 1 fader -12 dB; synth 2 fader -6 dB, synth 3 fader -9 dB konumunda olsun. VCA fader 0 dB konumundayken seviyelerde de\u011fi\u015fiklik olmaz. VCA fader&#8217;\u0131n\u0131 -3 dB konumuna \u00e7ekti\u011finizde grupta bulunan kanallar\u0131n seviyeleri de tek tek 3 dB azal\u0131r: Synth 1 fader -15 dB; synth 2 fader -9 dB; synth 3 fader -12 dB konumuna gelir.<\/p>\n<p>VCA, dijital ortamda DCA (Digitally Controlled Amplifier) olarak da adland\u0131r\u0131l\u0131yor.<\/p>\n<p>&nbsp;<\/p>\n<h3>Subgroup<\/h3>\n<p>Subgroup da VCA gibi se\u00e7ti\u011finiz bir grup kanal\u0131n seviyesini topluca kontrol etmek i\u00e7in kullan\u0131l\u0131r. Subgroup fader (ya da submaster fader) ile azaltma veya art\u0131rma yap\u0131l\u0131rken (yine VCA&#8217;de oldu\u011fu gibi) kanallar\u0131n kendi aralar\u0131ndaki seviye dengesi de\u011fi\u015fmez.<\/p>\n<p>&nbsp;<\/p>\n<h3>VCA ile Subgroup Aras\u0131ndaki Fark<\/h3>\n<p>Peki, diyeceksiniz ki VCA ile subgroup aras\u0131nda ne fark var?<\/p>\n<p>VCA ile &#8220;normal&#8221; subgroup aras\u0131ndaki en \u00f6nemli fark, &#8216;summing&#8217; ad\u0131 verilen sinyali birle\u015ftirme i\u015flemidir.<\/p>\n<p>VCA, sadece kanallar\u0131n seviyelerini kontrol etmek i\u00e7in kullan\u0131l\u0131r. VCA \u00fczerinde sinyal bulunmaz. Subgroup ise kanallardan gelen sinyalleri toplay\u0131p birle\u015ftirir. Subgroup, sinyal ta\u015f\u0131d\u0131\u011f\u0131 i\u00e7in bir &#8216;buss&#8217;t\u0131r. VCA bir buss (ya da &#8216;bus&#8217;) de\u011fildir. VCA, \u00fczerinden sinyal ge\u00e7medi\u011fi i\u00e7in, ses seviyesini uzaktan kontrol eden bir kumanda gibi d\u00fc\u015f\u00fcn\u00fclebilir.<\/p>\n<p><a href=\"http:\/\/www.ufukonen.com\/tr\/wp-content\/uploads\/VCA.jpg\" target=\"_blank\" rel=\"noopener\"><img loading=\"lazy\" class=\"aligncenter wp-image-4176\" src=\"http:\/\/www.ufukonen.com\/tr\/wp-content\/uploads\/VCA.jpg\" alt=\"\" width=\"500\" height=\"378\" srcset=\"https:\/\/www.ufukonen.com\/tr\/wp-content\/uploads\/VCA.jpg 980w, https:\/\/www.ufukonen.com\/tr\/wp-content\/uploads\/VCA-300x227.jpg 300w, https:\/\/www.ufukonen.com\/tr\/wp-content\/uploads\/VCA-768x580.jpg 768w\" sizes=\"(max-width: 500px) 100vw, 500px\" \/><\/a><\/p>\n<div id=\"attachment_4168\" style=\"width: 510px\" class=\"wp-caption aligncenter\"><a href=\"http:\/\/www.ufukonen.com\/tr\/wp-content\/uploads\/Subgroup.jpg\" target=\"_blank\" rel=\"noopener\"><img aria-describedby=\"caption-attachment-4168\" loading=\"lazy\" class=\"wp-image-4168\" src=\"http:\/\/www.ufukonen.com\/tr\/wp-content\/uploads\/Subgroup.jpg\" alt=\"\" width=\"500\" height=\"378\" srcset=\"https:\/\/www.ufukonen.com\/tr\/wp-content\/uploads\/Subgroup.jpg 980w, https:\/\/www.ufukonen.com\/tr\/wp-content\/uploads\/Subgroup-300x227.jpg 300w, https:\/\/www.ufukonen.com\/tr\/wp-content\/uploads\/Subgroup-768x580.jpg 768w\" sizes=\"(max-width: 500px) 100vw, 500px\" \/><\/a><p id=\"caption-attachment-4168\" class=\"wp-caption-text\">Subgroup<\/p><\/div>\n<p>&nbsp;<\/p>\n<h3>Uygulamalardaki Farkl\u0131l\u0131klar<\/h3>\n<p>VCA ile subgroup aras\u0131ndaki fark teknik olarak bu \u015fekilde. Kullan\u0131m olarak ele alacak olursak, e\u011fer yapmak istedi\u011finiz i\u015f bir grup kanal\u0131n seviyesini topluca kontrol etmekse, o zaman VCA ile subgroup aras\u0131nda pratikte herhangi bir fark yok. \u0130kisini de kullanabilirsiniz.<\/p>\n<p>Di\u011fer yandan e\u011fer gruplad\u0131\u011f\u0131n\u0131z kanallar \u00fczerinde topluca bir sinyal i\u015fleme yapacaksan\u0131z o zaman &#8220;normal&#8221; subgroup kullanmal\u0131s\u0131n\u0131z. Yukar\u0131da da belirtti\u011fim gibi VCA bir buss olmad\u0131\u011f\u0131 ve summing yapmad\u0131\u011f\u0131 i\u00e7in gruplad\u0131\u011f\u0131n\u0131z kanallar \u00fczerinde topluca sinyal i\u015fleme yapamazs\u0131n\u0131z.<\/p>\n<p>\u00d6rnek olarak yine elimizde \u00fc\u00e7 synthesizer kanal\u0131 oldu\u011funu d\u00fc\u015f\u00fcnelim. Bu \u00fc\u00e7 kanal\u0131 birle\u015ftirip grup halinde kompres\u00f6r uygulamak istersek bunu ancak subgroup ile yapabiliriz.<\/p>\n<p>Ayn\u0131 \u00f6rnek \u00fczerinden devam ederek bu \u00fc\u00e7 synthesizer i\u00e7in iki farkl\u0131 reverb kulland\u0131\u011f\u0131m\u0131z\u0131 d\u00fc\u015f\u00fcnelim. Synth 1 ve 2 i\u00e7in send yolu ile reverb 1; synth 3 i\u00e7in de yine send yolu ile reverb 2 \u00fczerinden efekt kulland\u0131\u011f\u0131m\u0131z\u0131 varsayal\u0131m. B\u00f6yle bir durumda reverb 1 ve reverb 2&#8217;nin kanallar\u0131n\u0131 da subgroup i\u00e7ine dahil etmek durumunday\u0131z. Aksi taktirde subgroup fader ile grubun seviyesini topluca azaltt\u0131\u011f\u0131m\u0131zda post fader konumunda send yolu ile reverb&#8217;e g\u00f6nderdi\u011fimiz sinyal seviyesi de\u011fi\u015fmez. Di\u011fer bir deyi\u015fle gruptaki synthesizer kanallar\u0131n\u0131n seviyelerinin toplam\u0131 azal\u0131r ancak reverb seviyesi azalmayaca\u011f\u0131 i\u00e7in reverb y\u00fcksek kal\u0131r.<\/p>\n<p>VCA kullanarak yapt\u0131\u011f\u0131m\u0131z gruplamada ise kanallar\u0131n kendi seviyeleri azald\u0131\u011f\u0131 veya artt\u0131\u011f\u0131 i\u00e7in post fader konumunda send yolu ile g\u00f6nderilen sinyal seviyeleri de azal\u0131r veya artar. \u00d6rne\u011fimizdeki \u00fc\u00e7 synthesizer kanal\u0131n\u0131 VCA ile kontrol ederseniz seviyeyi topluca azaltt\u0131\u011f\u0131n\u0131zda veya art\u0131rd\u0131\u011f\u0131n\u0131zda reverb&#8217;e giden sinyal de (di\u011fer deyi\u015fle reverb seviyesi de) artar veya azal\u0131r. Reverb kanallar\u0131n\u0131 VCA grubuna dahil etmeye gerek kalmaz.<\/p>\n<p>Sadece bu \u00fc\u00e7 synthesizer de\u011fil de grup d\u0131\u015f\u0131ndaki ba\u015fka enstr\u00fcmanlarla da send y\u00f6ntemi ile ortak kullan\u0131lan bir reverb veya efekt varsa VCA ve &#8220;normal&#8221; subgroup fark\u0131na dikkat etmek gerekir.<\/p>\n<p>Konu ile ilgili olarak &#8220;<a href=\"http:\/\/www.ufukonen.com\/tr\/aux-send-pre-fader-ve-post-fader-konumu.html\" target=\"_blank\" rel=\"noopener\">Aux Send: Pre-Fader ve Post-Fader Konumu<\/a>&#8221; ve &#8220;<a href=\"http:\/\/www.ufukonen.com\/tr\/plug-inlerin-insert-ve-send-olarak-kullanimlari.html\" target=\"_blank\" rel=\"noopener\">Plug-in\u2019lerin \u2018Insert\u2019 ve \u2018Send\u2019 Olarak Kullan\u0131mlar\u0131<\/a>&#8221; ba\u015fl\u0131kl\u0131 yaz\u0131lar\u0131m\u0131 okuyabilirsiniz.<\/p>\n<div id=\"attachment_3199\" style=\"width: 310px\" class=\"wp-caption aligncenter\"><a href=\"http:\/\/www.ufukonen.com\/tr\/aux-send-pre-fader-ve-post-fader-konumu.html\" target=\"_blank\" rel=\"noopener\"><img aria-describedby=\"caption-attachment-3199\" loading=\"lazy\" class=\"wp-image-3199 size-medium\" src=\"http:\/\/www.ufukonen.com\/tr\/wp-content\/uploads\/Aux_Send_PrePost_Feature-300x169.jpg\" alt=\"\" width=\"300\" height=\"169\" srcset=\"https:\/\/www.ufukonen.com\/tr\/wp-content\/uploads\/Aux_Send_PrePost_Feature-300x169.jpg 300w, https:\/\/www.ufukonen.com\/tr\/wp-content\/uploads\/Aux_Send_PrePost_Feature-768x432.jpg 768w, https:\/\/www.ufukonen.com\/tr\/wp-content\/uploads\/Aux_Send_PrePost_Feature-1024x576.jpg 1024w, https:\/\/www.ufukonen.com\/tr\/wp-content\/uploads\/Aux_Send_PrePost_Feature.jpg 1920w\" sizes=\"(max-width: 300px) 100vw, 300px\" \/><\/a><p id=\"caption-attachment-3199\" class=\"wp-caption-text\">Aux Send: Pre-Fader ve Post-Fader Konumu<\/p><\/div>\n<p>&nbsp;<\/p>\n<div id=\"attachment_759\" style=\"width: 310px\" class=\"wp-caption aligncenter\"><a href=\"http:\/\/www.ufukonen.com\/tr\/plug-inlerin-insert-ve-send-olarak-kullanimlari.html\" target=\"_blank\" rel=\"noopener\"><img aria-describedby=\"caption-attachment-759\" loading=\"lazy\" class=\"wp-image-759 size-medium\" src=\"http:\/\/www.ufukonen.com\/tr\/wp-content\/uploads\/Onen-Send-Insert-Sekil-07-300x177.jpg\" alt=\"\" width=\"300\" height=\"177\" srcset=\"https:\/\/www.ufukonen.com\/tr\/wp-content\/uploads\/Onen-Send-Insert-Sekil-07-300x177.jpg 300w, https:\/\/www.ufukonen.com\/tr\/wp-content\/uploads\/Onen-Send-Insert-Sekil-07-1024x605.jpg 1024w, https:\/\/www.ufukonen.com\/tr\/wp-content\/uploads\/Onen-Send-Insert-Sekil-07.jpg 1671w\" sizes=\"(max-width: 300px) 100vw, 300px\" \/><\/a><p id=\"caption-attachment-759\" class=\"wp-caption-text\">Plug-in\u2019lerin \u2018Insert\u2019 ve \u2018Send\u2019 Olarak Kullan\u0131mlar\u0131<\/p><\/div>\n<p>&nbsp;<\/p>\n<p>Teknik terimler i\u00e7in <a href=\"http:\/\/www.ufukonen.com\/tr\/ses-kayit-muzik-teknolojisi-terimler-sozluk.html\">m\u00fczik teknolojisi, m\u00fczik prod\u00fcksiyonu ve ses kay\u0131t terimleri s\u00f6zl\u00fc\u011f\u00fcne<\/a> g\u00f6z atabilirsiniz.<\/p>\n<p>Ba\u015fl\u0131k foto\u011fraf\u0131:\u00a0<a href=\"https:\/\/unsplash.com\/photos\/Q81AduLKMMc?utm_source=unsplash&amp;utm_medium=referral&amp;utm_content=creditCopyText\" target=\"_blank\" rel=\"noopener\">Dylan McLeod<\/a>\u00a0|\u00a0<a href=\"https:\/\/unsplash.com\/search\/photos\/mixer-fader?utm_source=unsplash&amp;utm_medium=referral&amp;utm_content=creditCopyText\" target=\"_blank\" rel=\"noopener\">Unsplash<\/a><\/p>\n<p>Benzer payla\u015f\u0131mlar i\u00e7in beni <a href=\"https:\/\/www.facebook.com\/ufukonen.skmt\/\" target=\"_blank\" rel=\"noopener\">Facebook<\/a> ve <a href=\"https:\/\/twitter.com\/UfukOnen\" target=\"_blank\" rel=\"noopener\">Twitter<\/a>&#8216;da takip edebilir, haberler i\u00e7in <a href=\"http:\/\/ufukonen.com\/tr\/ses-kayit-muzik-teknolojisi-terimler-sozluk.html\" target=\"_blank\" rel=\"noopener\">mesaj listeme \u00fcye olabilirsiniz<\/a>. Te\u015fekk\u00fcrler.<\/p>\n<p>\u00a9 2018 Ufuk \u00d6nen. Her hakk\u0131 sakl\u0131d\u0131r. \u0130zinsiz kullan\u0131lamaz.<\/p>\n","protected":false},"excerpt":{"rendered":"<p class=\"post-excerpt\">&nbsp; VCA (Voltage Controlled Amplifier) ve subgroup \u00e7o\u011fu zaman birbirleri ile kar\u0131\u015ft\u0131r\u0131l\u0131yor. Hatta bazen ikisinin ayn\u0131 \u015fey oldu\u011fu d\u00fc\u015f\u00fcn\u00fcl\u00fcyor. Yapt\u0131klar\u0131&#8230;<\/p>\n","protected":false},"author":2,"featured_media":4171,"comment_status":"closed","ping_status":"open","sticky":false,"template":"","format":"standard","meta":{"_mi_skip_tracking":false,"spay_email":"","jetpack_publicize_message":"","jetpack_is_tweetstorm":false,"jetpack_publicize_feature_enabled":true},"categories":[18],"tags":[],"jetpack_featured_media_url":"https:\/\/www.ufukonen.com\/tr\/wp-content\/uploads\/VCA_Subgroup_Fark.jpg","jetpack_publicize_connections":[],"jetpack_shortlink":"https:\/\/wp.me\/p3rjsG-158","jetpack_sharing_enabled":true,"jetpack-related-posts":[{"id":5231,"url":"https:\/\/www.ufukonen.com\/tr\/riding-the-fader-1.html","url_meta":{"origin":4162,"position":0},"title":"Riding the Fader ve Kompres\u00f6r Kullan\u0131m\u0131 (1. B\u00f6l\u00fcm)","date":"December 2, 2019","format":false,"excerpt":"Riding the fader, miks s\u0131ras\u0131nda sinyal seviyelerini fader ile ayarlama (seviye olarak d\u00fc\u015f\u00fck yerleri a\u00e7\u0131p, y\u00fcksek yerleri k\u0131sma) i\u015flemi i\u00e7in kullan\u0131lan, analog mikserler zaman\u0131nda ortaya \u00e7\u0131km\u0131\u015f bir terimdir. O zamanlar miks s\u0131ras\u0131nda miks m\u00fchendisleri par\u00e7adaki t\u00fcm fader hareketlerini ezberleyip, miks stereo banta bas\u0131l\u0131rken bunlar\u0131 ger\u00e7ek zamanl\u0131 olarak tekrar ediyordu. Bazen\u2026","rel":"","context":"In &quot;M\u00fczik Prod\u00fcksiyonu&quot;","img":{"alt_text":"","src":"https:\/\/i0.wp.com\/www.ufukonen.com\/tr\/wp-content\/uploads\/Riding_the_Fader_Header_1_720.jpg?resize=350%2C200&ssl=1","width":350,"height":200},"classes":[]},{"id":8136,"url":"https:\/\/www.ufukonen.com\/tr\/kompresor-kullaniminda-yapilan-7-yanlis.html","url_meta":{"origin":4162,"position":1},"title":"Kompres\u00f6r Kullan\u0131m\u0131nda Yap\u0131lan 7 Yanl\u0131\u015f","date":"November 13, 2023","format":false,"excerpt":"Bu yaz\u0131mda sizlerle \u00f6zellikle m\u00fczik prod\u00fcksiyonuna yeni ba\u015flayanlar\u0131n kompres\u00f6r kullan\u0131m\u0131nda s\u0131kl\u0131kla yapt\u0131\u011f\u0131 yedi yanl\u0131\u015f\u0131 payla\u015faca\u011f\u0131m. Bu yanl\u0131\u015flardan birini veya birka\u00e7\u0131n\u0131 siz de yap\u0131yor olabilirsiniz. Yap\u0131yorsan\u0131z sorun de\u011fil. Yanl\u0131\u015flar\u0131 d\u00fczeltmek o kadar da zor de\u011fil. \u00d6nemli olan yanl\u0131\u015f\u0131n yanl\u0131\u015f oldu\u011funu tespit edebilmek.\u00a0 Hemen ba\u015flayal\u0131m... 1. Ezberden veya Otomatik Olarak Kompres\u00f6r Kullanmak\u00a0\u2026","rel":"","context":"In &quot;M\u00fczik Prod\u00fcksiyonu&quot;","img":{"alt_text":"","src":"https:\/\/i0.wp.com\/www.ufukonen.com\/tr\/wp-content\/uploads\/Kompresor_Kullanirken_Yapilan_7_Yanlis_00_Header.jpg?resize=350%2C200&ssl=1","width":350,"height":200},"classes":[]},{"id":7400,"url":"https:\/\/www.ufukonen.com\/tr\/master-fader-otomasyon.html","url_meta":{"origin":4162,"position":2},"title":"Master Fader ve Otomasyon","date":"May 16, 2022","format":false,"excerpt":"Bu yaz\u0131mda sizlerle master fader ve otomasyon ile ilgili bir t\u00fcyo payla\u015fmak istiyorum. Payla\u015faca\u011f\u0131m bu t\u00fcyo, benim ve daha bir\u00e7ok ses profesyonelinin eskiden beri kulland\u0131\u011f\u0131 bir teknik. A\u00e7\u0131k\u00e7as\u0131 ben bu tekni\u011fin hemen hemen herkes taraf\u0131ndan bilindi\u011fini ve kullan\u0131ld\u0131\u011f\u0131n\u0131 san\u0131yordum ama son zamanlarda \u00f6yle olmad\u0131\u011f\u0131n\u0131 fark ettim. Bu sebepten dolay\u0131 basit\u2026","rel":"","context":"In &quot;M\u00fczik Prod\u00fcksiyonu&quot;","img":{"alt_text":"","src":"https:\/\/i0.wp.com\/www.ufukonen.com\/tr\/wp-content\/uploads\/Master_Fader_ve_Otomasyon_00_Header.jpg?resize=350%2C200&ssl=1","width":350,"height":200},"classes":[]},{"id":4574,"url":"https:\/\/www.ufukonen.com\/tr\/solo-modlari-ve-secenekleri.html","url_meta":{"origin":4162,"position":3},"title":"Solo Modlar\u0131 ve Se\u00e7enekleri","date":"March 4, 2019","format":false,"excerpt":"DAW ve kay\u0131t konsollar\u0131 farkl\u0131 solo modlar\u0131 ve se\u00e7enekleri sunuyor. Bu yaz\u0131mda bu modlardan ve se\u00e7eneklerden bahsetmek istiyorum. Solo Modlar\u0131 Temel olarak \u00fc\u00e7 farkl\u0131 solo modu bulunuyor: PFL (Pre Fader Listen), AFL (After Fader Listen) ve SIP (Solo in Place). PFL PFL (Pre Fader Listen) konumunda solo butonuna bast\u0131\u011f\u0131n\u0131zda kanaldaki\u2026","rel":"","context":"In &quot;Ses ve M\u00fczik Teknolojileri&quot;","img":{"alt_text":"","src":"https:\/\/i0.wp.com\/www.ufukonen.com\/tr\/wp-content\/uploads\/Solo_Modlari_01_Header.jpg?resize=350%2C200&ssl=1","width":350,"height":200},"classes":[]},{"id":7735,"url":"https:\/\/www.ufukonen.com\/tr\/vokali-miksin-icine-nasil-oturtabiliriz.html","url_meta":{"origin":4162,"position":4},"title":"Vokali Miksin \u0130\u00e7ine Nas\u0131l Oturtabiliriz?","date":"November 21, 2022","format":false,"excerpt":"Mikste vokalin seviyesini ayarl\u0131yoruz, genel olarak kula\u011fa iyi geliyor ama yer yer d\u00fc\u015f\u00fck kal\u0131yor veya zaman zaman y\u00fcksek geliyor ve miksin d\u0131\u015f\u0131na \u00e7\u0131k\u0131yormu\u015f gibi duyuluyor... \u00dcstelik bu durum kompres\u00f6r kulland\u0131\u011f\u0131m\u0131z halde oluyor... Kompres\u00f6r\u00fcn amac\u0131 zaten bu seviye farklar\u0131n\u0131 ortadan kald\u0131rmak de\u011fil miydi? B\u00f6yle bir durumda ne yapmam\u0131z gerekiyor? Vokali miksin\u2026","rel":"","context":"With 3 comments","img":{"alt_text":"","src":"https:\/\/i0.wp.com\/www.ufukonen.com\/tr\/wp-content\/uploads\/Vokali_Miksin_Icine_Nasil_Oturtabiliriz_00_Header-2.jpg?resize=350%2C200&ssl=1","width":350,"height":200},"classes":[]},{"id":5235,"url":"https:\/\/www.ufukonen.com\/tr\/riding-the-fader-3.html","url_meta":{"origin":4162,"position":5},"title":"Riding the Fader ve Kompres\u00f6r Kullan\u0131m\u0131 (3. B\u00f6l\u00fcm)","date":"December 16, 2019","format":false,"excerpt":"Bu yaz\u0131 dizisi \u00fc\u00e7 b\u00f6l\u00fcmden olu\u015fmaktad\u0131r. Birinci b\u00f6l\u00fcm i\u00e7in t\u0131klay\u0131n\u0131z. \u0130kinci b\u00f6l\u00fcm i\u00e7in t\u0131klay\u0131n\u0131z. Aradaki Fark Yayg\u0131n kullan\u0131m \u015fekliyle kompres\u00f6r\u00fc fader \u00f6ncesine yerle\u015ftirdi\u011finizde asl\u0131nda riding the fader ile yapt\u0131\u011f\u0131n\u0131z i\u015fi daha kolayla\u015ft\u0131rm\u0131\u015f oluyorsunuz \u00e7\u00fcnk\u00fc seviye ayarlamalar\u0131n\u0131n bir k\u0131sm\u0131n\u0131, hatta belki b\u00fcy\u00fck bir k\u0131sm\u0131n\u0131, kompres\u00f6r yap\u0131yor oluyor. Di\u011fer yandan, bu \u015fekilde\u2026","rel":"","context":"In &quot;M\u00fczik Prod\u00fcksiyonu&quot;","img":{"alt_text":"","src":"https:\/\/i0.wp.com\/www.ufukonen.com\/tr\/wp-content\/uploads\/Riding_the_Fader_Header_3_720.jpg?resize=350%2C200&ssl=1","width":350,"height":200},"classes":[]}],"_links":{"self":[{"href":"https:\/\/www.ufukonen.com\/tr\/wp-json\/wp\/v2\/posts\/4162"}],"collection":[{"href":"https:\/\/www.ufukonen.com\/tr\/wp-json\/wp\/v2\/posts"}],"about":[{"href":"https:\/\/www.ufukonen.com\/tr\/wp-json\/wp\/v2\/types\/post"}],"author":[{"embeddable":true,"href":"https:\/\/www.ufukonen.com\/tr\/wp-json\/wp\/v2\/users\/2"}],"replies":[{"embeddable":true,"href":"https:\/\/www.ufukonen.com\/tr\/wp-json\/wp\/v2\/comments?post=4162"}],"version-history":[{"count":11,"href":"https:\/\/www.ufukonen.com\/tr\/wp-json\/wp\/v2\/posts\/4162\/revisions"}],"predecessor-version":[{"id":4177,"href":"https:\/\/www.ufukonen.com\/tr\/wp-json\/wp\/v2\/posts\/4162\/revisions\/4177"}],"wp:featuredmedia":[{"embeddable":true,"href":"https:\/\/www.ufukonen.com\/tr\/wp-json\/wp\/v2\/media\/4171"}],"wp:attachment":[{"href":"https:\/\/www.ufukonen.com\/tr\/wp-json\/wp\/v2\/media?parent=4162"}],"wp:term":[{"taxonomy":"category","embeddable":true,"href":"https:\/\/www.ufukonen.com\/tr\/wp-json\/wp\/v2\/categories?post=4162"},{"taxonomy":"post_tag","embeddable":true,"href":"https:\/\/www.ufukonen.com\/tr\/wp-json\/wp\/v2\/tags?post=4162"}],"curies":[{"name":"wp","href":"https:\/\/api.w.org\/{rel}","templated":true}]}}