{"id":4203,"date":"2018-09-24T01:00:50","date_gmt":"2018-09-23T22:00:50","guid":{"rendered":"http:\/\/www.ufukonen.com\/tr\/?p=4203"},"modified":"2018-09-23T14:21:28","modified_gmt":"2018-09-23T11:21:28","slug":"ses-seviyesi-a-c-weighting","status":"publish","type":"post","link":"https:\/\/www.ufukonen.com\/tr\/ses-seviyesi-a-c-weighting.html","title":{"rendered":"Ses Bas\u0131n\u00e7 Seviyesi \u00d6l\u00e7\u00fcmleri: A-Weighting ve C-Weighting Dengeleri"},"content":{"rendered":"<p><img loading=\"lazy\" class=\"aligncenter wp-image-4210\" src=\"http:\/\/www.ufukonen.com\/tr\/wp-content\/uploads\/Ses_Basinc_Seviyesi_A-C-Weighting-1024x576.jpg\" alt=\"\" width=\"575\" height=\"323\" srcset=\"https:\/\/www.ufukonen.com\/tr\/wp-content\/uploads\/Ses_Basinc_Seviyesi_A-C-Weighting-1024x576.jpg 1024w, https:\/\/www.ufukonen.com\/tr\/wp-content\/uploads\/Ses_Basinc_Seviyesi_A-C-Weighting-300x169.jpg 300w, https:\/\/www.ufukonen.com\/tr\/wp-content\/uploads\/Ses_Basinc_Seviyesi_A-C-Weighting-768x432.jpg 768w, https:\/\/www.ufukonen.com\/tr\/wp-content\/uploads\/Ses_Basinc_Seviyesi_A-C-Weighting.jpg 1920w\" sizes=\"(max-width: 575px) 100vw, 575px\" \/><\/p>\n<p>Ses ve ses cihazlar\u0131 ile ilgili \u00f6l\u00e7\u00fcmler yap\u0131l\u0131rken al\u0131nan sonu\u00e7lar genelde insan kula\u011f\u0131n\u0131n hassasiyeti ve insan\u0131n alg\u0131s\u0131 ile uyu\u015fmaz. Bu sebepten dolay\u0131, \u00f6zellikle ses \u015fiddeti ile ilgili \u00f6l\u00e7\u00fcmlerde, farkl\u0131 frekans dengesi i\u00e7eren metotlar kullan\u0131l\u0131r. Bu dengeler &#8216;weighting&#8217; olarak adland\u0131r\u0131l\u0131r. Ses seviyesi (ya da daha do\u011fru bir ifade ile ses bas\u0131n\u00e7 seviyesi) \u00f6l\u00e7\u00fcmlerinde standart olarak kullan\u0131lan iki farkl\u0131 denge vard\u0131r: A\u2013weighting ve C\u2013weighting.<\/p>\n<p>&nbsp;<\/p>\n<h3>A\u2013Weighting Dengesi<\/h3>\n<p>A\u2013weighting dengesi Fletcher-Munson equal loudness contours \u00e7izelgesindeki 1 kHz\u2019de 30 dB SPL\u2019e (ya da 30 phon\u2019a) denk gelen e\u011frinin tam tersidir. A\u2013weighting dengesi d\u00fc\u015f\u00fck seviyelerde insan\u0131n alg\u0131lad\u0131\u011f\u0131 ses seviyesine e\u015f de\u011ferdir, bu sebepten dolay\u0131 A\u2013weighting d\u00fc\u015f\u00fck seviyelerin \u00f6l\u00e7\u00fcm\u00fc i\u00e7in idealdir.<\/p>\n<p>Belediyeler ve benzeri kurumlarca yap\u0131lan g\u00fcr\u00fclt\u00fc \u00f6l\u00e7\u00fcmlerinde A\u2013weighting dengesi kullan\u0131l\u0131r.\u00a0Y\u00fcksek ses seviyelerinde A\u2013weighting ile yap\u0131lan \u00f6l\u00e7\u00fcmler C\u2013weighting ile yap\u0131lan \u00f6l\u00e7\u00fcmlere g\u00f6re daha d\u00fc\u015f\u00fck de\u011ferler verir.<\/p>\n<div id=\"attachment_4213\" style=\"width: 510px\" class=\"wp-caption aligncenter\"><a href=\"http:\/\/www.ufukonen.com\/tr\/wp-content\/uploads\/A_Weighting.jpg\" target=\"_blank\" rel=\"noopener\"><img aria-describedby=\"caption-attachment-4213\" loading=\"lazy\" class=\"wp-image-4213\" src=\"http:\/\/www.ufukonen.com\/tr\/wp-content\/uploads\/A_Weighting-1024x801.jpg\" alt=\"\" width=\"500\" height=\"391\" srcset=\"https:\/\/www.ufukonen.com\/tr\/wp-content\/uploads\/A_Weighting-1024x801.jpg 1024w, https:\/\/www.ufukonen.com\/tr\/wp-content\/uploads\/A_Weighting-300x235.jpg 300w, https:\/\/www.ufukonen.com\/tr\/wp-content\/uploads\/A_Weighting-768x600.jpg 768w, https:\/\/www.ufukonen.com\/tr\/wp-content\/uploads\/A_Weighting.jpg 1920w\" sizes=\"(max-width: 500px) 100vw, 500px\" \/><\/a><p id=\"caption-attachment-4213\" class=\"wp-caption-text\">A-Weighting Dengesi<\/p><\/div>\n<p>&nbsp;<\/p>\n<h3>C\u2013Weighting Dengesi<\/h3>\n<p>Fletcher-Munson e\u011frilerini inceledi\u011fimizde ses \u015fiddeti artt\u0131k\u00e7a farkl\u0131 frekanslarda alg\u0131lanan ses seviye de\u011ferlerinin birbirlerine yakla\u015ft\u0131\u011f\u0131n\u0131, di\u011fer bir deyi\u015fle alg\u0131lanan seviyelerin &#8216;flat&#8217; h\u00e2le yak\u0131nla\u015ft\u0131\u011f\u0131n\u0131 g\u00f6r\u00fcyoruz. Bu sebepten dolay\u0131 y\u00fcksek seviyelerdeki ses \u00f6l\u00e7\u00fcmlerinde C\u2013weighting dengesini kullanmak daha mant\u0131kl\u0131d\u0131r. C\u2013weighting dengesi flat bir dengeye sahiptir; 31.5 Hz ve 8 kHz noktalar\u0131nda \u20133 dB de\u011ferinde d\u00fc\u015f\u00fc\u015f g\u00f6sterir. Sinema ses sistemleri ve st\u00fcdyo monit\u00f6rlerinin kalibrasyonu i\u00e7in\u00a0C\u2013weighting dengesi kullan\u0131lmaktad\u0131r.<\/p>\n<div id=\"attachment_4214\" style=\"width: 510px\" class=\"wp-caption aligncenter\"><a href=\"http:\/\/www.ufukonen.com\/tr\/wp-content\/uploads\/C_Weighting.jpg\" target=\"_blank\" rel=\"noopener\"><img aria-describedby=\"caption-attachment-4214\" loading=\"lazy\" class=\"wp-image-4214\" src=\"http:\/\/www.ufukonen.com\/tr\/wp-content\/uploads\/C_Weighting-1024x806.jpg\" alt=\"\" width=\"500\" height=\"394\" srcset=\"https:\/\/www.ufukonen.com\/tr\/wp-content\/uploads\/C_Weighting-1024x806.jpg 1024w, https:\/\/www.ufukonen.com\/tr\/wp-content\/uploads\/C_Weighting-300x236.jpg 300w, https:\/\/www.ufukonen.com\/tr\/wp-content\/uploads\/C_Weighting-768x605.jpg 768w, https:\/\/www.ufukonen.com\/tr\/wp-content\/uploads\/C_Weighting.jpg 1920w\" sizes=\"(max-width: 500px) 100vw, 500px\" \/><\/a><p id=\"caption-attachment-4214\" class=\"wp-caption-text\">C-Weighting Dengesi<\/p><\/div>\n<p>&nbsp;<\/p>\n<h3>dB(A) ve dB(C)<\/h3>\n<p>A\u2013weighting ile yap\u0131lan \u00f6l\u00e7\u00fcmler \u201cdB SPL (A\u2013weighting)\u201d ya da k\u0131saca \u201cdB(A)\u201d; C\u2013weighting ile yap\u0131lan \u00f6l\u00e7\u00fcmler ise \u201cdB SPL (C\u2013weighting)\u201d veya k\u0131saca \u201cdB(C)\u201d olarak belirtilir.<\/p>\n<p>&nbsp;<\/p>\n<h3>Ses Bas\u0131n\u00e7 Seviyesi \u00d6l\u00e7\u00fcm Cihaz\u0131<\/h3>\n<p>Ses seviyesi (dB SPL) \u00f6l\u00e7\u00fcmleri \u0130ngilizcede &#8216;dB SPL meter&#8217; ya da &#8216;sound level meter&#8217; olarak adland\u0131r\u0131lan cihazlar ile yap\u0131l\u0131r.<\/p>\n<div id=\"attachment_4212\" style=\"width: 510px\" class=\"wp-caption aligncenter\"><img aria-describedby=\"caption-attachment-4212\" loading=\"lazy\" class=\"wp-image-4212\" src=\"http:\/\/www.ufukonen.com\/tr\/wp-content\/uploads\/NTi_XL2-1024x427.jpg\" alt=\"\" width=\"500\" height=\"208\" srcset=\"https:\/\/www.ufukonen.com\/tr\/wp-content\/uploads\/NTi_XL2-1024x427.jpg 1024w, https:\/\/www.ufukonen.com\/tr\/wp-content\/uploads\/NTi_XL2-300x125.jpg 300w, https:\/\/www.ufukonen.com\/tr\/wp-content\/uploads\/NTi_XL2-768x320.jpg 768w, https:\/\/www.ufukonen.com\/tr\/wp-content\/uploads\/NTi_XL2.jpg 1200w\" sizes=\"(max-width: 500px) 100vw, 500px\" \/><p id=\"caption-attachment-4212\" class=\"wp-caption-text\">NTi XL2 (foto\u011fraf NTi Audio web sitesinden al\u0131nm\u0131\u015ft\u0131r)<\/p><\/div>\n<p>&nbsp;<\/p>\n<p>iPhone \u00fczerinde \u00e7al\u0131\u015fan ses bas\u0131n\u00e7 seviyesi \u00f6l\u00e7me programlar\u0131, profesyonel cihazlar ile yap\u0131lan \u00f6l\u00e7\u00fcmlere yak\u0131n sonu\u00e7lar verebilmektedir. Ben profesyonel i\u015fler i\u00e7in NTi firmas\u0131n\u0131n XL2 kodlu cihaz\u0131n\u0131 (T\u00fcrkiye distrib\u00fct\u00f6r\u00fc <a href=\"http:\/\/www.sf.com.tr\/\" target=\"_blank\" rel=\"noopener\">SF Ses ve I\u015f\u0131k Sistemleri<\/a>), telefonum ile yapt\u0131\u011f\u0131m \u00f6l\u00e7\u00fcmler i\u00e7in de \u00a0Decibel X adl\u0131 uygulamay\u0131 tercih ediyorum. Decibel X&#8217;i \u00fccretsiz olarak indirmek i\u00e7in <a href=\"http:\/\/www.ufukonen.com\/tr\/iphone-icin-ucretsiz-ses-uygulamasi.html\" target=\"_blank\" rel=\"noopener\">buraya t\u0131klay\u0131n\u0131z<\/a>.<\/p>\n<div id=\"attachment_3788\" style=\"width: 310px\" class=\"wp-caption aligncenter\"><img aria-describedby=\"caption-attachment-3788\" loading=\"lazy\" class=\"wp-image-3788\" src=\"http:\/\/www.ufukonen.com\/tr\/wp-content\/uploads\/Decibel_X-576x1024.jpg\" alt=\"\" width=\"300\" height=\"533\" srcset=\"https:\/\/www.ufukonen.com\/tr\/wp-content\/uploads\/Decibel_X-576x1024.jpg 576w, https:\/\/www.ufukonen.com\/tr\/wp-content\/uploads\/Decibel_X-169x300.jpg 169w, https:\/\/www.ufukonen.com\/tr\/wp-content\/uploads\/Decibel_X.jpg 608w\" sizes=\"(max-width: 300px) 100vw, 300px\" \/><p id=\"caption-attachment-3788\" class=\"wp-caption-text\">Decibel X<\/p><\/div>\n<p>&nbsp;<\/p>\n<p>Teknik terimler i\u00e7in <a href=\"http:\/\/www.ufukonen.com\/tr\/ses-kayit-muzik-teknolojisi-terimler-sozluk.html\">m\u00fczik teknolojisi, m\u00fczik prod\u00fcksiyonu ve ses kay\u0131t terimleri s\u00f6zl\u00fc\u011f\u00fcne<\/a> g\u00f6z atabilirsiniz.<\/p>\n<p>Benzer payla\u015f\u0131mlar i\u00e7in beni <a href=\"https:\/\/www.facebook.com\/ufukonen.skmt\/\" target=\"_blank\" rel=\"noopener\">Facebook<\/a> ve <a href=\"https:\/\/twitter.com\/UfukOnen\" target=\"_blank\" rel=\"noopener\">Twitter<\/a>&#8216;da takip edebilir, haberler i\u00e7in <a href=\"http:\/\/ufukonen.com\/tr\/ses-kayit-muzik-teknolojisi-terimler-sozluk.html\" target=\"_blank\" rel=\"noopener\">mesaj listeme \u00fcye olabilirsiniz<\/a>. Te\u015fekk\u00fcrler.<\/p>\n<p>Ba\u015fl\u0131k foto\u011fraf\u0131: <a href=\"https:\/\/pixabay.com\/en\/adult-announcement-communication-1822449\/\" target=\"_blank\" rel=\"noopener\">Sasint<\/a> | <a href=\"https:\/\/pixabay.com\/\" target=\"_blank\" rel=\"noopener\">Pixabay<\/a><\/p>\n<p>NTi XL2 foto\u011fraf\u0131 <a href=\"https:\/\/www.nti-audio.com\" target=\"_blank\" rel=\"noopener\">NTi Audio web sitesinden<\/a> al\u0131nm\u0131\u015ft\u0131r |\u00a0T\u00fcrkiye distrib\u00fct\u00f6r\u00fc:\u00a0<a href=\"http:\/\/www.sf.com.tr\/\" target=\"_blank\" rel=\"noopener\">SF Ses ve I\u015f\u0131k Sistemleri<\/a><\/p>\n<p>A-Weighting ve C-Weighting e\u011frilerinin \u00e7izimleri <a href=\"http:\/\/www.ufukonen.com\/tr\/ses-kayit-ve-muzik-teknolojileri.html\" target=\"_blank\" rel=\"noopener\">Ses Kay\u0131t ve M\u00fczik Teknolojileri<\/a> adl\u0131 kitab\u0131mdan al\u0131nm\u0131\u015ft\u0131r.<\/p>\n<p>\u00a9 2018 Ufuk \u00d6nen. Her hakk\u0131 sakl\u0131d\u0131r. \u0130zinsiz kullan\u0131lamaz.<\/p>\n","protected":false},"excerpt":{"rendered":"<p class=\"post-excerpt\">Ses ve ses cihazlar\u0131 ile ilgili \u00f6l\u00e7\u00fcmler yap\u0131l\u0131rken al\u0131nan sonu\u00e7lar genelde insan kula\u011f\u0131n\u0131n hassasiyeti ve insan\u0131n alg\u0131s\u0131 ile uyu\u015fmaz. Bu&#8230;<\/p>\n","protected":false},"author":2,"featured_media":4210,"comment_status":"closed","ping_status":"open","sticky":false,"template":"","format":"standard","meta":{"_mi_skip_tracking":false,"spay_email":"","jetpack_publicize_message":"","jetpack_is_tweetstorm":false,"jetpack_publicize_feature_enabled":true},"categories":[18],"tags":[],"jetpack_featured_media_url":"https:\/\/www.ufukonen.com\/tr\/wp-content\/uploads\/Ses_Basinc_Seviyesi_A-C-Weighting.jpg","jetpack_publicize_connections":[],"jetpack_shortlink":"https:\/\/wp.me\/p3rjsG-15N","jetpack_sharing_enabled":true,"jetpack-related-posts":[{"id":4820,"url":"https:\/\/www.ufukonen.com\/tr\/mikrofonlar-equivalent-noise-level.html","url_meta":{"origin":4203,"position":0},"title":"Mikrofonlar ve Equivalent Noise Level","date":"May 27, 2019","format":false,"excerpt":"'Equivalent noise level' ya da di\u011fer ad\u0131yla 'equivalent self rating', basit\u00e7e mikrofonun kendi dip g\u00fcr\u00fclt\u00fcs\u00fc olarak tan\u0131mlanabilir. Bu sebepten dolay\u0131 'self noise' olarak da bilinir. Self noise, mikrofonun diyafram\u0131na ula\u015fan herhangi bir ses dalgas\u0131 olmasa bile mikrofonun \u00e7\u0131k\u0131\u015f\u0131nda hep vard\u0131r. Mikrofonlarda farkl\u0131 sebeplerden dolay\u0131 olu\u015fan farkl\u0131 tip dip g\u00fcr\u00fclt\u00fcler olur:\u2026","rel":"","context":"In &quot;Ses ve M\u00fczik Teknolojileri&quot;","img":{"alt_text":"","src":"https:\/\/i0.wp.com\/www.ufukonen.com\/tr\/wp-content\/uploads\/Mikrofon_Equivalent_Noise_Level.jpg?resize=350%2C200&ssl=1","width":350,"height":200},"classes":[]},{"id":4836,"url":"https:\/\/www.ufukonen.com\/tr\/mikrofonlar-signal-to-noise-ratio.html","url_meta":{"origin":4203,"position":1},"title":"Mikrofonlar ve Signal-to-Noise Ratio","date":"June 3, 2019","format":false,"excerpt":"Bir \u00f6nceki hafta mikrofonlar\u0131n kendi dip g\u00fcr\u00fclt\u00fcleri ile ilgili \"Mikrofonlar ve Equivalent Noise Level\" ba\u015fl\u0131kl\u0131 bir yaz\u0131 yazm\u0131\u015f, 'self noise' olarak da bilinen bu g\u00fcr\u00fclt\u00fclerin neden olu\u015ftu\u011funu ve nas\u0131l \u00f6l\u00e7\u00fcld\u00fc\u011f\u00fcn\u00fc anlatm\u0131\u015ft\u0131m. Equivalent noise level ya da self noise seviyesi genelde A-weighting dengesi kullan\u0131larak \u00f6l\u00e7\u00fcl\u00fcyor ve dB SPL cinsinden ifade ediliyor.\u2026","rel":"","context":"In &quot;Ses ve M\u00fczik Teknolojileri&quot;","img":{"alt_text":"","src":"https:\/\/i0.wp.com\/www.ufukonen.com\/tr\/wp-content\/uploads\/Mikrofon_Signal_to_Noise_Ratio.jpg?resize=350%2C200&ssl=1","width":350,"height":200},"classes":[]},{"id":4309,"url":"https:\/\/www.ufukonen.com\/tr\/monitor-kalibrasyon-seviyeleri-1.html","url_meta":{"origin":4203,"position":2},"title":"Monit\u00f6r Kalibrasyon Seviyeleri \u00dczerine&#8230; (1. B\u00f6l\u00fcm)","date":"November 5, 2018","format":false,"excerpt":"Bu yaz\u0131 dizisi \u00fc\u00e7 b\u00f6l\u00fcmden olu\u015fmaktad\u0131r. \u0130kinci b\u00f6l\u00fcm i\u00e7in t\u0131klay\u0131n\u0131z. \u00dc\u00e7\u00fcnc\u00fc b\u00f6l\u00fcm i\u00e7in t\u0131klay\u0131n\u0131z. \u00a0 St\u00fcdyo monit\u00f6rlerinin kalibrasyonu arkas\u0131nda yatan mant\u0131k asl\u0131nda sinema end\u00fcstrisine dayanmaktad\u0131r. Filmlerin st\u00fcdyolarda yap\u0131lan ses miksleri, st\u00fcdyo ve sinema salonlar\u0131 aras\u0131ndaki ses seviyesi farkl\u0131l\u0131klar\u0131ndan dolay\u0131 ama\u00e7land\u0131\u011f\u0131 gibi duyulmuyordu. Bu yetmiyormu\u015f gibi ayn\u0131 film baz\u0131 salonlarda \u00e7ok\u2026","rel":"","context":"In &quot;Ses ve M\u00fczik Teknolojileri&quot;","img":{"alt_text":"","src":"https:\/\/i0.wp.com\/www.ufukonen.com\/tr\/wp-content\/uploads\/Monitor_Kalibrasyon_Seviyeleri_1.jpg?resize=350%2C200&ssl=1","width":350,"height":200},"classes":[]},{"id":4683,"url":"https:\/\/www.ufukonen.com\/tr\/fletcher-ve-munson-egrileri.html","url_meta":{"origin":4203,"position":3},"title":"Fletcher ve Munson E\u011frileri","date":"April 8, 2019","format":false,"excerpt":"Fletcher ve Munson, insan kula\u011f\u0131n\u0131n hangi frekanslara daha \u00e7ok, hangi frekanslara daha az duyarl\u0131 oldu\u011fu \u00fczerinde ara\u015ft\u0131rmalar yapm\u0131\u015f olan iki bilim insan\u0131n\u0131n soyadlar\u0131d\u0131r. Yapt\u0131klar\u0131 ara\u015ft\u0131rmalar ve \u00e7al\u0131\u015fmalar sonucunda 'equal loudness contours' ad\u0131 verilen bir \u00e7izelge geli\u015ftirmi\u015flerdir. Bunun ne oldu\u011funu a\u015fa\u011f\u0131da a\u00e7\u0131klayaca\u011f\u0131m ancak \u015fimdilik \"e\u015fit alg\u0131lanan ses seviyeleri \u00e7izgileri\" veya \"e\u011frileri\"\u2026","rel":"","context":"In &quot;Ses ve M\u00fczik Teknolojileri&quot;","img":{"alt_text":"","src":"https:\/\/i0.wp.com\/www.ufukonen.com\/tr\/wp-content\/uploads\/Fletcher_Munson_Header.jpg?resize=350%2C200&ssl=1","width":350,"height":200},"classes":[]},{"id":4219,"url":"https:\/\/www.ufukonen.com\/tr\/studyo-monitorleri-nasil-kalibre-edilir.html","url_meta":{"origin":4203,"position":4},"title":"St\u00fcdyo Monit\u00f6rleri Nas\u0131l Kalibre Edilir?","date":"October 1, 2018","format":false,"excerpt":"Bu yaz\u0131mda st\u00fcdyo monit\u00f6rlerinizin kalibrasyonunu kolayca nas\u0131l yapabilece\u011finizi anlatmak istiyorum. Uygulamaya ge\u00e7meden \u00f6nce teorik bilgilere ve ihtiya\u00e7 duyaca\u011f\u0131n\u0131z donan\u0131m ve yaz\u0131l\u0131mlara bir g\u00f6z atal\u0131m. \u00a0 \u00c7al\u0131\u015fma seviyesi Analog cihazlar zamanlar\u0131nda normal \u00e7al\u0131\u015fma seviyesi 0 VU idi. Tabii profesyonel cihazlardaki 0 VU ile yar\u0131-profesyonel ve ev tipi cihazlardaki 0 VU voltaj\u2026","rel":"","context":"In &quot;Ses ve M\u00fczik Teknolojileri&quot;","img":{"alt_text":"","src":"https:\/\/i0.wp.com\/www.ufukonen.com\/tr\/wp-content\/uploads\/Studyo_Monitorleri_Kalibrasyon.jpg?resize=350%2C200&ssl=1","width":350,"height":200},"classes":[]},{"id":4313,"url":"https:\/\/www.ufukonen.com\/tr\/monitor-kalibrasyon-seviyeleri-3.html","url_meta":{"origin":4203,"position":5},"title":"Monit\u00f6r Kalibrasyon Seviyeleri \u00dczerine&#8230; (3. B\u00f6l\u00fcm)","date":"November 19, 2018","format":false,"excerpt":"Bu yaz\u0131 dizisi \u00fc\u00e7 b\u00f6l\u00fcmden olu\u015fmaktad\u0131r. Birinci b\u00f6l\u00fcm i\u00e7in t\u0131klay\u0131n\u0131z. \u0130kinci b\u00f6l\u00fcm i\u00e7in t\u0131klay\u0131n\u0131z. \u00a0 K\u00fc\u00e7\u00fck St\u00fcdyolar, Televizyon ve Video \u0130\u00e7in Kalibrasyon Seviyeleri K\u00fc\u00e7\u00fck st\u00fcdyolar ve evler i\u00e7in haz\u0131rlanan televizyon ve video programlar\u0131 i\u00e7in kalibrasyon seviyeleri biraz daha farkl\u0131. Dinleme yap\u0131lan mek\u00e2nlar k\u00fc\u00e7\u00fck oldu\u011fu i\u00e7in yukar\u0131da belirtilen seviyeler fazla y\u00fcksek\u2026","rel":"","context":"In &quot;Ses ve M\u00fczik Teknolojileri&quot;","img":{"alt_text":"","src":"https:\/\/i0.wp.com\/www.ufukonen.com\/tr\/wp-content\/uploads\/Monitor_Kalibrasyon_Seviyeleri_3.jpg?resize=350%2C200&ssl=1","width":350,"height":200},"classes":[]}],"_links":{"self":[{"href":"https:\/\/www.ufukonen.com\/tr\/wp-json\/wp\/v2\/posts\/4203"}],"collection":[{"href":"https:\/\/www.ufukonen.com\/tr\/wp-json\/wp\/v2\/posts"}],"about":[{"href":"https:\/\/www.ufukonen.com\/tr\/wp-json\/wp\/v2\/types\/post"}],"author":[{"embeddable":true,"href":"https:\/\/www.ufukonen.com\/tr\/wp-json\/wp\/v2\/users\/2"}],"replies":[{"embeddable":true,"href":"https:\/\/www.ufukonen.com\/tr\/wp-json\/wp\/v2\/comments?post=4203"}],"version-history":[{"count":9,"href":"https:\/\/www.ufukonen.com\/tr\/wp-json\/wp\/v2\/posts\/4203\/revisions"}],"predecessor-version":[{"id":4217,"href":"https:\/\/www.ufukonen.com\/tr\/wp-json\/wp\/v2\/posts\/4203\/revisions\/4217"}],"wp:featuredmedia":[{"embeddable":true,"href":"https:\/\/www.ufukonen.com\/tr\/wp-json\/wp\/v2\/media\/4210"}],"wp:attachment":[{"href":"https:\/\/www.ufukonen.com\/tr\/wp-json\/wp\/v2\/media?parent=4203"}],"wp:term":[{"taxonomy":"category","embeddable":true,"href":"https:\/\/www.ufukonen.com\/tr\/wp-json\/wp\/v2\/categories?post=4203"},{"taxonomy":"post_tag","embeddable":true,"href":"https:\/\/www.ufukonen.com\/tr\/wp-json\/wp\/v2\/tags?post=4203"}],"curies":[{"name":"wp","href":"https:\/\/api.w.org\/{rel}","templated":true}]}}